{"id":120793,"date":"2020-09-09T11:29:56","date_gmt":"2020-09-09T14:29:56","guid":{"rendered":"https:\/\/experienciadevida.com.ar\/portalurbano\/?p=120793"},"modified":"2020-09-09T11:30:41","modified_gmt":"2020-09-09T14:30:41","slug":"procrear-linea-construccion-y-ampliacion-el-viernes-abre-la-inscripcion","status":"publish","type":"post","link":"https:\/\/experienciadevida.com.ar\/portalurbano\/procrear-linea-construccion-y-ampliacion-el-viernes-abre-la-inscripcion\/","title":{"rendered":"Procrear l\u00ednea construcci\u00f3n y ampliaci\u00f3n: El viernes abre la inscripci\u00f3n"},"content":{"rendered":"<p>El viernes abrir\u00e1 la inscripci\u00f3n del nuevo <a href=\"https:\/\/twitter.com\/Procrear\">procrear<\/a> de la\u00a0<strong>l\u00ednea construcci\u00f3n\u00a0 y ampliaci\u00f3n<\/strong>, los cr\u00e9ditos son a 30 a\u00f1os para viviendas de hasta $3,5 millones. Se espera que los sorteos se realicen en un mes.<\/p>\n<p>A partir de este viernes se abrir\u00e1 la inscripci\u00f3n para las dos l\u00edneas de cr\u00e9ditos hipotecarios m\u00e1s esperadas del Plan Procrear: la\u00a0<strong>l\u00ednea construcci\u00f3n y ampliaci\u00f3n<\/strong> de viviendas de hasta $3,5 millones y otros para ampliaciones de hasta $1,5 millones. Las inscripciones se podr\u00e1n realizar de forma online, a trav\u00e9s de la<a href=\"https:\/\/www.argentina.gob.ar\/habitat\/procrear\/linea-construccion\"> web oficial del programa.<\/a><\/p>\n<p>El programa, que depende el Ministerio de Vivienda y H\u00e1bitat, ya hab\u00eda lanzado la inscripci\u00f3n para otras modalidades de cr\u00e9ditos y durante esta semana comenzar\u00e1 la inscripci\u00f3n exclusiva para la <strong>l\u00ednea construcci\u00f3n y ampliaci\u00f3n<\/strong>, uno de los rubros m\u00e1s requeridos por los aspirantes al beneficio. <a href=\"https:\/\/experienciadevida.com.ar\/portalurbano\/128-familias-de-olavarria-fueron-seleccionadas-para-lineas-refaccion-y-mejoramiento-del-plan-procrear\/\">De la l\u00ednea de refacci\u00f3n y mejoramiento salieron sorteados 128 familias de Olavarr\u00eda.<\/a><\/p>\n<p>En esta oportunidad, quedar\u00e1 disponible la l\u00ednea crediticia cuyo objetivo es otorgar cr\u00e9ditos para la construcci\u00f3n de viviendas de hasta 60 metros cuadrados e incluye el costo de los materiales y de la mano de obra. Dicha edificaci\u00f3n deber\u00e1 realizarse en un lote provisto por el Fideicomiso Procrear, por el municipio, o de propiedad del adjudicatario o adjudicataria. En esta l\u00ednea, habr\u00e1 30.000 cr\u00e9ditos disponibles durante 2020 y 2021, seg\u00fan trascendi\u00f3.<\/p>\n<p>Por otra parte, la <strong>l\u00ednea construcci\u00f3n y ampliaci\u00f3n<\/strong> tiene como fin posibilitar, a trav\u00e9s de cr\u00e9ditos hipotecarios, la extensi\u00f3n de hasta 20 metros cuadrados en viviendas existentes, con el objetivo de mejorar las condiciones habitacionales. Contempla el monto de los materiales y de la mano de obra, por montos que van desde $1,2 millones a $1,5 millones, y habr\u00e1 2.000 cr\u00e9ditos disponibles.<\/p>\n<p>En los dos casos,\u00a0 los cr\u00e9ditos para la <strong>l\u00ednea de construcci\u00f3n\u00a0 y ampliaci\u00f3n <\/strong>ser\u00e1n a 30 a\u00f1os, con 12 meses de gracia y se otorgar\u00e1n a trav\u00e9s de cuentas en el Banco Hipotecario, que es el fiduciario del programa. La inscripci\u00f3n estar\u00e1 abierta durante tres semanas, y se espera que los primeros sorteos se est\u00e9n realizando aproximadamente dentro de un mes.<\/p>\n<p>El Procrear 2020 tiene como objetivo otorgar 300 mil soluciones habitacionales, entre cr\u00e9ditos personales e hipotecarios. Abarca viviendas con localizaci\u00f3n en todo el territorio nacional y, en el caso del cr\u00e9dito hipotecario, se utilizar\u00e1 una f\u00f3rmula que seguir\u00e1 a los salarios, hasta el monto equivalente a la construcci\u00f3n de una vivienda de 60 metros cuadrados.<\/p>\n<p>Seg\u00fan se inform\u00f3, una vez otorgados, los cr\u00e9ditos\u00a0 de la <strong>l\u00ednea de construcci\u00f3n y ampliaci\u00f3n <\/strong>se actualizar\u00e1n mensualmente a trav\u00e9s de la f\u00f3rmula Hogar \u2014que reemplazar\u00e1 a la anterior f\u00f3rmula de actualizaci\u00f3n en UVAs\u2014 en base a la evoluci\u00f3n de salarios (CVS) con un tope del 2% de CER. A eso se suma un porcentaje de tasa adicional, que para estos cr\u00e9ditos va arrancar en 1,25 por ciento.<\/p>\n<p>El pasado 28 de agosto se realiz\u00f3 el sorteo correspondiente a microcr\u00e9ditos y refacci\u00f3n que contempla l\u00edneas desde los $100.000 hasta $500.000. All\u00ed resultaron beneficiados 34.000 solicitantes de un total de 160.000 inscriptos.<\/p>\n<p>Requisitos para la\u00a0<strong>l\u00ednea construcci\u00f3n y ampliaci\u00f3n:<\/strong><\/p>\n<p>Ser argentino, natural o por opci\u00f3n, o extranjero con residencia permanente.<br \/>\nContar con Documento Nacional de Identidad (DNI) vigente.<br \/>\nEl grupo familiar deber\u00e1 contar con ingresos provenientes de trabajos formales, Jubilaciones y\/o Pensiones.<br \/>\nSe requiere al menos un a\u00f1o de antig\u00fcedad laboral en cada empleo.<br \/>\nLa suma de los ingresos del grupo familiar en forma mensual netos deber\u00e1n estar en el rango de uno y medio y ocho unidades de SMVyM (salario m\u00ednimo vital y m\u00f3vil) al momento de la inscripci\u00f3n.<br \/>\nTener entre 18 y 68 a\u00f1os de edad al momento de la inscripci\u00f3n.<br \/>\nSer propietario o alquilar un inmueble que cuente con alg\u00fan tipo de d\u00e9ficit cualitativo<br \/>\nNo registrar antecedentes financieros desfavorables en los \u00faltimos 12 meses.<br \/>\nNo encontrarse inhibido.<br \/>\nRegistrar Situaci\u00f3n 1-Normal en la consulta de informaci\u00f3n financiera por CUIL en el BCRA, en los \u00faltimos 12 meses.<\/p>\n<p>Adem\u00e1s, el Ministerio de Vivienda y H\u00e1bitat realiza reuniones informativas con familias adjudicatarias de la l\u00ednea Desarrollos Urban\u00edsticos, para dar mayores datos respecto a la modalidad de cr\u00e9dito para las futuras entregas de viviendas. Durante esta semana, se realizar\u00e1n los contactos con familias de las ciudades de C\u00f3rdoba, Mendoza, Carmen de Patagones, Ituzaing\u00f3, San Nicol\u00e1s, Ezeiza, San Miguel, Posadas, Merlo, Sunchales y Ushuaia.<\/p>\n<p>Fuente: DIB<\/p>\n","protected":false},"excerpt":{"rendered":"<p>El viernes abrir\u00e1 la inscripci\u00f3n del nuevo procrear de la\u00a0l\u00ednea construcci\u00f3n\u00a0 y ampliaci\u00f3n, los cr\u00e9ditos&#8230;<\/p>\n","protected":false},"author":1,"featured_media":0,"comment_status":"closed","ping_status":"closed","sticky":false,"template":"","format":"standard","meta":{"content-type":""},"categories":[39],"tags":[],"nelio_content":{"isAutoShareEnabled":false,"autoShareEndMode":"default","automationSources":{"useContentSentences":true,"useSocialTemplates":true,"useCustomSentences":false,"customSentences":[]},"followers":[1],"suggestedReferences":[],"includedReferences":["https:\/\/www.argentina.gob.ar\/habitat\/procrear\/linea-construccion"],"efiUrl":"","efiAlt":"","highlights":[]},"yoast_head":"<!-- This site is optimized with the Yoast SEO plugin v20.7 - https:\/\/yoast.com\/wordpress\/plugins\/seo\/ -->\n<title>L\u00ednea construcci\u00f3n y ampliaci\u00f3n: El viernes abrir\u00e1 la inscripci\u00f3n<\/title>\n<meta name=\"description\" content=\"Se abrir\u00e1 la inscripci\u00f3n para la l\u00ednea construcci\u00f3n y ampliaci\u00f3n del nuevo procrear. Se espera que el sorteo se haga en un mes.\" \/>\n<meta name=\"robots\" content=\"index, follow, max-snippet:-1, max-image-preview:large, max-video-preview:-1\" \/>\n<link rel=\"canonical\" href=\"https:\/\/experienciadevida.com.ar\/portalurbano\/procrear-linea-construccion-y-ampliacion-el-viernes-abre-la-inscripcion\/\" \/>\n<meta property=\"og:locale\" content=\"es_ES\" \/>\n<meta property=\"og:type\" content=\"article\" \/>\n<meta property=\"og:title\" content=\"L\u00ednea construcci\u00f3n y ampliaci\u00f3n: El viernes abrir\u00e1 la inscripci\u00f3n\" \/>\n<meta property=\"og:description\" content=\"Se abrir\u00e1 la inscripci\u00f3n para la l\u00ednea construcci\u00f3n y ampliaci\u00f3n del nuevo procrear. Se espera que el sorteo se haga en un mes.\" \/>\n<meta property=\"og:url\" content=\"https:\/\/experienciadevida.com.ar\/portalurbano\/procrear-linea-construccion-y-ampliacion-el-viernes-abre-la-inscripcion\/\" \/>\n<meta property=\"article:publisher\" content=\"https:\/\/www.facebook.com\/Portal-Urbano-171542830093757\/\" \/>\n<meta property=\"article:published_time\" content=\"2020-09-09T14:29:56+00:00\" \/>\n<meta property=\"article:modified_time\" content=\"2020-09-09T14:30:41+00:00\" \/>\n<meta property=\"og:image\" content=\"https:\/\/experienciadevida.com.ar\/portalurbano\/wp-content\/uploads\/2019\/05\/procrear-e1558479957664.jpg\" \/>\n\t<meta property=\"og:image:width\" content=\"750\" \/>\n\t<meta property=\"og:image:height\" content=\"498\" \/>\n\t<meta property=\"og:image:type\" content=\"image\/jpeg\" \/>\n<meta name=\"author\" content=\"admpu17wp\" \/>\n<meta name=\"twitter:card\" content=\"summary_large_image\" \/>\n<meta name=\"twitter:creator\" content=\"@portalurbanook\" \/>\n<meta name=\"twitter:site\" content=\"@portalurbanook\" \/>\n<meta name=\"twitter:label1\" content=\"Escrito por\" \/>\n\t<meta name=\"twitter:data1\" content=\"admpu17wp\" \/>\n\t<meta name=\"twitter:label2\" content=\"Tiempo de lectura\" \/>\n\t<meta name=\"twitter:data2\" content=\"4 minutos\" \/>\n<script type=\"application\/ld+json\" class=\"yoast-schema-graph\">{\"@context\":\"https:\/\/schema.org\",\"@graph\":[{\"@type\":\"Article\",\"@id\":\"https:\/\/experienciadevida.com.ar\/portalurbano\/procrear-linea-construccion-y-ampliacion-el-viernes-abre-la-inscripcion\/#article\",\"isPartOf\":{\"@id\":\"https:\/\/experienciadevida.com.ar\/portalurbano\/procrear-linea-construccion-y-ampliacion-el-viernes-abre-la-inscripcion\/\"},\"author\":{\"name\":\"admpu17wp\",\"@id\":\"https:\/\/experienciadevida.com.ar\/portalurbano\/#\/schema\/person\/02dd326b1c4b056e9cc972486934a3a7\"},\"headline\":\"Procrear l\u00ednea construcci\u00f3n y ampliaci\u00f3n: El viernes abre la inscripci\u00f3n\",\"datePublished\":\"2020-09-09T14:29:56+00:00\",\"dateModified\":\"2020-09-09T14:30:41+00:00\",\"mainEntityOfPage\":{\"@id\":\"https:\/\/experienciadevida.com.ar\/portalurbano\/procrear-linea-construccion-y-ampliacion-el-viernes-abre-la-inscripcion\/\"},\"wordCount\":793,\"publisher\":{\"@id\":\"https:\/\/experienciadevida.com.ar\/portalurbano\/#organization\"},\"articleSection\":[\"Naci\u00f3n\"],\"inLanguage\":\"es\"},{\"@type\":\"WebPage\",\"@id\":\"https:\/\/experienciadevida.com.ar\/portalurbano\/procrear-linea-construccion-y-ampliacion-el-viernes-abre-la-inscripcion\/\",\"url\":\"https:\/\/experienciadevida.com.ar\/portalurbano\/procrear-linea-construccion-y-ampliacion-el-viernes-abre-la-inscripcion\/\",\"name\":\"L\u00ednea construcci\u00f3n y ampliaci\u00f3n: El viernes abrir\u00e1 la inscripci\u00f3n\",\"isPartOf\":{\"@id\":\"https:\/\/experienciadevida.com.ar\/portalurbano\/#website\"},\"datePublished\":\"2020-09-09T14:29:56+00:00\",\"dateModified\":\"2020-09-09T14:30:41+00:00\",\"description\":\"Se abrir\u00e1 la inscripci\u00f3n para la l\u00ednea construcci\u00f3n y ampliaci\u00f3n del nuevo procrear. Se espera que el sorteo se haga en un mes.\",\"breadcrumb\":{\"@id\":\"https:\/\/experienciadevida.com.ar\/portalurbano\/procrear-linea-construccion-y-ampliacion-el-viernes-abre-la-inscripcion\/#breadcrumb\"},\"inLanguage\":\"es\",\"potentialAction\":[{\"@type\":\"ReadAction\",\"target\":[\"https:\/\/experienciadevida.com.ar\/portalurbano\/procrear-linea-construccion-y-ampliacion-el-viernes-abre-la-inscripcion\/\"]}]},{\"@type\":\"BreadcrumbList\",\"@id\":\"https:\/\/experienciadevida.com.ar\/portalurbano\/procrear-linea-construccion-y-ampliacion-el-viernes-abre-la-inscripcion\/#breadcrumb\",\"itemListElement\":[{\"@type\":\"ListItem\",\"position\":1,\"name\":\"Portada\",\"item\":\"https:\/\/experienciadevida.com.ar\/portalurbano\/\"},{\"@type\":\"ListItem\",\"position\":2,\"name\":\"Procrear l\u00ednea construcci\u00f3n y ampliaci\u00f3n: El viernes abre la inscripci\u00f3n\"}]},{\"@type\":\"WebSite\",\"@id\":\"https:\/\/experienciadevida.com.ar\/portalurbano\/#website\",\"url\":\"https:\/\/experienciadevida.com.ar\/portalurbano\/\",\"name\":\"\",\"description\":\"\",\"publisher\":{\"@id\":\"https:\/\/experienciadevida.com.ar\/portalurbano\/#organization\"},\"potentialAction\":[{\"@type\":\"SearchAction\",\"target\":{\"@type\":\"EntryPoint\",\"urlTemplate\":\"https:\/\/experienciadevida.com.ar\/portalurbano\/?s={search_term_string}\"},\"query-input\":\"required name=search_term_string\"}],\"inLanguage\":\"es\"},{\"@type\":\"Organization\",\"@id\":\"https:\/\/experienciadevida.com.ar\/portalurbano\/#organization\",\"name\":\"Portal Urbano\",\"url\":\"https:\/\/experienciadevida.com.ar\/portalurbano\/\",\"logo\":{\"@type\":\"ImageObject\",\"inLanguage\":\"es\",\"@id\":\"https:\/\/experienciadevida.com.ar\/portalurbano\/#\/schema\/logo\/image\/\",\"url\":\"https:\/\/experienciadevida.com.ar\/portalurbano\/wp-content\/uploads\/2019\/09\/Logo-Original.png\",\"contentUrl\":\"https:\/\/experienciadevida.com.ar\/portalurbano\/wp-content\/uploads\/2019\/09\/Logo-Original.png\",\"width\":2236,\"height\":1216,\"caption\":\"Portal Urbano\"},\"image\":{\"@id\":\"https:\/\/experienciadevida.com.ar\/portalurbano\/#\/schema\/logo\/image\/\"},\"sameAs\":[\"https:\/\/www.facebook.com\/Portal-Urbano-171542830093757\/\",\"https:\/\/twitter.com\/portalurbanook\",\"https:\/\/www.instagram.com\/_portalurbano\/\",\"https:\/\/www.youtube.com\/channel\/UCXhagIfszH8KxFiOok79zbA?view_as=subscriber\"]},{\"@type\":\"Person\",\"@id\":\"https:\/\/experienciadevida.com.ar\/portalurbano\/#\/schema\/person\/02dd326b1c4b056e9cc972486934a3a7\",\"name\":\"admpu17wp\",\"image\":{\"@type\":\"ImageObject\",\"inLanguage\":\"es\",\"@id\":\"https:\/\/experienciadevida.com.ar\/portalurbano\/#\/schema\/person\/image\/\",\"url\":\"https:\/\/secure.gravatar.com\/avatar\/830d4c57adaae6630765e449a6908047?s=96&d=mm&r=g\",\"contentUrl\":\"https:\/\/secure.gravatar.com\/avatar\/830d4c57adaae6630765e449a6908047?s=96&d=mm&r=g\",\"caption\":\"admpu17wp\"}}]}<\/script>\n<!-- \/ Yoast SEO plugin. -->","yoast_head_json":{"title":"L\u00ednea construcci\u00f3n y ampliaci\u00f3n: El viernes abrir\u00e1 la inscripci\u00f3n","description":"Se abrir\u00e1 la inscripci\u00f3n para la l\u00ednea construcci\u00f3n y ampliaci\u00f3n del nuevo procrear. Se espera que el sorteo se haga en un mes.","robots":{"index":"index","follow":"follow","max-snippet":"max-snippet:-1","max-image-preview":"max-image-preview:large","max-video-preview":"max-video-preview:-1"},"canonical":"https:\/\/experienciadevida.com.ar\/portalurbano\/procrear-linea-construccion-y-ampliacion-el-viernes-abre-la-inscripcion\/","og_locale":"es_ES","og_type":"article","og_title":"L\u00ednea construcci\u00f3n y ampliaci\u00f3n: El viernes abrir\u00e1 la inscripci\u00f3n","og_description":"Se abrir\u00e1 la inscripci\u00f3n para la l\u00ednea construcci\u00f3n y ampliaci\u00f3n del nuevo procrear. Se espera que el sorteo se haga en un mes.","og_url":"https:\/\/experienciadevida.com.ar\/portalurbano\/procrear-linea-construccion-y-ampliacion-el-viernes-abre-la-inscripcion\/","article_publisher":"https:\/\/www.facebook.com\/Portal-Urbano-171542830093757\/","article_published_time":"2020-09-09T14:29:56+00:00","article_modified_time":"2020-09-09T14:30:41+00:00","og_image":[{"width":750,"height":498,"url":"https:\/\/experienciadevida.com.ar\/portalurbano\/wp-content\/uploads\/2019\/05\/procrear-e1558479957664.jpg","type":"image\/jpeg"}],"author":"admpu17wp","twitter_card":"summary_large_image","twitter_creator":"@portalurbanook","twitter_site":"@portalurbanook","twitter_misc":{"Escrito por":"admpu17wp","Tiempo de lectura":"4 minutos"},"schema":{"@context":"https:\/\/schema.org","@graph":[{"@type":"Article","@id":"https:\/\/experienciadevida.com.ar\/portalurbano\/procrear-linea-construccion-y-ampliacion-el-viernes-abre-la-inscripcion\/#article","isPartOf":{"@id":"https:\/\/experienciadevida.com.ar\/portalurbano\/procrear-linea-construccion-y-ampliacion-el-viernes-abre-la-inscripcion\/"},"author":{"name":"admpu17wp","@id":"https:\/\/experienciadevida.com.ar\/portalurbano\/#\/schema\/person\/02dd326b1c4b056e9cc972486934a3a7"},"headline":"Procrear l\u00ednea construcci\u00f3n y ampliaci\u00f3n: El viernes abre la inscripci\u00f3n","datePublished":"2020-09-09T14:29:56+00:00","dateModified":"2020-09-09T14:30:41+00:00","mainEntityOfPage":{"@id":"https:\/\/experienciadevida.com.ar\/portalurbano\/procrear-linea-construccion-y-ampliacion-el-viernes-abre-la-inscripcion\/"},"wordCount":793,"publisher":{"@id":"https:\/\/experienciadevida.com.ar\/portalurbano\/#organization"},"articleSection":["Naci\u00f3n"],"inLanguage":"es"},{"@type":"WebPage","@id":"https:\/\/experienciadevida.com.ar\/portalurbano\/procrear-linea-construccion-y-ampliacion-el-viernes-abre-la-inscripcion\/","url":"https:\/\/experienciadevida.com.ar\/portalurbano\/procrear-linea-construccion-y-ampliacion-el-viernes-abre-la-inscripcion\/","name":"L\u00ednea construcci\u00f3n y ampliaci\u00f3n: El viernes abrir\u00e1 la inscripci\u00f3n","isPartOf":{"@id":"https:\/\/experienciadevida.com.ar\/portalurbano\/#website"},"datePublished":"2020-09-09T14:29:56+00:00","dateModified":"2020-09-09T14:30:41+00:00","description":"Se abrir\u00e1 la inscripci\u00f3n para la l\u00ednea construcci\u00f3n y ampliaci\u00f3n del nuevo procrear. Se espera que el sorteo se haga en un mes.","breadcrumb":{"@id":"https:\/\/experienciadevida.com.ar\/portalurbano\/procrear-linea-construccion-y-ampliacion-el-viernes-abre-la-inscripcion\/#breadcrumb"},"inLanguage":"es","potentialAction":[{"@type":"ReadAction","target":["https:\/\/experienciadevida.com.ar\/portalurbano\/procrear-linea-construccion-y-ampliacion-el-viernes-abre-la-inscripcion\/"]}]},{"@type":"BreadcrumbList","@id":"https:\/\/experienciadevida.com.ar\/portalurbano\/procrear-linea-construccion-y-ampliacion-el-viernes-abre-la-inscripcion\/#breadcrumb","itemListElement":[{"@type":"ListItem","position":1,"name":"Portada","item":"https:\/\/experienciadevida.com.ar\/portalurbano\/"},{"@type":"ListItem","position":2,"name":"Procrear l\u00ednea construcci\u00f3n y ampliaci\u00f3n: El viernes abre la inscripci\u00f3n"}]},{"@type":"WebSite","@id":"https:\/\/experienciadevida.com.ar\/portalurbano\/#website","url":"https:\/\/experienciadevida.com.ar\/portalurbano\/","name":"","description":"","publisher":{"@id":"https:\/\/experienciadevida.com.ar\/portalurbano\/#organization"},"potentialAction":[{"@type":"SearchAction","target":{"@type":"EntryPoint","urlTemplate":"https:\/\/experienciadevida.com.ar\/portalurbano\/?s={search_term_string}"},"query-input":"required name=search_term_string"}],"inLanguage":"es"},{"@type":"Organization","@id":"https:\/\/experienciadevida.com.ar\/portalurbano\/#organization","name":"Portal Urbano","url":"https:\/\/experienciadevida.com.ar\/portalurbano\/","logo":{"@type":"ImageObject","inLanguage":"es","@id":"https:\/\/experienciadevida.com.ar\/portalurbano\/#\/schema\/logo\/image\/","url":"https:\/\/experienciadevida.com.ar\/portalurbano\/wp-content\/uploads\/2019\/09\/Logo-Original.png","contentUrl":"https:\/\/experienciadevida.com.ar\/portalurbano\/wp-content\/uploads\/2019\/09\/Logo-Original.png","width":2236,"height":1216,"caption":"Portal Urbano"},"image":{"@id":"https:\/\/experienciadevida.com.ar\/portalurbano\/#\/schema\/logo\/image\/"},"sameAs":["https:\/\/www.facebook.com\/Portal-Urbano-171542830093757\/","https:\/\/twitter.com\/portalurbanook","https:\/\/www.instagram.com\/_portalurbano\/","https:\/\/www.youtube.com\/channel\/UCXhagIfszH8KxFiOok79zbA?view_as=subscriber"]},{"@type":"Person","@id":"https:\/\/experienciadevida.com.ar\/portalurbano\/#\/schema\/person\/02dd326b1c4b056e9cc972486934a3a7","name":"admpu17wp","image":{"@type":"ImageObject","inLanguage":"es","@id":"https:\/\/experienciadevida.com.ar\/portalurbano\/#\/schema\/person\/image\/","url":"https:\/\/secure.gravatar.com\/avatar\/830d4c57adaae6630765e449a6908047?s=96&d=mm&r=g","contentUrl":"https:\/\/secure.gravatar.com\/avatar\/830d4c57adaae6630765e449a6908047?s=96&d=mm&r=g","caption":"admpu17wp"}}]}},"featured_image_urls":{"full":"","thumbnail":"","medium":"","medium_large":"","large":"","ug_big":"","1536x1536":"","2048x2048":"","newsever-slider-full":"","newsever-featured":"","newsever-medium":"","web-stories-poster-portrait":"","web-stories-publisher-logo":"","web-stories-thumbnail":""},"author_info":{"display_name":"admpu17wp","author_link":"https:\/\/experienciadevida.com.ar\/portalurbano\/author\/admpu17wp\/"},"category_info":"<a href=\"https:\/\/experienciadevida.com.ar\/portalurbano\/category\/nacion\/\" rel=\"category tag\">Naci\u00f3n<\/a>","tag_info":"Naci\u00f3n","comment_count":"0","amp_enabled":true,"_links":{"self":[{"href":"https:\/\/experienciadevida.com.ar\/portalurbano\/wp-json\/wp\/v2\/posts\/120793"}],"collection":[{"href":"https:\/\/experienciadevida.com.ar\/portalurbano\/wp-json\/wp\/v2\/posts"}],"about":[{"href":"https:\/\/experienciadevida.com.ar\/portalurbano\/wp-json\/wp\/v2\/types\/post"}],"author":[{"embeddable":true,"href":"https:\/\/experienciadevida.com.ar\/portalurbano\/wp-json\/wp\/v2\/users\/1"}],"replies":[{"embeddable":true,"href":"https:\/\/experienciadevida.com.ar\/portalurbano\/wp-json\/wp\/v2\/comments?post=120793"}],"version-history":[{"count":1,"href":"https:\/\/experienciadevida.com.ar\/portalurbano\/wp-json\/wp\/v2\/posts\/120793\/revisions"}],"predecessor-version":[{"id":120794,"href":"https:\/\/experienciadevida.com.ar\/portalurbano\/wp-json\/wp\/v2\/posts\/120793\/revisions\/120794"}],"wp:attachment":[{"href":"https:\/\/experienciadevida.com.ar\/portalurbano\/wp-json\/wp\/v2\/media?parent=120793"}],"wp:term":[{"taxonomy":"category","embeddable":true,"href":"https:\/\/experienciadevida.com.ar\/portalurbano\/wp-json\/wp\/v2\/categories?post=120793"},{"taxonomy":"post_tag","embeddable":true,"href":"https:\/\/experienciadevida.com.ar\/portalurbano\/wp-json\/wp\/v2\/tags?post=120793"}],"curies":[{"name":"wp","href":"https:\/\/api.w.org\/{rel}","templated":true}]}}