{"id":120742,"date":"2020-09-08T17:13:07","date_gmt":"2020-09-08T20:13:07","guid":{"rendered":"https:\/\/experienciadevida.com.ar\/portalurbano\/?p=120742"},"modified":"2020-09-08T17:14:29","modified_gmt":"2020-09-08T20:14:29","slug":"haran-una-suelta-de-globos-para-pedir-justicia-por-enzo-marconi","status":"publish","type":"post","link":"https:\/\/experienciadevida.com.ar\/portalurbano\/haran-una-suelta-de-globos-para-pedir-justicia-por-enzo-marconi\/","title":{"rendered":"Har\u00e1n una suelta de globos para pedir justicia por Enzo Marconi"},"content":{"rendered":"<p>En la jornada de este martes, la mam\u00e1 de <strong>Enzo Marconi<\/strong>, Yesica Salguero se comunic\u00f3 con este medio para informar que ma\u00f1ana a las 11hs soltar\u00e1n globos para pedir justicia por Enzo Marconi.<\/p>\n<p>El hecho ocurri\u00f3 en el mes de febrero, cuando el joven de 15 a\u00f1os,\u00a0<strong>Enzo Marconi<\/strong>\u00a0recibi\u00f3 <a href=\"https:\/\/experienciadevida.com.ar\/portalurbano\/barrio-jardin-recibio-un-disparo-en-el-abdomen-y-murio\/\">un disparo de arma de fuego en el abdomen que le provoc\u00f3 la muerte luego de ser trasladado hacia el Hospital Municipal.\u00a0<\/a><\/p>\n<p>A partir de lo ocurrido la familia de <strong>Enzo Marconi<\/strong> busca justicia, y desde entonces vienen realizando movilizaciones para pedir justicia. La mam\u00e1 en una de las movilizaciones <a href=\"https:\/\/experienciadevida.com.ar\/portalurbano\/caso-marconi-exijo-la-renuncia-de-la-fiscal\/\">pidi\u00f3 la renuncia de la Fiscal que lleva la causa Paula Serrano<\/a>, y en la jornada de este martes\u00a0 confirm\u00f3 a este medio que a\u00fan siguen esperando la renuncia.<\/p>\n<p>En pandemia tambi\u00e9n familiares del joven se concentraron <a href=\"https:\/\/experienciadevida.com.ar\/portalurbano\/familiares-de-enzo-marconi-colocaron-una-pancarta-el-asesino-sigue-en-libertad\/\">para seguir pidiendo justicia.\u00a0<\/a><\/p>\n<p>Este mi\u00e9rcoles, har\u00e1n una suelta de globos en Colon\u00a0 y Pringles, a las 11hs de la ma\u00f1ana.<\/p>\n<p>Yesica Salguero dijo a este medio &#8220;<em>la causa no avanz\u00f3 en nada, sigue todo igual. De parte de la fiscal\u00eda no tengo ning\u00fan tipo de respuesta ni me llamaron de asistencia a la v\u00edctima para saber como estamos. Tampoco tengo respuesta para que me otorguen un abogado&#8221;,<\/em> &#8220;<em>me causa mucha impotencia y dolor&#8221;,<\/em> finaliz\u00f3.<\/p>\n<p>Foto: archivo<\/p>\n","protected":false},"excerpt":{"rendered":"<p>En la jornada de este martes, la mam\u00e1 de Enzo Marconi, Yesica Salguero se comunic\u00f3&#8230;<\/p>\n","protected":false},"author":1,"featured_media":114448,"comment_status":"closed","ping_status":"closed","sticky":false,"template":"","format":"standard","meta":{"content-type":""},"categories":[27,51],"tags":[],"nelio_content":{"isAutoShareEnabled":false,"autoShareEndMode":"default","automationSources":{"useContentSentences":true,"useSocialTemplates":true,"useCustomSentences":false,"customSentences":[]},"followers":[1],"suggestedReferences":[],"includedReferences":[],"efiUrl":"","efiAlt":"","highlights":[]},"yoast_head":"<!-- This site is optimized with the Yoast SEO plugin v20.7 - https:\/\/yoast.com\/wordpress\/plugins\/seo\/ -->\n<title>Har\u00e1n una suelta de globos para pedir justicia por Enzo Marconi<\/title>\n<meta name=\"description\" content=\"En la jornada de este martes, la mam\u00e1 de Enzo Marconi, se comunic\u00f3 con este medio para informar que har\u00e1n una suelta de globos por el joven.\" \/>\n<meta name=\"robots\" content=\"index, follow, max-snippet:-1, max-image-preview:large, max-video-preview:-1\" \/>\n<link rel=\"canonical\" href=\"https:\/\/experienciadevida.com.ar\/portalurbano\/haran-una-suelta-de-globos-para-pedir-justicia-por-enzo-marconi\/\" \/>\n<meta property=\"og:locale\" content=\"es_ES\" \/>\n<meta property=\"og:type\" content=\"article\" \/>\n<meta property=\"og:title\" content=\"Har\u00e1n una suelta de globos para pedir justicia por Enzo Marconi\" \/>\n<meta property=\"og:description\" content=\"En la jornada de este martes, la mam\u00e1 de Enzo Marconi, se comunic\u00f3 con este medio para informar que har\u00e1n una suelta de globos por el joven.\" \/>\n<meta property=\"og:url\" content=\"https:\/\/experienciadevida.com.ar\/portalurbano\/haran-una-suelta-de-globos-para-pedir-justicia-por-enzo-marconi\/\" \/>\n<meta property=\"article:publisher\" content=\"https:\/\/www.facebook.com\/Portal-Urbano-171542830093757\/\" \/>\n<meta property=\"article:published_time\" content=\"2020-09-08T20:13:07+00:00\" \/>\n<meta property=\"article:modified_time\" content=\"2020-09-08T20:14:29+00:00\" \/>\n<meta property=\"og:image\" content=\"https:\/\/experienciadevida.com.ar\/portalurbano\/wp-content\/uploads\/2020\/07\/MARCONI.jpg\" \/>\n\t<meta property=\"og:image:width\" content=\"765\" \/>\n\t<meta property=\"og:image:height\" content=\"510\" \/>\n\t<meta property=\"og:image:type\" content=\"image\/jpeg\" \/>\n<meta name=\"author\" content=\"admpu17wp\" \/>\n<meta name=\"twitter:card\" content=\"summary_large_image\" \/>\n<meta name=\"twitter:creator\" content=\"@portalurbanook\" \/>\n<meta name=\"twitter:site\" content=\"@portalurbanook\" \/>\n<meta name=\"twitter:label1\" content=\"Escrito por\" \/>\n\t<meta name=\"twitter:data1\" content=\"admpu17wp\" \/>\n\t<meta name=\"twitter:label2\" content=\"Tiempo de lectura\" \/>\n\t<meta name=\"twitter:data2\" content=\"1 minuto\" \/>\n<script type=\"application\/ld+json\" class=\"yoast-schema-graph\">{\"@context\":\"https:\/\/schema.org\",\"@graph\":[{\"@type\":\"Article\",\"@id\":\"https:\/\/experienciadevida.com.ar\/portalurbano\/haran-una-suelta-de-globos-para-pedir-justicia-por-enzo-marconi\/#article\",\"isPartOf\":{\"@id\":\"https:\/\/experienciadevida.com.ar\/portalurbano\/haran-una-suelta-de-globos-para-pedir-justicia-por-enzo-marconi\/\"},\"author\":{\"name\":\"admpu17wp\",\"@id\":\"https:\/\/experienciadevida.com.ar\/portalurbano\/#\/schema\/person\/02dd326b1c4b056e9cc972486934a3a7\"},\"headline\":\"Har\u00e1n una suelta de globos para pedir justicia por Enzo Marconi\",\"datePublished\":\"2020-09-08T20:13:07+00:00\",\"dateModified\":\"2020-09-08T20:14:29+00:00\",\"mainEntityOfPage\":{\"@id\":\"https:\/\/experienciadevida.com.ar\/portalurbano\/haran-una-suelta-de-globos-para-pedir-justicia-por-enzo-marconi\/\"},\"wordCount\":236,\"publisher\":{\"@id\":\"https:\/\/experienciadevida.com.ar\/portalurbano\/#organization\"},\"articleSection\":[\"Ciudad\",\"Destacadas\"],\"inLanguage\":\"es\"},{\"@type\":\"WebPage\",\"@id\":\"https:\/\/experienciadevida.com.ar\/portalurbano\/haran-una-suelta-de-globos-para-pedir-justicia-por-enzo-marconi\/\",\"url\":\"https:\/\/experienciadevida.com.ar\/portalurbano\/haran-una-suelta-de-globos-para-pedir-justicia-por-enzo-marconi\/\",\"name\":\"Har\u00e1n una suelta de globos para pedir justicia por Enzo Marconi\",\"isPartOf\":{\"@id\":\"https:\/\/experienciadevida.com.ar\/portalurbano\/#website\"},\"datePublished\":\"2020-09-08T20:13:07+00:00\",\"dateModified\":\"2020-09-08T20:14:29+00:00\",\"description\":\"En la jornada de este martes, la mam\u00e1 de Enzo Marconi, se comunic\u00f3 con este medio para informar que har\u00e1n una suelta de globos por el joven.\",\"breadcrumb\":{\"@id\":\"https:\/\/experienciadevida.com.ar\/portalurbano\/haran-una-suelta-de-globos-para-pedir-justicia-por-enzo-marconi\/#breadcrumb\"},\"inLanguage\":\"es\",\"potentialAction\":[{\"@type\":\"ReadAction\",\"target\":[\"https:\/\/experienciadevida.com.ar\/portalurbano\/haran-una-suelta-de-globos-para-pedir-justicia-por-enzo-marconi\/\"]}]},{\"@type\":\"BreadcrumbList\",\"@id\":\"https:\/\/experienciadevida.com.ar\/portalurbano\/haran-una-suelta-de-globos-para-pedir-justicia-por-enzo-marconi\/#breadcrumb\",\"itemListElement\":[{\"@type\":\"ListItem\",\"position\":1,\"name\":\"Portada\",\"item\":\"https:\/\/experienciadevida.com.ar\/portalurbano\/\"},{\"@type\":\"ListItem\",\"position\":2,\"name\":\"Har\u00e1n una suelta de globos para pedir justicia por Enzo Marconi\"}]},{\"@type\":\"WebSite\",\"@id\":\"https:\/\/experienciadevida.com.ar\/portalurbano\/#website\",\"url\":\"https:\/\/experienciadevida.com.ar\/portalurbano\/\",\"name\":\"\",\"description\":\"\",\"publisher\":{\"@id\":\"https:\/\/experienciadevida.com.ar\/portalurbano\/#organization\"},\"potentialAction\":[{\"@type\":\"SearchAction\",\"target\":{\"@type\":\"EntryPoint\",\"urlTemplate\":\"https:\/\/experienciadevida.com.ar\/portalurbano\/?s={search_term_string}\"},\"query-input\":\"required name=search_term_string\"}],\"inLanguage\":\"es\"},{\"@type\":\"Organization\",\"@id\":\"https:\/\/experienciadevida.com.ar\/portalurbano\/#organization\",\"name\":\"Portal Urbano\",\"url\":\"https:\/\/experienciadevida.com.ar\/portalurbano\/\",\"logo\":{\"@type\":\"ImageObject\",\"inLanguage\":\"es\",\"@id\":\"https:\/\/experienciadevida.com.ar\/portalurbano\/#\/schema\/logo\/image\/\",\"url\":\"https:\/\/experienciadevida.com.ar\/portalurbano\/wp-content\/uploads\/2019\/09\/Logo-Original.png\",\"contentUrl\":\"https:\/\/experienciadevida.com.ar\/portalurbano\/wp-content\/uploads\/2019\/09\/Logo-Original.png\",\"width\":2236,\"height\":1216,\"caption\":\"Portal Urbano\"},\"image\":{\"@id\":\"https:\/\/experienciadevida.com.ar\/portalurbano\/#\/schema\/logo\/image\/\"},\"sameAs\":[\"https:\/\/www.facebook.com\/Portal-Urbano-171542830093757\/\",\"https:\/\/twitter.com\/portalurbanook\",\"https:\/\/www.instagram.com\/_portalurbano\/\",\"https:\/\/www.youtube.com\/channel\/UCXhagIfszH8KxFiOok79zbA?view_as=subscriber\"]},{\"@type\":\"Person\",\"@id\":\"https:\/\/experienciadevida.com.ar\/portalurbano\/#\/schema\/person\/02dd326b1c4b056e9cc972486934a3a7\",\"name\":\"admpu17wp\",\"image\":{\"@type\":\"ImageObject\",\"inLanguage\":\"es\",\"@id\":\"https:\/\/experienciadevida.com.ar\/portalurbano\/#\/schema\/person\/image\/\",\"url\":\"https:\/\/secure.gravatar.com\/avatar\/830d4c57adaae6630765e449a6908047?s=96&d=mm&r=g\",\"contentUrl\":\"https:\/\/secure.gravatar.com\/avatar\/830d4c57adaae6630765e449a6908047?s=96&d=mm&r=g\",\"caption\":\"admpu17wp\"}}]}<\/script>\n<!-- \/ Yoast SEO plugin. -->","yoast_head_json":{"title":"Har\u00e1n una suelta de globos para pedir justicia por Enzo Marconi","description":"En la jornada de este martes, la mam\u00e1 de Enzo Marconi, se comunic\u00f3 con este medio para informar que har\u00e1n una suelta de globos por el joven.","robots":{"index":"index","follow":"follow","max-snippet":"max-snippet:-1","max-image-preview":"max-image-preview:large","max-video-preview":"max-video-preview:-1"},"canonical":"https:\/\/experienciadevida.com.ar\/portalurbano\/haran-una-suelta-de-globos-para-pedir-justicia-por-enzo-marconi\/","og_locale":"es_ES","og_type":"article","og_title":"Har\u00e1n una suelta de globos para pedir justicia por Enzo Marconi","og_description":"En la jornada de este martes, la mam\u00e1 de Enzo Marconi, se comunic\u00f3 con este medio para informar que har\u00e1n una suelta de globos por el joven.","og_url":"https:\/\/experienciadevida.com.ar\/portalurbano\/haran-una-suelta-de-globos-para-pedir-justicia-por-enzo-marconi\/","article_publisher":"https:\/\/www.facebook.com\/Portal-Urbano-171542830093757\/","article_published_time":"2020-09-08T20:13:07+00:00","article_modified_time":"2020-09-08T20:14:29+00:00","og_image":[{"width":765,"height":510,"url":"https:\/\/experienciadevida.com.ar\/portalurbano\/wp-content\/uploads\/2020\/07\/MARCONI.jpg","type":"image\/jpeg"}],"author":"admpu17wp","twitter_card":"summary_large_image","twitter_creator":"@portalurbanook","twitter_site":"@portalurbanook","twitter_misc":{"Escrito por":"admpu17wp","Tiempo de lectura":"1 minuto"},"schema":{"@context":"https:\/\/schema.org","@graph":[{"@type":"Article","@id":"https:\/\/experienciadevida.com.ar\/portalurbano\/haran-una-suelta-de-globos-para-pedir-justicia-por-enzo-marconi\/#article","isPartOf":{"@id":"https:\/\/experienciadevida.com.ar\/portalurbano\/haran-una-suelta-de-globos-para-pedir-justicia-por-enzo-marconi\/"},"author":{"name":"admpu17wp","@id":"https:\/\/experienciadevida.com.ar\/portalurbano\/#\/schema\/person\/02dd326b1c4b056e9cc972486934a3a7"},"headline":"Har\u00e1n una suelta de globos para pedir justicia por Enzo Marconi","datePublished":"2020-09-08T20:13:07+00:00","dateModified":"2020-09-08T20:14:29+00:00","mainEntityOfPage":{"@id":"https:\/\/experienciadevida.com.ar\/portalurbano\/haran-una-suelta-de-globos-para-pedir-justicia-por-enzo-marconi\/"},"wordCount":236,"publisher":{"@id":"https:\/\/experienciadevida.com.ar\/portalurbano\/#organization"},"articleSection":["Ciudad","Destacadas"],"inLanguage":"es"},{"@type":"WebPage","@id":"https:\/\/experienciadevida.com.ar\/portalurbano\/haran-una-suelta-de-globos-para-pedir-justicia-por-enzo-marconi\/","url":"https:\/\/experienciadevida.com.ar\/portalurbano\/haran-una-suelta-de-globos-para-pedir-justicia-por-enzo-marconi\/","name":"Har\u00e1n una suelta de globos para pedir justicia por Enzo Marconi","isPartOf":{"@id":"https:\/\/experienciadevida.com.ar\/portalurbano\/#website"},"datePublished":"2020-09-08T20:13:07+00:00","dateModified":"2020-09-08T20:14:29+00:00","description":"En la jornada de este martes, la mam\u00e1 de Enzo Marconi, se comunic\u00f3 con este medio para informar que har\u00e1n una suelta de globos por el joven.","breadcrumb":{"@id":"https:\/\/experienciadevida.com.ar\/portalurbano\/haran-una-suelta-de-globos-para-pedir-justicia-por-enzo-marconi\/#breadcrumb"},"inLanguage":"es","potentialAction":[{"@type":"ReadAction","target":["https:\/\/experienciadevida.com.ar\/portalurbano\/haran-una-suelta-de-globos-para-pedir-justicia-por-enzo-marconi\/"]}]},{"@type":"BreadcrumbList","@id":"https:\/\/experienciadevida.com.ar\/portalurbano\/haran-una-suelta-de-globos-para-pedir-justicia-por-enzo-marconi\/#breadcrumb","itemListElement":[{"@type":"ListItem","position":1,"name":"Portada","item":"https:\/\/experienciadevida.com.ar\/portalurbano\/"},{"@type":"ListItem","position":2,"name":"Har\u00e1n una suelta de globos para pedir justicia por Enzo Marconi"}]},{"@type":"WebSite","@id":"https:\/\/experienciadevida.com.ar\/portalurbano\/#website","url":"https:\/\/experienciadevida.com.ar\/portalurbano\/","name":"","description":"","publisher":{"@id":"https:\/\/experienciadevida.com.ar\/portalurbano\/#organization"},"potentialAction":[{"@type":"SearchAction","target":{"@type":"EntryPoint","urlTemplate":"https:\/\/experienciadevida.com.ar\/portalurbano\/?s={search_term_string}"},"query-input":"required name=search_term_string"}],"inLanguage":"es"},{"@type":"Organization","@id":"https:\/\/experienciadevida.com.ar\/portalurbano\/#organization","name":"Portal Urbano","url":"https:\/\/experienciadevida.com.ar\/portalurbano\/","logo":{"@type":"ImageObject","inLanguage":"es","@id":"https:\/\/experienciadevida.com.ar\/portalurbano\/#\/schema\/logo\/image\/","url":"https:\/\/experienciadevida.com.ar\/portalurbano\/wp-content\/uploads\/2019\/09\/Logo-Original.png","contentUrl":"https:\/\/experienciadevida.com.ar\/portalurbano\/wp-content\/uploads\/2019\/09\/Logo-Original.png","width":2236,"height":1216,"caption":"Portal Urbano"},"image":{"@id":"https:\/\/experienciadevida.com.ar\/portalurbano\/#\/schema\/logo\/image\/"},"sameAs":["https:\/\/www.facebook.com\/Portal-Urbano-171542830093757\/","https:\/\/twitter.com\/portalurbanook","https:\/\/www.instagram.com\/_portalurbano\/","https:\/\/www.youtube.com\/channel\/UCXhagIfszH8KxFiOok79zbA?view_as=subscriber"]},{"@type":"Person","@id":"https:\/\/experienciadevida.com.ar\/portalurbano\/#\/schema\/person\/02dd326b1c4b056e9cc972486934a3a7","name":"admpu17wp","image":{"@type":"ImageObject","inLanguage":"es","@id":"https:\/\/experienciadevida.com.ar\/portalurbano\/#\/schema\/person\/image\/","url":"https:\/\/secure.gravatar.com\/avatar\/830d4c57adaae6630765e449a6908047?s=96&d=mm&r=g","contentUrl":"https:\/\/secure.gravatar.com\/avatar\/830d4c57adaae6630765e449a6908047?s=96&d=mm&r=g","caption":"admpu17wp"}}]}},"featured_image_urls":{"full":["https:\/\/experienciadevida.com.ar\/portalurbano\/wp-content\/uploads\/2020\/07\/MARCONI.jpg",765,510,false],"thumbnail":["https:\/\/experienciadevida.com.ar\/portalurbano\/wp-content\/uploads\/2020\/07\/MARCONI-150x150.jpg",150,150,true],"medium":["https:\/\/experienciadevida.com.ar\/portalurbano\/wp-content\/uploads\/2020\/07\/MARCONI-300x200.jpg",300,200,true],"medium_large":["https:\/\/experienciadevida.com.ar\/portalurbano\/wp-content\/uploads\/2020\/07\/MARCONI.jpg",640,427,false],"large":["https:\/\/experienciadevida.com.ar\/portalurbano\/wp-content\/uploads\/2020\/07\/MARCONI.jpg",640,427,false],"ug_big":["https:\/\/experienciadevida.com.ar\/portalurbano\/wp-content\/uploads\/2020\/07\/MARCONI.jpg",765,510,false],"1536x1536":["https:\/\/experienciadevida.com.ar\/portalurbano\/wp-content\/uploads\/2020\/07\/MARCONI.jpg",765,510,false],"2048x2048":["https:\/\/experienciadevida.com.ar\/portalurbano\/wp-content\/uploads\/2020\/07\/MARCONI.jpg",765,510,false],"newsever-slider-full":["https:\/\/experienciadevida.com.ar\/portalurbano\/wp-content\/uploads\/2020\/07\/MARCONI.jpg",765,510,false],"newsever-featured":["https:\/\/experienciadevida.com.ar\/portalurbano\/wp-content\/uploads\/2020\/07\/MARCONI.jpg",765,510,false],"newsever-medium":["https:\/\/experienciadevida.com.ar\/portalurbano\/wp-content\/uploads\/2020\/07\/MARCONI.jpg",713,475,false],"web-stories-poster-portrait":["https:\/\/experienciadevida.com.ar\/portalurbano\/wp-content\/uploads\/2020\/07\/MARCONI.jpg",640,427,false],"web-stories-publisher-logo":["https:\/\/experienciadevida.com.ar\/portalurbano\/wp-content\/uploads\/2020\/07\/MARCONI.jpg",96,64,false],"web-stories-thumbnail":["https:\/\/experienciadevida.com.ar\/portalurbano\/wp-content\/uploads\/2020\/07\/MARCONI.jpg",150,100,false]},"author_info":{"display_name":"admpu17wp","author_link":"https:\/\/experienciadevida.com.ar\/portalurbano\/author\/admpu17wp\/"},"category_info":"<a href=\"https:\/\/experienciadevida.com.ar\/portalurbano\/category\/ciudad\/\" rel=\"category tag\">Ciudad<\/a> <a href=\"https:\/\/experienciadevida.com.ar\/portalurbano\/category\/destacadas\/\" rel=\"category tag\">Destacadas<\/a>","tag_info":"Destacadas","comment_count":"0","amp_enabled":true,"_links":{"self":[{"href":"https:\/\/experienciadevida.com.ar\/portalurbano\/wp-json\/wp\/v2\/posts\/120742"}],"collection":[{"href":"https:\/\/experienciadevida.com.ar\/portalurbano\/wp-json\/wp\/v2\/posts"}],"about":[{"href":"https:\/\/experienciadevida.com.ar\/portalurbano\/wp-json\/wp\/v2\/types\/post"}],"author":[{"embeddable":true,"href":"https:\/\/experienciadevida.com.ar\/portalurbano\/wp-json\/wp\/v2\/users\/1"}],"replies":[{"embeddable":true,"href":"https:\/\/experienciadevida.com.ar\/portalurbano\/wp-json\/wp\/v2\/comments?post=120742"}],"version-history":[{"count":2,"href":"https:\/\/experienciadevida.com.ar\/portalurbano\/wp-json\/wp\/v2\/posts\/120742\/revisions"}],"predecessor-version":[{"id":120744,"href":"https:\/\/experienciadevida.com.ar\/portalurbano\/wp-json\/wp\/v2\/posts\/120742\/revisions\/120744"}],"wp:featuredmedia":[{"embeddable":true,"href":"https:\/\/experienciadevida.com.ar\/portalurbano\/wp-json\/wp\/v2\/media\/114448"}],"wp:attachment":[{"href":"https:\/\/experienciadevida.com.ar\/portalurbano\/wp-json\/wp\/v2\/media?parent=120742"}],"wp:term":[{"taxonomy":"category","embeddable":true,"href":"https:\/\/experienciadevida.com.ar\/portalurbano\/wp-json\/wp\/v2\/categories?post=120742"},{"taxonomy":"post_tag","embeddable":true,"href":"https:\/\/experienciadevida.com.ar\/portalurbano\/wp-json\/wp\/v2\/tags?post=120742"}],"curies":[{"name":"wp","href":"https:\/\/api.w.org\/{rel}","templated":true}]}}