{"id":120707,"date":"2020-09-08T13:06:58","date_gmt":"2020-09-08T16:06:58","guid":{"rendered":"https:\/\/experienciadevida.com.ar\/portalurbano\/?p=120707"},"modified":"2020-09-08T13:09:10","modified_gmt":"2020-09-08T16:09:10","slug":"el-circulo-medico-apoya-la-apertura-de-gimnasios-en-fase-4","status":"publish","type":"post","link":"https:\/\/experienciadevida.com.ar\/portalurbano\/el-circulo-medico-apoya-la-apertura-de-gimnasios-en-fase-4\/","title":{"rendered":"El c\u00edrculo m\u00e9dico apoya la apertura de gimnasios en fase 4"},"content":{"rendered":"<p>As\u00ed lo manifest\u00f3 el Presidente del\u00a0<strong>c\u00edrculo m\u00e9dico<\/strong>, en la jornada de este martes. La entidad emiti\u00f3 un comunicado en la cual apoya la apertura de gimnasios y afines en fase 4, por el bien de la salud p\u00fablica y el bienestar de la gente.<\/p>\n<p>El apoyo del\u00a0<strong>c\u00edrculo m\u00e9dico\u00a0<\/strong>responde al pedido de ACAFSO, sobre la necesidad de trabajar en fase 4, ya que en varios Municipios existe esa posibilidad a trav\u00e9s de un decreto, as\u00ed lo hicieron saber\u00a0 a trav\u00e9s de un <a href=\"https:\/\/experienciadevida.com.ar\/portalurbano\/acafso-es-posible-abrir-nuestras-puertas-es-fase-4\/\">comunicado<\/a> en su perfil de <a href=\"https:\/\/www.facebook.com\/Asociaci%C3%B3n-de-centros-de-actividad-f%C3%ADsica-y-salud-de-Olavarr%C3%ADa-102564261532601\">Facebook<\/a>.<\/p>\n<p>Los gimnasios y centros de actividad f\u00edsica vienen luchando por volver a abrir sus puertas, no solamente en la fase en la que est\u00e1n habilitados sino en la 4. El comunicado brindado por la Asociaci\u00f3n, mencion\u00f3 &#8220;<em>estamos trabajando incansablemente para poder reabrir nuestras puertas lo antes posible y de forma legal. Hemos demostrado que los gimnasios y centros de actividad f\u00edsica de la ciudad son seguros y profesionales, a la hora de respetar los protocolos&#8221;.<\/em><\/p>\n<p>Por lo que el\u00a0<strong>c\u00edrculo m\u00e9dico\u00a0<\/strong>de nuestra ciudad tambi\u00e9n apoya el reclamo por el bien de la salud psicof\u00edsica de la poblaci\u00f3n as\u00ed como tambi\u00e9n la rehabilitaci\u00f3n de cada patolog\u00eda en particular que necesitan hacer actividad f\u00edsica o tienen alg\u00fan tratamiento que no pueden interrumpir.<\/p>\n","protected":false},"excerpt":{"rendered":"<p>As\u00ed lo manifest\u00f3 el Presidente del\u00a0c\u00edrculo m\u00e9dico, en la jornada de este martes. La entidad&#8230;<\/p>\n","protected":false},"author":1,"featured_media":120708,"comment_status":"closed","ping_status":"closed","sticky":false,"template":"","format":"standard","meta":{"content-type":""},"categories":[27,51],"tags":[],"nelio_content":{"isAutoShareEnabled":false,"autoShareEndMode":"default","automationSources":{"useContentSentences":true,"useSocialTemplates":true,"useCustomSentences":false,"customSentences":[]},"followers":[1],"suggestedReferences":[],"includedReferences":[],"efiUrl":"","efiAlt":"","highlights":[]},"yoast_head":"<!-- This site is optimized with the Yoast SEO plugin v20.7 - https:\/\/yoast.com\/wordpress\/plugins\/seo\/ -->\n<title>El c\u00edrculo m\u00e9dico apoya la apertura de gimnasios en fase 4 -<\/title>\n<meta name=\"description\" content=\"El c\u00edrculo m\u00e9dico de nuestra ciudad, emiti\u00f3 un comunicado en el que apoya la apertura de gimnasios y a fines en fase 4 de Aislamiento social.\" \/>\n<meta name=\"robots\" content=\"index, follow, max-snippet:-1, max-image-preview:large, max-video-preview:-1\" \/>\n<link rel=\"canonical\" href=\"https:\/\/experienciadevida.com.ar\/portalurbano\/el-circulo-medico-apoya-la-apertura-de-gimnasios-en-fase-4\/\" \/>\n<meta property=\"og:locale\" content=\"es_ES\" \/>\n<meta property=\"og:type\" content=\"article\" \/>\n<meta property=\"og:title\" content=\"El c\u00edrculo m\u00e9dico apoya la apertura de gimnasios en fase 4 -\" \/>\n<meta property=\"og:description\" content=\"El c\u00edrculo m\u00e9dico de nuestra ciudad, emiti\u00f3 un comunicado en el que apoya la apertura de gimnasios y a fines en fase 4 de Aislamiento social.\" \/>\n<meta property=\"og:url\" content=\"https:\/\/experienciadevida.com.ar\/portalurbano\/el-circulo-medico-apoya-la-apertura-de-gimnasios-en-fase-4\/\" \/>\n<meta property=\"article:publisher\" content=\"https:\/\/www.facebook.com\/Portal-Urbano-171542830093757\/\" \/>\n<meta property=\"article:published_time\" content=\"2020-09-08T16:06:58+00:00\" \/>\n<meta property=\"article:modified_time\" content=\"2020-09-08T16:09:10+00:00\" \/>\n<meta property=\"og:image\" content=\"https:\/\/experienciadevida.com.ar\/portalurbano\/wp-content\/uploads\/2020\/09\/circulo-medico.jpg\" \/>\n\t<meta property=\"og:image:width\" content=\"800\" \/>\n\t<meta property=\"og:image:height\" content=\"533\" \/>\n\t<meta property=\"og:image:type\" content=\"image\/jpeg\" \/>\n<meta name=\"author\" content=\"admpu17wp\" \/>\n<meta name=\"twitter:card\" content=\"summary_large_image\" \/>\n<meta name=\"twitter:creator\" content=\"@portalurbanook\" \/>\n<meta name=\"twitter:site\" content=\"@portalurbanook\" \/>\n<meta name=\"twitter:label1\" content=\"Escrito por\" \/>\n\t<meta name=\"twitter:data1\" content=\"admpu17wp\" \/>\n\t<meta name=\"twitter:label2\" content=\"Tiempo de lectura\" \/>\n\t<meta name=\"twitter:data2\" content=\"1 minuto\" \/>\n<script type=\"application\/ld+json\" class=\"yoast-schema-graph\">{\"@context\":\"https:\/\/schema.org\",\"@graph\":[{\"@type\":\"Article\",\"@id\":\"https:\/\/experienciadevida.com.ar\/portalurbano\/el-circulo-medico-apoya-la-apertura-de-gimnasios-en-fase-4\/#article\",\"isPartOf\":{\"@id\":\"https:\/\/experienciadevida.com.ar\/portalurbano\/el-circulo-medico-apoya-la-apertura-de-gimnasios-en-fase-4\/\"},\"author\":{\"name\":\"admpu17wp\",\"@id\":\"https:\/\/experienciadevida.com.ar\/portalurbano\/#\/schema\/person\/02dd326b1c4b056e9cc972486934a3a7\"},\"headline\":\"El c\u00edrculo m\u00e9dico apoya la apertura de gimnasios en fase 4\",\"datePublished\":\"2020-09-08T16:06:58+00:00\",\"dateModified\":\"2020-09-08T16:09:10+00:00\",\"mainEntityOfPage\":{\"@id\":\"https:\/\/experienciadevida.com.ar\/portalurbano\/el-circulo-medico-apoya-la-apertura-de-gimnasios-en-fase-4\/\"},\"wordCount\":241,\"publisher\":{\"@id\":\"https:\/\/experienciadevida.com.ar\/portalurbano\/#organization\"},\"articleSection\":[\"Ciudad\",\"Destacadas\"],\"inLanguage\":\"es\"},{\"@type\":\"WebPage\",\"@id\":\"https:\/\/experienciadevida.com.ar\/portalurbano\/el-circulo-medico-apoya-la-apertura-de-gimnasios-en-fase-4\/\",\"url\":\"https:\/\/experienciadevida.com.ar\/portalurbano\/el-circulo-medico-apoya-la-apertura-de-gimnasios-en-fase-4\/\",\"name\":\"El c\u00edrculo m\u00e9dico apoya la apertura de gimnasios en fase 4 -\",\"isPartOf\":{\"@id\":\"https:\/\/experienciadevida.com.ar\/portalurbano\/#website\"},\"datePublished\":\"2020-09-08T16:06:58+00:00\",\"dateModified\":\"2020-09-08T16:09:10+00:00\",\"description\":\"El c\u00edrculo m\u00e9dico de nuestra ciudad, emiti\u00f3 un comunicado en el que apoya la apertura de gimnasios y a fines en fase 4 de Aislamiento social.\",\"breadcrumb\":{\"@id\":\"https:\/\/experienciadevida.com.ar\/portalurbano\/el-circulo-medico-apoya-la-apertura-de-gimnasios-en-fase-4\/#breadcrumb\"},\"inLanguage\":\"es\",\"potentialAction\":[{\"@type\":\"ReadAction\",\"target\":[\"https:\/\/experienciadevida.com.ar\/portalurbano\/el-circulo-medico-apoya-la-apertura-de-gimnasios-en-fase-4\/\"]}]},{\"@type\":\"BreadcrumbList\",\"@id\":\"https:\/\/experienciadevida.com.ar\/portalurbano\/el-circulo-medico-apoya-la-apertura-de-gimnasios-en-fase-4\/#breadcrumb\",\"itemListElement\":[{\"@type\":\"ListItem\",\"position\":1,\"name\":\"Portada\",\"item\":\"https:\/\/experienciadevida.com.ar\/portalurbano\/\"},{\"@type\":\"ListItem\",\"position\":2,\"name\":\"El c\u00edrculo m\u00e9dico apoya la apertura de gimnasios en fase 4\"}]},{\"@type\":\"WebSite\",\"@id\":\"https:\/\/experienciadevida.com.ar\/portalurbano\/#website\",\"url\":\"https:\/\/experienciadevida.com.ar\/portalurbano\/\",\"name\":\"\",\"description\":\"\",\"publisher\":{\"@id\":\"https:\/\/experienciadevida.com.ar\/portalurbano\/#organization\"},\"potentialAction\":[{\"@type\":\"SearchAction\",\"target\":{\"@type\":\"EntryPoint\",\"urlTemplate\":\"https:\/\/experienciadevida.com.ar\/portalurbano\/?s={search_term_string}\"},\"query-input\":\"required name=search_term_string\"}],\"inLanguage\":\"es\"},{\"@type\":\"Organization\",\"@id\":\"https:\/\/experienciadevida.com.ar\/portalurbano\/#organization\",\"name\":\"Portal Urbano\",\"url\":\"https:\/\/experienciadevida.com.ar\/portalurbano\/\",\"logo\":{\"@type\":\"ImageObject\",\"inLanguage\":\"es\",\"@id\":\"https:\/\/experienciadevida.com.ar\/portalurbano\/#\/schema\/logo\/image\/\",\"url\":\"https:\/\/experienciadevida.com.ar\/portalurbano\/wp-content\/uploads\/2019\/09\/Logo-Original.png\",\"contentUrl\":\"https:\/\/experienciadevida.com.ar\/portalurbano\/wp-content\/uploads\/2019\/09\/Logo-Original.png\",\"width\":2236,\"height\":1216,\"caption\":\"Portal Urbano\"},\"image\":{\"@id\":\"https:\/\/experienciadevida.com.ar\/portalurbano\/#\/schema\/logo\/image\/\"},\"sameAs\":[\"https:\/\/www.facebook.com\/Portal-Urbano-171542830093757\/\",\"https:\/\/twitter.com\/portalurbanook\",\"https:\/\/www.instagram.com\/_portalurbano\/\",\"https:\/\/www.youtube.com\/channel\/UCXhagIfszH8KxFiOok79zbA?view_as=subscriber\"]},{\"@type\":\"Person\",\"@id\":\"https:\/\/experienciadevida.com.ar\/portalurbano\/#\/schema\/person\/02dd326b1c4b056e9cc972486934a3a7\",\"name\":\"admpu17wp\",\"image\":{\"@type\":\"ImageObject\",\"inLanguage\":\"es\",\"@id\":\"https:\/\/experienciadevida.com.ar\/portalurbano\/#\/schema\/person\/image\/\",\"url\":\"https:\/\/secure.gravatar.com\/avatar\/830d4c57adaae6630765e449a6908047?s=96&d=mm&r=g\",\"contentUrl\":\"https:\/\/secure.gravatar.com\/avatar\/830d4c57adaae6630765e449a6908047?s=96&d=mm&r=g\",\"caption\":\"admpu17wp\"}}]}<\/script>\n<!-- \/ Yoast SEO plugin. -->","yoast_head_json":{"title":"El c\u00edrculo m\u00e9dico apoya la apertura de gimnasios en fase 4 -","description":"El c\u00edrculo m\u00e9dico de nuestra ciudad, emiti\u00f3 un comunicado en el que apoya la apertura de gimnasios y a fines en fase 4 de Aislamiento social.","robots":{"index":"index","follow":"follow","max-snippet":"max-snippet:-1","max-image-preview":"max-image-preview:large","max-video-preview":"max-video-preview:-1"},"canonical":"https:\/\/experienciadevida.com.ar\/portalurbano\/el-circulo-medico-apoya-la-apertura-de-gimnasios-en-fase-4\/","og_locale":"es_ES","og_type":"article","og_title":"El c\u00edrculo m\u00e9dico apoya la apertura de gimnasios en fase 4 -","og_description":"El c\u00edrculo m\u00e9dico de nuestra ciudad, emiti\u00f3 un comunicado en el que apoya la apertura de gimnasios y a fines en fase 4 de Aislamiento social.","og_url":"https:\/\/experienciadevida.com.ar\/portalurbano\/el-circulo-medico-apoya-la-apertura-de-gimnasios-en-fase-4\/","article_publisher":"https:\/\/www.facebook.com\/Portal-Urbano-171542830093757\/","article_published_time":"2020-09-08T16:06:58+00:00","article_modified_time":"2020-09-08T16:09:10+00:00","og_image":[{"width":800,"height":533,"url":"https:\/\/experienciadevida.com.ar\/portalurbano\/wp-content\/uploads\/2020\/09\/circulo-medico.jpg","type":"image\/jpeg"}],"author":"admpu17wp","twitter_card":"summary_large_image","twitter_creator":"@portalurbanook","twitter_site":"@portalurbanook","twitter_misc":{"Escrito por":"admpu17wp","Tiempo de lectura":"1 minuto"},"schema":{"@context":"https:\/\/schema.org","@graph":[{"@type":"Article","@id":"https:\/\/experienciadevida.com.ar\/portalurbano\/el-circulo-medico-apoya-la-apertura-de-gimnasios-en-fase-4\/#article","isPartOf":{"@id":"https:\/\/experienciadevida.com.ar\/portalurbano\/el-circulo-medico-apoya-la-apertura-de-gimnasios-en-fase-4\/"},"author":{"name":"admpu17wp","@id":"https:\/\/experienciadevida.com.ar\/portalurbano\/#\/schema\/person\/02dd326b1c4b056e9cc972486934a3a7"},"headline":"El c\u00edrculo m\u00e9dico apoya la apertura de gimnasios en fase 4","datePublished":"2020-09-08T16:06:58+00:00","dateModified":"2020-09-08T16:09:10+00:00","mainEntityOfPage":{"@id":"https:\/\/experienciadevida.com.ar\/portalurbano\/el-circulo-medico-apoya-la-apertura-de-gimnasios-en-fase-4\/"},"wordCount":241,"publisher":{"@id":"https:\/\/experienciadevida.com.ar\/portalurbano\/#organization"},"articleSection":["Ciudad","Destacadas"],"inLanguage":"es"},{"@type":"WebPage","@id":"https:\/\/experienciadevida.com.ar\/portalurbano\/el-circulo-medico-apoya-la-apertura-de-gimnasios-en-fase-4\/","url":"https:\/\/experienciadevida.com.ar\/portalurbano\/el-circulo-medico-apoya-la-apertura-de-gimnasios-en-fase-4\/","name":"El c\u00edrculo m\u00e9dico apoya la apertura de gimnasios en fase 4 -","isPartOf":{"@id":"https:\/\/experienciadevida.com.ar\/portalurbano\/#website"},"datePublished":"2020-09-08T16:06:58+00:00","dateModified":"2020-09-08T16:09:10+00:00","description":"El c\u00edrculo m\u00e9dico de nuestra ciudad, emiti\u00f3 un comunicado en el que apoya la apertura de gimnasios y a fines en fase 4 de Aislamiento social.","breadcrumb":{"@id":"https:\/\/experienciadevida.com.ar\/portalurbano\/el-circulo-medico-apoya-la-apertura-de-gimnasios-en-fase-4\/#breadcrumb"},"inLanguage":"es","potentialAction":[{"@type":"ReadAction","target":["https:\/\/experienciadevida.com.ar\/portalurbano\/el-circulo-medico-apoya-la-apertura-de-gimnasios-en-fase-4\/"]}]},{"@type":"BreadcrumbList","@id":"https:\/\/experienciadevida.com.ar\/portalurbano\/el-circulo-medico-apoya-la-apertura-de-gimnasios-en-fase-4\/#breadcrumb","itemListElement":[{"@type":"ListItem","position":1,"name":"Portada","item":"https:\/\/experienciadevida.com.ar\/portalurbano\/"},{"@type":"ListItem","position":2,"name":"El c\u00edrculo m\u00e9dico apoya la apertura de gimnasios en fase 4"}]},{"@type":"WebSite","@id":"https:\/\/experienciadevida.com.ar\/portalurbano\/#website","url":"https:\/\/experienciadevida.com.ar\/portalurbano\/","name":"","description":"","publisher":{"@id":"https:\/\/experienciadevida.com.ar\/portalurbano\/#organization"},"potentialAction":[{"@type":"SearchAction","target":{"@type":"EntryPoint","urlTemplate":"https:\/\/experienciadevida.com.ar\/portalurbano\/?s={search_term_string}"},"query-input":"required name=search_term_string"}],"inLanguage":"es"},{"@type":"Organization","@id":"https:\/\/experienciadevida.com.ar\/portalurbano\/#organization","name":"Portal Urbano","url":"https:\/\/experienciadevida.com.ar\/portalurbano\/","logo":{"@type":"ImageObject","inLanguage":"es","@id":"https:\/\/experienciadevida.com.ar\/portalurbano\/#\/schema\/logo\/image\/","url":"https:\/\/experienciadevida.com.ar\/portalurbano\/wp-content\/uploads\/2019\/09\/Logo-Original.png","contentUrl":"https:\/\/experienciadevida.com.ar\/portalurbano\/wp-content\/uploads\/2019\/09\/Logo-Original.png","width":2236,"height":1216,"caption":"Portal Urbano"},"image":{"@id":"https:\/\/experienciadevida.com.ar\/portalurbano\/#\/schema\/logo\/image\/"},"sameAs":["https:\/\/www.facebook.com\/Portal-Urbano-171542830093757\/","https:\/\/twitter.com\/portalurbanook","https:\/\/www.instagram.com\/_portalurbano\/","https:\/\/www.youtube.com\/channel\/UCXhagIfszH8KxFiOok79zbA?view_as=subscriber"]},{"@type":"Person","@id":"https:\/\/experienciadevida.com.ar\/portalurbano\/#\/schema\/person\/02dd326b1c4b056e9cc972486934a3a7","name":"admpu17wp","image":{"@type":"ImageObject","inLanguage":"es","@id":"https:\/\/experienciadevida.com.ar\/portalurbano\/#\/schema\/person\/image\/","url":"https:\/\/secure.gravatar.com\/avatar\/830d4c57adaae6630765e449a6908047?s=96&d=mm&r=g","contentUrl":"https:\/\/secure.gravatar.com\/avatar\/830d4c57adaae6630765e449a6908047?s=96&d=mm&r=g","caption":"admpu17wp"}}]}},"featured_image_urls":{"full":["https:\/\/experienciadevida.com.ar\/portalurbano\/wp-content\/uploads\/2020\/09\/circulo-medico.jpg",800,533,false],"thumbnail":["https:\/\/experienciadevida.com.ar\/portalurbano\/wp-content\/uploads\/2020\/09\/circulo-medico-150x150.jpg",150,150,true],"medium":["https:\/\/experienciadevida.com.ar\/portalurbano\/wp-content\/uploads\/2020\/09\/circulo-medico-300x200.jpg",300,200,true],"medium_large":["https:\/\/experienciadevida.com.ar\/portalurbano\/wp-content\/uploads\/2020\/09\/circulo-medico-768x512.jpg",640,427,true],"large":["https:\/\/experienciadevida.com.ar\/portalurbano\/wp-content\/uploads\/2020\/09\/circulo-medico.jpg",640,426,false],"ug_big":["https:\/\/experienciadevida.com.ar\/portalurbano\/wp-content\/uploads\/2020\/09\/circulo-medico-768x512.jpg",768,512,true],"1536x1536":["https:\/\/experienciadevida.com.ar\/portalurbano\/wp-content\/uploads\/2020\/09\/circulo-medico.jpg",800,533,false],"2048x2048":["https:\/\/experienciadevida.com.ar\/portalurbano\/wp-content\/uploads\/2020\/09\/circulo-medico.jpg",800,533,false],"newsever-slider-full":["https:\/\/experienciadevida.com.ar\/portalurbano\/wp-content\/uploads\/2020\/09\/circulo-medico.jpg",800,533,false],"newsever-featured":["https:\/\/experienciadevida.com.ar\/portalurbano\/wp-content\/uploads\/2020\/09\/circulo-medico.jpg",800,533,false],"newsever-medium":["https:\/\/experienciadevida.com.ar\/portalurbano\/wp-content\/uploads\/2020\/09\/circulo-medico.jpg",713,475,false],"web-stories-poster-portrait":["https:\/\/experienciadevida.com.ar\/portalurbano\/wp-content\/uploads\/2020\/09\/circulo-medico.jpg",640,426,false],"web-stories-publisher-logo":["https:\/\/experienciadevida.com.ar\/portalurbano\/wp-content\/uploads\/2020\/09\/circulo-medico.jpg",96,64,false],"web-stories-thumbnail":["https:\/\/experienciadevida.com.ar\/portalurbano\/wp-content\/uploads\/2020\/09\/circulo-medico.jpg",150,100,false]},"author_info":{"display_name":"admpu17wp","author_link":"https:\/\/experienciadevida.com.ar\/portalurbano\/author\/admpu17wp\/"},"category_info":"<a href=\"https:\/\/experienciadevida.com.ar\/portalurbano\/category\/ciudad\/\" rel=\"category tag\">Ciudad<\/a> <a href=\"https:\/\/experienciadevida.com.ar\/portalurbano\/category\/destacadas\/\" rel=\"category tag\">Destacadas<\/a>","tag_info":"Destacadas","comment_count":"0","amp_enabled":true,"_links":{"self":[{"href":"https:\/\/experienciadevida.com.ar\/portalurbano\/wp-json\/wp\/v2\/posts\/120707"}],"collection":[{"href":"https:\/\/experienciadevida.com.ar\/portalurbano\/wp-json\/wp\/v2\/posts"}],"about":[{"href":"https:\/\/experienciadevida.com.ar\/portalurbano\/wp-json\/wp\/v2\/types\/post"}],"author":[{"embeddable":true,"href":"https:\/\/experienciadevida.com.ar\/portalurbano\/wp-json\/wp\/v2\/users\/1"}],"replies":[{"embeddable":true,"href":"https:\/\/experienciadevida.com.ar\/portalurbano\/wp-json\/wp\/v2\/comments?post=120707"}],"version-history":[{"count":3,"href":"https:\/\/experienciadevida.com.ar\/portalurbano\/wp-json\/wp\/v2\/posts\/120707\/revisions"}],"predecessor-version":[{"id":120710,"href":"https:\/\/experienciadevida.com.ar\/portalurbano\/wp-json\/wp\/v2\/posts\/120707\/revisions\/120710"}],"wp:featuredmedia":[{"embeddable":true,"href":"https:\/\/experienciadevida.com.ar\/portalurbano\/wp-json\/wp\/v2\/media\/120708"}],"wp:attachment":[{"href":"https:\/\/experienciadevida.com.ar\/portalurbano\/wp-json\/wp\/v2\/media?parent=120707"}],"wp:term":[{"taxonomy":"category","embeddable":true,"href":"https:\/\/experienciadevida.com.ar\/portalurbano\/wp-json\/wp\/v2\/categories?post=120707"},{"taxonomy":"post_tag","embeddable":true,"href":"https:\/\/experienciadevida.com.ar\/portalurbano\/wp-json\/wp\/v2\/tags?post=120707"}],"curies":[{"name":"wp","href":"https:\/\/api.w.org\/{rel}","templated":true}]}}