{"id":120677,"date":"2020-09-08T10:38:48","date_gmt":"2020-09-08T13:38:48","guid":{"rendered":"https:\/\/experienciadevida.com.ar\/portalurbano\/?p=120677"},"modified":"2020-09-08T10:41:09","modified_gmt":"2020-09-08T13:41:09","slug":"la-estacion-meteorologica-local-cumple-33-anos","status":"publish","type":"post","link":"https:\/\/experienciadevida.com.ar\/portalurbano\/la-estacion-meteorologica-local-cumple-33-anos\/","title":{"rendered":"La estaci\u00f3n meteorol\u00f3gica local cumple 33 a\u00f1os"},"content":{"rendered":"<p>Este martes, la <strong>estaci\u00f3n meteorol\u00f3gica loca<\/strong>l, cumple 33 a\u00f1os de servicio a la comunidad. Naci\u00f3 con el objetivo de asistir a la aeronavegabilidad, en el aer\u00f3dromo que se hab\u00eda inaugurado recientemente por aquella \u00e9poca.<\/p>\n<p>La jefa de la <strong>estaci\u00f3n meteorol\u00f3gica local<\/strong> Alicia Pucciarelli habl\u00f3 con radio olavarr\u00eda.<\/p>\n<p><em>&#8220;Yo llegue a la estaci\u00f3n meteorol\u00f3gica apenas nacida la estaci\u00f3n, no hab\u00eda nada todav\u00eda, fuimos a hacer cursos y naci\u00f3 el servicio meteorol\u00f3gico que depend\u00eda de la fuerza a\u00e9rea Argentina&#8221;.<\/em><\/p>\n<p>Por otro lado, &#8220;<em>mucho de lo que hacemos no va a la estad\u00edstica, y tambi\u00e9n mucho de lo que hacemos no queda nada en la estaci\u00f3n. Lo que el p\u00fablico no sabe es que cada mes que termina no nos queda absolutamente nada de registro en la <strong>estaci\u00f3n meteorol\u00f3gica local<\/strong>, sino fuera porque nosotros llevamos un registro no habr\u00eda nada, nos gusta hacerlo junto con\u00a0 la libreta que ya de por s\u00ed es un instrumento p\u00fablico&#8221;.\u00a0<\/em><\/p>\n<p><em>&#8220;Debemos decir que en tiempos de pandemia hemos sido uno de los pocos servicios meteorol\u00f3gicos latinoamericanos que ha seguido haciendo las observaciones puntualmente sin que falte ninguna. Estamos todos muy orgullosos de eso porque estuvimos dentro del personal esencial en nuestro pa\u00eds no se perdi\u00f3 ning\u00fan dato ning\u00fan d\u00eda&#8221;.<\/em><\/p>\n<p>A su vez dijo &#8220;<em>la estaci\u00f3n no est\u00e1 necesitando nada, que la gente nos siga en el facebook, fuimos una de las estaciones de servicio meteorol\u00f3gico que que tuvo <a href=\"https:\/\/www.facebook.com\/estacionmeteorologica.olavarria\">facebook&#8221;.<\/a><\/em><\/p>\n<p><em>&#8220;Adem\u00e1s, es importante saber que el tiempo no es lo mismo que el clima y cuando damos los datos, hablamos de datos del tiempo, el clima es otra cosa&#8221;.<\/em><\/p>\n<p>Foto: Facebook estaci\u00f3n<\/p>\n","protected":false},"excerpt":{"rendered":"<p>Este martes, la estaci\u00f3n meteorol\u00f3gica local, cumple 33 a\u00f1os de servicio a la comunidad. Naci\u00f3&#8230;<\/p>\n","protected":false},"author":1,"featured_media":120679,"comment_status":"closed","ping_status":"closed","sticky":false,"template":"","format":"standard","meta":{"content-type":""},"categories":[27,51],"tags":[],"nelio_content":{"isAutoShareEnabled":false,"autoShareEndMode":"default","automationSources":{"useContentSentences":true,"useSocialTemplates":true,"useCustomSentences":false,"customSentences":[]},"followers":[1],"suggestedReferences":[],"includedReferences":[],"efiUrl":"","efiAlt":"","highlights":[]},"yoast_head":"<!-- This site is optimized with the Yoast SEO plugin v20.7 - https:\/\/yoast.com\/wordpress\/plugins\/seo\/ -->\n<title>La estaci\u00f3n meteorol\u00f3gica local cumple 33 a\u00f1os -<\/title>\n<meta name=\"description\" content=\"Este martes, la estaci\u00f3n meteorol\u00f3gica local cumple 33 a\u00f1os, de servicio a la comunidad. &quot;En tiempos de pandemia seguimos trabajando&quot;\" \/>\n<meta name=\"robots\" content=\"index, follow, max-snippet:-1, max-image-preview:large, max-video-preview:-1\" \/>\n<link rel=\"canonical\" href=\"https:\/\/experienciadevida.com.ar\/portalurbano\/la-estacion-meteorologica-local-cumple-33-anos\/\" \/>\n<meta property=\"og:locale\" content=\"es_ES\" \/>\n<meta property=\"og:type\" content=\"article\" \/>\n<meta property=\"og:title\" content=\"La estaci\u00f3n meteorol\u00f3gica local cumple 33 a\u00f1os -\" \/>\n<meta property=\"og:description\" content=\"Este martes, la estaci\u00f3n meteorol\u00f3gica local cumple 33 a\u00f1os, de servicio a la comunidad. &quot;En tiempos de pandemia seguimos trabajando&quot;\" \/>\n<meta property=\"og:url\" content=\"https:\/\/experienciadevida.com.ar\/portalurbano\/la-estacion-meteorologica-local-cumple-33-anos\/\" \/>\n<meta property=\"article:publisher\" content=\"https:\/\/www.facebook.com\/Portal-Urbano-171542830093757\/\" \/>\n<meta property=\"article:published_time\" content=\"2020-09-08T13:38:48+00:00\" \/>\n<meta property=\"article:modified_time\" content=\"2020-09-08T13:41:09+00:00\" \/>\n<meta property=\"og:image\" content=\"https:\/\/experienciadevida.com.ar\/portalurbano\/wp-content\/uploads\/2020\/09\/Estacion-meteorologica-local.jpg\" \/>\n\t<meta property=\"og:image:width\" content=\"765\" \/>\n\t<meta property=\"og:image:height\" content=\"510\" \/>\n\t<meta property=\"og:image:type\" content=\"image\/jpeg\" \/>\n<meta name=\"author\" content=\"admpu17wp\" \/>\n<meta name=\"twitter:card\" content=\"summary_large_image\" \/>\n<meta name=\"twitter:creator\" content=\"@portalurbanook\" \/>\n<meta name=\"twitter:site\" content=\"@portalurbanook\" \/>\n<meta name=\"twitter:label1\" content=\"Escrito por\" \/>\n\t<meta name=\"twitter:data1\" content=\"admpu17wp\" \/>\n\t<meta name=\"twitter:label2\" content=\"Tiempo de lectura\" \/>\n\t<meta name=\"twitter:data2\" content=\"1 minuto\" \/>\n<script type=\"application\/ld+json\" class=\"yoast-schema-graph\">{\"@context\":\"https:\/\/schema.org\",\"@graph\":[{\"@type\":\"Article\",\"@id\":\"https:\/\/experienciadevida.com.ar\/portalurbano\/la-estacion-meteorologica-local-cumple-33-anos\/#article\",\"isPartOf\":{\"@id\":\"https:\/\/experienciadevida.com.ar\/portalurbano\/la-estacion-meteorologica-local-cumple-33-anos\/\"},\"author\":{\"name\":\"admpu17wp\",\"@id\":\"https:\/\/experienciadevida.com.ar\/portalurbano\/#\/schema\/person\/02dd326b1c4b056e9cc972486934a3a7\"},\"headline\":\"La estaci\u00f3n meteorol\u00f3gica local cumple 33 a\u00f1os\",\"datePublished\":\"2020-09-08T13:38:48+00:00\",\"dateModified\":\"2020-09-08T13:41:09+00:00\",\"mainEntityOfPage\":{\"@id\":\"https:\/\/experienciadevida.com.ar\/portalurbano\/la-estacion-meteorologica-local-cumple-33-anos\/\"},\"wordCount\":305,\"publisher\":{\"@id\":\"https:\/\/experienciadevida.com.ar\/portalurbano\/#organization\"},\"articleSection\":[\"Ciudad\",\"Destacadas\"],\"inLanguage\":\"es\"},{\"@type\":\"WebPage\",\"@id\":\"https:\/\/experienciadevida.com.ar\/portalurbano\/la-estacion-meteorologica-local-cumple-33-anos\/\",\"url\":\"https:\/\/experienciadevida.com.ar\/portalurbano\/la-estacion-meteorologica-local-cumple-33-anos\/\",\"name\":\"La estaci\u00f3n meteorol\u00f3gica local cumple 33 a\u00f1os -\",\"isPartOf\":{\"@id\":\"https:\/\/experienciadevida.com.ar\/portalurbano\/#website\"},\"datePublished\":\"2020-09-08T13:38:48+00:00\",\"dateModified\":\"2020-09-08T13:41:09+00:00\",\"description\":\"Este martes, la estaci\u00f3n meteorol\u00f3gica local cumple 33 a\u00f1os, de servicio a la comunidad. \\\"En tiempos de pandemia seguimos trabajando\\\"\",\"breadcrumb\":{\"@id\":\"https:\/\/experienciadevida.com.ar\/portalurbano\/la-estacion-meteorologica-local-cumple-33-anos\/#breadcrumb\"},\"inLanguage\":\"es\",\"potentialAction\":[{\"@type\":\"ReadAction\",\"target\":[\"https:\/\/experienciadevida.com.ar\/portalurbano\/la-estacion-meteorologica-local-cumple-33-anos\/\"]}]},{\"@type\":\"BreadcrumbList\",\"@id\":\"https:\/\/experienciadevida.com.ar\/portalurbano\/la-estacion-meteorologica-local-cumple-33-anos\/#breadcrumb\",\"itemListElement\":[{\"@type\":\"ListItem\",\"position\":1,\"name\":\"Portada\",\"item\":\"https:\/\/experienciadevida.com.ar\/portalurbano\/\"},{\"@type\":\"ListItem\",\"position\":2,\"name\":\"La estaci\u00f3n meteorol\u00f3gica local cumple 33 a\u00f1os\"}]},{\"@type\":\"WebSite\",\"@id\":\"https:\/\/experienciadevida.com.ar\/portalurbano\/#website\",\"url\":\"https:\/\/experienciadevida.com.ar\/portalurbano\/\",\"name\":\"\",\"description\":\"\",\"publisher\":{\"@id\":\"https:\/\/experienciadevida.com.ar\/portalurbano\/#organization\"},\"potentialAction\":[{\"@type\":\"SearchAction\",\"target\":{\"@type\":\"EntryPoint\",\"urlTemplate\":\"https:\/\/experienciadevida.com.ar\/portalurbano\/?s={search_term_string}\"},\"query-input\":\"required name=search_term_string\"}],\"inLanguage\":\"es\"},{\"@type\":\"Organization\",\"@id\":\"https:\/\/experienciadevida.com.ar\/portalurbano\/#organization\",\"name\":\"Portal Urbano\",\"url\":\"https:\/\/experienciadevida.com.ar\/portalurbano\/\",\"logo\":{\"@type\":\"ImageObject\",\"inLanguage\":\"es\",\"@id\":\"https:\/\/experienciadevida.com.ar\/portalurbano\/#\/schema\/logo\/image\/\",\"url\":\"https:\/\/experienciadevida.com.ar\/portalurbano\/wp-content\/uploads\/2019\/09\/Logo-Original.png\",\"contentUrl\":\"https:\/\/experienciadevida.com.ar\/portalurbano\/wp-content\/uploads\/2019\/09\/Logo-Original.png\",\"width\":2236,\"height\":1216,\"caption\":\"Portal Urbano\"},\"image\":{\"@id\":\"https:\/\/experienciadevida.com.ar\/portalurbano\/#\/schema\/logo\/image\/\"},\"sameAs\":[\"https:\/\/www.facebook.com\/Portal-Urbano-171542830093757\/\",\"https:\/\/twitter.com\/portalurbanook\",\"https:\/\/www.instagram.com\/_portalurbano\/\",\"https:\/\/www.youtube.com\/channel\/UCXhagIfszH8KxFiOok79zbA?view_as=subscriber\"]},{\"@type\":\"Person\",\"@id\":\"https:\/\/experienciadevida.com.ar\/portalurbano\/#\/schema\/person\/02dd326b1c4b056e9cc972486934a3a7\",\"name\":\"admpu17wp\",\"image\":{\"@type\":\"ImageObject\",\"inLanguage\":\"es\",\"@id\":\"https:\/\/experienciadevida.com.ar\/portalurbano\/#\/schema\/person\/image\/\",\"url\":\"https:\/\/secure.gravatar.com\/avatar\/830d4c57adaae6630765e449a6908047?s=96&d=mm&r=g\",\"contentUrl\":\"https:\/\/secure.gravatar.com\/avatar\/830d4c57adaae6630765e449a6908047?s=96&d=mm&r=g\",\"caption\":\"admpu17wp\"}}]}<\/script>\n<!-- \/ Yoast SEO plugin. -->","yoast_head_json":{"title":"La estaci\u00f3n meteorol\u00f3gica local cumple 33 a\u00f1os -","description":"Este martes, la estaci\u00f3n meteorol\u00f3gica local cumple 33 a\u00f1os, de servicio a la comunidad. \"En tiempos de pandemia seguimos trabajando\"","robots":{"index":"index","follow":"follow","max-snippet":"max-snippet:-1","max-image-preview":"max-image-preview:large","max-video-preview":"max-video-preview:-1"},"canonical":"https:\/\/experienciadevida.com.ar\/portalurbano\/la-estacion-meteorologica-local-cumple-33-anos\/","og_locale":"es_ES","og_type":"article","og_title":"La estaci\u00f3n meteorol\u00f3gica local cumple 33 a\u00f1os -","og_description":"Este martes, la estaci\u00f3n meteorol\u00f3gica local cumple 33 a\u00f1os, de servicio a la comunidad. \"En tiempos de pandemia seguimos trabajando\"","og_url":"https:\/\/experienciadevida.com.ar\/portalurbano\/la-estacion-meteorologica-local-cumple-33-anos\/","article_publisher":"https:\/\/www.facebook.com\/Portal-Urbano-171542830093757\/","article_published_time":"2020-09-08T13:38:48+00:00","article_modified_time":"2020-09-08T13:41:09+00:00","og_image":[{"width":765,"height":510,"url":"https:\/\/experienciadevida.com.ar\/portalurbano\/wp-content\/uploads\/2020\/09\/Estacion-meteorologica-local.jpg","type":"image\/jpeg"}],"author":"admpu17wp","twitter_card":"summary_large_image","twitter_creator":"@portalurbanook","twitter_site":"@portalurbanook","twitter_misc":{"Escrito por":"admpu17wp","Tiempo de lectura":"1 minuto"},"schema":{"@context":"https:\/\/schema.org","@graph":[{"@type":"Article","@id":"https:\/\/experienciadevida.com.ar\/portalurbano\/la-estacion-meteorologica-local-cumple-33-anos\/#article","isPartOf":{"@id":"https:\/\/experienciadevida.com.ar\/portalurbano\/la-estacion-meteorologica-local-cumple-33-anos\/"},"author":{"name":"admpu17wp","@id":"https:\/\/experienciadevida.com.ar\/portalurbano\/#\/schema\/person\/02dd326b1c4b056e9cc972486934a3a7"},"headline":"La estaci\u00f3n meteorol\u00f3gica local cumple 33 a\u00f1os","datePublished":"2020-09-08T13:38:48+00:00","dateModified":"2020-09-08T13:41:09+00:00","mainEntityOfPage":{"@id":"https:\/\/experienciadevida.com.ar\/portalurbano\/la-estacion-meteorologica-local-cumple-33-anos\/"},"wordCount":305,"publisher":{"@id":"https:\/\/experienciadevida.com.ar\/portalurbano\/#organization"},"articleSection":["Ciudad","Destacadas"],"inLanguage":"es"},{"@type":"WebPage","@id":"https:\/\/experienciadevida.com.ar\/portalurbano\/la-estacion-meteorologica-local-cumple-33-anos\/","url":"https:\/\/experienciadevida.com.ar\/portalurbano\/la-estacion-meteorologica-local-cumple-33-anos\/","name":"La estaci\u00f3n meteorol\u00f3gica local cumple 33 a\u00f1os -","isPartOf":{"@id":"https:\/\/experienciadevida.com.ar\/portalurbano\/#website"},"datePublished":"2020-09-08T13:38:48+00:00","dateModified":"2020-09-08T13:41:09+00:00","description":"Este martes, la estaci\u00f3n meteorol\u00f3gica local cumple 33 a\u00f1os, de servicio a la comunidad. \"En tiempos de pandemia seguimos trabajando\"","breadcrumb":{"@id":"https:\/\/experienciadevida.com.ar\/portalurbano\/la-estacion-meteorologica-local-cumple-33-anos\/#breadcrumb"},"inLanguage":"es","potentialAction":[{"@type":"ReadAction","target":["https:\/\/experienciadevida.com.ar\/portalurbano\/la-estacion-meteorologica-local-cumple-33-anos\/"]}]},{"@type":"BreadcrumbList","@id":"https:\/\/experienciadevida.com.ar\/portalurbano\/la-estacion-meteorologica-local-cumple-33-anos\/#breadcrumb","itemListElement":[{"@type":"ListItem","position":1,"name":"Portada","item":"https:\/\/experienciadevida.com.ar\/portalurbano\/"},{"@type":"ListItem","position":2,"name":"La estaci\u00f3n meteorol\u00f3gica local cumple 33 a\u00f1os"}]},{"@type":"WebSite","@id":"https:\/\/experienciadevida.com.ar\/portalurbano\/#website","url":"https:\/\/experienciadevida.com.ar\/portalurbano\/","name":"","description":"","publisher":{"@id":"https:\/\/experienciadevida.com.ar\/portalurbano\/#organization"},"potentialAction":[{"@type":"SearchAction","target":{"@type":"EntryPoint","urlTemplate":"https:\/\/experienciadevida.com.ar\/portalurbano\/?s={search_term_string}"},"query-input":"required name=search_term_string"}],"inLanguage":"es"},{"@type":"Organization","@id":"https:\/\/experienciadevida.com.ar\/portalurbano\/#organization","name":"Portal Urbano","url":"https:\/\/experienciadevida.com.ar\/portalurbano\/","logo":{"@type":"ImageObject","inLanguage":"es","@id":"https:\/\/experienciadevida.com.ar\/portalurbano\/#\/schema\/logo\/image\/","url":"https:\/\/experienciadevida.com.ar\/portalurbano\/wp-content\/uploads\/2019\/09\/Logo-Original.png","contentUrl":"https:\/\/experienciadevida.com.ar\/portalurbano\/wp-content\/uploads\/2019\/09\/Logo-Original.png","width":2236,"height":1216,"caption":"Portal Urbano"},"image":{"@id":"https:\/\/experienciadevida.com.ar\/portalurbano\/#\/schema\/logo\/image\/"},"sameAs":["https:\/\/www.facebook.com\/Portal-Urbano-171542830093757\/","https:\/\/twitter.com\/portalurbanook","https:\/\/www.instagram.com\/_portalurbano\/","https:\/\/www.youtube.com\/channel\/UCXhagIfszH8KxFiOok79zbA?view_as=subscriber"]},{"@type":"Person","@id":"https:\/\/experienciadevida.com.ar\/portalurbano\/#\/schema\/person\/02dd326b1c4b056e9cc972486934a3a7","name":"admpu17wp","image":{"@type":"ImageObject","inLanguage":"es","@id":"https:\/\/experienciadevida.com.ar\/portalurbano\/#\/schema\/person\/image\/","url":"https:\/\/secure.gravatar.com\/avatar\/830d4c57adaae6630765e449a6908047?s=96&d=mm&r=g","contentUrl":"https:\/\/secure.gravatar.com\/avatar\/830d4c57adaae6630765e449a6908047?s=96&d=mm&r=g","caption":"admpu17wp"}}]}},"featured_image_urls":{"full":["https:\/\/experienciadevida.com.ar\/portalurbano\/wp-content\/uploads\/2020\/09\/Estacion-meteorologica-local.jpg",765,510,false],"thumbnail":["https:\/\/experienciadevida.com.ar\/portalurbano\/wp-content\/uploads\/2020\/09\/Estacion-meteorologica-local-150x150.jpg",150,150,true],"medium":["https:\/\/experienciadevida.com.ar\/portalurbano\/wp-content\/uploads\/2020\/09\/Estacion-meteorologica-local-300x200.jpg",300,200,true],"medium_large":["https:\/\/experienciadevida.com.ar\/portalurbano\/wp-content\/uploads\/2020\/09\/Estacion-meteorologica-local.jpg",640,427,false],"large":["https:\/\/experienciadevida.com.ar\/portalurbano\/wp-content\/uploads\/2020\/09\/Estacion-meteorologica-local.jpg",640,427,false],"ug_big":["https:\/\/experienciadevida.com.ar\/portalurbano\/wp-content\/uploads\/2020\/09\/Estacion-meteorologica-local.jpg",765,510,false],"1536x1536":["https:\/\/experienciadevida.com.ar\/portalurbano\/wp-content\/uploads\/2020\/09\/Estacion-meteorologica-local.jpg",765,510,false],"2048x2048":["https:\/\/experienciadevida.com.ar\/portalurbano\/wp-content\/uploads\/2020\/09\/Estacion-meteorologica-local.jpg",765,510,false],"newsever-slider-full":["https:\/\/experienciadevida.com.ar\/portalurbano\/wp-content\/uploads\/2020\/09\/Estacion-meteorologica-local.jpg",765,510,false],"newsever-featured":["https:\/\/experienciadevida.com.ar\/portalurbano\/wp-content\/uploads\/2020\/09\/Estacion-meteorologica-local.jpg",765,510,false],"newsever-medium":["https:\/\/experienciadevida.com.ar\/portalurbano\/wp-content\/uploads\/2020\/09\/Estacion-meteorologica-local.jpg",713,475,false],"web-stories-poster-portrait":["https:\/\/experienciadevida.com.ar\/portalurbano\/wp-content\/uploads\/2020\/09\/Estacion-meteorologica-local.jpg",640,427,false],"web-stories-publisher-logo":["https:\/\/experienciadevida.com.ar\/portalurbano\/wp-content\/uploads\/2020\/09\/Estacion-meteorologica-local.jpg",96,64,false],"web-stories-thumbnail":["https:\/\/experienciadevida.com.ar\/portalurbano\/wp-content\/uploads\/2020\/09\/Estacion-meteorologica-local.jpg",150,100,false]},"author_info":{"display_name":"admpu17wp","author_link":"https:\/\/experienciadevida.com.ar\/portalurbano\/author\/admpu17wp\/"},"category_info":"<a href=\"https:\/\/experienciadevida.com.ar\/portalurbano\/category\/ciudad\/\" rel=\"category tag\">Ciudad<\/a> <a href=\"https:\/\/experienciadevida.com.ar\/portalurbano\/category\/destacadas\/\" rel=\"category tag\">Destacadas<\/a>","tag_info":"Destacadas","comment_count":"0","amp_enabled":true,"_links":{"self":[{"href":"https:\/\/experienciadevida.com.ar\/portalurbano\/wp-json\/wp\/v2\/posts\/120677"}],"collection":[{"href":"https:\/\/experienciadevida.com.ar\/portalurbano\/wp-json\/wp\/v2\/posts"}],"about":[{"href":"https:\/\/experienciadevida.com.ar\/portalurbano\/wp-json\/wp\/v2\/types\/post"}],"author":[{"embeddable":true,"href":"https:\/\/experienciadevida.com.ar\/portalurbano\/wp-json\/wp\/v2\/users\/1"}],"replies":[{"embeddable":true,"href":"https:\/\/experienciadevida.com.ar\/portalurbano\/wp-json\/wp\/v2\/comments?post=120677"}],"version-history":[{"count":7,"href":"https:\/\/experienciadevida.com.ar\/portalurbano\/wp-json\/wp\/v2\/posts\/120677\/revisions"}],"predecessor-version":[{"id":120685,"href":"https:\/\/experienciadevida.com.ar\/portalurbano\/wp-json\/wp\/v2\/posts\/120677\/revisions\/120685"}],"wp:featuredmedia":[{"embeddable":true,"href":"https:\/\/experienciadevida.com.ar\/portalurbano\/wp-json\/wp\/v2\/media\/120679"}],"wp:attachment":[{"href":"https:\/\/experienciadevida.com.ar\/portalurbano\/wp-json\/wp\/v2\/media?parent=120677"}],"wp:term":[{"taxonomy":"category","embeddable":true,"href":"https:\/\/experienciadevida.com.ar\/portalurbano\/wp-json\/wp\/v2\/categories?post=120677"},{"taxonomy":"post_tag","embeddable":true,"href":"https:\/\/experienciadevida.com.ar\/portalurbano\/wp-json\/wp\/v2\/tags?post=120677"}],"curies":[{"name":"wp","href":"https:\/\/api.w.org\/{rel}","templated":true}]}}