{"id":120617,"date":"2020-09-07T19:51:18","date_gmt":"2020-09-07T22:51:18","guid":{"rendered":"https:\/\/experienciadevida.com.ar\/portalurbano\/?p=120617"},"modified":"2020-09-07T19:56:51","modified_gmt":"2020-09-07T22:56:51","slug":"covid-19-en-olavarria-se-registraron-21-casos-positivos-y-15-altas-medicas","status":"publish","type":"post","link":"https:\/\/experienciadevida.com.ar\/portalurbano\/covid-19-en-olavarria-se-registraron-21-casos-positivos-y-15-altas-medicas\/","title":{"rendered":"Covid-19 en Olavarr\u00eda: Se registraron 21 casos positivos y 15 altas m\u00e9dicas"},"content":{"rendered":"<p>La Municipalidad de Olavarr\u00eda a trav\u00e9s de la <a href=\"https:\/\/gobiernoabierto.olavarria.gov.ar\/covid19\/coronavirus\/\">secretar\u00eda de salud<\/a>, brinda el reporte epidemiol\u00f3gico sobre <strong>Covid-19 en Olavarr\u00eda.<\/strong> En el reporte de ayer, informaron<a href=\"https:\/\/experienciadevida.com.ar\/portalurbano\/situacion-sanitaria-8-nuevos-casos-positivos-y-8-altas-medicas\/\">\u00a0 8 nuevos casos positivos.<\/a><\/p>\n<hr \/>\n<p>En la fecha de hoy 7 de septiembre se registraron\u00a0<strong>21<\/strong> casos positivos , <strong>37 <\/strong>sospechosos,\u00a0<strong>15<\/strong> altas m\u00e9dicas y <strong>37 <\/strong>descartados.<\/p>\n<p>La Secretar\u00eda de Salud del Gobierno Municipal inform\u00f3 que los casos corresponden a personal del Servicio Penitenciario, a personal de salud y a nexos con positivos anteriores.<\/p>\n<p>De esta manera, el <a href=\"https:\/\/www.olavarria.gov.ar\/\">Municipio<\/a>, tiene\u00a0<strong>162<\/strong> \u00a0casos positivos,\u00a0<strong>367<\/strong> curados en total,\u00a0<strong>2490<\/strong> descartados desde el inicio de la pandemia,\u00a0<strong>37<\/strong> sospechosos y <strong>15\u00a0<\/strong>fallecidos.<\/p>\n<p>Adem\u00e1s, desde la comuna informaron que hay dos\u00a0 personas internadas con <strong>Covid-19 en Olavarr\u00eda<\/strong> en unidad de terapia intensiva, 8 en clinica covid, 0 en aislamiento hospitalario.<\/p>\n<p>Por otro lado, el 85% de los pacientes que tienen <strong>Covid-19 en Olavarr\u00eda,<\/strong> son menores de 60 a\u00f1os mientras que el 15% mayores de 60 a\u00f1os.<\/p>\n<p>Por otro lado, el Municipio insiste en los cuidados personales como el distanciamiento social, el uso correcto del barbijo, lavado de manos y <a href=\"https:\/\/experienciadevida.com.ar\/portalurbano\/que-dice-el-decreto-de-las-reuniones-sociales\/\">no hacer reuniones sociales.\u00a0<\/a><\/p>\n<p><a href=\"https:\/\/experienciadevida.com.ar\/portalurbano\/covid-19-en-olavarria-se-registraron-21-casos-positivos-y-15-altas-medicas\/covid-7\/\" rel=\"attachment wp-att-120626\"><img decoding=\"async\" class=\"alignnone size-full wp-image-120626\" src=\"https:\/\/experienciadevida.com.ar\/portalurbano\/wp-content\/uploads\/2020\/09\/COVID-3.jpg\" alt=\"\" width=\"1280\" height=\"1279\" srcset=\"https:\/\/experienciadevida.com.ar\/portalurbano\/wp-content\/uploads\/2020\/09\/COVID-3.jpg 1280w, https:\/\/experienciadevida.com.ar\/portalurbano\/wp-content\/uploads\/2020\/09\/COVID-3-300x300.jpg 300w, https:\/\/experienciadevida.com.ar\/portalurbano\/wp-content\/uploads\/2020\/09\/COVID-3-1024x1024.jpg 1024w, https:\/\/experienciadevida.com.ar\/portalurbano\/wp-content\/uploads\/2020\/09\/COVID-3-150x150.jpg 150w, https:\/\/experienciadevida.com.ar\/portalurbano\/wp-content\/uploads\/2020\/09\/COVID-3-768x768.jpg 768w\" sizes=\"(max-width: 1280px) 100vw, 1280px\" \/><\/a><\/p>\n<p><a href=\"https:\/\/experienciadevida.com.ar\/portalurbano\/covid-19-en-olavarria-se-registraron-21-casos-positivos-y-15-altas-medicas\/covid1-8\/\" rel=\"attachment wp-att-120627\"><img decoding=\"async\" class=\"alignnone size-full wp-image-120627\" src=\"https:\/\/experienciadevida.com.ar\/portalurbano\/wp-content\/uploads\/2020\/09\/COVID1-3.jpg\" alt=\"\" width=\"1280\" height=\"1280\" srcset=\"https:\/\/experienciadevida.com.ar\/portalurbano\/wp-content\/uploads\/2020\/09\/COVID1-3.jpg 1280w, https:\/\/experienciadevida.com.ar\/portalurbano\/wp-content\/uploads\/2020\/09\/COVID1-3-300x300.jpg 300w, https:\/\/experienciadevida.com.ar\/portalurbano\/wp-content\/uploads\/2020\/09\/COVID1-3-1024x1024.jpg 1024w, https:\/\/experienciadevida.com.ar\/portalurbano\/wp-content\/uploads\/2020\/09\/COVID1-3-150x150.jpg 150w, https:\/\/experienciadevida.com.ar\/portalurbano\/wp-content\/uploads\/2020\/09\/COVID1-3-768x768.jpg 768w\" sizes=\"(max-width: 1280px) 100vw, 1280px\" \/><\/a><\/p>\n<div class=\"flourish-embed flourish-chart\" data-src=\"visualisation\/3132057\" data-url=\"https:\/\/flo.uri.sh\/visualisation\/3132057\/embed\"><script src=\"https:\/\/public.flourish.studio\/resources\/embed.js\"><\/script><\/div>\n<div class=\"flourish-embed flourish-chart\" data-src=\"visualisation\/3317015\" data-url=\"https:\/\/flo.uri.sh\/visualisation\/3317015\/embed\"><script src=\"https:\/\/public.flourish.studio\/resources\/embed.js\"><\/script><\/div>\n","protected":false},"excerpt":{"rendered":"<p>La Municipalidad de Olavarr\u00eda a trav\u00e9s de la secretar\u00eda de salud, brinda el reporte epidemiol\u00f3gico&#8230;<\/p>\n","protected":false},"author":1,"featured_media":117500,"comment_status":"closed","ping_status":"closed","sticky":false,"template":"","format":"standard","meta":{"content-type":""},"categories":[51,45],"tags":[],"nelio_content":{"isAutoShareEnabled":false,"autoShareEndMode":"default","automationSources":{"useContentSentences":true,"useSocialTemplates":true,"useCustomSentences":false,"customSentences":[]},"followers":[1],"suggestedReferences":[],"includedReferences":["https:\/\/gobiernoabierto.olavarria.gov.ar\/covid19\/coronavirus\/","https:\/\/www.olavarria.gov.ar\/"],"efiUrl":"","efiAlt":"","highlights":[]},"yoast_head":"<!-- This site is optimized with the Yoast SEO plugin v20.7 - https:\/\/yoast.com\/wordpress\/plugins\/seo\/ -->\n<title>Covid-19 en Olavarr\u00eda: Se registraron 21 casos positivos y 15 altas m\u00e9dicas -<\/title>\n<meta name=\"description\" content=\"El Municipio brinda el informe epidemiol\u00f3gico sobre Covid-19 en Olavarr\u00eda. Este lunes se registraron () casos positivos y () altas m\u00e9dicas.\" \/>\n<meta name=\"robots\" content=\"index, follow, max-snippet:-1, max-image-preview:large, max-video-preview:-1\" \/>\n<link rel=\"canonical\" href=\"https:\/\/experienciadevida.com.ar\/portalurbano\/covid-19-en-olavarria-se-registraron-21-casos-positivos-y-15-altas-medicas\/\" \/>\n<meta property=\"og:locale\" content=\"es_ES\" \/>\n<meta property=\"og:type\" content=\"article\" \/>\n<meta property=\"og:title\" content=\"Covid-19 en Olavarr\u00eda: Se registraron 21 casos positivos y 15 altas m\u00e9dicas -\" \/>\n<meta property=\"og:description\" content=\"El Municipio brinda el informe epidemiol\u00f3gico sobre Covid-19 en Olavarr\u00eda. Este lunes se registraron () casos positivos y () altas m\u00e9dicas.\" \/>\n<meta property=\"og:url\" content=\"https:\/\/experienciadevida.com.ar\/portalurbano\/covid-19-en-olavarria-se-registraron-21-casos-positivos-y-15-altas-medicas\/\" \/>\n<meta property=\"article:publisher\" content=\"https:\/\/www.facebook.com\/Portal-Urbano-171542830093757\/\" \/>\n<meta property=\"article:published_time\" content=\"2020-09-07T22:51:18+00:00\" \/>\n<meta property=\"article:modified_time\" content=\"2020-09-07T22:56:51+00:00\" \/>\n<meta property=\"og:image\" content=\"https:\/\/experienciadevida.com.ar\/portalurbano\/wp-content\/uploads\/2020\/08\/DSC_0032-1.jpg\" \/>\n\t<meta property=\"og:image:width\" content=\"750\" \/>\n\t<meta property=\"og:image:height\" content=\"500\" \/>\n\t<meta property=\"og:image:type\" content=\"image\/jpeg\" \/>\n<meta name=\"author\" content=\"admpu17wp\" \/>\n<meta name=\"twitter:card\" content=\"summary_large_image\" \/>\n<meta name=\"twitter:creator\" content=\"@portalurbanook\" \/>\n<meta name=\"twitter:site\" content=\"@portalurbanook\" \/>\n<meta name=\"twitter:label1\" content=\"Escrito por\" \/>\n\t<meta name=\"twitter:data1\" content=\"admpu17wp\" \/>\n\t<meta name=\"twitter:label2\" content=\"Tiempo de lectura\" \/>\n\t<meta name=\"twitter:data2\" content=\"1 minuto\" \/>\n<script type=\"application\/ld+json\" class=\"yoast-schema-graph\">{\"@context\":\"https:\/\/schema.org\",\"@graph\":[{\"@type\":\"Article\",\"@id\":\"https:\/\/experienciadevida.com.ar\/portalurbano\/covid-19-en-olavarria-se-registraron-21-casos-positivos-y-15-altas-medicas\/#article\",\"isPartOf\":{\"@id\":\"https:\/\/experienciadevida.com.ar\/portalurbano\/covid-19-en-olavarria-se-registraron-21-casos-positivos-y-15-altas-medicas\/\"},\"author\":{\"name\":\"admpu17wp\",\"@id\":\"https:\/\/experienciadevida.com.ar\/portalurbano\/#\/schema\/person\/02dd326b1c4b056e9cc972486934a3a7\"},\"headline\":\"Covid-19 en Olavarr\u00eda: Se registraron 21 casos positivos y 15 altas m\u00e9dicas\",\"datePublished\":\"2020-09-07T22:51:18+00:00\",\"dateModified\":\"2020-09-07T22:56:51+00:00\",\"mainEntityOfPage\":{\"@id\":\"https:\/\/experienciadevida.com.ar\/portalurbano\/covid-19-en-olavarria-se-registraron-21-casos-positivos-y-15-altas-medicas\/\"},\"wordCount\":190,\"publisher\":{\"@id\":\"https:\/\/experienciadevida.com.ar\/portalurbano\/#organization\"},\"articleSection\":[\"Destacadas\",\"Salud\"],\"inLanguage\":\"es\"},{\"@type\":\"WebPage\",\"@id\":\"https:\/\/experienciadevida.com.ar\/portalurbano\/covid-19-en-olavarria-se-registraron-21-casos-positivos-y-15-altas-medicas\/\",\"url\":\"https:\/\/experienciadevida.com.ar\/portalurbano\/covid-19-en-olavarria-se-registraron-21-casos-positivos-y-15-altas-medicas\/\",\"name\":\"Covid-19 en Olavarr\u00eda: Se registraron 21 casos positivos y 15 altas m\u00e9dicas -\",\"isPartOf\":{\"@id\":\"https:\/\/experienciadevida.com.ar\/portalurbano\/#website\"},\"datePublished\":\"2020-09-07T22:51:18+00:00\",\"dateModified\":\"2020-09-07T22:56:51+00:00\",\"description\":\"El Municipio brinda el informe epidemiol\u00f3gico sobre Covid-19 en Olavarr\u00eda. Este lunes se registraron () casos positivos y () altas m\u00e9dicas.\",\"breadcrumb\":{\"@id\":\"https:\/\/experienciadevida.com.ar\/portalurbano\/covid-19-en-olavarria-se-registraron-21-casos-positivos-y-15-altas-medicas\/#breadcrumb\"},\"inLanguage\":\"es\",\"potentialAction\":[{\"@type\":\"ReadAction\",\"target\":[\"https:\/\/experienciadevida.com.ar\/portalurbano\/covid-19-en-olavarria-se-registraron-21-casos-positivos-y-15-altas-medicas\/\"]}]},{\"@type\":\"BreadcrumbList\",\"@id\":\"https:\/\/experienciadevida.com.ar\/portalurbano\/covid-19-en-olavarria-se-registraron-21-casos-positivos-y-15-altas-medicas\/#breadcrumb\",\"itemListElement\":[{\"@type\":\"ListItem\",\"position\":1,\"name\":\"Portada\",\"item\":\"https:\/\/experienciadevida.com.ar\/portalurbano\/\"},{\"@type\":\"ListItem\",\"position\":2,\"name\":\"Covid-19 en Olavarr\u00eda: Se registraron 21 casos positivos y 15 altas m\u00e9dicas\"}]},{\"@type\":\"WebSite\",\"@id\":\"https:\/\/experienciadevida.com.ar\/portalurbano\/#website\",\"url\":\"https:\/\/experienciadevida.com.ar\/portalurbano\/\",\"name\":\"\",\"description\":\"\",\"publisher\":{\"@id\":\"https:\/\/experienciadevida.com.ar\/portalurbano\/#organization\"},\"potentialAction\":[{\"@type\":\"SearchAction\",\"target\":{\"@type\":\"EntryPoint\",\"urlTemplate\":\"https:\/\/experienciadevida.com.ar\/portalurbano\/?s={search_term_string}\"},\"query-input\":\"required name=search_term_string\"}],\"inLanguage\":\"es\"},{\"@type\":\"Organization\",\"@id\":\"https:\/\/experienciadevida.com.ar\/portalurbano\/#organization\",\"name\":\"Portal Urbano\",\"url\":\"https:\/\/experienciadevida.com.ar\/portalurbano\/\",\"logo\":{\"@type\":\"ImageObject\",\"inLanguage\":\"es\",\"@id\":\"https:\/\/experienciadevida.com.ar\/portalurbano\/#\/schema\/logo\/image\/\",\"url\":\"https:\/\/experienciadevida.com.ar\/portalurbano\/wp-content\/uploads\/2019\/09\/Logo-Original.png\",\"contentUrl\":\"https:\/\/experienciadevida.com.ar\/portalurbano\/wp-content\/uploads\/2019\/09\/Logo-Original.png\",\"width\":2236,\"height\":1216,\"caption\":\"Portal Urbano\"},\"image\":{\"@id\":\"https:\/\/experienciadevida.com.ar\/portalurbano\/#\/schema\/logo\/image\/\"},\"sameAs\":[\"https:\/\/www.facebook.com\/Portal-Urbano-171542830093757\/\",\"https:\/\/twitter.com\/portalurbanook\",\"https:\/\/www.instagram.com\/_portalurbano\/\",\"https:\/\/www.youtube.com\/channel\/UCXhagIfszH8KxFiOok79zbA?view_as=subscriber\"]},{\"@type\":\"Person\",\"@id\":\"https:\/\/experienciadevida.com.ar\/portalurbano\/#\/schema\/person\/02dd326b1c4b056e9cc972486934a3a7\",\"name\":\"admpu17wp\",\"image\":{\"@type\":\"ImageObject\",\"inLanguage\":\"es\",\"@id\":\"https:\/\/experienciadevida.com.ar\/portalurbano\/#\/schema\/person\/image\/\",\"url\":\"https:\/\/secure.gravatar.com\/avatar\/830d4c57adaae6630765e449a6908047?s=96&d=mm&r=g\",\"contentUrl\":\"https:\/\/secure.gravatar.com\/avatar\/830d4c57adaae6630765e449a6908047?s=96&d=mm&r=g\",\"caption\":\"admpu17wp\"}}]}<\/script>\n<!-- \/ Yoast SEO plugin. -->","yoast_head_json":{"title":"Covid-19 en Olavarr\u00eda: Se registraron 21 casos positivos y 15 altas m\u00e9dicas -","description":"El Municipio brinda el informe epidemiol\u00f3gico sobre Covid-19 en Olavarr\u00eda. Este lunes se registraron () casos positivos y () altas m\u00e9dicas.","robots":{"index":"index","follow":"follow","max-snippet":"max-snippet:-1","max-image-preview":"max-image-preview:large","max-video-preview":"max-video-preview:-1"},"canonical":"https:\/\/experienciadevida.com.ar\/portalurbano\/covid-19-en-olavarria-se-registraron-21-casos-positivos-y-15-altas-medicas\/","og_locale":"es_ES","og_type":"article","og_title":"Covid-19 en Olavarr\u00eda: Se registraron 21 casos positivos y 15 altas m\u00e9dicas -","og_description":"El Municipio brinda el informe epidemiol\u00f3gico sobre Covid-19 en Olavarr\u00eda. Este lunes se registraron () casos positivos y () altas m\u00e9dicas.","og_url":"https:\/\/experienciadevida.com.ar\/portalurbano\/covid-19-en-olavarria-se-registraron-21-casos-positivos-y-15-altas-medicas\/","article_publisher":"https:\/\/www.facebook.com\/Portal-Urbano-171542830093757\/","article_published_time":"2020-09-07T22:51:18+00:00","article_modified_time":"2020-09-07T22:56:51+00:00","og_image":[{"width":750,"height":500,"url":"https:\/\/experienciadevida.com.ar\/portalurbano\/wp-content\/uploads\/2020\/08\/DSC_0032-1.jpg","type":"image\/jpeg"}],"author":"admpu17wp","twitter_card":"summary_large_image","twitter_creator":"@portalurbanook","twitter_site":"@portalurbanook","twitter_misc":{"Escrito por":"admpu17wp","Tiempo de lectura":"1 minuto"},"schema":{"@context":"https:\/\/schema.org","@graph":[{"@type":"Article","@id":"https:\/\/experienciadevida.com.ar\/portalurbano\/covid-19-en-olavarria-se-registraron-21-casos-positivos-y-15-altas-medicas\/#article","isPartOf":{"@id":"https:\/\/experienciadevida.com.ar\/portalurbano\/covid-19-en-olavarria-se-registraron-21-casos-positivos-y-15-altas-medicas\/"},"author":{"name":"admpu17wp","@id":"https:\/\/experienciadevida.com.ar\/portalurbano\/#\/schema\/person\/02dd326b1c4b056e9cc972486934a3a7"},"headline":"Covid-19 en Olavarr\u00eda: Se registraron 21 casos positivos y 15 altas m\u00e9dicas","datePublished":"2020-09-07T22:51:18+00:00","dateModified":"2020-09-07T22:56:51+00:00","mainEntityOfPage":{"@id":"https:\/\/experienciadevida.com.ar\/portalurbano\/covid-19-en-olavarria-se-registraron-21-casos-positivos-y-15-altas-medicas\/"},"wordCount":190,"publisher":{"@id":"https:\/\/experienciadevida.com.ar\/portalurbano\/#organization"},"articleSection":["Destacadas","Salud"],"inLanguage":"es"},{"@type":"WebPage","@id":"https:\/\/experienciadevida.com.ar\/portalurbano\/covid-19-en-olavarria-se-registraron-21-casos-positivos-y-15-altas-medicas\/","url":"https:\/\/experienciadevida.com.ar\/portalurbano\/covid-19-en-olavarria-se-registraron-21-casos-positivos-y-15-altas-medicas\/","name":"Covid-19 en Olavarr\u00eda: Se registraron 21 casos positivos y 15 altas m\u00e9dicas -","isPartOf":{"@id":"https:\/\/experienciadevida.com.ar\/portalurbano\/#website"},"datePublished":"2020-09-07T22:51:18+00:00","dateModified":"2020-09-07T22:56:51+00:00","description":"El Municipio brinda el informe epidemiol\u00f3gico sobre Covid-19 en Olavarr\u00eda. Este lunes se registraron () casos positivos y () altas m\u00e9dicas.","breadcrumb":{"@id":"https:\/\/experienciadevida.com.ar\/portalurbano\/covid-19-en-olavarria-se-registraron-21-casos-positivos-y-15-altas-medicas\/#breadcrumb"},"inLanguage":"es","potentialAction":[{"@type":"ReadAction","target":["https:\/\/experienciadevida.com.ar\/portalurbano\/covid-19-en-olavarria-se-registraron-21-casos-positivos-y-15-altas-medicas\/"]}]},{"@type":"BreadcrumbList","@id":"https:\/\/experienciadevida.com.ar\/portalurbano\/covid-19-en-olavarria-se-registraron-21-casos-positivos-y-15-altas-medicas\/#breadcrumb","itemListElement":[{"@type":"ListItem","position":1,"name":"Portada","item":"https:\/\/experienciadevida.com.ar\/portalurbano\/"},{"@type":"ListItem","position":2,"name":"Covid-19 en Olavarr\u00eda: Se registraron 21 casos positivos y 15 altas m\u00e9dicas"}]},{"@type":"WebSite","@id":"https:\/\/experienciadevida.com.ar\/portalurbano\/#website","url":"https:\/\/experienciadevida.com.ar\/portalurbano\/","name":"","description":"","publisher":{"@id":"https:\/\/experienciadevida.com.ar\/portalurbano\/#organization"},"potentialAction":[{"@type":"SearchAction","target":{"@type":"EntryPoint","urlTemplate":"https:\/\/experienciadevida.com.ar\/portalurbano\/?s={search_term_string}"},"query-input":"required name=search_term_string"}],"inLanguage":"es"},{"@type":"Organization","@id":"https:\/\/experienciadevida.com.ar\/portalurbano\/#organization","name":"Portal Urbano","url":"https:\/\/experienciadevida.com.ar\/portalurbano\/","logo":{"@type":"ImageObject","inLanguage":"es","@id":"https:\/\/experienciadevida.com.ar\/portalurbano\/#\/schema\/logo\/image\/","url":"https:\/\/experienciadevida.com.ar\/portalurbano\/wp-content\/uploads\/2019\/09\/Logo-Original.png","contentUrl":"https:\/\/experienciadevida.com.ar\/portalurbano\/wp-content\/uploads\/2019\/09\/Logo-Original.png","width":2236,"height":1216,"caption":"Portal Urbano"},"image":{"@id":"https:\/\/experienciadevida.com.ar\/portalurbano\/#\/schema\/logo\/image\/"},"sameAs":["https:\/\/www.facebook.com\/Portal-Urbano-171542830093757\/","https:\/\/twitter.com\/portalurbanook","https:\/\/www.instagram.com\/_portalurbano\/","https:\/\/www.youtube.com\/channel\/UCXhagIfszH8KxFiOok79zbA?view_as=subscriber"]},{"@type":"Person","@id":"https:\/\/experienciadevida.com.ar\/portalurbano\/#\/schema\/person\/02dd326b1c4b056e9cc972486934a3a7","name":"admpu17wp","image":{"@type":"ImageObject","inLanguage":"es","@id":"https:\/\/experienciadevida.com.ar\/portalurbano\/#\/schema\/person\/image\/","url":"https:\/\/secure.gravatar.com\/avatar\/830d4c57adaae6630765e449a6908047?s=96&d=mm&r=g","contentUrl":"https:\/\/secure.gravatar.com\/avatar\/830d4c57adaae6630765e449a6908047?s=96&d=mm&r=g","caption":"admpu17wp"}}]}},"featured_image_urls":{"full":["https:\/\/experienciadevida.com.ar\/portalurbano\/wp-content\/uploads\/2020\/08\/DSC_0032-1.jpg",750,500,false],"thumbnail":["https:\/\/experienciadevida.com.ar\/portalurbano\/wp-content\/uploads\/2020\/08\/DSC_0032-1-150x150.jpg",150,150,true],"medium":["https:\/\/experienciadevida.com.ar\/portalurbano\/wp-content\/uploads\/2020\/08\/DSC_0032-1-300x200.jpg",300,200,true],"medium_large":["https:\/\/experienciadevida.com.ar\/portalurbano\/wp-content\/uploads\/2020\/08\/DSC_0032-1.jpg",640,427,false],"large":["https:\/\/experienciadevida.com.ar\/portalurbano\/wp-content\/uploads\/2020\/08\/DSC_0032-1.jpg",640,427,false],"ug_big":["https:\/\/experienciadevida.com.ar\/portalurbano\/wp-content\/uploads\/2020\/08\/DSC_0032-1.jpg",750,500,false],"1536x1536":["https:\/\/experienciadevida.com.ar\/portalurbano\/wp-content\/uploads\/2020\/08\/DSC_0032-1.jpg",750,500,false],"2048x2048":["https:\/\/experienciadevida.com.ar\/portalurbano\/wp-content\/uploads\/2020\/08\/DSC_0032-1.jpg",750,500,false],"newsever-slider-full":["https:\/\/experienciadevida.com.ar\/portalurbano\/wp-content\/uploads\/2020\/08\/DSC_0032-1.jpg",750,500,false],"newsever-featured":["https:\/\/experienciadevida.com.ar\/portalurbano\/wp-content\/uploads\/2020\/08\/DSC_0032-1.jpg",750,500,false],"newsever-medium":["https:\/\/experienciadevida.com.ar\/portalurbano\/wp-content\/uploads\/2020\/08\/DSC_0032-1.jpg",713,475,false],"web-stories-poster-portrait":["https:\/\/experienciadevida.com.ar\/portalurbano\/wp-content\/uploads\/2020\/08\/DSC_0032-1.jpg",640,427,false],"web-stories-publisher-logo":["https:\/\/experienciadevida.com.ar\/portalurbano\/wp-content\/uploads\/2020\/08\/DSC_0032-1.jpg",96,64,false],"web-stories-thumbnail":["https:\/\/experienciadevida.com.ar\/portalurbano\/wp-content\/uploads\/2020\/08\/DSC_0032-1.jpg",150,100,false]},"author_info":{"display_name":"admpu17wp","author_link":"https:\/\/experienciadevida.com.ar\/portalurbano\/author\/admpu17wp\/"},"category_info":"<a href=\"https:\/\/experienciadevida.com.ar\/portalurbano\/category\/destacadas\/\" rel=\"category tag\">Destacadas<\/a> <a href=\"https:\/\/experienciadevida.com.ar\/portalurbano\/category\/ciudad\/salud\/\" rel=\"category tag\">Salud<\/a>","tag_info":"Salud","comment_count":"0","amp_enabled":true,"_links":{"self":[{"href":"https:\/\/experienciadevida.com.ar\/portalurbano\/wp-json\/wp\/v2\/posts\/120617"}],"collection":[{"href":"https:\/\/experienciadevida.com.ar\/portalurbano\/wp-json\/wp\/v2\/posts"}],"about":[{"href":"https:\/\/experienciadevida.com.ar\/portalurbano\/wp-json\/wp\/v2\/types\/post"}],"author":[{"embeddable":true,"href":"https:\/\/experienciadevida.com.ar\/portalurbano\/wp-json\/wp\/v2\/users\/1"}],"replies":[{"embeddable":true,"href":"https:\/\/experienciadevida.com.ar\/portalurbano\/wp-json\/wp\/v2\/comments?post=120617"}],"version-history":[{"count":6,"href":"https:\/\/experienciadevida.com.ar\/portalurbano\/wp-json\/wp\/v2\/posts\/120617\/revisions"}],"predecessor-version":[{"id":120629,"href":"https:\/\/experienciadevida.com.ar\/portalurbano\/wp-json\/wp\/v2\/posts\/120617\/revisions\/120629"}],"wp:featuredmedia":[{"embeddable":true,"href":"https:\/\/experienciadevida.com.ar\/portalurbano\/wp-json\/wp\/v2\/media\/117500"}],"wp:attachment":[{"href":"https:\/\/experienciadevida.com.ar\/portalurbano\/wp-json\/wp\/v2\/media?parent=120617"}],"wp:term":[{"taxonomy":"category","embeddable":true,"href":"https:\/\/experienciadevida.com.ar\/portalurbano\/wp-json\/wp\/v2\/categories?post=120617"},{"taxonomy":"post_tag","embeddable":true,"href":"https:\/\/experienciadevida.com.ar\/portalurbano\/wp-json\/wp\/v2\/tags?post=120617"}],"curies":[{"name":"wp","href":"https:\/\/api.w.org\/{rel}","templated":true}]}}