{"id":120556,"date":"2020-09-07T11:36:50","date_gmt":"2020-09-07T14:36:50","guid":{"rendered":"https:\/\/experienciadevida.com.ar\/portalurbano\/?p=120556"},"modified":"2020-09-07T11:37:35","modified_gmt":"2020-09-07T14:37:35","slug":"informe-de-transito-8-vehiculos-retenidos-y-4-licencias-de-conducir","status":"publish","type":"post","link":"https:\/\/experienciadevida.com.ar\/portalurbano\/informe-de-transito-8-vehiculos-retenidos-y-4-licencias-de-conducir\/","title":{"rendered":"Informe de tr\u00e1nsito: 8 veh\u00edculos retenidos y 4 licencias de conducir"},"content":{"rendered":"<p>En un nuevo\u00a0<strong>informe de tr\u00e1nsito<\/strong>, desde el 31 de agosto al 7 de septiembre, de los operativos que se realizaron en diferentes sectores de la ciudad arroj\u00f3 que\u00a0 8 veh\u00edculos fueron retenidos y 4 licencias de conducir.<\/p>\n<p>El \u00faltimo reporte brindado desde la direcci\u00f3n de control urbano fue en el mes de agosto, en el cual se hab\u00edan <a href=\"https:\/\/experienciadevida.com.ar\/portalurbano\/informe-de-transito-se-retuvieron-7-vehiculos\/\">retenido 7 veh\u00edculos.<\/a><\/p>\n<p>En el\u00a0<strong>informe de tr\u00e1nsito\u00a0<\/strong>se desprende que se realizaron 47 actas de tr\u00e1nsito, se retuvieron 8 veh\u00edculos (2 autom\u00f3viles y camionetas y 6 motos) y 4 licencias de conducir.<\/p>\n<p>Tres controles de alcoholemia se registraron como positivos: el conductor de un Toyota Etios se neg\u00f3 a la realizaci\u00f3n del test el 28 de agosto a las 11:10 horas; el conductor de una Appia 150 cc fue interceptado en Belgrano y Cerrito a las 18:30 horas del 30 de agosto y el resultado del test fue de 1.37 mg\/l en sangre y el conductor de un Audi, tambi\u00e9n el 30 de agosto, a las 1:57 horas en Av. Col\u00f3n al 3200, arroj\u00f3 1.10 mg\/l en sangre.<\/p>\n<p>Con respecto a la nocturnidad, en el\u00a0<strong>informe de tr\u00e1nsito <\/strong>se realizaron 31 actas de inspecci\u00f3n, de las cuales 3 concluyeron en infracci\u00f3n.<\/p>\n","protected":false},"excerpt":{"rendered":"<p>En un nuevo\u00a0informe de tr\u00e1nsito, desde el 31 de agosto al 7 de septiembre, de&#8230;<\/p>\n","protected":false},"author":1,"featured_media":0,"comment_status":"closed","ping_status":"closed","sticky":false,"template":"","format":"standard","meta":{"content-type":""},"categories":[27,51],"tags":[],"nelio_content":{"isAutoShareEnabled":false,"autoShareEndMode":"default","automationSources":{"useContentSentences":true,"useSocialTemplates":true,"useCustomSentences":false,"customSentences":[]},"followers":[1],"suggestedReferences":[],"includedReferences":[],"efiUrl":"","efiAlt":"","highlights":[]},"yoast_head":"<!-- This site is optimized with the Yoast SEO plugin v20.7 - https:\/\/yoast.com\/wordpress\/plugins\/seo\/ -->\n<title>Informe de tr\u00e1nsito: Se retuvieron 8 veh\u00edculos y licencias de conducir<\/title>\n<meta name=\"description\" content=\"En un nuevo informe de tr\u00e1nsito de los operativos realizados en nuestra ciudad, arroj\u00f3 que 8 veh\u00edculos fueron retenidos y 4 licencias.\" \/>\n<meta name=\"robots\" content=\"index, follow, max-snippet:-1, max-image-preview:large, max-video-preview:-1\" \/>\n<link rel=\"canonical\" href=\"https:\/\/experienciadevida.com.ar\/portalurbano\/informe-de-transito-8-vehiculos-retenidos-y-4-licencias-de-conducir\/\" \/>\n<meta property=\"og:locale\" content=\"es_ES\" \/>\n<meta property=\"og:type\" content=\"article\" \/>\n<meta property=\"og:title\" content=\"Informe de tr\u00e1nsito: Se retuvieron 8 veh\u00edculos y licencias de conducir\" \/>\n<meta property=\"og:description\" content=\"En un nuevo informe de tr\u00e1nsito de los operativos realizados en nuestra ciudad, arroj\u00f3 que 8 veh\u00edculos fueron retenidos y 4 licencias.\" \/>\n<meta property=\"og:url\" content=\"https:\/\/experienciadevida.com.ar\/portalurbano\/informe-de-transito-8-vehiculos-retenidos-y-4-licencias-de-conducir\/\" \/>\n<meta property=\"article:publisher\" content=\"https:\/\/www.facebook.com\/Portal-Urbano-171542830093757\/\" \/>\n<meta property=\"article:published_time\" content=\"2020-09-07T14:36:50+00:00\" \/>\n<meta property=\"article:modified_time\" content=\"2020-09-07T14:37:35+00:00\" \/>\n<meta name=\"author\" content=\"admpu17wp\" \/>\n<meta name=\"twitter:card\" content=\"summary_large_image\" \/>\n<meta name=\"twitter:creator\" content=\"@portalurbanook\" \/>\n<meta name=\"twitter:site\" content=\"@portalurbanook\" \/>\n<meta name=\"twitter:label1\" content=\"Escrito por\" \/>\n\t<meta name=\"twitter:data1\" content=\"admpu17wp\" \/>\n\t<meta name=\"twitter:label2\" content=\"Tiempo de lectura\" \/>\n\t<meta name=\"twitter:data2\" content=\"1 minuto\" \/>\n<script type=\"application\/ld+json\" class=\"yoast-schema-graph\">{\"@context\":\"https:\/\/schema.org\",\"@graph\":[{\"@type\":\"Article\",\"@id\":\"https:\/\/experienciadevida.com.ar\/portalurbano\/informe-de-transito-8-vehiculos-retenidos-y-4-licencias-de-conducir\/#article\",\"isPartOf\":{\"@id\":\"https:\/\/experienciadevida.com.ar\/portalurbano\/informe-de-transito-8-vehiculos-retenidos-y-4-licencias-de-conducir\/\"},\"author\":{\"name\":\"admpu17wp\",\"@id\":\"https:\/\/experienciadevida.com.ar\/portalurbano\/#\/schema\/person\/02dd326b1c4b056e9cc972486934a3a7\"},\"headline\":\"Informe de tr\u00e1nsito: 8 veh\u00edculos retenidos y 4 licencias de conducir\",\"datePublished\":\"2020-09-07T14:36:50+00:00\",\"dateModified\":\"2020-09-07T14:37:35+00:00\",\"mainEntityOfPage\":{\"@id\":\"https:\/\/experienciadevida.com.ar\/portalurbano\/informe-de-transito-8-vehiculos-retenidos-y-4-licencias-de-conducir\/\"},\"wordCount\":207,\"publisher\":{\"@id\":\"https:\/\/experienciadevida.com.ar\/portalurbano\/#organization\"},\"articleSection\":[\"Ciudad\",\"Destacadas\"],\"inLanguage\":\"es\"},{\"@type\":\"WebPage\",\"@id\":\"https:\/\/experienciadevida.com.ar\/portalurbano\/informe-de-transito-8-vehiculos-retenidos-y-4-licencias-de-conducir\/\",\"url\":\"https:\/\/experienciadevida.com.ar\/portalurbano\/informe-de-transito-8-vehiculos-retenidos-y-4-licencias-de-conducir\/\",\"name\":\"Informe de tr\u00e1nsito: Se retuvieron 8 veh\u00edculos y licencias de conducir\",\"isPartOf\":{\"@id\":\"https:\/\/experienciadevida.com.ar\/portalurbano\/#website\"},\"datePublished\":\"2020-09-07T14:36:50+00:00\",\"dateModified\":\"2020-09-07T14:37:35+00:00\",\"description\":\"En un nuevo informe de tr\u00e1nsito de los operativos realizados en nuestra ciudad, arroj\u00f3 que 8 veh\u00edculos fueron retenidos y 4 licencias.\",\"breadcrumb\":{\"@id\":\"https:\/\/experienciadevida.com.ar\/portalurbano\/informe-de-transito-8-vehiculos-retenidos-y-4-licencias-de-conducir\/#breadcrumb\"},\"inLanguage\":\"es\",\"potentialAction\":[{\"@type\":\"ReadAction\",\"target\":[\"https:\/\/experienciadevida.com.ar\/portalurbano\/informe-de-transito-8-vehiculos-retenidos-y-4-licencias-de-conducir\/\"]}]},{\"@type\":\"BreadcrumbList\",\"@id\":\"https:\/\/experienciadevida.com.ar\/portalurbano\/informe-de-transito-8-vehiculos-retenidos-y-4-licencias-de-conducir\/#breadcrumb\",\"itemListElement\":[{\"@type\":\"ListItem\",\"position\":1,\"name\":\"Portada\",\"item\":\"https:\/\/experienciadevida.com.ar\/portalurbano\/\"},{\"@type\":\"ListItem\",\"position\":2,\"name\":\"Informe de tr\u00e1nsito: 8 veh\u00edculos retenidos y 4 licencias de conducir\"}]},{\"@type\":\"WebSite\",\"@id\":\"https:\/\/experienciadevida.com.ar\/portalurbano\/#website\",\"url\":\"https:\/\/experienciadevida.com.ar\/portalurbano\/\",\"name\":\"\",\"description\":\"\",\"publisher\":{\"@id\":\"https:\/\/experienciadevida.com.ar\/portalurbano\/#organization\"},\"potentialAction\":[{\"@type\":\"SearchAction\",\"target\":{\"@type\":\"EntryPoint\",\"urlTemplate\":\"https:\/\/experienciadevida.com.ar\/portalurbano\/?s={search_term_string}\"},\"query-input\":\"required name=search_term_string\"}],\"inLanguage\":\"es\"},{\"@type\":\"Organization\",\"@id\":\"https:\/\/experienciadevida.com.ar\/portalurbano\/#organization\",\"name\":\"Portal Urbano\",\"url\":\"https:\/\/experienciadevida.com.ar\/portalurbano\/\",\"logo\":{\"@type\":\"ImageObject\",\"inLanguage\":\"es\",\"@id\":\"https:\/\/experienciadevida.com.ar\/portalurbano\/#\/schema\/logo\/image\/\",\"url\":\"https:\/\/experienciadevida.com.ar\/portalurbano\/wp-content\/uploads\/2019\/09\/Logo-Original.png\",\"contentUrl\":\"https:\/\/experienciadevida.com.ar\/portalurbano\/wp-content\/uploads\/2019\/09\/Logo-Original.png\",\"width\":2236,\"height\":1216,\"caption\":\"Portal Urbano\"},\"image\":{\"@id\":\"https:\/\/experienciadevida.com.ar\/portalurbano\/#\/schema\/logo\/image\/\"},\"sameAs\":[\"https:\/\/www.facebook.com\/Portal-Urbano-171542830093757\/\",\"https:\/\/twitter.com\/portalurbanook\",\"https:\/\/www.instagram.com\/_portalurbano\/\",\"https:\/\/www.youtube.com\/channel\/UCXhagIfszH8KxFiOok79zbA?view_as=subscriber\"]},{\"@type\":\"Person\",\"@id\":\"https:\/\/experienciadevida.com.ar\/portalurbano\/#\/schema\/person\/02dd326b1c4b056e9cc972486934a3a7\",\"name\":\"admpu17wp\",\"image\":{\"@type\":\"ImageObject\",\"inLanguage\":\"es\",\"@id\":\"https:\/\/experienciadevida.com.ar\/portalurbano\/#\/schema\/person\/image\/\",\"url\":\"https:\/\/secure.gravatar.com\/avatar\/830d4c57adaae6630765e449a6908047?s=96&d=mm&r=g\",\"contentUrl\":\"https:\/\/secure.gravatar.com\/avatar\/830d4c57adaae6630765e449a6908047?s=96&d=mm&r=g\",\"caption\":\"admpu17wp\"}}]}<\/script>\n<!-- \/ Yoast SEO plugin. -->","yoast_head_json":{"title":"Informe de tr\u00e1nsito: Se retuvieron 8 veh\u00edculos y licencias de conducir","description":"En un nuevo informe de tr\u00e1nsito de los operativos realizados en nuestra ciudad, arroj\u00f3 que 8 veh\u00edculos fueron retenidos y 4 licencias.","robots":{"index":"index","follow":"follow","max-snippet":"max-snippet:-1","max-image-preview":"max-image-preview:large","max-video-preview":"max-video-preview:-1"},"canonical":"https:\/\/experienciadevida.com.ar\/portalurbano\/informe-de-transito-8-vehiculos-retenidos-y-4-licencias-de-conducir\/","og_locale":"es_ES","og_type":"article","og_title":"Informe de tr\u00e1nsito: Se retuvieron 8 veh\u00edculos y licencias de conducir","og_description":"En un nuevo informe de tr\u00e1nsito de los operativos realizados en nuestra ciudad, arroj\u00f3 que 8 veh\u00edculos fueron retenidos y 4 licencias.","og_url":"https:\/\/experienciadevida.com.ar\/portalurbano\/informe-de-transito-8-vehiculos-retenidos-y-4-licencias-de-conducir\/","article_publisher":"https:\/\/www.facebook.com\/Portal-Urbano-171542830093757\/","article_published_time":"2020-09-07T14:36:50+00:00","article_modified_time":"2020-09-07T14:37:35+00:00","author":"admpu17wp","twitter_card":"summary_large_image","twitter_creator":"@portalurbanook","twitter_site":"@portalurbanook","twitter_misc":{"Escrito por":"admpu17wp","Tiempo de lectura":"1 minuto"},"schema":{"@context":"https:\/\/schema.org","@graph":[{"@type":"Article","@id":"https:\/\/experienciadevida.com.ar\/portalurbano\/informe-de-transito-8-vehiculos-retenidos-y-4-licencias-de-conducir\/#article","isPartOf":{"@id":"https:\/\/experienciadevida.com.ar\/portalurbano\/informe-de-transito-8-vehiculos-retenidos-y-4-licencias-de-conducir\/"},"author":{"name":"admpu17wp","@id":"https:\/\/experienciadevida.com.ar\/portalurbano\/#\/schema\/person\/02dd326b1c4b056e9cc972486934a3a7"},"headline":"Informe de tr\u00e1nsito: 8 veh\u00edculos retenidos y 4 licencias de conducir","datePublished":"2020-09-07T14:36:50+00:00","dateModified":"2020-09-07T14:37:35+00:00","mainEntityOfPage":{"@id":"https:\/\/experienciadevida.com.ar\/portalurbano\/informe-de-transito-8-vehiculos-retenidos-y-4-licencias-de-conducir\/"},"wordCount":207,"publisher":{"@id":"https:\/\/experienciadevida.com.ar\/portalurbano\/#organization"},"articleSection":["Ciudad","Destacadas"],"inLanguage":"es"},{"@type":"WebPage","@id":"https:\/\/experienciadevida.com.ar\/portalurbano\/informe-de-transito-8-vehiculos-retenidos-y-4-licencias-de-conducir\/","url":"https:\/\/experienciadevida.com.ar\/portalurbano\/informe-de-transito-8-vehiculos-retenidos-y-4-licencias-de-conducir\/","name":"Informe de tr\u00e1nsito: Se retuvieron 8 veh\u00edculos y licencias de conducir","isPartOf":{"@id":"https:\/\/experienciadevida.com.ar\/portalurbano\/#website"},"datePublished":"2020-09-07T14:36:50+00:00","dateModified":"2020-09-07T14:37:35+00:00","description":"En un nuevo informe de tr\u00e1nsito de los operativos realizados en nuestra ciudad, arroj\u00f3 que 8 veh\u00edculos fueron retenidos y 4 licencias.","breadcrumb":{"@id":"https:\/\/experienciadevida.com.ar\/portalurbano\/informe-de-transito-8-vehiculos-retenidos-y-4-licencias-de-conducir\/#breadcrumb"},"inLanguage":"es","potentialAction":[{"@type":"ReadAction","target":["https:\/\/experienciadevida.com.ar\/portalurbano\/informe-de-transito-8-vehiculos-retenidos-y-4-licencias-de-conducir\/"]}]},{"@type":"BreadcrumbList","@id":"https:\/\/experienciadevida.com.ar\/portalurbano\/informe-de-transito-8-vehiculos-retenidos-y-4-licencias-de-conducir\/#breadcrumb","itemListElement":[{"@type":"ListItem","position":1,"name":"Portada","item":"https:\/\/experienciadevida.com.ar\/portalurbano\/"},{"@type":"ListItem","position":2,"name":"Informe de tr\u00e1nsito: 8 veh\u00edculos retenidos y 4 licencias de conducir"}]},{"@type":"WebSite","@id":"https:\/\/experienciadevida.com.ar\/portalurbano\/#website","url":"https:\/\/experienciadevida.com.ar\/portalurbano\/","name":"","description":"","publisher":{"@id":"https:\/\/experienciadevida.com.ar\/portalurbano\/#organization"},"potentialAction":[{"@type":"SearchAction","target":{"@type":"EntryPoint","urlTemplate":"https:\/\/experienciadevida.com.ar\/portalurbano\/?s={search_term_string}"},"query-input":"required name=search_term_string"}],"inLanguage":"es"},{"@type":"Organization","@id":"https:\/\/experienciadevida.com.ar\/portalurbano\/#organization","name":"Portal Urbano","url":"https:\/\/experienciadevida.com.ar\/portalurbano\/","logo":{"@type":"ImageObject","inLanguage":"es","@id":"https:\/\/experienciadevida.com.ar\/portalurbano\/#\/schema\/logo\/image\/","url":"https:\/\/experienciadevida.com.ar\/portalurbano\/wp-content\/uploads\/2019\/09\/Logo-Original.png","contentUrl":"https:\/\/experienciadevida.com.ar\/portalurbano\/wp-content\/uploads\/2019\/09\/Logo-Original.png","width":2236,"height":1216,"caption":"Portal Urbano"},"image":{"@id":"https:\/\/experienciadevida.com.ar\/portalurbano\/#\/schema\/logo\/image\/"},"sameAs":["https:\/\/www.facebook.com\/Portal-Urbano-171542830093757\/","https:\/\/twitter.com\/portalurbanook","https:\/\/www.instagram.com\/_portalurbano\/","https:\/\/www.youtube.com\/channel\/UCXhagIfszH8KxFiOok79zbA?view_as=subscriber"]},{"@type":"Person","@id":"https:\/\/experienciadevida.com.ar\/portalurbano\/#\/schema\/person\/02dd326b1c4b056e9cc972486934a3a7","name":"admpu17wp","image":{"@type":"ImageObject","inLanguage":"es","@id":"https:\/\/experienciadevida.com.ar\/portalurbano\/#\/schema\/person\/image\/","url":"https:\/\/secure.gravatar.com\/avatar\/830d4c57adaae6630765e449a6908047?s=96&d=mm&r=g","contentUrl":"https:\/\/secure.gravatar.com\/avatar\/830d4c57adaae6630765e449a6908047?s=96&d=mm&r=g","caption":"admpu17wp"}}]}},"featured_image_urls":{"full":"","thumbnail":"","medium":"","medium_large":"","large":"","ug_big":"","1536x1536":"","2048x2048":"","newsever-slider-full":"","newsever-featured":"","newsever-medium":"","web-stories-poster-portrait":"","web-stories-publisher-logo":"","web-stories-thumbnail":""},"author_info":{"display_name":"admpu17wp","author_link":"https:\/\/experienciadevida.com.ar\/portalurbano\/author\/admpu17wp\/"},"category_info":"<a href=\"https:\/\/experienciadevida.com.ar\/portalurbano\/category\/ciudad\/\" rel=\"category tag\">Ciudad<\/a> <a href=\"https:\/\/experienciadevida.com.ar\/portalurbano\/category\/destacadas\/\" rel=\"category tag\">Destacadas<\/a>","tag_info":"Destacadas","comment_count":"0","amp_enabled":true,"_links":{"self":[{"href":"https:\/\/experienciadevida.com.ar\/portalurbano\/wp-json\/wp\/v2\/posts\/120556"}],"collection":[{"href":"https:\/\/experienciadevida.com.ar\/portalurbano\/wp-json\/wp\/v2\/posts"}],"about":[{"href":"https:\/\/experienciadevida.com.ar\/portalurbano\/wp-json\/wp\/v2\/types\/post"}],"author":[{"embeddable":true,"href":"https:\/\/experienciadevida.com.ar\/portalurbano\/wp-json\/wp\/v2\/users\/1"}],"replies":[{"embeddable":true,"href":"https:\/\/experienciadevida.com.ar\/portalurbano\/wp-json\/wp\/v2\/comments?post=120556"}],"version-history":[{"count":1,"href":"https:\/\/experienciadevida.com.ar\/portalurbano\/wp-json\/wp\/v2\/posts\/120556\/revisions"}],"predecessor-version":[{"id":120557,"href":"https:\/\/experienciadevida.com.ar\/portalurbano\/wp-json\/wp\/v2\/posts\/120556\/revisions\/120557"}],"wp:attachment":[{"href":"https:\/\/experienciadevida.com.ar\/portalurbano\/wp-json\/wp\/v2\/media?parent=120556"}],"wp:term":[{"taxonomy":"category","embeddable":true,"href":"https:\/\/experienciadevida.com.ar\/portalurbano\/wp-json\/wp\/v2\/categories?post=120556"},{"taxonomy":"post_tag","embeddable":true,"href":"https:\/\/experienciadevida.com.ar\/portalurbano\/wp-json\/wp\/v2\/tags?post=120556"}],"curies":[{"name":"wp","href":"https:\/\/api.w.org\/{rel}","templated":true}]}}