{"id":120465,"date":"2020-09-06T11:13:57","date_gmt":"2020-09-06T14:13:57","guid":{"rendered":"https:\/\/experienciadevida.com.ar\/portalurbano\/?p=120465"},"modified":"2020-09-06T11:27:27","modified_gmt":"2020-09-06T14:27:27","slug":"el-hogar-de-ninas-san-jose-recibio-un-subsidio-del-ministerio-de-desarrollo-social-de-nacion","status":"publish","type":"post","link":"https:\/\/experienciadevida.com.ar\/portalurbano\/el-hogar-de-ninas-san-jose-recibio-un-subsidio-del-ministerio-de-desarrollo-social-de-nacion\/","title":{"rendered":"El hogar de ni\u00f1as San Jos\u00e9 recibi\u00f3 un subsidio del Ministerio de Desarrollo Social de Naci\u00f3n"},"content":{"rendered":"<p>El monto de la ayuda al <strong>hogar de ni\u00f1as San Jos\u00e9 <\/strong>alcanza los 360 mil pesos y ser\u00e1 utilizado para la refacci\u00f3n de la sala de juegos, los dormitorios y la compra de una computadora. La gesti\u00f3n fue realizada por el articulador local del Ministerio de Desarrollo Social, Jos\u00e9 Aranze, en conjunto con la Secretar\u00eda Nacional de la Ni\u00f1ez, Adolescencia y Familia.<\/p>\n<p>Desde que comenz\u00f3 el aislamiento obligatorio, preventivo y social el\u00a0<strong>hogar de ni\u00f1as San Jos\u00e9\u00a0<\/strong>tuvo miedo de cerrar sus puertas debido a que no pod\u00edan pagar el salario de las empleadas de la Instituci\u00f3n, emiti\u00f3 un comunicado a trav\u00e9s de su perfil de <a href=\"https:\/\/www.facebook.com\/Hogar-de-ni%C3%B1as-San-Jos%C3%A9-103682146857466\">facebook<\/a> explicando la situaci\u00f3n, ya que\u00a0 <a href=\"https:\/\/experienciadevida.com.ar\/portalurbano\/el-hogar-de-ninas-atraviesa-un-momento-preocupante-y-peligra-su-continuidad\/\"><em>atravesaban un momento preocupante.<\/em><\/a><\/p>\n<p>Por otro lado, el\u00a0<strong>hogar de ni\u00f1as San Jos\u00e9<\/strong> recibi\u00f3 el apoyo de la comunidad Olavarriense, as\u00ed como tambi\u00e9n de <a href=\"https:\/\/experienciadevida.com.ar\/portalurbano\/concejales-donaran-parte-de-su-sueldo-al-hogar-de-ninas\/\">los concejales que donaron parte de su sueldo.<\/a><\/p>\n<p>Posteriormente, recibi\u00f3 el ATP que contribuy\u00f3 al pago de sueldo, as\u00ed como tambi\u00e9n el\u00a0<strong>hogar de ni\u00f1as San Jos\u00e9\u00a0<\/strong>recibi\u00f3 un <a href=\"https:\/\/experienciadevida.com.ar\/portalurbano\/el-hogar-de-ninas-san-jose-recibira-un-aumento-mensual-y-una-partida-extraordinaria-del-gobierno-provincial\/\">aumento mensual y una partida extraordinaria del Gobierno Provincial.\u00a0<\/a><\/p>\n<p>&nbsp;<\/p>\n<p><a href=\"https:\/\/experienciadevida.com.ar\/portalurbano\/el-hogar-de-ninas-san-jose-recibio-un-subsidio-del-ministerio-de-desarrollo-social-de-nacion\/subsidio-2\/\" rel=\"attachment wp-att-120470\"><img decoding=\"async\" class=\"alignnone size-full wp-image-120470\" src=\"https:\/\/experienciadevida.com.ar\/portalurbano\/wp-content\/uploads\/2020\/09\/SUBSIDIO.jpg\" alt=\"\" width=\"765\" height=\"509\" srcset=\"https:\/\/experienciadevida.com.ar\/portalurbano\/wp-content\/uploads\/2020\/09\/SUBSIDIO.jpg 765w, https:\/\/experienciadevida.com.ar\/portalurbano\/wp-content\/uploads\/2020\/09\/SUBSIDIO-300x200.jpg 300w\" sizes=\"(max-width: 765px) 100vw, 765px\" \/><\/a><\/p>\n<p>Este viernes, el Subsecretario Nacional de la Ni\u00f1ez Adolescencia y Familia, Mariano Luongo, junto al Articulador local del Ministerio de Desarrollo Social de Naci\u00f3n, Jos\u00e9 Aranze, firmaron un convenio con el <strong>hogar de ni\u00f1as San Jos\u00e9<\/strong> mediante el cual recibir\u00e1 un subsidio de 360 mil pesos para la refacci\u00f3n de habitaciones y la compra de una computadora.<\/p>\n<p>El proyecto tiene como objetivo aumentar y promover los espacios saludables, para que las ni\u00f1as del\u00a0<strong>hogar de ni\u00f1as San Jos\u00e9 <\/strong>\u00a0que residen en el hogar, puedan disfrutar de un lugar acondicionado en base a sus necesidades y mejorando as\u00ed su calidad de vida.<\/p>\n<p>El convenio firmado har\u00e1 posible que puedan arreglar en el <strong>hogar de ni\u00f1as San Jos\u00e9<\/strong> el sistema de calefacci\u00f3n, motivo por el cual las autoridades del hogar se vieron obligadas a transformar la sala de juegos en dormitorios limitando el entorno formativo de juegos y recreaci\u00f3n.<\/p>\n<p><a href=\"https:\/\/experienciadevida.com.ar\/portalurbano\/el-hogar-de-ninas-san-jose-recibio-un-subsidio-del-ministerio-de-desarrollo-social-de-nacion\/subsidio1-2\/\" rel=\"attachment wp-att-120473\"><img decoding=\"async\" class=\"aligncenter wp-image-120473 size-full\" src=\"https:\/\/experienciadevida.com.ar\/portalurbano\/wp-content\/uploads\/2020\/09\/SUBSIDIO1.jpg\" alt=\"\" width=\"765\" height=\"509\" srcset=\"https:\/\/experienciadevida.com.ar\/portalurbano\/wp-content\/uploads\/2020\/09\/SUBSIDIO1.jpg 765w, https:\/\/experienciadevida.com.ar\/portalurbano\/wp-content\/uploads\/2020\/09\/SUBSIDIO1-300x200.jpg 300w\" sizes=\"(max-width: 765px) 100vw, 765px\" \/><\/a><\/p>\n<p>Al respecto Aranze expres\u00f3: \u201cNos pone muy contentos poder concretar este tipo de ayuda y apoyar a una de las instituciones m\u00e1s importantes que tiene Olavarr\u00eda como es el caso del <strong>hogar de ni\u00f1as San Jos\u00e9<\/strong>. Agradezco mucho a la presidenta de la comisi\u00f3n, Ana Spinella, a la directora Elena Barbosa y a toda la comisi\u00f3n directiva por la voluntad, la iniciativa y el trabajo que realizan a diario\u201d.<\/p>\n<p>Cabe destacar que el <strong>hogar de ni\u00f1as San Jos\u00e9<\/strong> tiene 107 a\u00f1os de historia en la ciudad, aloja a ni\u00f1as de 0 a 18 a\u00f1os que son derivadas del Servicio Local y de los Juzgados de Familia de Olavarr\u00eda y Azul. Desde que se conoci\u00f3 la situaci\u00f3n econ\u00f3mica actual ha sido asistido por el gobierno Nacional y Provincial Incorporando a la instituci\u00f3n en los ATP y en las tarjetas \u201cAUNAR\u201d para el equipamiento de productos de higiene, desinfecci\u00f3n, material l\u00fadico y pedag\u00f3gico.<\/p>\n","protected":false},"excerpt":{"rendered":"<p>El monto de la ayuda al hogar de ni\u00f1as San Jos\u00e9 alcanza los 360 mil&#8230;<\/p>\n","protected":false},"author":1,"featured_media":114007,"comment_status":"closed","ping_status":"closed","sticky":false,"template":"","format":"standard","meta":{"content-type":""},"categories":[27,51],"tags":[],"nelio_content":{"isAutoShareEnabled":false,"autoShareEndMode":"default","automationSources":{"useContentSentences":true,"useSocialTemplates":true,"useCustomSentences":false,"customSentences":[]},"followers":[1],"suggestedReferences":[],"includedReferences":[],"efiUrl":"","efiAlt":"","highlights":[]},"yoast_head":"<!-- This site is optimized with the Yoast SEO plugin v20.7 - https:\/\/yoast.com\/wordpress\/plugins\/seo\/ -->\n<title>El Hogar de ni\u00f1as San Jos\u00e9 recibi\u00f3 un subsidio de 360mil pesos<\/title>\n<meta name=\"description\" content=\"El hogar ni\u00f1as San Jos\u00e9 recibi\u00f3 un monto que alcanza los 360 mil pesos y ser\u00e1 utilizado para al refacci\u00f3n de la Instituci\u00f3n.\" \/>\n<meta name=\"robots\" content=\"index, follow, max-snippet:-1, max-image-preview:large, max-video-preview:-1\" \/>\n<link rel=\"canonical\" href=\"https:\/\/experienciadevida.com.ar\/portalurbano\/el-hogar-de-ninas-san-jose-recibio-un-subsidio-del-ministerio-de-desarrollo-social-de-nacion\/\" \/>\n<meta property=\"og:locale\" content=\"es_ES\" \/>\n<meta property=\"og:type\" content=\"article\" \/>\n<meta property=\"og:title\" content=\"El Hogar de ni\u00f1as San Jos\u00e9 recibi\u00f3 un subsidio de 360mil pesos\" \/>\n<meta property=\"og:description\" content=\"El hogar ni\u00f1as San Jos\u00e9 recibi\u00f3 un monto que alcanza los 360 mil pesos y ser\u00e1 utilizado para al refacci\u00f3n de la Instituci\u00f3n.\" \/>\n<meta property=\"og:url\" content=\"https:\/\/experienciadevida.com.ar\/portalurbano\/el-hogar-de-ninas-san-jose-recibio-un-subsidio-del-ministerio-de-desarrollo-social-de-nacion\/\" \/>\n<meta property=\"article:publisher\" content=\"https:\/\/www.facebook.com\/Portal-Urbano-171542830093757\/\" \/>\n<meta property=\"article:published_time\" content=\"2020-09-06T14:13:57+00:00\" \/>\n<meta property=\"article:modified_time\" content=\"2020-09-06T14:27:27+00:00\" \/>\n<meta property=\"og:image\" content=\"https:\/\/experienciadevida.com.ar\/portalurbano\/wp-content\/uploads\/2020\/07\/HOGARDENI\u00d1AS.jpg\" \/>\n\t<meta property=\"og:image:width\" content=\"765\" \/>\n\t<meta property=\"og:image:height\" content=\"510\" \/>\n\t<meta property=\"og:image:type\" content=\"image\/jpeg\" \/>\n<meta name=\"author\" content=\"admpu17wp\" \/>\n<meta name=\"twitter:card\" content=\"summary_large_image\" \/>\n<meta name=\"twitter:creator\" content=\"@portalurbanook\" \/>\n<meta name=\"twitter:site\" content=\"@portalurbanook\" \/>\n<meta name=\"twitter:label1\" content=\"Escrito por\" \/>\n\t<meta name=\"twitter:data1\" content=\"admpu17wp\" \/>\n\t<meta name=\"twitter:label2\" content=\"Tiempo de lectura\" \/>\n\t<meta name=\"twitter:data2\" content=\"3 minutos\" \/>\n<script type=\"application\/ld+json\" class=\"yoast-schema-graph\">{\"@context\":\"https:\/\/schema.org\",\"@graph\":[{\"@type\":\"Article\",\"@id\":\"https:\/\/experienciadevida.com.ar\/portalurbano\/el-hogar-de-ninas-san-jose-recibio-un-subsidio-del-ministerio-de-desarrollo-social-de-nacion\/#article\",\"isPartOf\":{\"@id\":\"https:\/\/experienciadevida.com.ar\/portalurbano\/el-hogar-de-ninas-san-jose-recibio-un-subsidio-del-ministerio-de-desarrollo-social-de-nacion\/\"},\"author\":{\"name\":\"admpu17wp\",\"@id\":\"https:\/\/experienciadevida.com.ar\/portalurbano\/#\/schema\/person\/02dd326b1c4b056e9cc972486934a3a7\"},\"headline\":\"El hogar de ni\u00f1as San Jos\u00e9 recibi\u00f3 un subsidio del Ministerio de Desarrollo Social de Naci\u00f3n\",\"datePublished\":\"2020-09-06T14:13:57+00:00\",\"dateModified\":\"2020-09-06T14:27:27+00:00\",\"mainEntityOfPage\":{\"@id\":\"https:\/\/experienciadevida.com.ar\/portalurbano\/el-hogar-de-ninas-san-jose-recibio-un-subsidio-del-ministerio-de-desarrollo-social-de-nacion\/\"},\"wordCount\":525,\"publisher\":{\"@id\":\"https:\/\/experienciadevida.com.ar\/portalurbano\/#organization\"},\"articleSection\":[\"Ciudad\",\"Destacadas\"],\"inLanguage\":\"es\"},{\"@type\":\"WebPage\",\"@id\":\"https:\/\/experienciadevida.com.ar\/portalurbano\/el-hogar-de-ninas-san-jose-recibio-un-subsidio-del-ministerio-de-desarrollo-social-de-nacion\/\",\"url\":\"https:\/\/experienciadevida.com.ar\/portalurbano\/el-hogar-de-ninas-san-jose-recibio-un-subsidio-del-ministerio-de-desarrollo-social-de-nacion\/\",\"name\":\"El Hogar de ni\u00f1as San Jos\u00e9 recibi\u00f3 un subsidio de 360mil pesos\",\"isPartOf\":{\"@id\":\"https:\/\/experienciadevida.com.ar\/portalurbano\/#website\"},\"datePublished\":\"2020-09-06T14:13:57+00:00\",\"dateModified\":\"2020-09-06T14:27:27+00:00\",\"description\":\"El hogar ni\u00f1as San Jos\u00e9 recibi\u00f3 un monto que alcanza los 360 mil pesos y ser\u00e1 utilizado para al refacci\u00f3n de la Instituci\u00f3n.\",\"breadcrumb\":{\"@id\":\"https:\/\/experienciadevida.com.ar\/portalurbano\/el-hogar-de-ninas-san-jose-recibio-un-subsidio-del-ministerio-de-desarrollo-social-de-nacion\/#breadcrumb\"},\"inLanguage\":\"es\",\"potentialAction\":[{\"@type\":\"ReadAction\",\"target\":[\"https:\/\/experienciadevida.com.ar\/portalurbano\/el-hogar-de-ninas-san-jose-recibio-un-subsidio-del-ministerio-de-desarrollo-social-de-nacion\/\"]}]},{\"@type\":\"BreadcrumbList\",\"@id\":\"https:\/\/experienciadevida.com.ar\/portalurbano\/el-hogar-de-ninas-san-jose-recibio-un-subsidio-del-ministerio-de-desarrollo-social-de-nacion\/#breadcrumb\",\"itemListElement\":[{\"@type\":\"ListItem\",\"position\":1,\"name\":\"Portada\",\"item\":\"https:\/\/experienciadevida.com.ar\/portalurbano\/\"},{\"@type\":\"ListItem\",\"position\":2,\"name\":\"El hogar de ni\u00f1as San Jos\u00e9 recibi\u00f3 un subsidio del Ministerio de Desarrollo Social de Naci\u00f3n\"}]},{\"@type\":\"WebSite\",\"@id\":\"https:\/\/experienciadevida.com.ar\/portalurbano\/#website\",\"url\":\"https:\/\/experienciadevida.com.ar\/portalurbano\/\",\"name\":\"\",\"description\":\"\",\"publisher\":{\"@id\":\"https:\/\/experienciadevida.com.ar\/portalurbano\/#organization\"},\"potentialAction\":[{\"@type\":\"SearchAction\",\"target\":{\"@type\":\"EntryPoint\",\"urlTemplate\":\"https:\/\/experienciadevida.com.ar\/portalurbano\/?s={search_term_string}\"},\"query-input\":\"required name=search_term_string\"}],\"inLanguage\":\"es\"},{\"@type\":\"Organization\",\"@id\":\"https:\/\/experienciadevida.com.ar\/portalurbano\/#organization\",\"name\":\"Portal Urbano\",\"url\":\"https:\/\/experienciadevida.com.ar\/portalurbano\/\",\"logo\":{\"@type\":\"ImageObject\",\"inLanguage\":\"es\",\"@id\":\"https:\/\/experienciadevida.com.ar\/portalurbano\/#\/schema\/logo\/image\/\",\"url\":\"https:\/\/experienciadevida.com.ar\/portalurbano\/wp-content\/uploads\/2019\/09\/Logo-Original.png\",\"contentUrl\":\"https:\/\/experienciadevida.com.ar\/portalurbano\/wp-content\/uploads\/2019\/09\/Logo-Original.png\",\"width\":2236,\"height\":1216,\"caption\":\"Portal Urbano\"},\"image\":{\"@id\":\"https:\/\/experienciadevida.com.ar\/portalurbano\/#\/schema\/logo\/image\/\"},\"sameAs\":[\"https:\/\/www.facebook.com\/Portal-Urbano-171542830093757\/\",\"https:\/\/twitter.com\/portalurbanook\",\"https:\/\/www.instagram.com\/_portalurbano\/\",\"https:\/\/www.youtube.com\/channel\/UCXhagIfszH8KxFiOok79zbA?view_as=subscriber\"]},{\"@type\":\"Person\",\"@id\":\"https:\/\/experienciadevida.com.ar\/portalurbano\/#\/schema\/person\/02dd326b1c4b056e9cc972486934a3a7\",\"name\":\"admpu17wp\",\"image\":{\"@type\":\"ImageObject\",\"inLanguage\":\"es\",\"@id\":\"https:\/\/experienciadevida.com.ar\/portalurbano\/#\/schema\/person\/image\/\",\"url\":\"https:\/\/secure.gravatar.com\/avatar\/830d4c57adaae6630765e449a6908047?s=96&d=mm&r=g\",\"contentUrl\":\"https:\/\/secure.gravatar.com\/avatar\/830d4c57adaae6630765e449a6908047?s=96&d=mm&r=g\",\"caption\":\"admpu17wp\"}}]}<\/script>\n<!-- \/ Yoast SEO plugin. -->","yoast_head_json":{"title":"El Hogar de ni\u00f1as San Jos\u00e9 recibi\u00f3 un subsidio de 360mil pesos","description":"El hogar ni\u00f1as San Jos\u00e9 recibi\u00f3 un monto que alcanza los 360 mil pesos y ser\u00e1 utilizado para al refacci\u00f3n de la Instituci\u00f3n.","robots":{"index":"index","follow":"follow","max-snippet":"max-snippet:-1","max-image-preview":"max-image-preview:large","max-video-preview":"max-video-preview:-1"},"canonical":"https:\/\/experienciadevida.com.ar\/portalurbano\/el-hogar-de-ninas-san-jose-recibio-un-subsidio-del-ministerio-de-desarrollo-social-de-nacion\/","og_locale":"es_ES","og_type":"article","og_title":"El Hogar de ni\u00f1as San Jos\u00e9 recibi\u00f3 un subsidio de 360mil pesos","og_description":"El hogar ni\u00f1as San Jos\u00e9 recibi\u00f3 un monto que alcanza los 360 mil pesos y ser\u00e1 utilizado para al refacci\u00f3n de la Instituci\u00f3n.","og_url":"https:\/\/experienciadevida.com.ar\/portalurbano\/el-hogar-de-ninas-san-jose-recibio-un-subsidio-del-ministerio-de-desarrollo-social-de-nacion\/","article_publisher":"https:\/\/www.facebook.com\/Portal-Urbano-171542830093757\/","article_published_time":"2020-09-06T14:13:57+00:00","article_modified_time":"2020-09-06T14:27:27+00:00","og_image":[{"width":765,"height":510,"url":"https:\/\/experienciadevida.com.ar\/portalurbano\/wp-content\/uploads\/2020\/07\/HOGARDENI\u00d1AS.jpg","type":"image\/jpeg"}],"author":"admpu17wp","twitter_card":"summary_large_image","twitter_creator":"@portalurbanook","twitter_site":"@portalurbanook","twitter_misc":{"Escrito por":"admpu17wp","Tiempo de lectura":"3 minutos"},"schema":{"@context":"https:\/\/schema.org","@graph":[{"@type":"Article","@id":"https:\/\/experienciadevida.com.ar\/portalurbano\/el-hogar-de-ninas-san-jose-recibio-un-subsidio-del-ministerio-de-desarrollo-social-de-nacion\/#article","isPartOf":{"@id":"https:\/\/experienciadevida.com.ar\/portalurbano\/el-hogar-de-ninas-san-jose-recibio-un-subsidio-del-ministerio-de-desarrollo-social-de-nacion\/"},"author":{"name":"admpu17wp","@id":"https:\/\/experienciadevida.com.ar\/portalurbano\/#\/schema\/person\/02dd326b1c4b056e9cc972486934a3a7"},"headline":"El hogar de ni\u00f1as San Jos\u00e9 recibi\u00f3 un subsidio del Ministerio de Desarrollo Social de Naci\u00f3n","datePublished":"2020-09-06T14:13:57+00:00","dateModified":"2020-09-06T14:27:27+00:00","mainEntityOfPage":{"@id":"https:\/\/experienciadevida.com.ar\/portalurbano\/el-hogar-de-ninas-san-jose-recibio-un-subsidio-del-ministerio-de-desarrollo-social-de-nacion\/"},"wordCount":525,"publisher":{"@id":"https:\/\/experienciadevida.com.ar\/portalurbano\/#organization"},"articleSection":["Ciudad","Destacadas"],"inLanguage":"es"},{"@type":"WebPage","@id":"https:\/\/experienciadevida.com.ar\/portalurbano\/el-hogar-de-ninas-san-jose-recibio-un-subsidio-del-ministerio-de-desarrollo-social-de-nacion\/","url":"https:\/\/experienciadevida.com.ar\/portalurbano\/el-hogar-de-ninas-san-jose-recibio-un-subsidio-del-ministerio-de-desarrollo-social-de-nacion\/","name":"El Hogar de ni\u00f1as San Jos\u00e9 recibi\u00f3 un subsidio de 360mil pesos","isPartOf":{"@id":"https:\/\/experienciadevida.com.ar\/portalurbano\/#website"},"datePublished":"2020-09-06T14:13:57+00:00","dateModified":"2020-09-06T14:27:27+00:00","description":"El hogar ni\u00f1as San Jos\u00e9 recibi\u00f3 un monto que alcanza los 360 mil pesos y ser\u00e1 utilizado para al refacci\u00f3n de la Instituci\u00f3n.","breadcrumb":{"@id":"https:\/\/experienciadevida.com.ar\/portalurbano\/el-hogar-de-ninas-san-jose-recibio-un-subsidio-del-ministerio-de-desarrollo-social-de-nacion\/#breadcrumb"},"inLanguage":"es","potentialAction":[{"@type":"ReadAction","target":["https:\/\/experienciadevida.com.ar\/portalurbano\/el-hogar-de-ninas-san-jose-recibio-un-subsidio-del-ministerio-de-desarrollo-social-de-nacion\/"]}]},{"@type":"BreadcrumbList","@id":"https:\/\/experienciadevida.com.ar\/portalurbano\/el-hogar-de-ninas-san-jose-recibio-un-subsidio-del-ministerio-de-desarrollo-social-de-nacion\/#breadcrumb","itemListElement":[{"@type":"ListItem","position":1,"name":"Portada","item":"https:\/\/experienciadevida.com.ar\/portalurbano\/"},{"@type":"ListItem","position":2,"name":"El hogar de ni\u00f1as San Jos\u00e9 recibi\u00f3 un subsidio del Ministerio de Desarrollo Social de Naci\u00f3n"}]},{"@type":"WebSite","@id":"https:\/\/experienciadevida.com.ar\/portalurbano\/#website","url":"https:\/\/experienciadevida.com.ar\/portalurbano\/","name":"","description":"","publisher":{"@id":"https:\/\/experienciadevida.com.ar\/portalurbano\/#organization"},"potentialAction":[{"@type":"SearchAction","target":{"@type":"EntryPoint","urlTemplate":"https:\/\/experienciadevida.com.ar\/portalurbano\/?s={search_term_string}"},"query-input":"required name=search_term_string"}],"inLanguage":"es"},{"@type":"Organization","@id":"https:\/\/experienciadevida.com.ar\/portalurbano\/#organization","name":"Portal Urbano","url":"https:\/\/experienciadevida.com.ar\/portalurbano\/","logo":{"@type":"ImageObject","inLanguage":"es","@id":"https:\/\/experienciadevida.com.ar\/portalurbano\/#\/schema\/logo\/image\/","url":"https:\/\/experienciadevida.com.ar\/portalurbano\/wp-content\/uploads\/2019\/09\/Logo-Original.png","contentUrl":"https:\/\/experienciadevida.com.ar\/portalurbano\/wp-content\/uploads\/2019\/09\/Logo-Original.png","width":2236,"height":1216,"caption":"Portal Urbano"},"image":{"@id":"https:\/\/experienciadevida.com.ar\/portalurbano\/#\/schema\/logo\/image\/"},"sameAs":["https:\/\/www.facebook.com\/Portal-Urbano-171542830093757\/","https:\/\/twitter.com\/portalurbanook","https:\/\/www.instagram.com\/_portalurbano\/","https:\/\/www.youtube.com\/channel\/UCXhagIfszH8KxFiOok79zbA?view_as=subscriber"]},{"@type":"Person","@id":"https:\/\/experienciadevida.com.ar\/portalurbano\/#\/schema\/person\/02dd326b1c4b056e9cc972486934a3a7","name":"admpu17wp","image":{"@type":"ImageObject","inLanguage":"es","@id":"https:\/\/experienciadevida.com.ar\/portalurbano\/#\/schema\/person\/image\/","url":"https:\/\/secure.gravatar.com\/avatar\/830d4c57adaae6630765e449a6908047?s=96&d=mm&r=g","contentUrl":"https:\/\/secure.gravatar.com\/avatar\/830d4c57adaae6630765e449a6908047?s=96&d=mm&r=g","caption":"admpu17wp"}}]}},"featured_image_urls":{"full":["https:\/\/experienciadevida.com.ar\/portalurbano\/wp-content\/uploads\/2020\/07\/HOGARDENI\u00d1AS.jpg",765,510,false],"thumbnail":["https:\/\/experienciadevida.com.ar\/portalurbano\/wp-content\/uploads\/2020\/07\/HOGARDENI\u00d1AS-150x150.jpg",150,150,true],"medium":["https:\/\/experienciadevida.com.ar\/portalurbano\/wp-content\/uploads\/2020\/07\/HOGARDENI\u00d1AS-300x200.jpg",300,200,true],"medium_large":["https:\/\/experienciadevida.com.ar\/portalurbano\/wp-content\/uploads\/2020\/07\/HOGARDENI\u00d1AS.jpg",640,427,false],"large":["https:\/\/experienciadevida.com.ar\/portalurbano\/wp-content\/uploads\/2020\/07\/HOGARDENI\u00d1AS.jpg",640,427,false],"ug_big":["https:\/\/experienciadevida.com.ar\/portalurbano\/wp-content\/uploads\/2020\/07\/HOGARDENI\u00d1AS.jpg",765,510,false],"1536x1536":["https:\/\/experienciadevida.com.ar\/portalurbano\/wp-content\/uploads\/2020\/07\/HOGARDENI\u00d1AS.jpg",765,510,false],"2048x2048":["https:\/\/experienciadevida.com.ar\/portalurbano\/wp-content\/uploads\/2020\/07\/HOGARDENI\u00d1AS.jpg",765,510,false],"newsever-slider-full":["https:\/\/experienciadevida.com.ar\/portalurbano\/wp-content\/uploads\/2020\/07\/HOGARDENI\u00d1AS.jpg",765,510,false],"newsever-featured":["https:\/\/experienciadevida.com.ar\/portalurbano\/wp-content\/uploads\/2020\/07\/HOGARDENI\u00d1AS.jpg",765,510,false],"newsever-medium":["https:\/\/experienciadevida.com.ar\/portalurbano\/wp-content\/uploads\/2020\/07\/HOGARDENI\u00d1AS.jpg",713,475,false],"web-stories-poster-portrait":["https:\/\/experienciadevida.com.ar\/portalurbano\/wp-content\/uploads\/2020\/07\/HOGARDENI\u00d1AS.jpg",640,427,false],"web-stories-publisher-logo":["https:\/\/experienciadevida.com.ar\/portalurbano\/wp-content\/uploads\/2020\/07\/HOGARDENI\u00d1AS.jpg",96,64,false],"web-stories-thumbnail":["https:\/\/experienciadevida.com.ar\/portalurbano\/wp-content\/uploads\/2020\/07\/HOGARDENI\u00d1AS.jpg",150,100,false]},"author_info":{"display_name":"admpu17wp","author_link":"https:\/\/experienciadevida.com.ar\/portalurbano\/author\/admpu17wp\/"},"category_info":"<a href=\"https:\/\/experienciadevida.com.ar\/portalurbano\/category\/ciudad\/\" rel=\"category tag\">Ciudad<\/a> <a href=\"https:\/\/experienciadevida.com.ar\/portalurbano\/category\/destacadas\/\" rel=\"category tag\">Destacadas<\/a>","tag_info":"Destacadas","comment_count":"0","amp_enabled":true,"_links":{"self":[{"href":"https:\/\/experienciadevida.com.ar\/portalurbano\/wp-json\/wp\/v2\/posts\/120465"}],"collection":[{"href":"https:\/\/experienciadevida.com.ar\/portalurbano\/wp-json\/wp\/v2\/posts"}],"about":[{"href":"https:\/\/experienciadevida.com.ar\/portalurbano\/wp-json\/wp\/v2\/types\/post"}],"author":[{"embeddable":true,"href":"https:\/\/experienciadevida.com.ar\/portalurbano\/wp-json\/wp\/v2\/users\/1"}],"replies":[{"embeddable":true,"href":"https:\/\/experienciadevida.com.ar\/portalurbano\/wp-json\/wp\/v2\/comments?post=120465"}],"version-history":[{"count":3,"href":"https:\/\/experienciadevida.com.ar\/portalurbano\/wp-json\/wp\/v2\/posts\/120465\/revisions"}],"predecessor-version":[{"id":120476,"href":"https:\/\/experienciadevida.com.ar\/portalurbano\/wp-json\/wp\/v2\/posts\/120465\/revisions\/120476"}],"wp:featuredmedia":[{"embeddable":true,"href":"https:\/\/experienciadevida.com.ar\/portalurbano\/wp-json\/wp\/v2\/media\/114007"}],"wp:attachment":[{"href":"https:\/\/experienciadevida.com.ar\/portalurbano\/wp-json\/wp\/v2\/media?parent=120465"}],"wp:term":[{"taxonomy":"category","embeddable":true,"href":"https:\/\/experienciadevida.com.ar\/portalurbano\/wp-json\/wp\/v2\/categories?post=120465"},{"taxonomy":"post_tag","embeddable":true,"href":"https:\/\/experienciadevida.com.ar\/portalurbano\/wp-json\/wp\/v2\/tags?post=120465"}],"curies":[{"name":"wp","href":"https:\/\/api.w.org\/{rel}","templated":true}]}}