{"id":120450,"date":"2020-09-05T22:03:29","date_gmt":"2020-09-06T01:03:29","guid":{"rendered":"https:\/\/experienciadevida.com.ar\/portalurbano\/?p=120450"},"modified":"2020-09-05T22:04:54","modified_gmt":"2020-09-06T01:04:54","slug":"coronavirus-fallecieron-117-personas-en-las-ultimas-24-horas-y-el-total-llega-a-9-739","status":"publish","type":"post","link":"https:\/\/experienciadevida.com.ar\/portalurbano\/coronavirus-fallecieron-117-personas-en-las-ultimas-24-horas-y-el-total-llega-a-9-739\/","title":{"rendered":"Coronavirus: fallecieron 117 personas en las \u00faltimas 24 horas y el total llega a 9.739"},"content":{"rendered":"<p>El Ministerio de Salud de la Naci\u00f3n brind\u00f3 su informe vespertino sobre la evoluci\u00f3n de la pandemia de <strong>coronavirus en el pa\u00eds,<\/strong> donde en las \u00f9ltimas 24 horas fallecieron 117 personas, con las que el total llega a 9.739 desde marzo pasado.<\/p>\n<p>En tanto, la cantidad de nuevos contagios fue de 9.924 casos y la cifra total se eleva a 471.806 desde el inicio de la pandemia.<\/p>\n<p>Otras 117 personas murieron y se sumaron 9.924 nuevos contagios de <strong>coronavirus\u00a0 en el pa\u00eds<\/strong> en las \u00faltimas 24 horas, con lo que la cantidad de fallecidos alcanza a 9.739 y los casos positivos llegan a 471.806 desde el inicio de la pandemia en la Argentina, en marzo pasado, inform\u00f3 hoy el Ministerio de Salud.<\/p>\n<p>Las personas con <strong>coronavirus en el pa\u00eds<\/strong> internadas en salas de terapia intensiva llegan a 2.456 en todo el pa\u00eds, lo que representa el 61,7% de las camas ocupadas a nivel nacional y el 67,7% en el \u00c1rea Metropolitana Buenos Aires (AMBA).<\/p>\n<p>En el informe matutino, el Ministerio de Salud report\u00f3 62 muertes, mientras que por la tarde inform\u00f3 55, con lo que suman 117 fallecidos en las \u00faltimas 24 horas.<\/p>\n<p>Los 62 decesos reportados a la ma\u00f1ana corresponden a 38 hombres, 24 residentes en la provincia de Buenos Aires, 6 en la Ciudad de Buenos Aires, 2 de Entre R\u00edos, 2 de R\u00edo Negro, 2 de Santa Fe, 1 de Tucum\u00e1n y 1 de Salta.<\/p>\n<p>Adem\u00e1s fallecieron 23 mujeres, 17 de la provincia de Buenos Aires, 1 de Chaco, 1 de C\u00f3rdoba, 1 de Entre R\u00edos, 1 de Neuqu\u00e9n, 1 de Tierra del Fuego y 1 de Santa Fe.<\/p>\n<p>Por la tarde se reportaron 55 muertes , 29 hombres de los cuales 14 eran residentes en la provincia de Buenos Aires, 4 en la Ciudad de Buenos Aires, 4 en C\u00f3rdoba, 2 en R\u00edo Negro, 3 en Santiago del Estero 1 en Santa Fe y 1 en Tierra del Fuego.<\/p>\n<p>Adem\u00e1s, se registraron 26 mujeres fallecidas, 15 residentes en la provincia de Buenos Aires, 3 en la Ciudad de Buenos Aires, 3 en C\u00f3rdoba, 1 en Entre R\u00edos, 1 en Mendoza, 1 en R\u00edo negro y 2 en Santa Fe.<\/p>\n<p>Los casos registrados hoy de <strong>coronavirus en el pa\u00eds<\/strong> son: Buenos Aires 5.320, Ciudad de Buenos Aires 1.084, Catamarca 10, Chaco 141, Chubut 77, C\u00f3rdoba 424, Corrientes 2, Entre R\u00edos 88, Jujuy 326, La Pampa 9, La Rioja 58, Mendoza 483, Neuqu\u00e9n 171, R\u00edo Negro 169, Salta 279, San Juan 15, San Luis 35, Santa Cruz 138, Santa Fe 698, Santiago del Estero 67, Tierra del Fuego 24 y Tucum\u00e1n 307,<\/p>\n<p>La provincia de Formosa registr\u00f3 hoy un caso que fue reclasificado a otra jurisdicci\u00f3n, mientras que Misiones no registr\u00f3 casos.<\/p>\n<p>En cuanto a los casos acumulados desde el inicio de la pandemia la provincia de Buenos Aires suma 289.177, Ciudad de Buenos Aires 102.118, Catamarca 81, Chaco 5.912, Chubut 1.178, C\u00f3rdoba 10.765, Corrientes 335, Entre R\u00edos 4.201, Formosa 89, Jujuy 9.875, La Pampa 230, La Rioja 1.945, Mendoza 9.284, Misiones 65, Neuqu\u00e9n 3.642, R\u00edo Negro 6.937, Salta 4.476, San Juan 373, San Luis 245, Santa Cruz 2.167, Santa Fe 11.504, Santiago del Estero 1.219, Tierra del Fuego 2.296 y Tucum\u00e1n 3.692.<\/p>\n<p>El Ministerio de Salud incluy\u00f3 13 casos existentes en las Islas Malvinas seg\u00fan informaci\u00f3n de prensa (debido a la ocupaci\u00f3n ilegal del Reino Unido, Gran Breta\u00f1a e Irlanda del Norte no es posible contar con informaci\u00f3n propia sobre el impacto del Covid-19 en esa parte del territorio argentino).<\/p>\n<p>&nbsp;<\/p>\n","protected":false},"excerpt":{"rendered":"<p>El Ministerio de Salud de la Naci\u00f3n brind\u00f3 su informe vespertino sobre la evoluci\u00f3n de&#8230;<\/p>\n","protected":false},"author":1,"featured_media":105802,"comment_status":"closed","ping_status":"closed","sticky":false,"template":"","format":"standard","meta":{"content-type":""},"categories":[71,39],"tags":[],"nelio_content":{"isAutoShareEnabled":false,"autoShareEndMode":"default","automationSources":{"useContentSentences":true,"useSocialTemplates":true,"useCustomSentences":false,"customSentences":[]},"followers":[1],"suggestedReferences":[],"includedReferences":[],"efiUrl":"","efiAlt":"","highlights":[]},"yoast_head":"<!-- This site is optimized with the Yoast SEO plugin v20.7 - https:\/\/yoast.com\/wordpress\/plugins\/seo\/ -->\n<title>Coronavirus en el pa\u00eds: Fallecieron 117 personas en las \u00faltimas 24hs<\/title>\n<meta name=\"description\" content=\"La pandemia de coronavirus en el pa\u00eds, registr\u00f3 117 nuevos muertos en las \u00faltimas 24 hs,con las que el total llega a 9.739,\" \/>\n<meta name=\"robots\" content=\"index, follow, max-snippet:-1, max-image-preview:large, max-video-preview:-1\" \/>\n<link rel=\"canonical\" href=\"https:\/\/experienciadevida.com.ar\/portalurbano\/coronavirus-fallecieron-117-personas-en-las-ultimas-24-horas-y-el-total-llega-a-9-739\/\" \/>\n<meta property=\"og:locale\" content=\"es_ES\" \/>\n<meta property=\"og:type\" content=\"article\" \/>\n<meta property=\"og:title\" content=\"Coronavirus en el pa\u00eds: Fallecieron 117 personas en las \u00faltimas 24hs\" \/>\n<meta property=\"og:description\" content=\"La pandemia de coronavirus en el pa\u00eds, registr\u00f3 117 nuevos muertos en las \u00faltimas 24 hs,con las que el total llega a 9.739,\" \/>\n<meta property=\"og:url\" content=\"https:\/\/experienciadevida.com.ar\/portalurbano\/coronavirus-fallecieron-117-personas-en-las-ultimas-24-horas-y-el-total-llega-a-9-739\/\" \/>\n<meta property=\"article:publisher\" content=\"https:\/\/www.facebook.com\/Portal-Urbano-171542830093757\/\" \/>\n<meta property=\"article:published_time\" content=\"2020-09-06T01:03:29+00:00\" \/>\n<meta property=\"article:modified_time\" content=\"2020-09-06T01:04:54+00:00\" \/>\n<meta property=\"og:image\" content=\"https:\/\/experienciadevida.com.ar\/portalurbano\/wp-content\/uploads\/2020\/03\/CORONAVIRUS-10.jpg\" \/>\n\t<meta property=\"og:image:width\" content=\"1140\" \/>\n\t<meta property=\"og:image:height\" content=\"622\" \/>\n\t<meta property=\"og:image:type\" content=\"image\/jpeg\" \/>\n<meta name=\"author\" content=\"admpu17wp\" \/>\n<meta name=\"twitter:card\" content=\"summary_large_image\" \/>\n<meta name=\"twitter:creator\" content=\"@portalurbanook\" \/>\n<meta name=\"twitter:site\" content=\"@portalurbanook\" \/>\n<meta name=\"twitter:label1\" content=\"Escrito por\" \/>\n\t<meta name=\"twitter:data1\" content=\"admpu17wp\" \/>\n\t<meta name=\"twitter:label2\" content=\"Tiempo de lectura\" \/>\n\t<meta name=\"twitter:data2\" content=\"3 minutos\" \/>\n<script type=\"application\/ld+json\" class=\"yoast-schema-graph\">{\"@context\":\"https:\/\/schema.org\",\"@graph\":[{\"@type\":\"Article\",\"@id\":\"https:\/\/experienciadevida.com.ar\/portalurbano\/coronavirus-fallecieron-117-personas-en-las-ultimas-24-horas-y-el-total-llega-a-9-739\/#article\",\"isPartOf\":{\"@id\":\"https:\/\/experienciadevida.com.ar\/portalurbano\/coronavirus-fallecieron-117-personas-en-las-ultimas-24-horas-y-el-total-llega-a-9-739\/\"},\"author\":{\"name\":\"admpu17wp\",\"@id\":\"https:\/\/experienciadevida.com.ar\/portalurbano\/#\/schema\/person\/02dd326b1c4b056e9cc972486934a3a7\"},\"headline\":\"Coronavirus: fallecieron 117 personas en las \u00faltimas 24 horas y el total llega a 9.739\",\"datePublished\":\"2020-09-06T01:03:29+00:00\",\"dateModified\":\"2020-09-06T01:04:54+00:00\",\"mainEntityOfPage\":{\"@id\":\"https:\/\/experienciadevida.com.ar\/portalurbano\/coronavirus-fallecieron-117-personas-en-las-ultimas-24-horas-y-el-total-llega-a-9-739\/\"},\"wordCount\":534,\"publisher\":{\"@id\":\"https:\/\/experienciadevida.com.ar\/portalurbano\/#organization\"},\"articleSection\":[\"Coronavirus\",\"Naci\u00f3n\"],\"inLanguage\":\"es\"},{\"@type\":\"WebPage\",\"@id\":\"https:\/\/experienciadevida.com.ar\/portalurbano\/coronavirus-fallecieron-117-personas-en-las-ultimas-24-horas-y-el-total-llega-a-9-739\/\",\"url\":\"https:\/\/experienciadevida.com.ar\/portalurbano\/coronavirus-fallecieron-117-personas-en-las-ultimas-24-horas-y-el-total-llega-a-9-739\/\",\"name\":\"Coronavirus en el pa\u00eds: Fallecieron 117 personas en las \u00faltimas 24hs\",\"isPartOf\":{\"@id\":\"https:\/\/experienciadevida.com.ar\/portalurbano\/#website\"},\"datePublished\":\"2020-09-06T01:03:29+00:00\",\"dateModified\":\"2020-09-06T01:04:54+00:00\",\"description\":\"La pandemia de coronavirus en el pa\u00eds, registr\u00f3 117 nuevos muertos en las \u00faltimas 24 hs,con las que el total llega a 9.739,\",\"breadcrumb\":{\"@id\":\"https:\/\/experienciadevida.com.ar\/portalurbano\/coronavirus-fallecieron-117-personas-en-las-ultimas-24-horas-y-el-total-llega-a-9-739\/#breadcrumb\"},\"inLanguage\":\"es\",\"potentialAction\":[{\"@type\":\"ReadAction\",\"target\":[\"https:\/\/experienciadevida.com.ar\/portalurbano\/coronavirus-fallecieron-117-personas-en-las-ultimas-24-horas-y-el-total-llega-a-9-739\/\"]}]},{\"@type\":\"BreadcrumbList\",\"@id\":\"https:\/\/experienciadevida.com.ar\/portalurbano\/coronavirus-fallecieron-117-personas-en-las-ultimas-24-horas-y-el-total-llega-a-9-739\/#breadcrumb\",\"itemListElement\":[{\"@type\":\"ListItem\",\"position\":1,\"name\":\"Portada\",\"item\":\"https:\/\/experienciadevida.com.ar\/portalurbano\/\"},{\"@type\":\"ListItem\",\"position\":2,\"name\":\"Coronavirus: fallecieron 117 personas en las \u00faltimas 24 horas y el total llega a 9.739\"}]},{\"@type\":\"WebSite\",\"@id\":\"https:\/\/experienciadevida.com.ar\/portalurbano\/#website\",\"url\":\"https:\/\/experienciadevida.com.ar\/portalurbano\/\",\"name\":\"\",\"description\":\"\",\"publisher\":{\"@id\":\"https:\/\/experienciadevida.com.ar\/portalurbano\/#organization\"},\"potentialAction\":[{\"@type\":\"SearchAction\",\"target\":{\"@type\":\"EntryPoint\",\"urlTemplate\":\"https:\/\/experienciadevida.com.ar\/portalurbano\/?s={search_term_string}\"},\"query-input\":\"required name=search_term_string\"}],\"inLanguage\":\"es\"},{\"@type\":\"Organization\",\"@id\":\"https:\/\/experienciadevida.com.ar\/portalurbano\/#organization\",\"name\":\"Portal Urbano\",\"url\":\"https:\/\/experienciadevida.com.ar\/portalurbano\/\",\"logo\":{\"@type\":\"ImageObject\",\"inLanguage\":\"es\",\"@id\":\"https:\/\/experienciadevida.com.ar\/portalurbano\/#\/schema\/logo\/image\/\",\"url\":\"https:\/\/experienciadevida.com.ar\/portalurbano\/wp-content\/uploads\/2019\/09\/Logo-Original.png\",\"contentUrl\":\"https:\/\/experienciadevida.com.ar\/portalurbano\/wp-content\/uploads\/2019\/09\/Logo-Original.png\",\"width\":2236,\"height\":1216,\"caption\":\"Portal Urbano\"},\"image\":{\"@id\":\"https:\/\/experienciadevida.com.ar\/portalurbano\/#\/schema\/logo\/image\/\"},\"sameAs\":[\"https:\/\/www.facebook.com\/Portal-Urbano-171542830093757\/\",\"https:\/\/twitter.com\/portalurbanook\",\"https:\/\/www.instagram.com\/_portalurbano\/\",\"https:\/\/www.youtube.com\/channel\/UCXhagIfszH8KxFiOok79zbA?view_as=subscriber\"]},{\"@type\":\"Person\",\"@id\":\"https:\/\/experienciadevida.com.ar\/portalurbano\/#\/schema\/person\/02dd326b1c4b056e9cc972486934a3a7\",\"name\":\"admpu17wp\",\"image\":{\"@type\":\"ImageObject\",\"inLanguage\":\"es\",\"@id\":\"https:\/\/experienciadevida.com.ar\/portalurbano\/#\/schema\/person\/image\/\",\"url\":\"https:\/\/secure.gravatar.com\/avatar\/830d4c57adaae6630765e449a6908047?s=96&d=mm&r=g\",\"contentUrl\":\"https:\/\/secure.gravatar.com\/avatar\/830d4c57adaae6630765e449a6908047?s=96&d=mm&r=g\",\"caption\":\"admpu17wp\"}}]}<\/script>\n<!-- \/ Yoast SEO plugin. -->","yoast_head_json":{"title":"Coronavirus en el pa\u00eds: Fallecieron 117 personas en las \u00faltimas 24hs","description":"La pandemia de coronavirus en el pa\u00eds, registr\u00f3 117 nuevos muertos en las \u00faltimas 24 hs,con las que el total llega a 9.739,","robots":{"index":"index","follow":"follow","max-snippet":"max-snippet:-1","max-image-preview":"max-image-preview:large","max-video-preview":"max-video-preview:-1"},"canonical":"https:\/\/experienciadevida.com.ar\/portalurbano\/coronavirus-fallecieron-117-personas-en-las-ultimas-24-horas-y-el-total-llega-a-9-739\/","og_locale":"es_ES","og_type":"article","og_title":"Coronavirus en el pa\u00eds: Fallecieron 117 personas en las \u00faltimas 24hs","og_description":"La pandemia de coronavirus en el pa\u00eds, registr\u00f3 117 nuevos muertos en las \u00faltimas 24 hs,con las que el total llega a 9.739,","og_url":"https:\/\/experienciadevida.com.ar\/portalurbano\/coronavirus-fallecieron-117-personas-en-las-ultimas-24-horas-y-el-total-llega-a-9-739\/","article_publisher":"https:\/\/www.facebook.com\/Portal-Urbano-171542830093757\/","article_published_time":"2020-09-06T01:03:29+00:00","article_modified_time":"2020-09-06T01:04:54+00:00","og_image":[{"width":1140,"height":622,"url":"https:\/\/experienciadevida.com.ar\/portalurbano\/wp-content\/uploads\/2020\/03\/CORONAVIRUS-10.jpg","type":"image\/jpeg"}],"author":"admpu17wp","twitter_card":"summary_large_image","twitter_creator":"@portalurbanook","twitter_site":"@portalurbanook","twitter_misc":{"Escrito por":"admpu17wp","Tiempo de lectura":"3 minutos"},"schema":{"@context":"https:\/\/schema.org","@graph":[{"@type":"Article","@id":"https:\/\/experienciadevida.com.ar\/portalurbano\/coronavirus-fallecieron-117-personas-en-las-ultimas-24-horas-y-el-total-llega-a-9-739\/#article","isPartOf":{"@id":"https:\/\/experienciadevida.com.ar\/portalurbano\/coronavirus-fallecieron-117-personas-en-las-ultimas-24-horas-y-el-total-llega-a-9-739\/"},"author":{"name":"admpu17wp","@id":"https:\/\/experienciadevida.com.ar\/portalurbano\/#\/schema\/person\/02dd326b1c4b056e9cc972486934a3a7"},"headline":"Coronavirus: fallecieron 117 personas en las \u00faltimas 24 horas y el total llega a 9.739","datePublished":"2020-09-06T01:03:29+00:00","dateModified":"2020-09-06T01:04:54+00:00","mainEntityOfPage":{"@id":"https:\/\/experienciadevida.com.ar\/portalurbano\/coronavirus-fallecieron-117-personas-en-las-ultimas-24-horas-y-el-total-llega-a-9-739\/"},"wordCount":534,"publisher":{"@id":"https:\/\/experienciadevida.com.ar\/portalurbano\/#organization"},"articleSection":["Coronavirus","Naci\u00f3n"],"inLanguage":"es"},{"@type":"WebPage","@id":"https:\/\/experienciadevida.com.ar\/portalurbano\/coronavirus-fallecieron-117-personas-en-las-ultimas-24-horas-y-el-total-llega-a-9-739\/","url":"https:\/\/experienciadevida.com.ar\/portalurbano\/coronavirus-fallecieron-117-personas-en-las-ultimas-24-horas-y-el-total-llega-a-9-739\/","name":"Coronavirus en el pa\u00eds: Fallecieron 117 personas en las \u00faltimas 24hs","isPartOf":{"@id":"https:\/\/experienciadevida.com.ar\/portalurbano\/#website"},"datePublished":"2020-09-06T01:03:29+00:00","dateModified":"2020-09-06T01:04:54+00:00","description":"La pandemia de coronavirus en el pa\u00eds, registr\u00f3 117 nuevos muertos en las \u00faltimas 24 hs,con las que el total llega a 9.739,","breadcrumb":{"@id":"https:\/\/experienciadevida.com.ar\/portalurbano\/coronavirus-fallecieron-117-personas-en-las-ultimas-24-horas-y-el-total-llega-a-9-739\/#breadcrumb"},"inLanguage":"es","potentialAction":[{"@type":"ReadAction","target":["https:\/\/experienciadevida.com.ar\/portalurbano\/coronavirus-fallecieron-117-personas-en-las-ultimas-24-horas-y-el-total-llega-a-9-739\/"]}]},{"@type":"BreadcrumbList","@id":"https:\/\/experienciadevida.com.ar\/portalurbano\/coronavirus-fallecieron-117-personas-en-las-ultimas-24-horas-y-el-total-llega-a-9-739\/#breadcrumb","itemListElement":[{"@type":"ListItem","position":1,"name":"Portada","item":"https:\/\/experienciadevida.com.ar\/portalurbano\/"},{"@type":"ListItem","position":2,"name":"Coronavirus: fallecieron 117 personas en las \u00faltimas 24 horas y el total llega a 9.739"}]},{"@type":"WebSite","@id":"https:\/\/experienciadevida.com.ar\/portalurbano\/#website","url":"https:\/\/experienciadevida.com.ar\/portalurbano\/","name":"","description":"","publisher":{"@id":"https:\/\/experienciadevida.com.ar\/portalurbano\/#organization"},"potentialAction":[{"@type":"SearchAction","target":{"@type":"EntryPoint","urlTemplate":"https:\/\/experienciadevida.com.ar\/portalurbano\/?s={search_term_string}"},"query-input":"required name=search_term_string"}],"inLanguage":"es"},{"@type":"Organization","@id":"https:\/\/experienciadevida.com.ar\/portalurbano\/#organization","name":"Portal Urbano","url":"https:\/\/experienciadevida.com.ar\/portalurbano\/","logo":{"@type":"ImageObject","inLanguage":"es","@id":"https:\/\/experienciadevida.com.ar\/portalurbano\/#\/schema\/logo\/image\/","url":"https:\/\/experienciadevida.com.ar\/portalurbano\/wp-content\/uploads\/2019\/09\/Logo-Original.png","contentUrl":"https:\/\/experienciadevida.com.ar\/portalurbano\/wp-content\/uploads\/2019\/09\/Logo-Original.png","width":2236,"height":1216,"caption":"Portal Urbano"},"image":{"@id":"https:\/\/experienciadevida.com.ar\/portalurbano\/#\/schema\/logo\/image\/"},"sameAs":["https:\/\/www.facebook.com\/Portal-Urbano-171542830093757\/","https:\/\/twitter.com\/portalurbanook","https:\/\/www.instagram.com\/_portalurbano\/","https:\/\/www.youtube.com\/channel\/UCXhagIfszH8KxFiOok79zbA?view_as=subscriber"]},{"@type":"Person","@id":"https:\/\/experienciadevida.com.ar\/portalurbano\/#\/schema\/person\/02dd326b1c4b056e9cc972486934a3a7","name":"admpu17wp","image":{"@type":"ImageObject","inLanguage":"es","@id":"https:\/\/experienciadevida.com.ar\/portalurbano\/#\/schema\/person\/image\/","url":"https:\/\/secure.gravatar.com\/avatar\/830d4c57adaae6630765e449a6908047?s=96&d=mm&r=g","contentUrl":"https:\/\/secure.gravatar.com\/avatar\/830d4c57adaae6630765e449a6908047?s=96&d=mm&r=g","caption":"admpu17wp"}}]}},"featured_image_urls":{"full":["https:\/\/experienciadevida.com.ar\/portalurbano\/wp-content\/uploads\/2020\/03\/CORONAVIRUS-10.jpg",1140,622,false],"thumbnail":["https:\/\/experienciadevida.com.ar\/portalurbano\/wp-content\/uploads\/2020\/03\/CORONAVIRUS-10-150x150.jpg",150,150,true],"medium":["https:\/\/experienciadevida.com.ar\/portalurbano\/wp-content\/uploads\/2020\/03\/CORONAVIRUS-10-300x164.jpg",300,164,true],"medium_large":["https:\/\/experienciadevida.com.ar\/portalurbano\/wp-content\/uploads\/2020\/03\/CORONAVIRUS-10-768x419.jpg",640,349,true],"large":["https:\/\/experienciadevida.com.ar\/portalurbano\/wp-content\/uploads\/2020\/03\/CORONAVIRUS-10-1024x559.jpg",640,349,true],"ug_big":["https:\/\/experienciadevida.com.ar\/portalurbano\/wp-content\/uploads\/2020\/03\/CORONAVIRUS-10-768x419.jpg",768,419,true],"1536x1536":["https:\/\/experienciadevida.com.ar\/portalurbano\/wp-content\/uploads\/2020\/03\/CORONAVIRUS-10.jpg",1140,622,false],"2048x2048":["https:\/\/experienciadevida.com.ar\/portalurbano\/wp-content\/uploads\/2020\/03\/CORONAVIRUS-10.jpg",1140,622,false],"newsever-slider-full":["https:\/\/experienciadevida.com.ar\/portalurbano\/wp-content\/uploads\/2020\/03\/CORONAVIRUS-10.jpg",1140,622,false],"newsever-featured":["https:\/\/experienciadevida.com.ar\/portalurbano\/wp-content\/uploads\/2020\/03\/CORONAVIRUS-10.jpg",1024,559,false],"newsever-medium":["https:\/\/experienciadevida.com.ar\/portalurbano\/wp-content\/uploads\/2020\/03\/CORONAVIRUS-10.jpg",720,393,false],"web-stories-poster-portrait":["https:\/\/experienciadevida.com.ar\/portalurbano\/wp-content\/uploads\/2020\/03\/CORONAVIRUS-10.jpg",640,349,false],"web-stories-publisher-logo":["https:\/\/experienciadevida.com.ar\/portalurbano\/wp-content\/uploads\/2020\/03\/CORONAVIRUS-10.jpg",96,52,false],"web-stories-thumbnail":["https:\/\/experienciadevida.com.ar\/portalurbano\/wp-content\/uploads\/2020\/03\/CORONAVIRUS-10.jpg",150,82,false]},"author_info":{"display_name":"admpu17wp","author_link":"https:\/\/experienciadevida.com.ar\/portalurbano\/author\/admpu17wp\/"},"category_info":"<a href=\"https:\/\/experienciadevida.com.ar\/portalurbano\/category\/nacion\/coronavirus\/\" rel=\"category tag\">Coronavirus<\/a> <a href=\"https:\/\/experienciadevida.com.ar\/portalurbano\/category\/nacion\/\" rel=\"category tag\">Naci\u00f3n<\/a>","tag_info":"Naci\u00f3n","comment_count":"0","amp_enabled":true,"_links":{"self":[{"href":"https:\/\/experienciadevida.com.ar\/portalurbano\/wp-json\/wp\/v2\/posts\/120450"}],"collection":[{"href":"https:\/\/experienciadevida.com.ar\/portalurbano\/wp-json\/wp\/v2\/posts"}],"about":[{"href":"https:\/\/experienciadevida.com.ar\/portalurbano\/wp-json\/wp\/v2\/types\/post"}],"author":[{"embeddable":true,"href":"https:\/\/experienciadevida.com.ar\/portalurbano\/wp-json\/wp\/v2\/users\/1"}],"replies":[{"embeddable":true,"href":"https:\/\/experienciadevida.com.ar\/portalurbano\/wp-json\/wp\/v2\/comments?post=120450"}],"version-history":[{"count":1,"href":"https:\/\/experienciadevida.com.ar\/portalurbano\/wp-json\/wp\/v2\/posts\/120450\/revisions"}],"predecessor-version":[{"id":120453,"href":"https:\/\/experienciadevida.com.ar\/portalurbano\/wp-json\/wp\/v2\/posts\/120450\/revisions\/120453"}],"wp:featuredmedia":[{"embeddable":true,"href":"https:\/\/experienciadevida.com.ar\/portalurbano\/wp-json\/wp\/v2\/media\/105802"}],"wp:attachment":[{"href":"https:\/\/experienciadevida.com.ar\/portalurbano\/wp-json\/wp\/v2\/media?parent=120450"}],"wp:term":[{"taxonomy":"category","embeddable":true,"href":"https:\/\/experienciadevida.com.ar\/portalurbano\/wp-json\/wp\/v2\/categories?post=120450"},{"taxonomy":"post_tag","embeddable":true,"href":"https:\/\/experienciadevida.com.ar\/portalurbano\/wp-json\/wp\/v2\/tags?post=120450"}],"curies":[{"name":"wp","href":"https:\/\/api.w.org\/{rel}","templated":true}]}}