{"id":120313,"date":"2020-09-04T16:26:07","date_gmt":"2020-09-04T19:26:07","guid":{"rendered":"https:\/\/experienciadevida.com.ar\/portalurbano\/?p=120313"},"modified":"2020-09-04T16:26:33","modified_gmt":"2020-09-04T19:26:33","slug":"fernandez-presento-el-programa-de-fortalecimiento-de-seguridad-seremos-implacables-con-el-codigo-penal-en-la-mano","status":"publish","type":"post","link":"https:\/\/experienciadevida.com.ar\/portalurbano\/fernandez-presento-el-programa-de-fortalecimiento-de-seguridad-seremos-implacables-con-el-codigo-penal-en-la-mano\/","title":{"rendered":"Fern\u00e1ndez present\u00f3 el Programa de Fortalecimiento de Seguridad: &#8220;Seremos implacables, con el C\u00f3digo Penal en la mano&#8221;"},"content":{"rendered":"<p>El plan est\u00e1 destinado para los municipios bonaerenses que integran el \u00c1rea Metropolitana Buenos Aires (AMBA) y demandar\u00e1 una inversi\u00f3n total prevista de 37.700 millones de pesos.<\/p>\n<p>El presidente Alberto Fern\u00e1ndez encabez\u00f3 este viernes la puesta en marcha del Programa de Fortalecimiento de Seguridad destinado para los municipios bonaerenses que integran el \u00c1rea Metropolitana Buenos Aires (AMBA), con una inversi\u00f3n total prevista de 37.700 millones de pesos.<\/p>\n<p>&#8220;El problema de la inseguridad en el Gran Buenos Aires es el tema que m\u00e1s nos preocupa, m\u00e1s all\u00e1 de la pandemia\u201d, afirm\u00f3 Fern\u00e1ndez en su discurso desde la residencia de Olivos, en el que afirm\u00f3 que \u201cla desigualdad de las sociedades es promotora del delito\u201d.<\/p>\n<p>En ese marco, el jefe de Estado sostuvo que el Gobierno nacional trabaja para \u201cdarle al que est\u00e1 peor la oportunidad de salir de ese lugar, y que no se dejen tentar por el crimen como salida\u201d y agreg\u00f3 que \u201clas principales v\u00edctimas del delito son los que menos tienen, los que est\u00e1n en la calle, y salen a lograr su sustento diario\u201d.<\/p>\n<p>En ese sentido, asegur\u00f3 que en el Gobierno ser\u00e1n \u201cimplacables\u201d con quienes delinquen, \u201ccon el C\u00f3digo Penal en la mano\u201d.<\/p>\n<p>&#8220;Si este plan funciona, la impunidad bajar\u00e1 y eso demandara m\u00e1s lugares en las c\u00e1rceles. Por eso buscamos crear c\u00e1rceles que den condiciones de encierro adecuadas a los que delinquen\u201d, dijo el mandatario al anunciar el programa que tambi\u00e9n comprende la creaci\u00f3n de nuevas unidades penitenciarias.<\/p>\n<p>Por su parte, el gobernador bonaerense, Axel Kicillof, afirm\u00f3 que plan \u201ces el m\u00e1s grande de los que se tenga memoria\u201d.<\/p>\n<p>&#8220;Este plan contempla la adquisici\u00f3n de m\u00e1s de 2.000 m\u00f3viles para la polic\u00eda, equipamiento, tecnolog\u00eda, c\u00e1maras y paradas seguras pero incluye un anuncio que no debe pasarse por alto: la construcci\u00f3n de nuevas unidades penitenciarias con m\u00e1s de 5.000 plazas y el despliegue de fuerzas federales en el conurbano\u201d, asegur\u00f3 Kicillof en el acto.<\/p>\n<p>Adem\u00e1s el mandatario bonaerense anticip\u00f3 que en los pr\u00f3ximos d\u00edas su administraci\u00f3n anunciar\u00e1 \u201cun plan integral de seguridad para toda la provincia basado en los planes de seguridad de cada uno de los 135 intendentes municipales\u201d debido a que la lucha contra el delito \u201cdebe abordarse de manera multidisciplinaria e integral\u201d.<\/p>\n<p>&#8220;Lo m\u00e1s importante que estamos haciendo hoy es decirle al pueblo de la provincia que nos estamos ocupando de la inseguridad porque entendemos que no se pueden cometer delitos\u201d, continu\u00f3 en el discurso durante el acto encabezado por Fern\u00e1ndez.<\/p>\n<p>\u00bfEn qu\u00e9 consiste el programa de fortalecimiento de seguridad?<\/p>\n<p>El jefe de Gabinete, Santiago Cafiero, destac\u00f3 que la medida incluir\u00e1 la incorporaci\u00f3n de 2.200 nuevos m\u00f3viles y el despliegue de 3.957 efectivos en el conurbano.<\/p>\n<p>&#8220;Para nosotros es muy importante poder cumplir con un compromiso que hab\u00eda tenido el Presidente y que es tener la seguridad como prioridad, y ese programa tiene una mirada integral, por eso precisamos la articulaci\u00f3n entre el Gobierno nacional, provincial y municipal en este programa&#8221;, indic\u00f3 Cafiero.<\/p>\n<p>El jefe de Gabinete indic\u00f3 que tambi\u00e9n se sumar\u00e1n c\u00e1maras de seguridad, botones antip\u00e1nico y \u201ctodo lo que tiene que ver con la tecnolog\u00eda aplicada al combate contra la inseguridad&#8221;.<\/p>\n<p>&#8220;Luego -continu\u00f3 Cafiero- se va a avanzar en el despliegue de fuerzas federales en la provincia de Buenos Aires. Son 3.957 efectivos nuevos que se van a estar desplegando, y esto equivale a un 100 por ciento m\u00e1s de efectivos&#8221;.<\/p>\n<p>El funcionario indic\u00f3 que &#8220;tambi\u00e9n se avanza con la creaci\u00f3n de 12 nuevas unidades carcelarias&#8221;.<\/p>\n<p>&#8220;Dos de estas unidades van a poder albergar 1.000 reclusos cada una, mientras que las otras 10 alcald\u00edas podr\u00e1n albergar 300 reclusos cada una. Esto lleva a que habr\u00e1 5.000 nuevas plazas para reclusos y de este modo se podr\u00e1 liberar lo que est\u00e1 sucediendo en las comisar\u00edas de la provincia de Buenos Aires y poder trasladar a los reclusos de estas comisar\u00edas a estas nuevas dependencias carcelarias&#8221;, precis\u00f3.<\/p>\n<p>En relaci\u00f3n a las llamadas &#8220;paradas seguras&#8221;, Cafiero dijo que abarcan 4.000 paradas de transporte p\u00fablico que tendr\u00e1n &#8220;bot\u00f3n antip\u00e1tico integrado con c\u00e1maras de seguridad y tambi\u00e9n con acceso inmediato de r\u00e1pida respuesta a cada una de estas paradas seguras, con una inversi\u00f3n de m\u00e1s de 3.500 millones de pesos&#8221;.<\/p>\n<p>&nbsp;<\/p>\n","protected":false},"excerpt":{"rendered":"<p>El plan est\u00e1 destinado para los municipios bonaerenses que integran el \u00c1rea Metropolitana Buenos Aires&#8230;<\/p>\n","protected":false},"author":1,"featured_media":120314,"comment_status":"closed","ping_status":"closed","sticky":false,"template":"","format":"standard","meta":{"content-type":""},"categories":[39],"tags":[],"nelio_content":{"isAutoShareEnabled":false,"autoShareEndMode":"default","automationSources":{"useContentSentences":true,"useSocialTemplates":true,"useCustomSentences":false,"customSentences":[]},"followers":[1],"suggestedReferences":[],"includedReferences":[],"efiUrl":"","efiAlt":"","highlights":[]},"yoast_head":"<!-- This site is optimized with the Yoast SEO plugin v20.7 - https:\/\/yoast.com\/wordpress\/plugins\/seo\/ -->\n<title>Fern\u00e1ndez present\u00f3 el Programa de Fortalecimiento de Seguridad: &quot;Seremos implacables, con el C\u00f3digo Penal en la mano&quot; -<\/title>\n<meta name=\"robots\" content=\"index, follow, max-snippet:-1, max-image-preview:large, max-video-preview:-1\" \/>\n<link rel=\"canonical\" href=\"https:\/\/experienciadevida.com.ar\/portalurbano\/fernandez-presento-el-programa-de-fortalecimiento-de-seguridad-seremos-implacables-con-el-codigo-penal-en-la-mano\/\" \/>\n<meta property=\"og:locale\" content=\"es_ES\" \/>\n<meta property=\"og:type\" content=\"article\" \/>\n<meta property=\"og:title\" content=\"Fern\u00e1ndez present\u00f3 el Programa de Fortalecimiento de Seguridad: &quot;Seremos implacables, con el C\u00f3digo Penal en la mano&quot; -\" \/>\n<meta property=\"og:description\" content=\"El plan est\u00e1 destinado para los municipios bonaerenses que integran el \u00c1rea Metropolitana Buenos Aires...\" \/>\n<meta property=\"og:url\" content=\"https:\/\/experienciadevida.com.ar\/portalurbano\/fernandez-presento-el-programa-de-fortalecimiento-de-seguridad-seremos-implacables-con-el-codigo-penal-en-la-mano\/\" \/>\n<meta property=\"article:publisher\" content=\"https:\/\/www.facebook.com\/Portal-Urbano-171542830093757\/\" \/>\n<meta property=\"article:published_time\" content=\"2020-09-04T19:26:07+00:00\" \/>\n<meta property=\"article:modified_time\" content=\"2020-09-04T19:26:33+00:00\" \/>\n<meta property=\"og:image\" content=\"https:\/\/experienciadevida.com.ar\/portalurbano\/wp-content\/uploads\/2020\/09\/FERNANDEZ-e1599247350566.jpg\" \/>\n\t<meta property=\"og:image:width\" content=\"765\" \/>\n\t<meta property=\"og:image:height\" content=\"510\" \/>\n\t<meta property=\"og:image:type\" content=\"image\/jpeg\" \/>\n<meta name=\"author\" content=\"admpu17wp\" \/>\n<meta name=\"twitter:card\" content=\"summary_large_image\" \/>\n<meta name=\"twitter:creator\" content=\"@portalurbanook\" \/>\n<meta name=\"twitter:site\" content=\"@portalurbanook\" \/>\n<meta name=\"twitter:label1\" content=\"Escrito por\" \/>\n\t<meta name=\"twitter:data1\" content=\"admpu17wp\" \/>\n\t<meta name=\"twitter:label2\" content=\"Tiempo de lectura\" \/>\n\t<meta name=\"twitter:data2\" content=\"4 minutos\" \/>\n<script type=\"application\/ld+json\" class=\"yoast-schema-graph\">{\"@context\":\"https:\/\/schema.org\",\"@graph\":[{\"@type\":\"Article\",\"@id\":\"https:\/\/experienciadevida.com.ar\/portalurbano\/fernandez-presento-el-programa-de-fortalecimiento-de-seguridad-seremos-implacables-con-el-codigo-penal-en-la-mano\/#article\",\"isPartOf\":{\"@id\":\"https:\/\/experienciadevida.com.ar\/portalurbano\/fernandez-presento-el-programa-de-fortalecimiento-de-seguridad-seremos-implacables-con-el-codigo-penal-en-la-mano\/\"},\"author\":{\"name\":\"admpu17wp\",\"@id\":\"https:\/\/experienciadevida.com.ar\/portalurbano\/#\/schema\/person\/02dd326b1c4b056e9cc972486934a3a7\"},\"headline\":\"Fern\u00e1ndez present\u00f3 el Programa de Fortalecimiento de Seguridad: &#8220;Seremos implacables, con el C\u00f3digo Penal en la mano&#8221;\",\"datePublished\":\"2020-09-04T19:26:07+00:00\",\"dateModified\":\"2020-09-04T19:26:33+00:00\",\"mainEntityOfPage\":{\"@id\":\"https:\/\/experienciadevida.com.ar\/portalurbano\/fernandez-presento-el-programa-de-fortalecimiento-de-seguridad-seremos-implacables-con-el-codigo-penal-en-la-mano\/\"},\"wordCount\":753,\"publisher\":{\"@id\":\"https:\/\/experienciadevida.com.ar\/portalurbano\/#organization\"},\"articleSection\":[\"Naci\u00f3n\"],\"inLanguage\":\"es\"},{\"@type\":\"WebPage\",\"@id\":\"https:\/\/experienciadevida.com.ar\/portalurbano\/fernandez-presento-el-programa-de-fortalecimiento-de-seguridad-seremos-implacables-con-el-codigo-penal-en-la-mano\/\",\"url\":\"https:\/\/experienciadevida.com.ar\/portalurbano\/fernandez-presento-el-programa-de-fortalecimiento-de-seguridad-seremos-implacables-con-el-codigo-penal-en-la-mano\/\",\"name\":\"Fern\u00e1ndez present\u00f3 el Programa de Fortalecimiento de Seguridad: \\\"Seremos implacables, con el C\u00f3digo Penal en la mano\\\" -\",\"isPartOf\":{\"@id\":\"https:\/\/experienciadevida.com.ar\/portalurbano\/#website\"},\"datePublished\":\"2020-09-04T19:26:07+00:00\",\"dateModified\":\"2020-09-04T19:26:33+00:00\",\"breadcrumb\":{\"@id\":\"https:\/\/experienciadevida.com.ar\/portalurbano\/fernandez-presento-el-programa-de-fortalecimiento-de-seguridad-seremos-implacables-con-el-codigo-penal-en-la-mano\/#breadcrumb\"},\"inLanguage\":\"es\",\"potentialAction\":[{\"@type\":\"ReadAction\",\"target\":[\"https:\/\/experienciadevida.com.ar\/portalurbano\/fernandez-presento-el-programa-de-fortalecimiento-de-seguridad-seremos-implacables-con-el-codigo-penal-en-la-mano\/\"]}]},{\"@type\":\"BreadcrumbList\",\"@id\":\"https:\/\/experienciadevida.com.ar\/portalurbano\/fernandez-presento-el-programa-de-fortalecimiento-de-seguridad-seremos-implacables-con-el-codigo-penal-en-la-mano\/#breadcrumb\",\"itemListElement\":[{\"@type\":\"ListItem\",\"position\":1,\"name\":\"Portada\",\"item\":\"https:\/\/experienciadevida.com.ar\/portalurbano\/\"},{\"@type\":\"ListItem\",\"position\":2,\"name\":\"Fern\u00e1ndez present\u00f3 el Programa de Fortalecimiento de Seguridad: \u00abSeremos implacables, con el C\u00f3digo Penal en la mano\u00bb\"}]},{\"@type\":\"WebSite\",\"@id\":\"https:\/\/experienciadevida.com.ar\/portalurbano\/#website\",\"url\":\"https:\/\/experienciadevida.com.ar\/portalurbano\/\",\"name\":\"\",\"description\":\"\",\"publisher\":{\"@id\":\"https:\/\/experienciadevida.com.ar\/portalurbano\/#organization\"},\"potentialAction\":[{\"@type\":\"SearchAction\",\"target\":{\"@type\":\"EntryPoint\",\"urlTemplate\":\"https:\/\/experienciadevida.com.ar\/portalurbano\/?s={search_term_string}\"},\"query-input\":\"required name=search_term_string\"}],\"inLanguage\":\"es\"},{\"@type\":\"Organization\",\"@id\":\"https:\/\/experienciadevida.com.ar\/portalurbano\/#organization\",\"name\":\"Portal Urbano\",\"url\":\"https:\/\/experienciadevida.com.ar\/portalurbano\/\",\"logo\":{\"@type\":\"ImageObject\",\"inLanguage\":\"es\",\"@id\":\"https:\/\/experienciadevida.com.ar\/portalurbano\/#\/schema\/logo\/image\/\",\"url\":\"https:\/\/experienciadevida.com.ar\/portalurbano\/wp-content\/uploads\/2019\/09\/Logo-Original.png\",\"contentUrl\":\"https:\/\/experienciadevida.com.ar\/portalurbano\/wp-content\/uploads\/2019\/09\/Logo-Original.png\",\"width\":2236,\"height\":1216,\"caption\":\"Portal Urbano\"},\"image\":{\"@id\":\"https:\/\/experienciadevida.com.ar\/portalurbano\/#\/schema\/logo\/image\/\"},\"sameAs\":[\"https:\/\/www.facebook.com\/Portal-Urbano-171542830093757\/\",\"https:\/\/twitter.com\/portalurbanook\",\"https:\/\/www.instagram.com\/_portalurbano\/\",\"https:\/\/www.youtube.com\/channel\/UCXhagIfszH8KxFiOok79zbA?view_as=subscriber\"]},{\"@type\":\"Person\",\"@id\":\"https:\/\/experienciadevida.com.ar\/portalurbano\/#\/schema\/person\/02dd326b1c4b056e9cc972486934a3a7\",\"name\":\"admpu17wp\",\"image\":{\"@type\":\"ImageObject\",\"inLanguage\":\"es\",\"@id\":\"https:\/\/experienciadevida.com.ar\/portalurbano\/#\/schema\/person\/image\/\",\"url\":\"https:\/\/secure.gravatar.com\/avatar\/830d4c57adaae6630765e449a6908047?s=96&d=mm&r=g\",\"contentUrl\":\"https:\/\/secure.gravatar.com\/avatar\/830d4c57adaae6630765e449a6908047?s=96&d=mm&r=g\",\"caption\":\"admpu17wp\"}}]}<\/script>\n<!-- \/ Yoast SEO plugin. -->","yoast_head_json":{"title":"Fern\u00e1ndez present\u00f3 el Programa de Fortalecimiento de Seguridad: \"Seremos implacables, con el C\u00f3digo Penal en la mano\" -","robots":{"index":"index","follow":"follow","max-snippet":"max-snippet:-1","max-image-preview":"max-image-preview:large","max-video-preview":"max-video-preview:-1"},"canonical":"https:\/\/experienciadevida.com.ar\/portalurbano\/fernandez-presento-el-programa-de-fortalecimiento-de-seguridad-seremos-implacables-con-el-codigo-penal-en-la-mano\/","og_locale":"es_ES","og_type":"article","og_title":"Fern\u00e1ndez present\u00f3 el Programa de Fortalecimiento de Seguridad: \"Seremos implacables, con el C\u00f3digo Penal en la mano\" -","og_description":"El plan est\u00e1 destinado para los municipios bonaerenses que integran el \u00c1rea Metropolitana Buenos Aires...","og_url":"https:\/\/experienciadevida.com.ar\/portalurbano\/fernandez-presento-el-programa-de-fortalecimiento-de-seguridad-seremos-implacables-con-el-codigo-penal-en-la-mano\/","article_publisher":"https:\/\/www.facebook.com\/Portal-Urbano-171542830093757\/","article_published_time":"2020-09-04T19:26:07+00:00","article_modified_time":"2020-09-04T19:26:33+00:00","og_image":[{"width":765,"height":510,"url":"https:\/\/experienciadevida.com.ar\/portalurbano\/wp-content\/uploads\/2020\/09\/FERNANDEZ-e1599247350566.jpg","type":"image\/jpeg"}],"author":"admpu17wp","twitter_card":"summary_large_image","twitter_creator":"@portalurbanook","twitter_site":"@portalurbanook","twitter_misc":{"Escrito por":"admpu17wp","Tiempo de lectura":"4 minutos"},"schema":{"@context":"https:\/\/schema.org","@graph":[{"@type":"Article","@id":"https:\/\/experienciadevida.com.ar\/portalurbano\/fernandez-presento-el-programa-de-fortalecimiento-de-seguridad-seremos-implacables-con-el-codigo-penal-en-la-mano\/#article","isPartOf":{"@id":"https:\/\/experienciadevida.com.ar\/portalurbano\/fernandez-presento-el-programa-de-fortalecimiento-de-seguridad-seremos-implacables-con-el-codigo-penal-en-la-mano\/"},"author":{"name":"admpu17wp","@id":"https:\/\/experienciadevida.com.ar\/portalurbano\/#\/schema\/person\/02dd326b1c4b056e9cc972486934a3a7"},"headline":"Fern\u00e1ndez present\u00f3 el Programa de Fortalecimiento de Seguridad: &#8220;Seremos implacables, con el C\u00f3digo Penal en la mano&#8221;","datePublished":"2020-09-04T19:26:07+00:00","dateModified":"2020-09-04T19:26:33+00:00","mainEntityOfPage":{"@id":"https:\/\/experienciadevida.com.ar\/portalurbano\/fernandez-presento-el-programa-de-fortalecimiento-de-seguridad-seremos-implacables-con-el-codigo-penal-en-la-mano\/"},"wordCount":753,"publisher":{"@id":"https:\/\/experienciadevida.com.ar\/portalurbano\/#organization"},"articleSection":["Naci\u00f3n"],"inLanguage":"es"},{"@type":"WebPage","@id":"https:\/\/experienciadevida.com.ar\/portalurbano\/fernandez-presento-el-programa-de-fortalecimiento-de-seguridad-seremos-implacables-con-el-codigo-penal-en-la-mano\/","url":"https:\/\/experienciadevida.com.ar\/portalurbano\/fernandez-presento-el-programa-de-fortalecimiento-de-seguridad-seremos-implacables-con-el-codigo-penal-en-la-mano\/","name":"Fern\u00e1ndez present\u00f3 el Programa de Fortalecimiento de Seguridad: \"Seremos implacables, con el C\u00f3digo Penal en la mano\" -","isPartOf":{"@id":"https:\/\/experienciadevida.com.ar\/portalurbano\/#website"},"datePublished":"2020-09-04T19:26:07+00:00","dateModified":"2020-09-04T19:26:33+00:00","breadcrumb":{"@id":"https:\/\/experienciadevida.com.ar\/portalurbano\/fernandez-presento-el-programa-de-fortalecimiento-de-seguridad-seremos-implacables-con-el-codigo-penal-en-la-mano\/#breadcrumb"},"inLanguage":"es","potentialAction":[{"@type":"ReadAction","target":["https:\/\/experienciadevida.com.ar\/portalurbano\/fernandez-presento-el-programa-de-fortalecimiento-de-seguridad-seremos-implacables-con-el-codigo-penal-en-la-mano\/"]}]},{"@type":"BreadcrumbList","@id":"https:\/\/experienciadevida.com.ar\/portalurbano\/fernandez-presento-el-programa-de-fortalecimiento-de-seguridad-seremos-implacables-con-el-codigo-penal-en-la-mano\/#breadcrumb","itemListElement":[{"@type":"ListItem","position":1,"name":"Portada","item":"https:\/\/experienciadevida.com.ar\/portalurbano\/"},{"@type":"ListItem","position":2,"name":"Fern\u00e1ndez present\u00f3 el Programa de Fortalecimiento de Seguridad: \u00abSeremos implacables, con el C\u00f3digo Penal en la mano\u00bb"}]},{"@type":"WebSite","@id":"https:\/\/experienciadevida.com.ar\/portalurbano\/#website","url":"https:\/\/experienciadevida.com.ar\/portalurbano\/","name":"","description":"","publisher":{"@id":"https:\/\/experienciadevida.com.ar\/portalurbano\/#organization"},"potentialAction":[{"@type":"SearchAction","target":{"@type":"EntryPoint","urlTemplate":"https:\/\/experienciadevida.com.ar\/portalurbano\/?s={search_term_string}"},"query-input":"required name=search_term_string"}],"inLanguage":"es"},{"@type":"Organization","@id":"https:\/\/experienciadevida.com.ar\/portalurbano\/#organization","name":"Portal Urbano","url":"https:\/\/experienciadevida.com.ar\/portalurbano\/","logo":{"@type":"ImageObject","inLanguage":"es","@id":"https:\/\/experienciadevida.com.ar\/portalurbano\/#\/schema\/logo\/image\/","url":"https:\/\/experienciadevida.com.ar\/portalurbano\/wp-content\/uploads\/2019\/09\/Logo-Original.png","contentUrl":"https:\/\/experienciadevida.com.ar\/portalurbano\/wp-content\/uploads\/2019\/09\/Logo-Original.png","width":2236,"height":1216,"caption":"Portal Urbano"},"image":{"@id":"https:\/\/experienciadevida.com.ar\/portalurbano\/#\/schema\/logo\/image\/"},"sameAs":["https:\/\/www.facebook.com\/Portal-Urbano-171542830093757\/","https:\/\/twitter.com\/portalurbanook","https:\/\/www.instagram.com\/_portalurbano\/","https:\/\/www.youtube.com\/channel\/UCXhagIfszH8KxFiOok79zbA?view_as=subscriber"]},{"@type":"Person","@id":"https:\/\/experienciadevida.com.ar\/portalurbano\/#\/schema\/person\/02dd326b1c4b056e9cc972486934a3a7","name":"admpu17wp","image":{"@type":"ImageObject","inLanguage":"es","@id":"https:\/\/experienciadevida.com.ar\/portalurbano\/#\/schema\/person\/image\/","url":"https:\/\/secure.gravatar.com\/avatar\/830d4c57adaae6630765e449a6908047?s=96&d=mm&r=g","contentUrl":"https:\/\/secure.gravatar.com\/avatar\/830d4c57adaae6630765e449a6908047?s=96&d=mm&r=g","caption":"admpu17wp"}}]}},"featured_image_urls":{"full":["https:\/\/experienciadevida.com.ar\/portalurbano\/wp-content\/uploads\/2020\/09\/FERNANDEZ-e1599247350566.jpg",765,510,false],"thumbnail":["https:\/\/experienciadevida.com.ar\/portalurbano\/wp-content\/uploads\/2020\/09\/FERNANDEZ-150x150.jpg",150,150,true],"medium":["https:\/\/experienciadevida.com.ar\/portalurbano\/wp-content\/uploads\/2020\/09\/FERNANDEZ-300x200.jpg",300,200,true],"medium_large":["https:\/\/experienciadevida.com.ar\/portalurbano\/wp-content\/uploads\/2020\/09\/FERNANDEZ-768x512.jpg",640,427,true],"large":["https:\/\/experienciadevida.com.ar\/portalurbano\/wp-content\/uploads\/2020\/09\/FERNANDEZ-1024x683.jpg",640,427,true],"ug_big":["https:\/\/experienciadevida.com.ar\/portalurbano\/wp-content\/uploads\/2020\/09\/FERNANDEZ-768x512.jpg",768,512,true],"1536x1536":["https:\/\/experienciadevida.com.ar\/portalurbano\/wp-content\/uploads\/2020\/09\/FERNANDEZ-e1599247350566.jpg",765,510,false],"2048x2048":["https:\/\/experienciadevida.com.ar\/portalurbano\/wp-content\/uploads\/2020\/09\/FERNANDEZ-e1599247350566.jpg",765,510,false],"newsever-slider-full":["https:\/\/experienciadevida.com.ar\/portalurbano\/wp-content\/uploads\/2020\/09\/FERNANDEZ-e1599247350566.jpg",765,510,false],"newsever-featured":["https:\/\/experienciadevida.com.ar\/portalurbano\/wp-content\/uploads\/2020\/09\/FERNANDEZ-e1599247350566.jpg",765,510,false],"newsever-medium":["https:\/\/experienciadevida.com.ar\/portalurbano\/wp-content\/uploads\/2020\/09\/FERNANDEZ-e1599247350566.jpg",713,475,false],"web-stories-poster-portrait":["https:\/\/experienciadevida.com.ar\/portalurbano\/wp-content\/uploads\/2020\/09\/FERNANDEZ-e1599247350566.jpg",640,427,false],"web-stories-publisher-logo":["https:\/\/experienciadevida.com.ar\/portalurbano\/wp-content\/uploads\/2020\/09\/FERNANDEZ-e1599247350566.jpg",96,64,false],"web-stories-thumbnail":["https:\/\/experienciadevida.com.ar\/portalurbano\/wp-content\/uploads\/2020\/09\/FERNANDEZ-e1599247350566.jpg",150,100,false]},"author_info":{"display_name":"admpu17wp","author_link":"https:\/\/experienciadevida.com.ar\/portalurbano\/author\/admpu17wp\/"},"category_info":"<a href=\"https:\/\/experienciadevida.com.ar\/portalurbano\/category\/nacion\/\" rel=\"category tag\">Naci\u00f3n<\/a>","tag_info":"Naci\u00f3n","comment_count":"0","amp_enabled":true,"_links":{"self":[{"href":"https:\/\/experienciadevida.com.ar\/portalurbano\/wp-json\/wp\/v2\/posts\/120313"}],"collection":[{"href":"https:\/\/experienciadevida.com.ar\/portalurbano\/wp-json\/wp\/v2\/posts"}],"about":[{"href":"https:\/\/experienciadevida.com.ar\/portalurbano\/wp-json\/wp\/v2\/types\/post"}],"author":[{"embeddable":true,"href":"https:\/\/experienciadevida.com.ar\/portalurbano\/wp-json\/wp\/v2\/users\/1"}],"replies":[{"embeddable":true,"href":"https:\/\/experienciadevida.com.ar\/portalurbano\/wp-json\/wp\/v2\/comments?post=120313"}],"version-history":[{"count":2,"href":"https:\/\/experienciadevida.com.ar\/portalurbano\/wp-json\/wp\/v2\/posts\/120313\/revisions"}],"predecessor-version":[{"id":120317,"href":"https:\/\/experienciadevida.com.ar\/portalurbano\/wp-json\/wp\/v2\/posts\/120313\/revisions\/120317"}],"wp:featuredmedia":[{"embeddable":true,"href":"https:\/\/experienciadevida.com.ar\/portalurbano\/wp-json\/wp\/v2\/media\/120314"}],"wp:attachment":[{"href":"https:\/\/experienciadevida.com.ar\/portalurbano\/wp-json\/wp\/v2\/media?parent=120313"}],"wp:term":[{"taxonomy":"category","embeddable":true,"href":"https:\/\/experienciadevida.com.ar\/portalurbano\/wp-json\/wp\/v2\/categories?post=120313"},{"taxonomy":"post_tag","embeddable":true,"href":"https:\/\/experienciadevida.com.ar\/portalurbano\/wp-json\/wp\/v2\/tags?post=120313"}],"curies":[{"name":"wp","href":"https:\/\/api.w.org\/{rel}","templated":true}]}}