{"id":120106,"date":"2020-09-03T14:28:43","date_gmt":"2020-09-03T17:28:43","guid":{"rendered":"https:\/\/experienciadevida.com.ar\/portalurbano\/?p=120106"},"modified":"2020-09-03T14:35:57","modified_gmt":"2020-09-03T17:35:57","slug":"operacion-punzar-se-hicieron-allanamientos-en-olavarria-y-detenciones","status":"publish","type":"post","link":"https:\/\/experienciadevida.com.ar\/portalurbano\/operacion-punzar-se-hicieron-allanamientos-en-olavarria-y-detenciones\/","title":{"rendered":"Operaci\u00f3n Punzar: Se hicieron allanamientos en Olavarr\u00eda y detenciones"},"content":{"rendered":"<p>Este jueves se hizo una conferencia de prensa encabezada por la Ministra de Seguridad, donde se brindaron detalles de los allanamientos realizados en nuestra ciudad y otros puntos de la Provincia de Buenos Aires.<\/p>\n<p>No se brindaron mayores precisiones sobre las identidades de las personas, detenidas de Olavarr\u00eda pero hubo ocho allanamientos y 6 detenidos.<\/p>\n<p>Agentes Federales del Departamento Delitos Ambientales, desbarataron una organizaci\u00f3n delictiva dedicada al robo de petr\u00f3leo a la firma Yacimientos Petrol\u00edferos Fiscales (YPF), para luego procesarla como combustible en una planta ilegal de hidrocarburos y ser vendida en diferentes puntos del pa\u00eds.<\/p>\n<p>El hecho se inicio en noviembre de 2019, con el objeto de identificar una planta ubicada en la localidad bonaerense de Valent\u00edn Alsina, dedicada al tratamiento de hidrocarburos, la cual arrojaba residuos producto de dicho procesamiento, a la cuenca Matanza- Riachuelo, en infracci\u00f3n a la ley sobre \u201cTratamiento de Residuos Peligrosos\u201d. Dicha maniobra ilegal, se llevaba a cabo a trav\u00e9s de una empresa que utilizaba remitos y facturas ap\u00f3crifas, utilizadas para distribuir los hidrocarburos en diferentes provincias.<\/p>\n<p>Con dichas pruebas y por orden de la Fiscal\u00eda Federal N\u00ba2 de Lomas de Zamora a cargo de la Dra. Cecilia Patricia Incardona que llev\u00f3 a cabo toda la instrucci\u00f3n, los efectivos federales efectuaron minuciosas pesquisas durante varios d\u00edas, pudiendo establecer que dicha organizaci\u00f3n delictiva se dedica al robo, encubrimiento, usurpaci\u00f3n de inmuebles, adulteraci\u00f3n de combustible, transporte ilegal de hidrocarburos, tr\u00e1fico de influencias, falsificaci\u00f3n de documentos y comercializaci\u00f3n ilegal de combustibles.<\/p>\n<p>As\u00ed mismo personal de YPF precis\u00f3 que el robo y extracci\u00f3n de petr\u00f3leo crudo se efectuaba a trav\u00e9s de una punci\u00f3n en uno de los oleoductos de la empresa, lo cual generaba un peligroso impacto en el medio ambiente. Al continuar con las investigaciones, la polic\u00eda pudo determinar la participaci\u00f3n de varias personas y empresas, como tambi\u00e9n el rol de cada uno de ellos, describiendo la gran magnitud de esta asociaci\u00f3n il\u00edcita.<\/p>\n<p>A ra\u00edz de ello y con las pruebas obtenidas, el Juzgado de Primera Instancia en lo Criminal y Correccional Federal N\u00ba2 de Lomas de Zamora, a cargo del Dr. Juan Pablo Auge, Secretar\u00eda N\u00ba5 a cargo del Dr. Maximiliano Callizo, orden\u00f3 treinta y nueve allanamientos efectuados en el conurbano bonaerense ubicados en las localidades de Canning, Valent\u00edn Alsina, Gonz\u00e1lez Cat\u00e1n, Udaondo, Villa Centenario, Villa Gregorio Matorras, Luis Guill\u00f3n, Isidro Casanova, Hurlingham, Burzaco, en los partidos de Lan\u00fas, Pilar, Avellaneda, General Rodr\u00edguez, Ca\u00f1uelas y en las ciudades de Azul, Olavarr\u00eda, Rosario, General Roca, Catriel, Neuqu\u00e9n y Cutral Co.<\/p>\n<p>Durante el procedimiento se detuvieron a veintitr\u00e9s personas, entre ellos los cabecillas de dicha organizaci\u00f3n y se procedi\u00f3 a la clausura de ocho objetivos. Adem\u00e1s se secuestraron 17.238.440 de pesos en efectivo, 5.470 d\u00f3lares, 2.485 euros, siete camiones, seis cisternas, doce livianos, bombas de succi\u00f3n, quince tramos de manguera utilizadas en el cami\u00f3n cisterna, treinta y cuatro veh\u00edculos, tres motos, herramientas especiales para realizar la operaci\u00f3n denominada \u201cboca de pez\u201d en los oleoductos para extracci\u00f3n de crudo, un mini laboratorio conteniendo diversos productos qu\u00edmicos como colorantes y aromatizantes, cuarenta y un tel\u00e9fonos celulares, tres escopetas, una carabina, una pistola, ciento treinta cartuchos a bala, once notebooks y dem\u00e1s elementos de inter\u00e9s para la causa. Cabe destacar que uno de los camiones cisterna pose\u00eda todav\u00eda en su interior 20 mil litros de petr\u00f3leo.<\/p>\n<p>Los detenidos, todos argentinos mayores de edad, junto a los elementos secuestrados, quedaron a disposici\u00f3n del magistrado interventor.<\/p>\n<p>Se destaca la cooperaci\u00f3n entre el Ministerio P\u00fablico Fiscal, Detectives de distintas especialidades de la PFA, personal t\u00e9cnico de la empresa YPF y de la AFIP para desentra\u00f1ar totalmente la organizaci\u00f3n.<\/p>\n<div class=\"slider-gallery-wrapper \"><div class=\"slider-gallery\"><div id=\"sliderify-carousel-1\" class=\"owl-carousel\"><div class=\"sliderify-owl-item-inner\"><img src=\"https:\/\/experienciadevida.com.ar\/portalurbano\/wp-content\/uploads\/2020\/09\/POLICIAFEDERAL1.jpg\"><\/div><div class=\"sliderify-owl-item-inner\"><img src=\"https:\/\/experienciadevida.com.ar\/portalurbano\/wp-content\/uploads\/2020\/09\/POLICIAFEDERAL2.jpg\"><\/div><div class=\"sliderify-owl-item-inner\"><img src=\"https:\/\/experienciadevida.com.ar\/portalurbano\/wp-content\/uploads\/2020\/09\/POLICIAFEDERAL3.jpg\"><\/div><div class=\"sliderify-owl-item-inner\"><img src=\"https:\/\/experienciadevida.com.ar\/portalurbano\/wp-content\/uploads\/2020\/09\/POLICIAFEDERAL4.jpg\"><\/div><div class=\"sliderify-owl-item-inner\"><img src=\"https:\/\/experienciadevida.com.ar\/portalurbano\/wp-content\/uploads\/2020\/09\/POLICIAFEDERAL5.jpg\"><\/div><div class=\"sliderify-owl-item-inner\"><img src=\"https:\/\/experienciadevida.com.ar\/portalurbano\/wp-content\/uploads\/2020\/09\/POLICIAFEDERAL6.jpg\"><\/div><div class=\"sliderify-owl-item-inner\"><img src=\"https:\/\/experienciadevida.com.ar\/portalurbano\/wp-content\/uploads\/2020\/09\/POLICIAFEDERAL7.jpg\"><\/div><div class=\"sliderify-owl-item-inner\"><img src=\"https:\/\/experienciadevida.com.ar\/portalurbano\/wp-content\/uploads\/2020\/09\/POLICIAFEDERAL8.jpg\"><\/div><div class=\"sliderify-owl-item-inner\"><img src=\"https:\/\/experienciadevida.com.ar\/portalurbano\/wp-content\/uploads\/2020\/09\/POLICIAFEDERAL9.jpg\"><\/div><div class=\"sliderify-owl-item-inner\"><img src=\"https:\/\/experienciadevida.com.ar\/portalurbano\/wp-content\/uploads\/2020\/09\/POLICIAFEDERAL10.jpg\"><\/div><div class=\"sliderify-owl-item-inner\"><img src=\"https:\/\/experienciadevida.com.ar\/portalurbano\/wp-content\/uploads\/2020\/09\/POLICIAFEDERAL11.jpg\"><\/div><div class=\"sliderify-owl-item-inner\"><img src=\"https:\/\/experienciadevida.com.ar\/portalurbano\/wp-content\/uploads\/2020\/09\/POLICIAFEDERAL12.jpg\"><\/div><div class=\"sliderify-owl-item-inner\"><img src=\"https:\/\/experienciadevida.com.ar\/portalurbano\/wp-content\/uploads\/2020\/09\/POLICIAFEDERAL-e1599154092111.jpg\"><\/div><\/div><!-- .owl-carousel --><\/div><!-- .slider-gallery --><\/div><!-- .slider-gallery-wrapper --><script>\n\t\t\tjQuery(document).ready(function($){\n\t\t\t\tcarousel1 = $('#sliderify-carousel-1');\ncarousel1.imagesLoaded(function(){carousel1.owlCarousel({items:1,\nstagePadding:0,\nnav:1,\nnavText:['<span><\/span><span><\/span>','<span><\/span><span><\/span>'],\ncenter:1,\nloop:1,\nmargin:0,\nautoWidth:false,\nautoHeight:true,\nstageOuterClass:'sliderify-stage-outer',\nstageClass:'sliderify-stage',\nnavContainerClass:'sliderify-nav',\ncontrolsClass:'sliderify-controls',\ndotsClass:'sliderify-dots',\ndotClass:'sliderify-dot',\nonInitialized:function(event){\n\t\t\t\tconsole.log('init');\n\t\t\t},\n});});\n});\n\t\t\t<\/script>\n","protected":false},"excerpt":{"rendered":"<p>Este jueves se hizo una conferencia de prensa encabezada por la Ministra de Seguridad, donde&#8230;<\/p>\n","protected":false},"author":1,"featured_media":120107,"comment_status":"closed","ping_status":"closed","sticky":false,"template":"","format":"standard","meta":{"content-type":""},"categories":[51,40],"tags":[],"nelio_content":{"isAutoShareEnabled":false,"autoShareEndMode":"default","automationSources":{"useContentSentences":true,"useSocialTemplates":true,"useCustomSentences":false,"customSentences":[]},"followers":[1],"suggestedReferences":[],"includedReferences":[],"efiUrl":"","efiAlt":"","highlights":[]},"yoast_head":"<!-- This site is optimized with the Yoast SEO plugin v20.7 - https:\/\/yoast.com\/wordpress\/plugins\/seo\/ -->\n<title>Operaci\u00f3n Punzar: Se hicieron allanamientos en Olavarr\u00eda y detenciones -<\/title>\n<meta name=\"robots\" content=\"index, follow, max-snippet:-1, max-image-preview:large, max-video-preview:-1\" \/>\n<link rel=\"canonical\" href=\"https:\/\/experienciadevida.com.ar\/portalurbano\/operacion-punzar-se-hicieron-allanamientos-en-olavarria-y-detenciones\/\" \/>\n<meta property=\"og:locale\" content=\"es_ES\" \/>\n<meta property=\"og:type\" content=\"article\" \/>\n<meta property=\"og:title\" content=\"Operaci\u00f3n Punzar: Se hicieron allanamientos en Olavarr\u00eda y detenciones -\" \/>\n<meta property=\"og:description\" content=\"Este jueves se hizo una conferencia de prensa encabezada por la Ministra de Seguridad, donde...\" \/>\n<meta property=\"og:url\" content=\"https:\/\/experienciadevida.com.ar\/portalurbano\/operacion-punzar-se-hicieron-allanamientos-en-olavarria-y-detenciones\/\" \/>\n<meta property=\"article:publisher\" content=\"https:\/\/www.facebook.com\/Portal-Urbano-171542830093757\/\" \/>\n<meta property=\"article:published_time\" content=\"2020-09-03T17:28:43+00:00\" \/>\n<meta property=\"article:modified_time\" content=\"2020-09-03T17:35:57+00:00\" \/>\n<meta property=\"og:image\" content=\"https:\/\/experienciadevida.com.ar\/portalurbano\/wp-content\/uploads\/2020\/09\/POLICIAFEDERAL-e1599154092111.jpg\" \/>\n\t<meta property=\"og:image:width\" content=\"765\" \/>\n\t<meta property=\"og:image:height\" content=\"430\" \/>\n\t<meta property=\"og:image:type\" content=\"image\/jpeg\" \/>\n<meta name=\"author\" content=\"admpu17wp\" \/>\n<meta name=\"twitter:card\" content=\"summary_large_image\" \/>\n<meta name=\"twitter:creator\" content=\"@portalurbanook\" \/>\n<meta name=\"twitter:site\" content=\"@portalurbanook\" \/>\n<meta name=\"twitter:label1\" content=\"Escrito por\" \/>\n\t<meta name=\"twitter:data1\" content=\"admpu17wp\" \/>\n\t<meta name=\"twitter:label2\" content=\"Tiempo de lectura\" \/>\n\t<meta name=\"twitter:data2\" content=\"3 minutos\" \/>\n<script type=\"application\/ld+json\" class=\"yoast-schema-graph\">{\"@context\":\"https:\/\/schema.org\",\"@graph\":[{\"@type\":\"Article\",\"@id\":\"https:\/\/experienciadevida.com.ar\/portalurbano\/operacion-punzar-se-hicieron-allanamientos-en-olavarria-y-detenciones\/#article\",\"isPartOf\":{\"@id\":\"https:\/\/experienciadevida.com.ar\/portalurbano\/operacion-punzar-se-hicieron-allanamientos-en-olavarria-y-detenciones\/\"},\"author\":{\"name\":\"admpu17wp\",\"@id\":\"https:\/\/experienciadevida.com.ar\/portalurbano\/#\/schema\/person\/02dd326b1c4b056e9cc972486934a3a7\"},\"headline\":\"Operaci\u00f3n Punzar: Se hicieron allanamientos en Olavarr\u00eda y detenciones\",\"datePublished\":\"2020-09-03T17:28:43+00:00\",\"dateModified\":\"2020-09-03T17:35:57+00:00\",\"mainEntityOfPage\":{\"@id\":\"https:\/\/experienciadevida.com.ar\/portalurbano\/operacion-punzar-se-hicieron-allanamientos-en-olavarria-y-detenciones\/\"},\"wordCount\":674,\"publisher\":{\"@id\":\"https:\/\/experienciadevida.com.ar\/portalurbano\/#organization\"},\"articleSection\":[\"Destacadas\",\"Policiales\"],\"inLanguage\":\"es\"},{\"@type\":\"WebPage\",\"@id\":\"https:\/\/experienciadevida.com.ar\/portalurbano\/operacion-punzar-se-hicieron-allanamientos-en-olavarria-y-detenciones\/\",\"url\":\"https:\/\/experienciadevida.com.ar\/portalurbano\/operacion-punzar-se-hicieron-allanamientos-en-olavarria-y-detenciones\/\",\"name\":\"Operaci\u00f3n Punzar: Se hicieron allanamientos en Olavarr\u00eda y detenciones -\",\"isPartOf\":{\"@id\":\"https:\/\/experienciadevida.com.ar\/portalurbano\/#website\"},\"datePublished\":\"2020-09-03T17:28:43+00:00\",\"dateModified\":\"2020-09-03T17:35:57+00:00\",\"breadcrumb\":{\"@id\":\"https:\/\/experienciadevida.com.ar\/portalurbano\/operacion-punzar-se-hicieron-allanamientos-en-olavarria-y-detenciones\/#breadcrumb\"},\"inLanguage\":\"es\",\"potentialAction\":[{\"@type\":\"ReadAction\",\"target\":[\"https:\/\/experienciadevida.com.ar\/portalurbano\/operacion-punzar-se-hicieron-allanamientos-en-olavarria-y-detenciones\/\"]}]},{\"@type\":\"BreadcrumbList\",\"@id\":\"https:\/\/experienciadevida.com.ar\/portalurbano\/operacion-punzar-se-hicieron-allanamientos-en-olavarria-y-detenciones\/#breadcrumb\",\"itemListElement\":[{\"@type\":\"ListItem\",\"position\":1,\"name\":\"Portada\",\"item\":\"https:\/\/experienciadevida.com.ar\/portalurbano\/\"},{\"@type\":\"ListItem\",\"position\":2,\"name\":\"Operaci\u00f3n Punzar: Se hicieron allanamientos en Olavarr\u00eda y detenciones\"}]},{\"@type\":\"WebSite\",\"@id\":\"https:\/\/experienciadevida.com.ar\/portalurbano\/#website\",\"url\":\"https:\/\/experienciadevida.com.ar\/portalurbano\/\",\"name\":\"\",\"description\":\"\",\"publisher\":{\"@id\":\"https:\/\/experienciadevida.com.ar\/portalurbano\/#organization\"},\"potentialAction\":[{\"@type\":\"SearchAction\",\"target\":{\"@type\":\"EntryPoint\",\"urlTemplate\":\"https:\/\/experienciadevida.com.ar\/portalurbano\/?s={search_term_string}\"},\"query-input\":\"required name=search_term_string\"}],\"inLanguage\":\"es\"},{\"@type\":\"Organization\",\"@id\":\"https:\/\/experienciadevida.com.ar\/portalurbano\/#organization\",\"name\":\"Portal Urbano\",\"url\":\"https:\/\/experienciadevida.com.ar\/portalurbano\/\",\"logo\":{\"@type\":\"ImageObject\",\"inLanguage\":\"es\",\"@id\":\"https:\/\/experienciadevida.com.ar\/portalurbano\/#\/schema\/logo\/image\/\",\"url\":\"https:\/\/experienciadevida.com.ar\/portalurbano\/wp-content\/uploads\/2019\/09\/Logo-Original.png\",\"contentUrl\":\"https:\/\/experienciadevida.com.ar\/portalurbano\/wp-content\/uploads\/2019\/09\/Logo-Original.png\",\"width\":2236,\"height\":1216,\"caption\":\"Portal Urbano\"},\"image\":{\"@id\":\"https:\/\/experienciadevida.com.ar\/portalurbano\/#\/schema\/logo\/image\/\"},\"sameAs\":[\"https:\/\/www.facebook.com\/Portal-Urbano-171542830093757\/\",\"https:\/\/twitter.com\/portalurbanook\",\"https:\/\/www.instagram.com\/_portalurbano\/\",\"https:\/\/www.youtube.com\/channel\/UCXhagIfszH8KxFiOok79zbA?view_as=subscriber\"]},{\"@type\":\"Person\",\"@id\":\"https:\/\/experienciadevida.com.ar\/portalurbano\/#\/schema\/person\/02dd326b1c4b056e9cc972486934a3a7\",\"name\":\"admpu17wp\",\"image\":{\"@type\":\"ImageObject\",\"inLanguage\":\"es\",\"@id\":\"https:\/\/experienciadevida.com.ar\/portalurbano\/#\/schema\/person\/image\/\",\"url\":\"https:\/\/secure.gravatar.com\/avatar\/830d4c57adaae6630765e449a6908047?s=96&d=mm&r=g\",\"contentUrl\":\"https:\/\/secure.gravatar.com\/avatar\/830d4c57adaae6630765e449a6908047?s=96&d=mm&r=g\",\"caption\":\"admpu17wp\"}}]}<\/script>\n<!-- \/ Yoast SEO plugin. -->","yoast_head_json":{"title":"Operaci\u00f3n Punzar: Se hicieron allanamientos en Olavarr\u00eda y detenciones -","robots":{"index":"index","follow":"follow","max-snippet":"max-snippet:-1","max-image-preview":"max-image-preview:large","max-video-preview":"max-video-preview:-1"},"canonical":"https:\/\/experienciadevida.com.ar\/portalurbano\/operacion-punzar-se-hicieron-allanamientos-en-olavarria-y-detenciones\/","og_locale":"es_ES","og_type":"article","og_title":"Operaci\u00f3n Punzar: Se hicieron allanamientos en Olavarr\u00eda y detenciones -","og_description":"Este jueves se hizo una conferencia de prensa encabezada por la Ministra de Seguridad, donde...","og_url":"https:\/\/experienciadevida.com.ar\/portalurbano\/operacion-punzar-se-hicieron-allanamientos-en-olavarria-y-detenciones\/","article_publisher":"https:\/\/www.facebook.com\/Portal-Urbano-171542830093757\/","article_published_time":"2020-09-03T17:28:43+00:00","article_modified_time":"2020-09-03T17:35:57+00:00","og_image":[{"width":765,"height":430,"url":"https:\/\/experienciadevida.com.ar\/portalurbano\/wp-content\/uploads\/2020\/09\/POLICIAFEDERAL-e1599154092111.jpg","type":"image\/jpeg"}],"author":"admpu17wp","twitter_card":"summary_large_image","twitter_creator":"@portalurbanook","twitter_site":"@portalurbanook","twitter_misc":{"Escrito por":"admpu17wp","Tiempo de lectura":"3 minutos"},"schema":{"@context":"https:\/\/schema.org","@graph":[{"@type":"Article","@id":"https:\/\/experienciadevida.com.ar\/portalurbano\/operacion-punzar-se-hicieron-allanamientos-en-olavarria-y-detenciones\/#article","isPartOf":{"@id":"https:\/\/experienciadevida.com.ar\/portalurbano\/operacion-punzar-se-hicieron-allanamientos-en-olavarria-y-detenciones\/"},"author":{"name":"admpu17wp","@id":"https:\/\/experienciadevida.com.ar\/portalurbano\/#\/schema\/person\/02dd326b1c4b056e9cc972486934a3a7"},"headline":"Operaci\u00f3n Punzar: Se hicieron allanamientos en Olavarr\u00eda y detenciones","datePublished":"2020-09-03T17:28:43+00:00","dateModified":"2020-09-03T17:35:57+00:00","mainEntityOfPage":{"@id":"https:\/\/experienciadevida.com.ar\/portalurbano\/operacion-punzar-se-hicieron-allanamientos-en-olavarria-y-detenciones\/"},"wordCount":674,"publisher":{"@id":"https:\/\/experienciadevida.com.ar\/portalurbano\/#organization"},"articleSection":["Destacadas","Policiales"],"inLanguage":"es"},{"@type":"WebPage","@id":"https:\/\/experienciadevida.com.ar\/portalurbano\/operacion-punzar-se-hicieron-allanamientos-en-olavarria-y-detenciones\/","url":"https:\/\/experienciadevida.com.ar\/portalurbano\/operacion-punzar-se-hicieron-allanamientos-en-olavarria-y-detenciones\/","name":"Operaci\u00f3n Punzar: Se hicieron allanamientos en Olavarr\u00eda y detenciones -","isPartOf":{"@id":"https:\/\/experienciadevida.com.ar\/portalurbano\/#website"},"datePublished":"2020-09-03T17:28:43+00:00","dateModified":"2020-09-03T17:35:57+00:00","breadcrumb":{"@id":"https:\/\/experienciadevida.com.ar\/portalurbano\/operacion-punzar-se-hicieron-allanamientos-en-olavarria-y-detenciones\/#breadcrumb"},"inLanguage":"es","potentialAction":[{"@type":"ReadAction","target":["https:\/\/experienciadevida.com.ar\/portalurbano\/operacion-punzar-se-hicieron-allanamientos-en-olavarria-y-detenciones\/"]}]},{"@type":"BreadcrumbList","@id":"https:\/\/experienciadevida.com.ar\/portalurbano\/operacion-punzar-se-hicieron-allanamientos-en-olavarria-y-detenciones\/#breadcrumb","itemListElement":[{"@type":"ListItem","position":1,"name":"Portada","item":"https:\/\/experienciadevida.com.ar\/portalurbano\/"},{"@type":"ListItem","position":2,"name":"Operaci\u00f3n Punzar: Se hicieron allanamientos en Olavarr\u00eda y detenciones"}]},{"@type":"WebSite","@id":"https:\/\/experienciadevida.com.ar\/portalurbano\/#website","url":"https:\/\/experienciadevida.com.ar\/portalurbano\/","name":"","description":"","publisher":{"@id":"https:\/\/experienciadevida.com.ar\/portalurbano\/#organization"},"potentialAction":[{"@type":"SearchAction","target":{"@type":"EntryPoint","urlTemplate":"https:\/\/experienciadevida.com.ar\/portalurbano\/?s={search_term_string}"},"query-input":"required name=search_term_string"}],"inLanguage":"es"},{"@type":"Organization","@id":"https:\/\/experienciadevida.com.ar\/portalurbano\/#organization","name":"Portal Urbano","url":"https:\/\/experienciadevida.com.ar\/portalurbano\/","logo":{"@type":"ImageObject","inLanguage":"es","@id":"https:\/\/experienciadevida.com.ar\/portalurbano\/#\/schema\/logo\/image\/","url":"https:\/\/experienciadevida.com.ar\/portalurbano\/wp-content\/uploads\/2019\/09\/Logo-Original.png","contentUrl":"https:\/\/experienciadevida.com.ar\/portalurbano\/wp-content\/uploads\/2019\/09\/Logo-Original.png","width":2236,"height":1216,"caption":"Portal Urbano"},"image":{"@id":"https:\/\/experienciadevida.com.ar\/portalurbano\/#\/schema\/logo\/image\/"},"sameAs":["https:\/\/www.facebook.com\/Portal-Urbano-171542830093757\/","https:\/\/twitter.com\/portalurbanook","https:\/\/www.instagram.com\/_portalurbano\/","https:\/\/www.youtube.com\/channel\/UCXhagIfszH8KxFiOok79zbA?view_as=subscriber"]},{"@type":"Person","@id":"https:\/\/experienciadevida.com.ar\/portalurbano\/#\/schema\/person\/02dd326b1c4b056e9cc972486934a3a7","name":"admpu17wp","image":{"@type":"ImageObject","inLanguage":"es","@id":"https:\/\/experienciadevida.com.ar\/portalurbano\/#\/schema\/person\/image\/","url":"https:\/\/secure.gravatar.com\/avatar\/830d4c57adaae6630765e449a6908047?s=96&d=mm&r=g","contentUrl":"https:\/\/secure.gravatar.com\/avatar\/830d4c57adaae6630765e449a6908047?s=96&d=mm&r=g","caption":"admpu17wp"}}]}},"featured_image_urls":{"full":["https:\/\/experienciadevida.com.ar\/portalurbano\/wp-content\/uploads\/2020\/09\/POLICIAFEDERAL-e1599154092111.jpg",765,430,false],"thumbnail":["https:\/\/experienciadevida.com.ar\/portalurbano\/wp-content\/uploads\/2020\/09\/POLICIAFEDERAL-150x150.jpg",150,150,true],"medium":["https:\/\/experienciadevida.com.ar\/portalurbano\/wp-content\/uploads\/2020\/09\/POLICIAFEDERAL-300x168.jpg",300,168,true],"medium_large":["https:\/\/experienciadevida.com.ar\/portalurbano\/wp-content\/uploads\/2020\/09\/POLICIAFEDERAL-768x431.jpg",640,359,true],"large":["https:\/\/experienciadevida.com.ar\/portalurbano\/wp-content\/uploads\/2020\/09\/POLICIAFEDERAL-1024x575.jpg",640,359,true],"ug_big":["https:\/\/experienciadevida.com.ar\/portalurbano\/wp-content\/uploads\/2020\/09\/POLICIAFEDERAL-768x431.jpg",768,431,true],"1536x1536":["https:\/\/experienciadevida.com.ar\/portalurbano\/wp-content\/uploads\/2020\/09\/POLICIAFEDERAL-e1599154092111.jpg",765,430,false],"2048x2048":["https:\/\/experienciadevida.com.ar\/portalurbano\/wp-content\/uploads\/2020\/09\/POLICIAFEDERAL-e1599154092111.jpg",765,430,false],"newsever-slider-full":["https:\/\/experienciadevida.com.ar\/portalurbano\/wp-content\/uploads\/2020\/09\/POLICIAFEDERAL-e1599154092111.jpg",765,430,false],"newsever-featured":["https:\/\/experienciadevida.com.ar\/portalurbano\/wp-content\/uploads\/2020\/09\/POLICIAFEDERAL-e1599154092111.jpg",765,430,false],"newsever-medium":["https:\/\/experienciadevida.com.ar\/portalurbano\/wp-content\/uploads\/2020\/09\/POLICIAFEDERAL-e1599154092111.jpg",720,405,false],"web-stories-poster-portrait":["https:\/\/experienciadevida.com.ar\/portalurbano\/wp-content\/uploads\/2020\/09\/POLICIAFEDERAL-e1599154092111.jpg",640,360,false],"web-stories-publisher-logo":["https:\/\/experienciadevida.com.ar\/portalurbano\/wp-content\/uploads\/2020\/09\/POLICIAFEDERAL-e1599154092111.jpg",96,54,false],"web-stories-thumbnail":["https:\/\/experienciadevida.com.ar\/portalurbano\/wp-content\/uploads\/2020\/09\/POLICIAFEDERAL-e1599154092111.jpg",150,84,false]},"author_info":{"display_name":"admpu17wp","author_link":"https:\/\/experienciadevida.com.ar\/portalurbano\/author\/admpu17wp\/"},"category_info":"<a href=\"https:\/\/experienciadevida.com.ar\/portalurbano\/category\/destacadas\/\" rel=\"category tag\">Destacadas<\/a> <a href=\"https:\/\/experienciadevida.com.ar\/portalurbano\/category\/policiales\/\" rel=\"category tag\">Policiales<\/a>","tag_info":"Policiales","comment_count":"0","amp_enabled":true,"_links":{"self":[{"href":"https:\/\/experienciadevida.com.ar\/portalurbano\/wp-json\/wp\/v2\/posts\/120106"}],"collection":[{"href":"https:\/\/experienciadevida.com.ar\/portalurbano\/wp-json\/wp\/v2\/posts"}],"about":[{"href":"https:\/\/experienciadevida.com.ar\/portalurbano\/wp-json\/wp\/v2\/types\/post"}],"author":[{"embeddable":true,"href":"https:\/\/experienciadevida.com.ar\/portalurbano\/wp-json\/wp\/v2\/users\/1"}],"replies":[{"embeddable":true,"href":"https:\/\/experienciadevida.com.ar\/portalurbano\/wp-json\/wp\/v2\/comments?post=120106"}],"version-history":[{"count":3,"href":"https:\/\/experienciadevida.com.ar\/portalurbano\/wp-json\/wp\/v2\/posts\/120106\/revisions"}],"predecessor-version":[{"id":120123,"href":"https:\/\/experienciadevida.com.ar\/portalurbano\/wp-json\/wp\/v2\/posts\/120106\/revisions\/120123"}],"wp:featuredmedia":[{"embeddable":true,"href":"https:\/\/experienciadevida.com.ar\/portalurbano\/wp-json\/wp\/v2\/media\/120107"}],"wp:attachment":[{"href":"https:\/\/experienciadevida.com.ar\/portalurbano\/wp-json\/wp\/v2\/media?parent=120106"}],"wp:term":[{"taxonomy":"category","embeddable":true,"href":"https:\/\/experienciadevida.com.ar\/portalurbano\/wp-json\/wp\/v2\/categories?post=120106"},{"taxonomy":"post_tag","embeddable":true,"href":"https:\/\/experienciadevida.com.ar\/portalurbano\/wp-json\/wp\/v2\/tags?post=120106"}],"curies":[{"name":"wp","href":"https:\/\/api.w.org\/{rel}","templated":true}]}}