{"id":120059,"date":"2020-09-03T10:18:19","date_gmt":"2020-09-03T13:18:19","guid":{"rendered":"https:\/\/experienciadevida.com.ar\/portalurbano\/?p=120059"},"modified":"2020-09-03T10:22:44","modified_gmt":"2020-09-03T13:22:44","slug":"carlos-bianco-el-sistema-de-fases-se-desarrollo-de-manera-consensuada","status":"publish","type":"post","link":"https:\/\/experienciadevida.com.ar\/portalurbano\/carlos-bianco-el-sistema-de-fases-se-desarrollo-de-manera-consensuada\/","title":{"rendered":"Carlos Bianco:&#8221;El sistema de fases se desarroll\u00f3 de manera consensuada&#8221;"},"content":{"rendered":"<p>En la jornada de este jueves, <strong>Carlos Bianco<\/strong> dialog\u00f3 con Radio Olavarr\u00eda, en el que afirm\u00f3 que el sistema de fases fue conversado previamente con los Intendentes y no buscan imponer nada. Adem\u00e1s dijo que es muy dif\u00edcil que los gimnasios puedan abrir sus puertas en fase 4.<\/p>\n<p>Por otro lado, el Jefe de Ministros d\u00edas atr\u00e1s coment\u00f3 que alcades y expertos coinciden en <a href=\"https:\/\/experienciadevida.com.ar\/portalurbano\/en-la-previa-al-anuncio-bianco-dijo-que-alcaldes-y-expertos-coinciden-en-no-avanzar-con-aperturas\/\">no avanzar con las aperturas en este momento de la pandemia.\u00a0<\/a><\/p>\n<p><strong>Carlos Bianco, <\/strong>Jefe de Gabinete de Ministros coment\u00f3 &#8220;Hemos<em> sido muy claros desde el comienzo, con el sistema de fases que adem\u00e1s quiero aclarar que no es un sistema que lo ha impuesto la Provincia sobre los Municipios, sino que es un sistema que se desarroll\u00f3 de manera consensuada. No es que la Provincia impuso un sistema para que los municipios abran o cierren actividades&#8221;.<\/em><\/p>\n<p>Por otro lado dijo <em>&#8220;me parece un poco peligroso que una vez que esta establecido un sistema de manera consensuada con los Intendentes nos empiecen a pedir permanentemente excepciones. La idea del sistema de fase es analizar el estado epidemiol\u00f3gico de un determinado distrito, con par\u00e1metros muy claros, y a partir de estas definiciones habilitar un paquete de actividades en cada uno de los distritos cumpliendo objetivos por un lado cuidar la salud de los vecinos y adem\u00e1s las actividades econ\u00f3micas est\u00e9n habilitadas, es en el criterio en el que nos vamos a seguir moviendo&#8221;<\/em>, dijo\u00a0<strong>Carlos Bianco<\/strong>.<\/p>\n<p>A su vez mencion\u00f3 &#8220;<em>es una zona donde estamos teniendo en las \u00faltimas dos semanas, m\u00e1s de 10 casos nuevos. Lo que pido es respetar los sistemas de fases, sobre todo para no poner en riesgo a la poblaci\u00f3n, tenemos que priorizar la salud&#8221;.<\/em><\/p>\n<p>Por \u00faltimo coment\u00f3\u00a0<strong>Carlos Bianco\u00a0<\/strong>\u00a0&#8220;<em>Nosotros lo que definimos son las fases\u00a0 y sus actividades, el Intendente a trav\u00e9s de sus propios instrumentos decide que actividad puede adoptar, lo que no puede es habilitar actividades que est\u00e9n en otra fase de acuerdo al criterio de las autoridades&#8221;,<\/em> expres\u00f3.<\/p>\n","protected":false},"excerpt":{"rendered":"<p>En la jornada de este jueves, Carlos Bianco dialog\u00f3 con Radio Olavarr\u00eda, en el que&#8230;<\/p>\n","protected":false},"author":1,"featured_media":111152,"comment_status":"closed","ping_status":"closed","sticky":false,"template":"","format":"standard","meta":{"content-type":""},"categories":[27,51],"tags":[],"nelio_content":{"isAutoShareEnabled":false,"autoShareEndMode":"default","automationSources":{"useContentSentences":true,"useSocialTemplates":true,"useCustomSentences":false,"customSentences":[]},"followers":[1],"suggestedReferences":[],"includedReferences":[],"efiUrl":"","efiAlt":"","highlights":[]},"yoast_head":"<!-- This site is optimized with the Yoast SEO plugin v20.7 - https:\/\/yoast.com\/wordpress\/plugins\/seo\/ -->\n<title>Carlos Bianco:&quot;El sistema de fases se desarroll\u00f3 de manera consensuada&quot; -<\/title>\n<meta name=\"description\" content=\"En la jornada de este jueves, Carlos Bianco afirm\u00f3 que el sistema de fases fue conversado previamente con los Intendentes.\" \/>\n<meta name=\"robots\" content=\"index, follow, max-snippet:-1, max-image-preview:large, max-video-preview:-1\" \/>\n<link rel=\"canonical\" href=\"https:\/\/experienciadevida.com.ar\/portalurbano\/carlos-bianco-el-sistema-de-fases-se-desarrollo-de-manera-consensuada\/\" \/>\n<meta property=\"og:locale\" content=\"es_ES\" \/>\n<meta property=\"og:type\" content=\"article\" \/>\n<meta property=\"og:title\" content=\"Carlos Bianco:&quot;El sistema de fases se desarroll\u00f3 de manera consensuada&quot; -\" \/>\n<meta property=\"og:description\" content=\"En la jornada de este jueves, Carlos Bianco afirm\u00f3 que el sistema de fases fue conversado previamente con los Intendentes.\" \/>\n<meta property=\"og:url\" content=\"https:\/\/experienciadevida.com.ar\/portalurbano\/carlos-bianco-el-sistema-de-fases-se-desarrollo-de-manera-consensuada\/\" \/>\n<meta property=\"article:publisher\" content=\"https:\/\/www.facebook.com\/Portal-Urbano-171542830093757\/\" \/>\n<meta property=\"article:published_time\" content=\"2020-09-03T13:18:19+00:00\" \/>\n<meta property=\"article:modified_time\" content=\"2020-09-03T13:22:44+00:00\" \/>\n<meta property=\"og:image\" content=\"https:\/\/experienciadevida.com.ar\/portalurbano\/wp-content\/uploads\/2020\/06\/CARLOSBIANCO-e1599735656610.jpg\" \/>\n\t<meta property=\"og:image:width\" content=\"750\" \/>\n\t<meta property=\"og:image:height\" content=\"420\" \/>\n\t<meta property=\"og:image:type\" content=\"image\/jpeg\" \/>\n<meta name=\"author\" content=\"admpu17wp\" \/>\n<meta name=\"twitter:card\" content=\"summary_large_image\" \/>\n<meta name=\"twitter:creator\" content=\"@portalurbanook\" \/>\n<meta name=\"twitter:site\" content=\"@portalurbanook\" \/>\n<meta name=\"twitter:label1\" content=\"Escrito por\" \/>\n\t<meta name=\"twitter:data1\" content=\"admpu17wp\" \/>\n\t<meta name=\"twitter:label2\" content=\"Tiempo de lectura\" \/>\n\t<meta name=\"twitter:data2\" content=\"2 minutos\" \/>\n<script type=\"application\/ld+json\" class=\"yoast-schema-graph\">{\"@context\":\"https:\/\/schema.org\",\"@graph\":[{\"@type\":\"Article\",\"@id\":\"https:\/\/experienciadevida.com.ar\/portalurbano\/carlos-bianco-el-sistema-de-fases-se-desarrollo-de-manera-consensuada\/#article\",\"isPartOf\":{\"@id\":\"https:\/\/experienciadevida.com.ar\/portalurbano\/carlos-bianco-el-sistema-de-fases-se-desarrollo-de-manera-consensuada\/\"},\"author\":{\"name\":\"admpu17wp\",\"@id\":\"https:\/\/experienciadevida.com.ar\/portalurbano\/#\/schema\/person\/02dd326b1c4b056e9cc972486934a3a7\"},\"headline\":\"Carlos Bianco:&#8221;El sistema de fases se desarroll\u00f3 de manera consensuada&#8221;\",\"datePublished\":\"2020-09-03T13:18:19+00:00\",\"dateModified\":\"2020-09-03T13:22:44+00:00\",\"mainEntityOfPage\":{\"@id\":\"https:\/\/experienciadevida.com.ar\/portalurbano\/carlos-bianco-el-sistema-de-fases-se-desarrollo-de-manera-consensuada\/\"},\"wordCount\":354,\"publisher\":{\"@id\":\"https:\/\/experienciadevida.com.ar\/portalurbano\/#organization\"},\"articleSection\":[\"Ciudad\",\"Destacadas\"],\"inLanguage\":\"es\"},{\"@type\":\"WebPage\",\"@id\":\"https:\/\/experienciadevida.com.ar\/portalurbano\/carlos-bianco-el-sistema-de-fases-se-desarrollo-de-manera-consensuada\/\",\"url\":\"https:\/\/experienciadevida.com.ar\/portalurbano\/carlos-bianco-el-sistema-de-fases-se-desarrollo-de-manera-consensuada\/\",\"name\":\"Carlos Bianco:\\\"El sistema de fases se desarroll\u00f3 de manera consensuada\\\" -\",\"isPartOf\":{\"@id\":\"https:\/\/experienciadevida.com.ar\/portalurbano\/#website\"},\"datePublished\":\"2020-09-03T13:18:19+00:00\",\"dateModified\":\"2020-09-03T13:22:44+00:00\",\"description\":\"En la jornada de este jueves, Carlos Bianco afirm\u00f3 que el sistema de fases fue conversado previamente con los Intendentes.\",\"breadcrumb\":{\"@id\":\"https:\/\/experienciadevida.com.ar\/portalurbano\/carlos-bianco-el-sistema-de-fases-se-desarrollo-de-manera-consensuada\/#breadcrumb\"},\"inLanguage\":\"es\",\"potentialAction\":[{\"@type\":\"ReadAction\",\"target\":[\"https:\/\/experienciadevida.com.ar\/portalurbano\/carlos-bianco-el-sistema-de-fases-se-desarrollo-de-manera-consensuada\/\"]}]},{\"@type\":\"BreadcrumbList\",\"@id\":\"https:\/\/experienciadevida.com.ar\/portalurbano\/carlos-bianco-el-sistema-de-fases-se-desarrollo-de-manera-consensuada\/#breadcrumb\",\"itemListElement\":[{\"@type\":\"ListItem\",\"position\":1,\"name\":\"Portada\",\"item\":\"https:\/\/experienciadevida.com.ar\/portalurbano\/\"},{\"@type\":\"ListItem\",\"position\":2,\"name\":\"Carlos Bianco:\u00bbEl sistema de fases se desarroll\u00f3 de manera consensuada\u00bb\"}]},{\"@type\":\"WebSite\",\"@id\":\"https:\/\/experienciadevida.com.ar\/portalurbano\/#website\",\"url\":\"https:\/\/experienciadevida.com.ar\/portalurbano\/\",\"name\":\"\",\"description\":\"\",\"publisher\":{\"@id\":\"https:\/\/experienciadevida.com.ar\/portalurbano\/#organization\"},\"potentialAction\":[{\"@type\":\"SearchAction\",\"target\":{\"@type\":\"EntryPoint\",\"urlTemplate\":\"https:\/\/experienciadevida.com.ar\/portalurbano\/?s={search_term_string}\"},\"query-input\":\"required name=search_term_string\"}],\"inLanguage\":\"es\"},{\"@type\":\"Organization\",\"@id\":\"https:\/\/experienciadevida.com.ar\/portalurbano\/#organization\",\"name\":\"Portal Urbano\",\"url\":\"https:\/\/experienciadevida.com.ar\/portalurbano\/\",\"logo\":{\"@type\":\"ImageObject\",\"inLanguage\":\"es\",\"@id\":\"https:\/\/experienciadevida.com.ar\/portalurbano\/#\/schema\/logo\/image\/\",\"url\":\"https:\/\/experienciadevida.com.ar\/portalurbano\/wp-content\/uploads\/2019\/09\/Logo-Original.png\",\"contentUrl\":\"https:\/\/experienciadevida.com.ar\/portalurbano\/wp-content\/uploads\/2019\/09\/Logo-Original.png\",\"width\":2236,\"height\":1216,\"caption\":\"Portal Urbano\"},\"image\":{\"@id\":\"https:\/\/experienciadevida.com.ar\/portalurbano\/#\/schema\/logo\/image\/\"},\"sameAs\":[\"https:\/\/www.facebook.com\/Portal-Urbano-171542830093757\/\",\"https:\/\/twitter.com\/portalurbanook\",\"https:\/\/www.instagram.com\/_portalurbano\/\",\"https:\/\/www.youtube.com\/channel\/UCXhagIfszH8KxFiOok79zbA?view_as=subscriber\"]},{\"@type\":\"Person\",\"@id\":\"https:\/\/experienciadevida.com.ar\/portalurbano\/#\/schema\/person\/02dd326b1c4b056e9cc972486934a3a7\",\"name\":\"admpu17wp\",\"image\":{\"@type\":\"ImageObject\",\"inLanguage\":\"es\",\"@id\":\"https:\/\/experienciadevida.com.ar\/portalurbano\/#\/schema\/person\/image\/\",\"url\":\"https:\/\/secure.gravatar.com\/avatar\/830d4c57adaae6630765e449a6908047?s=96&d=mm&r=g\",\"contentUrl\":\"https:\/\/secure.gravatar.com\/avatar\/830d4c57adaae6630765e449a6908047?s=96&d=mm&r=g\",\"caption\":\"admpu17wp\"}}]}<\/script>\n<!-- \/ Yoast SEO plugin. -->","yoast_head_json":{"title":"Carlos Bianco:\"El sistema de fases se desarroll\u00f3 de manera consensuada\" -","description":"En la jornada de este jueves, Carlos Bianco afirm\u00f3 que el sistema de fases fue conversado previamente con los Intendentes.","robots":{"index":"index","follow":"follow","max-snippet":"max-snippet:-1","max-image-preview":"max-image-preview:large","max-video-preview":"max-video-preview:-1"},"canonical":"https:\/\/experienciadevida.com.ar\/portalurbano\/carlos-bianco-el-sistema-de-fases-se-desarrollo-de-manera-consensuada\/","og_locale":"es_ES","og_type":"article","og_title":"Carlos Bianco:\"El sistema de fases se desarroll\u00f3 de manera consensuada\" -","og_description":"En la jornada de este jueves, Carlos Bianco afirm\u00f3 que el sistema de fases fue conversado previamente con los Intendentes.","og_url":"https:\/\/experienciadevida.com.ar\/portalurbano\/carlos-bianco-el-sistema-de-fases-se-desarrollo-de-manera-consensuada\/","article_publisher":"https:\/\/www.facebook.com\/Portal-Urbano-171542830093757\/","article_published_time":"2020-09-03T13:18:19+00:00","article_modified_time":"2020-09-03T13:22:44+00:00","og_image":[{"width":750,"height":420,"url":"https:\/\/experienciadevida.com.ar\/portalurbano\/wp-content\/uploads\/2020\/06\/CARLOSBIANCO-e1599735656610.jpg","type":"image\/jpeg"}],"author":"admpu17wp","twitter_card":"summary_large_image","twitter_creator":"@portalurbanook","twitter_site":"@portalurbanook","twitter_misc":{"Escrito por":"admpu17wp","Tiempo de lectura":"2 minutos"},"schema":{"@context":"https:\/\/schema.org","@graph":[{"@type":"Article","@id":"https:\/\/experienciadevida.com.ar\/portalurbano\/carlos-bianco-el-sistema-de-fases-se-desarrollo-de-manera-consensuada\/#article","isPartOf":{"@id":"https:\/\/experienciadevida.com.ar\/portalurbano\/carlos-bianco-el-sistema-de-fases-se-desarrollo-de-manera-consensuada\/"},"author":{"name":"admpu17wp","@id":"https:\/\/experienciadevida.com.ar\/portalurbano\/#\/schema\/person\/02dd326b1c4b056e9cc972486934a3a7"},"headline":"Carlos Bianco:&#8221;El sistema de fases se desarroll\u00f3 de manera consensuada&#8221;","datePublished":"2020-09-03T13:18:19+00:00","dateModified":"2020-09-03T13:22:44+00:00","mainEntityOfPage":{"@id":"https:\/\/experienciadevida.com.ar\/portalurbano\/carlos-bianco-el-sistema-de-fases-se-desarrollo-de-manera-consensuada\/"},"wordCount":354,"publisher":{"@id":"https:\/\/experienciadevida.com.ar\/portalurbano\/#organization"},"articleSection":["Ciudad","Destacadas"],"inLanguage":"es"},{"@type":"WebPage","@id":"https:\/\/experienciadevida.com.ar\/portalurbano\/carlos-bianco-el-sistema-de-fases-se-desarrollo-de-manera-consensuada\/","url":"https:\/\/experienciadevida.com.ar\/portalurbano\/carlos-bianco-el-sistema-de-fases-se-desarrollo-de-manera-consensuada\/","name":"Carlos Bianco:\"El sistema de fases se desarroll\u00f3 de manera consensuada\" -","isPartOf":{"@id":"https:\/\/experienciadevida.com.ar\/portalurbano\/#website"},"datePublished":"2020-09-03T13:18:19+00:00","dateModified":"2020-09-03T13:22:44+00:00","description":"En la jornada de este jueves, Carlos Bianco afirm\u00f3 que el sistema de fases fue conversado previamente con los Intendentes.","breadcrumb":{"@id":"https:\/\/experienciadevida.com.ar\/portalurbano\/carlos-bianco-el-sistema-de-fases-se-desarrollo-de-manera-consensuada\/#breadcrumb"},"inLanguage":"es","potentialAction":[{"@type":"ReadAction","target":["https:\/\/experienciadevida.com.ar\/portalurbano\/carlos-bianco-el-sistema-de-fases-se-desarrollo-de-manera-consensuada\/"]}]},{"@type":"BreadcrumbList","@id":"https:\/\/experienciadevida.com.ar\/portalurbano\/carlos-bianco-el-sistema-de-fases-se-desarrollo-de-manera-consensuada\/#breadcrumb","itemListElement":[{"@type":"ListItem","position":1,"name":"Portada","item":"https:\/\/experienciadevida.com.ar\/portalurbano\/"},{"@type":"ListItem","position":2,"name":"Carlos Bianco:\u00bbEl sistema de fases se desarroll\u00f3 de manera consensuada\u00bb"}]},{"@type":"WebSite","@id":"https:\/\/experienciadevida.com.ar\/portalurbano\/#website","url":"https:\/\/experienciadevida.com.ar\/portalurbano\/","name":"","description":"","publisher":{"@id":"https:\/\/experienciadevida.com.ar\/portalurbano\/#organization"},"potentialAction":[{"@type":"SearchAction","target":{"@type":"EntryPoint","urlTemplate":"https:\/\/experienciadevida.com.ar\/portalurbano\/?s={search_term_string}"},"query-input":"required name=search_term_string"}],"inLanguage":"es"},{"@type":"Organization","@id":"https:\/\/experienciadevida.com.ar\/portalurbano\/#organization","name":"Portal Urbano","url":"https:\/\/experienciadevida.com.ar\/portalurbano\/","logo":{"@type":"ImageObject","inLanguage":"es","@id":"https:\/\/experienciadevida.com.ar\/portalurbano\/#\/schema\/logo\/image\/","url":"https:\/\/experienciadevida.com.ar\/portalurbano\/wp-content\/uploads\/2019\/09\/Logo-Original.png","contentUrl":"https:\/\/experienciadevida.com.ar\/portalurbano\/wp-content\/uploads\/2019\/09\/Logo-Original.png","width":2236,"height":1216,"caption":"Portal Urbano"},"image":{"@id":"https:\/\/experienciadevida.com.ar\/portalurbano\/#\/schema\/logo\/image\/"},"sameAs":["https:\/\/www.facebook.com\/Portal-Urbano-171542830093757\/","https:\/\/twitter.com\/portalurbanook","https:\/\/www.instagram.com\/_portalurbano\/","https:\/\/www.youtube.com\/channel\/UCXhagIfszH8KxFiOok79zbA?view_as=subscriber"]},{"@type":"Person","@id":"https:\/\/experienciadevida.com.ar\/portalurbano\/#\/schema\/person\/02dd326b1c4b056e9cc972486934a3a7","name":"admpu17wp","image":{"@type":"ImageObject","inLanguage":"es","@id":"https:\/\/experienciadevida.com.ar\/portalurbano\/#\/schema\/person\/image\/","url":"https:\/\/secure.gravatar.com\/avatar\/830d4c57adaae6630765e449a6908047?s=96&d=mm&r=g","contentUrl":"https:\/\/secure.gravatar.com\/avatar\/830d4c57adaae6630765e449a6908047?s=96&d=mm&r=g","caption":"admpu17wp"}}]}},"featured_image_urls":{"full":["https:\/\/experienciadevida.com.ar\/portalurbano\/wp-content\/uploads\/2020\/06\/CARLOSBIANCO-e1599735656610.jpg",750,420,false],"thumbnail":["https:\/\/experienciadevida.com.ar\/portalurbano\/wp-content\/uploads\/2020\/06\/CARLOSBIANCO-150x150.jpg",150,150,true],"medium":["https:\/\/experienciadevida.com.ar\/portalurbano\/wp-content\/uploads\/2020\/06\/CARLOSBIANCO-300x168.jpg",300,168,true],"medium_large":["https:\/\/experienciadevida.com.ar\/portalurbano\/wp-content\/uploads\/2020\/06\/CARLOSBIANCO-768x430.jpg",640,358,true],"large":["https:\/\/experienciadevida.com.ar\/portalurbano\/wp-content\/uploads\/2020\/06\/CARLOSBIANCO-e1599735656610.jpg",640,358,false],"ug_big":["https:\/\/experienciadevida.com.ar\/portalurbano\/wp-content\/uploads\/2020\/06\/CARLOSBIANCO-768x430.jpg",768,430,true],"1536x1536":["https:\/\/experienciadevida.com.ar\/portalurbano\/wp-content\/uploads\/2020\/06\/CARLOSBIANCO-e1599735656610.jpg",750,420,false],"2048x2048":["https:\/\/experienciadevida.com.ar\/portalurbano\/wp-content\/uploads\/2020\/06\/CARLOSBIANCO-e1599735656610.jpg",750,420,false],"newsever-slider-full":["https:\/\/experienciadevida.com.ar\/portalurbano\/wp-content\/uploads\/2020\/06\/CARLOSBIANCO-e1599735656610.jpg",750,420,false],"newsever-featured":["https:\/\/experienciadevida.com.ar\/portalurbano\/wp-content\/uploads\/2020\/06\/CARLOSBIANCO-e1599735656610.jpg",750,420,false],"newsever-medium":["https:\/\/experienciadevida.com.ar\/portalurbano\/wp-content\/uploads\/2020\/06\/CARLOSBIANCO-e1599735656610.jpg",720,403,false],"web-stories-poster-portrait":["https:\/\/experienciadevida.com.ar\/portalurbano\/wp-content\/uploads\/2020\/06\/CARLOSBIANCO-e1599735656610.jpg",640,358,false],"web-stories-publisher-logo":["https:\/\/experienciadevida.com.ar\/portalurbano\/wp-content\/uploads\/2020\/06\/CARLOSBIANCO-e1599735656610.jpg",96,54,false],"web-stories-thumbnail":["https:\/\/experienciadevida.com.ar\/portalurbano\/wp-content\/uploads\/2020\/06\/CARLOSBIANCO-e1599735656610.jpg",150,84,false]},"author_info":{"display_name":"admpu17wp","author_link":"https:\/\/experienciadevida.com.ar\/portalurbano\/author\/admpu17wp\/"},"category_info":"<a href=\"https:\/\/experienciadevida.com.ar\/portalurbano\/category\/ciudad\/\" rel=\"category tag\">Ciudad<\/a> <a href=\"https:\/\/experienciadevida.com.ar\/portalurbano\/category\/destacadas\/\" rel=\"category tag\">Destacadas<\/a>","tag_info":"Destacadas","comment_count":"0","amp_enabled":true,"_links":{"self":[{"href":"https:\/\/experienciadevida.com.ar\/portalurbano\/wp-json\/wp\/v2\/posts\/120059"}],"collection":[{"href":"https:\/\/experienciadevida.com.ar\/portalurbano\/wp-json\/wp\/v2\/posts"}],"about":[{"href":"https:\/\/experienciadevida.com.ar\/portalurbano\/wp-json\/wp\/v2\/types\/post"}],"author":[{"embeddable":true,"href":"https:\/\/experienciadevida.com.ar\/portalurbano\/wp-json\/wp\/v2\/users\/1"}],"replies":[{"embeddable":true,"href":"https:\/\/experienciadevida.com.ar\/portalurbano\/wp-json\/wp\/v2\/comments?post=120059"}],"version-history":[{"count":5,"href":"https:\/\/experienciadevida.com.ar\/portalurbano\/wp-json\/wp\/v2\/posts\/120059\/revisions"}],"predecessor-version":[{"id":120065,"href":"https:\/\/experienciadevida.com.ar\/portalurbano\/wp-json\/wp\/v2\/posts\/120059\/revisions\/120065"}],"wp:featuredmedia":[{"embeddable":true,"href":"https:\/\/experienciadevida.com.ar\/portalurbano\/wp-json\/wp\/v2\/media\/111152"}],"wp:attachment":[{"href":"https:\/\/experienciadevida.com.ar\/portalurbano\/wp-json\/wp\/v2\/media?parent=120059"}],"wp:term":[{"taxonomy":"category","embeddable":true,"href":"https:\/\/experienciadevida.com.ar\/portalurbano\/wp-json\/wp\/v2\/categories?post=120059"},{"taxonomy":"post_tag","embeddable":true,"href":"https:\/\/experienciadevida.com.ar\/portalurbano\/wp-json\/wp\/v2\/tags?post=120059"}],"curies":[{"name":"wp","href":"https:\/\/api.w.org\/{rel}","templated":true}]}}