{"id":120050,"date":"2020-09-02T21:04:55","date_gmt":"2020-09-03T00:04:55","guid":{"rendered":"https:\/\/experienciadevida.com.ar\/portalurbano\/?p=120050"},"modified":"2020-09-02T21:05:43","modified_gmt":"2020-09-03T00:05:43","slug":"covid-19-en-el-pais-10-933-nuevos-contagios-y-199-muertes-en-las-ultimas-24-horas","status":"publish","type":"post","link":"https:\/\/experienciadevida.com.ar\/portalurbano\/covid-19-en-el-pais-10-933-nuevos-contagios-y-199-muertes-en-las-ultimas-24-horas\/","title":{"rendered":"Covid-19 en el pa\u00eds: 10.933 nuevos contagios y 199 muertes en las \u00faltimas 24 horas"},"content":{"rendered":"<div class=\"td_block_wrap tdb_single_subtitle tdi_72_335 td-pb-border-top td_block_template_1\" data-td-block-uid=\"tdi_72_335\">\n<div class=\"tdb-block-inner td-fix-index\">\n<p>Desde el inicio de la pandemia 9.118 personas perdieron la vida por la enfermedad. Siguen en aumento los casos en las provincias.<\/p>\n<\/div>\n<\/div>\n<div class=\"td_block_wrap tdb_single_date tdi_73_508 td-pb-border-top td_block_template_1 tdb-post-meta\" data-td-block-uid=\"tdi_73_508\">\n<p>El Ministerio de Salud de la Naci\u00f3n inform\u00f3 que en las \u00faltimas 24 horas fueron confirmados 10.933 nuevos casos de coronavirus en el pa\u00eds y otros 199 decesos. La pandemia ya alcanza los 439.172 contagios desde su inicio y de esa cifra, 9.118 personas perdieron la vida por la enfermedad.<\/p>\n<p>Seg\u00fan el registro de casos diario, la provincia de Buenos Aires tuvo 6.235 diagn\u00f3sticos, mientras que la Ciudad de Buenos Aires que confirm\u00f3 1.346.<\/p>\n<p>\u201cDel total de esos casos, 1.200 (0,3%) son importados, 99.630 (22,7%) son contactos estrechos de casos confirmados, 272.419 (62%) son casos de circulaci\u00f3n comunitaria y el resto se encuentra en investigaci\u00f3n epidemiol\u00f3gica\u201d, especific\u00f3 la cartera sanitaria.<\/p>\n<p>Se indic\u00f3 adem\u00e1s que son 2.359 los internados en unidades de terapia intensiva, con un porcentaje de ocupaci\u00f3n de camas de adultos de 61,1% en el pa\u00eds y del 68,8% en la \u00c1rea Metropolitana Buenos Aires.<\/p>\n<p>En tanto, de acuerdo a los dos informes oficiales ofrecidos hoy por el Ministerio de Salud se registraron otros 199 fallecimientos. En el primero se confirmaron 52 nuevas muertes. Se trata de 32 hombres, 22 residentes en la provincia de Buenos Aires; 3 residentes en la Ciudad de Buenos Aires (CABA); 2 residentes en la provincia de Jujuy; 2 residentes en la provincia de Tierra del Fuego; 1 residente en la provincia de R\u00edo Negro; 1 residente en la provincia de C\u00f3rdoba; 1 residente en la provincia de Santa Fe; y 20 mujeres; 12 residentes en la provincia de Buenos Aires; 3 residentes en la Ciudad de Buenos Aires (CABA); 3 residentes en la provincia de Jujuy; 1 residentes en la provincia de Mendoza; y 1 residente en la provincia de Tierra del Fuego.<\/p>\n<p>En el segundo, se reportaron 147 decesos: 87 hombres, 45 residentes en la provincia de Buenos Aires; 19 residentes en la Ciudad de Buenos Aires (CABA); 1 residentes en la provincia de C\u00f3rdoba; 4 residentes en la provincia de Entre R\u00edos; 6 residentes en la provincia de Jujuy; 2 residentes en la provincia de Mendoza; 6 residentes en la provincia de R\u00edo Negro; 1 residente en la provincia de Salta; 3 residentes en la provincia de Salta; y 60 mujeres; 30 residentes en la provincia de Buenos Aires; 22 residentes en la Ciudad de Buenos Aires (CABA); 3 residentes en la provincia de C\u00f3rdoba; 1 residente en la provincia de Entre R\u00edos; 1 residente en la provincia de Mendoza; 1 residente en la provincia de Santa Cruz; y 2 residentes en la provincia de Santa Fe. Al momento la cantidad de personas fallecidas es 9.118.<\/p>\n<p>Detalle por distrito:<\/p>\n<p>Buenos Aires 6.235 | 271.185<br \/>\nCiudad de Buenos Aires 1.346 | 98.345<br \/>\nCatamarca 0 | 67<br \/>\nChaco 84 | 5.576<br \/>\nChubut 28 | 983<br \/>\nC\u00f3rdoba 480 | 9.394<br \/>\nCorrientes 7 | 321<br \/>\nEntre R\u00edos 188 | 3.838<br \/>\nFormosa 1 | 84<br \/>\nJujuy 318 | 8.860<br \/>\nLa Pampa 1 | 213<br \/>\nLa Rioja 67 | 1.695<br \/>\nMendoza 413 | 7.604<br \/>\nMisiones -2 | 64<br \/>\nNeuqu\u00e9n 91 | 3.263<br \/>\nR\u00edo Negro 173 | 6.348<br \/>\nSalta 184 | 3.687<br \/>\nSan Juan 32 | 255<br \/>\nSan Luis 21 | 177<br \/>\nSanta Cruz 107 | 1.915<br \/>\nSanta Fe 747 | 9.329<br \/>\nSantiago del Estero 55 | 1031<br \/>\nTierra del Fuego 33 | 2.135<br \/>\nTucum\u00e1n 324 | 2.803<\/p>\n<p>Aclaraci\u00f3n: aquellas provincias con d\u00edgitos en negativo han reclasificado sus casos a otras jurisdicciones seg\u00fan lugar de residencia.<\/p>\n<p>Aquellos casos confirmados que no est\u00e1n notificados por residencia, fueron contabilizados por provincia de carga.<\/p>\n<p>Se incluyen 13 casos existentes en las Islas Malvinas seg\u00fan informaci\u00f3n de prensa (debido a la ocupaci\u00f3n ilegal del Reino Unido, Gran Breta\u00f1a e Irlanda del Norte no es posible contar con informaci\u00f3n propia sobre el impacto del COVID -19 en esa parte del territorio argentino). Aclaraci\u00f3n: la notificaci\u00f3n de los casos por jurisdicci\u00f3n se realiza teniendo en cuenta la residencia seg\u00fan el Registro Nacional de las Personas y en caso de no estar notificado la provincia de residencia, se asigna la provincia de carga. Pudiendo variar en funci\u00f3n de la investigaci\u00f3n de la jurisdicci\u00f3n. Las autoridades contin\u00faan con las medidas intensivas para reducir la circulaci\u00f2n del virus en el pa\u00eds y disminuir su transmisi\u00f3n. En este sentido es clave la estrategia de mitigaci\u00f3n de la mortalidad destinada a personas mayores de 60 a\u00f1os y personas que integren los grupos de riesgo.<\/p>\n<p>Fuente: DIB<\/p>\n<\/div>\n","protected":false},"excerpt":{"rendered":"<p>Desde el inicio de la pandemia 9.118 personas perdieron la vida por la enfermedad. Siguen&#8230;<\/p>\n","protected":false},"author":1,"featured_media":112592,"comment_status":"closed","ping_status":"closed","sticky":false,"template":"","format":"standard","meta":{"content-type":""},"categories":[71,39],"tags":[],"nelio_content":{"isAutoShareEnabled":false,"autoShareEndMode":"default","automationSources":{"useContentSentences":true,"useSocialTemplates":true,"useCustomSentences":false,"customSentences":[]},"followers":[1],"suggestedReferences":[],"includedReferences":[],"efiUrl":"","efiAlt":"","highlights":[]},"yoast_head":"<!-- This site is optimized with the Yoast SEO plugin v20.7 - https:\/\/yoast.com\/wordpress\/plugins\/seo\/ -->\n<title>Covid-19 en el pa\u00eds: 10.933 nuevos contagios y 199 muertes en las \u00faltimas 24 horas -<\/title>\n<meta name=\"robots\" content=\"index, follow, max-snippet:-1, max-image-preview:large, max-video-preview:-1\" \/>\n<link rel=\"canonical\" href=\"https:\/\/experienciadevida.com.ar\/portalurbano\/covid-19-en-el-pais-10-933-nuevos-contagios-y-199-muertes-en-las-ultimas-24-horas\/\" \/>\n<meta property=\"og:locale\" content=\"es_ES\" \/>\n<meta property=\"og:type\" content=\"article\" \/>\n<meta property=\"og:title\" content=\"Covid-19 en el pa\u00eds: 10.933 nuevos contagios y 199 muertes en las \u00faltimas 24 horas -\" \/>\n<meta property=\"og:description\" content=\"Desde el inicio de la pandemia 9.118 personas perdieron la vida por la enfermedad. Siguen...\" \/>\n<meta property=\"og:url\" content=\"https:\/\/experienciadevida.com.ar\/portalurbano\/covid-19-en-el-pais-10-933-nuevos-contagios-y-199-muertes-en-las-ultimas-24-horas\/\" \/>\n<meta property=\"article:publisher\" content=\"https:\/\/www.facebook.com\/Portal-Urbano-171542830093757\/\" \/>\n<meta property=\"article:published_time\" content=\"2020-09-03T00:04:55+00:00\" \/>\n<meta property=\"article:modified_time\" content=\"2020-09-03T00:05:43+00:00\" \/>\n<meta property=\"og:image\" content=\"https:\/\/experienciadevida.com.ar\/portalurbano\/wp-content\/uploads\/2020\/06\/20200618195957_coronavirus-e1597537658159.jpg\" \/>\n\t<meta property=\"og:image:width\" content=\"750\" \/>\n\t<meta property=\"og:image:height\" content=\"469\" \/>\n\t<meta property=\"og:image:type\" content=\"image\/jpeg\" \/>\n<meta name=\"author\" content=\"admpu17wp\" \/>\n<meta name=\"twitter:card\" content=\"summary_large_image\" \/>\n<meta name=\"twitter:creator\" content=\"@portalurbanook\" \/>\n<meta name=\"twitter:site\" content=\"@portalurbanook\" \/>\n<meta name=\"twitter:label1\" content=\"Escrito por\" \/>\n\t<meta name=\"twitter:data1\" content=\"admpu17wp\" \/>\n\t<meta name=\"twitter:label2\" content=\"Tiempo de lectura\" \/>\n\t<meta name=\"twitter:data2\" content=\"3 minutos\" \/>\n<script type=\"application\/ld+json\" class=\"yoast-schema-graph\">{\"@context\":\"https:\/\/schema.org\",\"@graph\":[{\"@type\":\"Article\",\"@id\":\"https:\/\/experienciadevida.com.ar\/portalurbano\/covid-19-en-el-pais-10-933-nuevos-contagios-y-199-muertes-en-las-ultimas-24-horas\/#article\",\"isPartOf\":{\"@id\":\"https:\/\/experienciadevida.com.ar\/portalurbano\/covid-19-en-el-pais-10-933-nuevos-contagios-y-199-muertes-en-las-ultimas-24-horas\/\"},\"author\":{\"name\":\"admpu17wp\",\"@id\":\"https:\/\/experienciadevida.com.ar\/portalurbano\/#\/schema\/person\/02dd326b1c4b056e9cc972486934a3a7\"},\"headline\":\"Covid-19 en el pa\u00eds: 10.933 nuevos contagios y 199 muertes en las \u00faltimas 24 horas\",\"datePublished\":\"2020-09-03T00:04:55+00:00\",\"dateModified\":\"2020-09-03T00:05:43+00:00\",\"mainEntityOfPage\":{\"@id\":\"https:\/\/experienciadevida.com.ar\/portalurbano\/covid-19-en-el-pais-10-933-nuevos-contagios-y-199-muertes-en-las-ultimas-24-horas\/\"},\"wordCount\":670,\"publisher\":{\"@id\":\"https:\/\/experienciadevida.com.ar\/portalurbano\/#organization\"},\"articleSection\":[\"Coronavirus\",\"Naci\u00f3n\"],\"inLanguage\":\"es\"},{\"@type\":\"WebPage\",\"@id\":\"https:\/\/experienciadevida.com.ar\/portalurbano\/covid-19-en-el-pais-10-933-nuevos-contagios-y-199-muertes-en-las-ultimas-24-horas\/\",\"url\":\"https:\/\/experienciadevida.com.ar\/portalurbano\/covid-19-en-el-pais-10-933-nuevos-contagios-y-199-muertes-en-las-ultimas-24-horas\/\",\"name\":\"Covid-19 en el pa\u00eds: 10.933 nuevos contagios y 199 muertes en las \u00faltimas 24 horas -\",\"isPartOf\":{\"@id\":\"https:\/\/experienciadevida.com.ar\/portalurbano\/#website\"},\"datePublished\":\"2020-09-03T00:04:55+00:00\",\"dateModified\":\"2020-09-03T00:05:43+00:00\",\"breadcrumb\":{\"@id\":\"https:\/\/experienciadevida.com.ar\/portalurbano\/covid-19-en-el-pais-10-933-nuevos-contagios-y-199-muertes-en-las-ultimas-24-horas\/#breadcrumb\"},\"inLanguage\":\"es\",\"potentialAction\":[{\"@type\":\"ReadAction\",\"target\":[\"https:\/\/experienciadevida.com.ar\/portalurbano\/covid-19-en-el-pais-10-933-nuevos-contagios-y-199-muertes-en-las-ultimas-24-horas\/\"]}]},{\"@type\":\"BreadcrumbList\",\"@id\":\"https:\/\/experienciadevida.com.ar\/portalurbano\/covid-19-en-el-pais-10-933-nuevos-contagios-y-199-muertes-en-las-ultimas-24-horas\/#breadcrumb\",\"itemListElement\":[{\"@type\":\"ListItem\",\"position\":1,\"name\":\"Portada\",\"item\":\"https:\/\/experienciadevida.com.ar\/portalurbano\/\"},{\"@type\":\"ListItem\",\"position\":2,\"name\":\"Covid-19 en el pa\u00eds: 10.933 nuevos contagios y 199 muertes en las \u00faltimas 24 horas\"}]},{\"@type\":\"WebSite\",\"@id\":\"https:\/\/experienciadevida.com.ar\/portalurbano\/#website\",\"url\":\"https:\/\/experienciadevida.com.ar\/portalurbano\/\",\"name\":\"\",\"description\":\"\",\"publisher\":{\"@id\":\"https:\/\/experienciadevida.com.ar\/portalurbano\/#organization\"},\"potentialAction\":[{\"@type\":\"SearchAction\",\"target\":{\"@type\":\"EntryPoint\",\"urlTemplate\":\"https:\/\/experienciadevida.com.ar\/portalurbano\/?s={search_term_string}\"},\"query-input\":\"required name=search_term_string\"}],\"inLanguage\":\"es\"},{\"@type\":\"Organization\",\"@id\":\"https:\/\/experienciadevida.com.ar\/portalurbano\/#organization\",\"name\":\"Portal Urbano\",\"url\":\"https:\/\/experienciadevida.com.ar\/portalurbano\/\",\"logo\":{\"@type\":\"ImageObject\",\"inLanguage\":\"es\",\"@id\":\"https:\/\/experienciadevida.com.ar\/portalurbano\/#\/schema\/logo\/image\/\",\"url\":\"https:\/\/experienciadevida.com.ar\/portalurbano\/wp-content\/uploads\/2019\/09\/Logo-Original.png\",\"contentUrl\":\"https:\/\/experienciadevida.com.ar\/portalurbano\/wp-content\/uploads\/2019\/09\/Logo-Original.png\",\"width\":2236,\"height\":1216,\"caption\":\"Portal Urbano\"},\"image\":{\"@id\":\"https:\/\/experienciadevida.com.ar\/portalurbano\/#\/schema\/logo\/image\/\"},\"sameAs\":[\"https:\/\/www.facebook.com\/Portal-Urbano-171542830093757\/\",\"https:\/\/twitter.com\/portalurbanook\",\"https:\/\/www.instagram.com\/_portalurbano\/\",\"https:\/\/www.youtube.com\/channel\/UCXhagIfszH8KxFiOok79zbA?view_as=subscriber\"]},{\"@type\":\"Person\",\"@id\":\"https:\/\/experienciadevida.com.ar\/portalurbano\/#\/schema\/person\/02dd326b1c4b056e9cc972486934a3a7\",\"name\":\"admpu17wp\",\"image\":{\"@type\":\"ImageObject\",\"inLanguage\":\"es\",\"@id\":\"https:\/\/experienciadevida.com.ar\/portalurbano\/#\/schema\/person\/image\/\",\"url\":\"https:\/\/secure.gravatar.com\/avatar\/830d4c57adaae6630765e449a6908047?s=96&d=mm&r=g\",\"contentUrl\":\"https:\/\/secure.gravatar.com\/avatar\/830d4c57adaae6630765e449a6908047?s=96&d=mm&r=g\",\"caption\":\"admpu17wp\"}}]}<\/script>\n<!-- \/ Yoast SEO plugin. -->","yoast_head_json":{"title":"Covid-19 en el pa\u00eds: 10.933 nuevos contagios y 199 muertes en las \u00faltimas 24 horas -","robots":{"index":"index","follow":"follow","max-snippet":"max-snippet:-1","max-image-preview":"max-image-preview:large","max-video-preview":"max-video-preview:-1"},"canonical":"https:\/\/experienciadevida.com.ar\/portalurbano\/covid-19-en-el-pais-10-933-nuevos-contagios-y-199-muertes-en-las-ultimas-24-horas\/","og_locale":"es_ES","og_type":"article","og_title":"Covid-19 en el pa\u00eds: 10.933 nuevos contagios y 199 muertes en las \u00faltimas 24 horas -","og_description":"Desde el inicio de la pandemia 9.118 personas perdieron la vida por la enfermedad. Siguen...","og_url":"https:\/\/experienciadevida.com.ar\/portalurbano\/covid-19-en-el-pais-10-933-nuevos-contagios-y-199-muertes-en-las-ultimas-24-horas\/","article_publisher":"https:\/\/www.facebook.com\/Portal-Urbano-171542830093757\/","article_published_time":"2020-09-03T00:04:55+00:00","article_modified_time":"2020-09-03T00:05:43+00:00","og_image":[{"width":750,"height":469,"url":"https:\/\/experienciadevida.com.ar\/portalurbano\/wp-content\/uploads\/2020\/06\/20200618195957_coronavirus-e1597537658159.jpg","type":"image\/jpeg"}],"author":"admpu17wp","twitter_card":"summary_large_image","twitter_creator":"@portalurbanook","twitter_site":"@portalurbanook","twitter_misc":{"Escrito por":"admpu17wp","Tiempo de lectura":"3 minutos"},"schema":{"@context":"https:\/\/schema.org","@graph":[{"@type":"Article","@id":"https:\/\/experienciadevida.com.ar\/portalurbano\/covid-19-en-el-pais-10-933-nuevos-contagios-y-199-muertes-en-las-ultimas-24-horas\/#article","isPartOf":{"@id":"https:\/\/experienciadevida.com.ar\/portalurbano\/covid-19-en-el-pais-10-933-nuevos-contagios-y-199-muertes-en-las-ultimas-24-horas\/"},"author":{"name":"admpu17wp","@id":"https:\/\/experienciadevida.com.ar\/portalurbano\/#\/schema\/person\/02dd326b1c4b056e9cc972486934a3a7"},"headline":"Covid-19 en el pa\u00eds: 10.933 nuevos contagios y 199 muertes en las \u00faltimas 24 horas","datePublished":"2020-09-03T00:04:55+00:00","dateModified":"2020-09-03T00:05:43+00:00","mainEntityOfPage":{"@id":"https:\/\/experienciadevida.com.ar\/portalurbano\/covid-19-en-el-pais-10-933-nuevos-contagios-y-199-muertes-en-las-ultimas-24-horas\/"},"wordCount":670,"publisher":{"@id":"https:\/\/experienciadevida.com.ar\/portalurbano\/#organization"},"articleSection":["Coronavirus","Naci\u00f3n"],"inLanguage":"es"},{"@type":"WebPage","@id":"https:\/\/experienciadevida.com.ar\/portalurbano\/covid-19-en-el-pais-10-933-nuevos-contagios-y-199-muertes-en-las-ultimas-24-horas\/","url":"https:\/\/experienciadevida.com.ar\/portalurbano\/covid-19-en-el-pais-10-933-nuevos-contagios-y-199-muertes-en-las-ultimas-24-horas\/","name":"Covid-19 en el pa\u00eds: 10.933 nuevos contagios y 199 muertes en las \u00faltimas 24 horas -","isPartOf":{"@id":"https:\/\/experienciadevida.com.ar\/portalurbano\/#website"},"datePublished":"2020-09-03T00:04:55+00:00","dateModified":"2020-09-03T00:05:43+00:00","breadcrumb":{"@id":"https:\/\/experienciadevida.com.ar\/portalurbano\/covid-19-en-el-pais-10-933-nuevos-contagios-y-199-muertes-en-las-ultimas-24-horas\/#breadcrumb"},"inLanguage":"es","potentialAction":[{"@type":"ReadAction","target":["https:\/\/experienciadevida.com.ar\/portalurbano\/covid-19-en-el-pais-10-933-nuevos-contagios-y-199-muertes-en-las-ultimas-24-horas\/"]}]},{"@type":"BreadcrumbList","@id":"https:\/\/experienciadevida.com.ar\/portalurbano\/covid-19-en-el-pais-10-933-nuevos-contagios-y-199-muertes-en-las-ultimas-24-horas\/#breadcrumb","itemListElement":[{"@type":"ListItem","position":1,"name":"Portada","item":"https:\/\/experienciadevida.com.ar\/portalurbano\/"},{"@type":"ListItem","position":2,"name":"Covid-19 en el pa\u00eds: 10.933 nuevos contagios y 199 muertes en las \u00faltimas 24 horas"}]},{"@type":"WebSite","@id":"https:\/\/experienciadevida.com.ar\/portalurbano\/#website","url":"https:\/\/experienciadevida.com.ar\/portalurbano\/","name":"","description":"","publisher":{"@id":"https:\/\/experienciadevida.com.ar\/portalurbano\/#organization"},"potentialAction":[{"@type":"SearchAction","target":{"@type":"EntryPoint","urlTemplate":"https:\/\/experienciadevida.com.ar\/portalurbano\/?s={search_term_string}"},"query-input":"required name=search_term_string"}],"inLanguage":"es"},{"@type":"Organization","@id":"https:\/\/experienciadevida.com.ar\/portalurbano\/#organization","name":"Portal Urbano","url":"https:\/\/experienciadevida.com.ar\/portalurbano\/","logo":{"@type":"ImageObject","inLanguage":"es","@id":"https:\/\/experienciadevida.com.ar\/portalurbano\/#\/schema\/logo\/image\/","url":"https:\/\/experienciadevida.com.ar\/portalurbano\/wp-content\/uploads\/2019\/09\/Logo-Original.png","contentUrl":"https:\/\/experienciadevida.com.ar\/portalurbano\/wp-content\/uploads\/2019\/09\/Logo-Original.png","width":2236,"height":1216,"caption":"Portal Urbano"},"image":{"@id":"https:\/\/experienciadevida.com.ar\/portalurbano\/#\/schema\/logo\/image\/"},"sameAs":["https:\/\/www.facebook.com\/Portal-Urbano-171542830093757\/","https:\/\/twitter.com\/portalurbanook","https:\/\/www.instagram.com\/_portalurbano\/","https:\/\/www.youtube.com\/channel\/UCXhagIfszH8KxFiOok79zbA?view_as=subscriber"]},{"@type":"Person","@id":"https:\/\/experienciadevida.com.ar\/portalurbano\/#\/schema\/person\/02dd326b1c4b056e9cc972486934a3a7","name":"admpu17wp","image":{"@type":"ImageObject","inLanguage":"es","@id":"https:\/\/experienciadevida.com.ar\/portalurbano\/#\/schema\/person\/image\/","url":"https:\/\/secure.gravatar.com\/avatar\/830d4c57adaae6630765e449a6908047?s=96&d=mm&r=g","contentUrl":"https:\/\/secure.gravatar.com\/avatar\/830d4c57adaae6630765e449a6908047?s=96&d=mm&r=g","caption":"admpu17wp"}}]}},"featured_image_urls":{"full":["https:\/\/experienciadevida.com.ar\/portalurbano\/wp-content\/uploads\/2020\/06\/20200618195957_coronavirus-e1597537658159.jpg",750,469,false],"thumbnail":["https:\/\/experienciadevida.com.ar\/portalurbano\/wp-content\/uploads\/2020\/06\/20200618195957_coronavirus-150x150.jpg",150,150,true],"medium":["https:\/\/experienciadevida.com.ar\/portalurbano\/wp-content\/uploads\/2020\/06\/20200618195957_coronavirus-300x187.jpg",300,187,true],"medium_large":["https:\/\/experienciadevida.com.ar\/portalurbano\/wp-content\/uploads\/2020\/06\/20200618195957_coronavirus-768x480.jpg",640,400,true],"large":["https:\/\/experienciadevida.com.ar\/portalurbano\/wp-content\/uploads\/2020\/06\/20200618195957_coronavirus-e1597537658159.jpg",640,400,false],"ug_big":["https:\/\/experienciadevida.com.ar\/portalurbano\/wp-content\/uploads\/2020\/06\/20200618195957_coronavirus-768x480.jpg",768,480,true],"1536x1536":["https:\/\/experienciadevida.com.ar\/portalurbano\/wp-content\/uploads\/2020\/06\/20200618195957_coronavirus-e1597537658159.jpg",750,469,false],"2048x2048":["https:\/\/experienciadevida.com.ar\/portalurbano\/wp-content\/uploads\/2020\/06\/20200618195957_coronavirus-e1597537658159.jpg",750,469,false],"newsever-slider-full":["https:\/\/experienciadevida.com.ar\/portalurbano\/wp-content\/uploads\/2020\/06\/20200618195957_coronavirus-e1597537658159.jpg",750,469,false],"newsever-featured":["https:\/\/experienciadevida.com.ar\/portalurbano\/wp-content\/uploads\/2020\/06\/20200618195957_coronavirus-e1597537658159.jpg",750,469,false],"newsever-medium":["https:\/\/experienciadevida.com.ar\/portalurbano\/wp-content\/uploads\/2020\/06\/20200618195957_coronavirus-e1597537658159.jpg",720,450,false],"web-stories-poster-portrait":["https:\/\/experienciadevida.com.ar\/portalurbano\/wp-content\/uploads\/2020\/06\/20200618195957_coronavirus-e1597537658159.jpg",640,400,false],"web-stories-publisher-logo":["https:\/\/experienciadevida.com.ar\/portalurbano\/wp-content\/uploads\/2020\/06\/20200618195957_coronavirus-e1597537658159.jpg",96,60,false],"web-stories-thumbnail":["https:\/\/experienciadevida.com.ar\/portalurbano\/wp-content\/uploads\/2020\/06\/20200618195957_coronavirus-e1597537658159.jpg",150,94,false]},"author_info":{"display_name":"admpu17wp","author_link":"https:\/\/experienciadevida.com.ar\/portalurbano\/author\/admpu17wp\/"},"category_info":"<a href=\"https:\/\/experienciadevida.com.ar\/portalurbano\/category\/nacion\/coronavirus\/\" rel=\"category tag\">Coronavirus<\/a> <a href=\"https:\/\/experienciadevida.com.ar\/portalurbano\/category\/nacion\/\" rel=\"category tag\">Naci\u00f3n<\/a>","tag_info":"Naci\u00f3n","comment_count":"0","amp_enabled":true,"_links":{"self":[{"href":"https:\/\/experienciadevida.com.ar\/portalurbano\/wp-json\/wp\/v2\/posts\/120050"}],"collection":[{"href":"https:\/\/experienciadevida.com.ar\/portalurbano\/wp-json\/wp\/v2\/posts"}],"about":[{"href":"https:\/\/experienciadevida.com.ar\/portalurbano\/wp-json\/wp\/v2\/types\/post"}],"author":[{"embeddable":true,"href":"https:\/\/experienciadevida.com.ar\/portalurbano\/wp-json\/wp\/v2\/users\/1"}],"replies":[{"embeddable":true,"href":"https:\/\/experienciadevida.com.ar\/portalurbano\/wp-json\/wp\/v2\/comments?post=120050"}],"version-history":[{"count":1,"href":"https:\/\/experienciadevida.com.ar\/portalurbano\/wp-json\/wp\/v2\/posts\/120050\/revisions"}],"predecessor-version":[{"id":120051,"href":"https:\/\/experienciadevida.com.ar\/portalurbano\/wp-json\/wp\/v2\/posts\/120050\/revisions\/120051"}],"wp:featuredmedia":[{"embeddable":true,"href":"https:\/\/experienciadevida.com.ar\/portalurbano\/wp-json\/wp\/v2\/media\/112592"}],"wp:attachment":[{"href":"https:\/\/experienciadevida.com.ar\/portalurbano\/wp-json\/wp\/v2\/media?parent=120050"}],"wp:term":[{"taxonomy":"category","embeddable":true,"href":"https:\/\/experienciadevida.com.ar\/portalurbano\/wp-json\/wp\/v2\/categories?post=120050"},{"taxonomy":"post_tag","embeddable":true,"href":"https:\/\/experienciadevida.com.ar\/portalurbano\/wp-json\/wp\/v2\/tags?post=120050"}],"curies":[{"name":"wp","href":"https:\/\/api.w.org\/{rel}","templated":true}]}}