{"id":119986,"date":"2020-09-02T12:15:47","date_gmt":"2020-09-02T15:15:47","guid":{"rendered":"https:\/\/experienciadevida.com.ar\/portalurbano\/?p=119986"},"modified":"2020-09-02T12:18:12","modified_gmt":"2020-09-02T15:18:12","slug":"preocupacion-por-la-nueva-ola-de-casos-covid-19-y-cambio-de-fase","status":"publish","type":"post","link":"https:\/\/experienciadevida.com.ar\/portalurbano\/preocupacion-por-la-nueva-ola-de-casos-covid-19-y-cambio-de-fase\/","title":{"rendered":"Preocupaci\u00f3n por la nueva ola de casos Covid-19 y cambio de fase"},"content":{"rendered":"<p>Desde que arranc\u00f3 una nueva semana epidemiol\u00f3gica en Olavarr\u00eda, se registraron\u00a0 42 casos positivos. El reporte sanitario brindado en el d\u00eda de ayer,\u00a0 \u00a0el Municipio <a href=\"https:\/\/experienciadevida.com.ar\/portalurbano\/ola-de-contagios-se-registraron-30-casos-positivos-y-3-fallecidos\/\">inform\u00f3 30 casos. positivos de coronavirus.<\/a><\/p>\n<p>El Jefe Comunal, en una conferencia de prensa, brindada el s\u00e1bado pasado, mencion\u00f3 que Olavarr\u00eda a partir del lunes\u00a0 <a href=\"https:\/\/experienciadevida.com.ar\/portalurbano\/por-resolucion-de-provincia-olavarria-vuelve-a-fase-4\/\">volv\u00eda a estar en fase 4 a ra\u00edz de la ola de contagios<\/a>. Por otro lado, el Intendente, dijo<em> &#8220;es bueno recordarle a la ciudadan\u00eda lo que significar\u00eda si seguimos con esta escalada de casos pasar a fase 3, desde lo econ\u00f3mico, deber\u00edan dejar de funcionar servicio dom\u00e9stico, obra privada, comercios no esenciales con atenci\u00f3n al p\u00fablico, salidas recreativas, actividades religiosas, gestor\u00eda, locales gastron\u00f3micos y psic\u00f3logos. El impacto econ\u00f3mico y social es muy importante, por eso queremos hacer un esfuerzo de no hacer reuniones sociales, seguir con el distanciamiento, uso del tapaboca, lavado de manos y con los cuidados\u00bb.<\/em><\/p>\n<p>En la misma conferencia, el Subsecretario de Salud, mencion\u00f3 que <a href=\"https:\/\/experienciadevida.com.ar\/portalurbano\/german-caputo-hay-un-aumento-significativo-de-casos-covid-positivos-en-nacion-y-olavarria-no-es-la-excepcion\/\">Hay un aumento significativo de casos de Covid-19 positivos en Naci\u00f3n y Olavarr\u00eda no es la excepci\u00f3n.<\/a><\/p>\n<p>El Doctor Caputo hab\u00eda dado precisiones sobre la situaci\u00f3n epidemiologica en <a href=\"https:\/\/es.wikipedia.org\/wiki\/Olavarr%C3%ADa\">Olavarr\u00eda<\/a>, en la cual dijo &#8220;<em>es una ciudad compleja desde el punto de vista epidemiol\u00f3gico por distintas cuestiones, tenemos una gran interacci\u00f3n con AMBA y con ciudades de la regi\u00f3n, principalmente de personal esencial que vive en la ciudad y que trabaja en el Gran Buenos Aires, es una ciudad dif\u00edcil de manejar\u00a0 para contener la pandemia\u201d.<\/em><\/p>\n<p>Es por eso que tanto desde el Municipio, como desde la Secretar\u00eda de Salud remarcan la importancia del cuidado personal, como el lavado de manos, el distanciamiento social, no hacer reuniones sociales as\u00ed como tambi\u00e9n el uso correcto del barbijo o tapabocas.<\/p>\n<p>&nbsp;<\/p>\n","protected":false},"excerpt":{"rendered":"<p>Desde que arranc\u00f3 una nueva semana epidemiol\u00f3gica en Olavarr\u00eda, se registraron\u00a0 42 casos positivos. El&#8230;<\/p>\n","protected":false},"author":1,"featured_media":117979,"comment_status":"closed","ping_status":"closed","sticky":false,"template":"","format":"standard","meta":{"content-type":""},"categories":[51,45],"tags":[],"nelio_content":{"isAutoShareEnabled":false,"autoShareEndMode":"default","automationSources":{"useContentSentences":true,"useSocialTemplates":true,"useCustomSentences":false,"customSentences":[]},"followers":[1],"suggestedReferences":[],"includedReferences":["https:\/\/es.wikipedia.org\/wiki\/Olavarra"],"efiUrl":"","efiAlt":"","highlights":[]},"yoast_head":"<!-- This site is optimized with the Yoast SEO plugin v20.7 - https:\/\/yoast.com\/wordpress\/plugins\/seo\/ -->\n<title>Preocupaci\u00f3n por la nueva ola de casos Covid-19 y cambio de fase -<\/title>\n<meta name=\"robots\" content=\"index, follow, max-snippet:-1, max-image-preview:large, max-video-preview:-1\" \/>\n<link rel=\"canonical\" href=\"https:\/\/experienciadevida.com.ar\/portalurbano\/preocupacion-por-la-nueva-ola-de-casos-covid-19-y-cambio-de-fase\/\" \/>\n<meta property=\"og:locale\" content=\"es_ES\" \/>\n<meta property=\"og:type\" content=\"article\" \/>\n<meta property=\"og:title\" content=\"Preocupaci\u00f3n por la nueva ola de casos Covid-19 y cambio de fase -\" \/>\n<meta property=\"og:description\" content=\"Desde que arranc\u00f3 una nueva semana epidemiol\u00f3gica en Olavarr\u00eda, se registraron\u00a0 42 casos positivos. El...\" \/>\n<meta property=\"og:url\" content=\"https:\/\/experienciadevida.com.ar\/portalurbano\/preocupacion-por-la-nueva-ola-de-casos-covid-19-y-cambio-de-fase\/\" \/>\n<meta property=\"article:publisher\" content=\"https:\/\/www.facebook.com\/Portal-Urbano-171542830093757\/\" \/>\n<meta property=\"article:published_time\" content=\"2020-09-02T15:15:47+00:00\" \/>\n<meta property=\"article:modified_time\" content=\"2020-09-02T15:18:12+00:00\" \/>\n<meta property=\"og:image\" content=\"https:\/\/experienciadevida.com.ar\/portalurbano\/wp-content\/uploads\/2020\/08\/noche6.jpg\" \/>\n\t<meta property=\"og:image:width\" content=\"750\" \/>\n\t<meta property=\"og:image:height\" content=\"497\" \/>\n\t<meta property=\"og:image:type\" content=\"image\/jpeg\" \/>\n<meta name=\"author\" content=\"admpu17wp\" \/>\n<meta name=\"twitter:card\" content=\"summary_large_image\" \/>\n<meta name=\"twitter:creator\" content=\"@portalurbanook\" \/>\n<meta name=\"twitter:site\" content=\"@portalurbanook\" \/>\n<meta name=\"twitter:label1\" content=\"Escrito por\" \/>\n\t<meta name=\"twitter:data1\" content=\"admpu17wp\" \/>\n\t<meta name=\"twitter:label2\" content=\"Tiempo de lectura\" \/>\n\t<meta name=\"twitter:data2\" content=\"2 minutos\" \/>\n<script type=\"application\/ld+json\" class=\"yoast-schema-graph\">{\"@context\":\"https:\/\/schema.org\",\"@graph\":[{\"@type\":\"Article\",\"@id\":\"https:\/\/experienciadevida.com.ar\/portalurbano\/preocupacion-por-la-nueva-ola-de-casos-covid-19-y-cambio-de-fase\/#article\",\"isPartOf\":{\"@id\":\"https:\/\/experienciadevida.com.ar\/portalurbano\/preocupacion-por-la-nueva-ola-de-casos-covid-19-y-cambio-de-fase\/\"},\"author\":{\"name\":\"admpu17wp\",\"@id\":\"https:\/\/experienciadevida.com.ar\/portalurbano\/#\/schema\/person\/02dd326b1c4b056e9cc972486934a3a7\"},\"headline\":\"Preocupaci\u00f3n por la nueva ola de casos Covid-19 y cambio de fase\",\"datePublished\":\"2020-09-02T15:15:47+00:00\",\"dateModified\":\"2020-09-02T15:18:12+00:00\",\"mainEntityOfPage\":{\"@id\":\"https:\/\/experienciadevida.com.ar\/portalurbano\/preocupacion-por-la-nueva-ola-de-casos-covid-19-y-cambio-de-fase\/\"},\"wordCount\":326,\"publisher\":{\"@id\":\"https:\/\/experienciadevida.com.ar\/portalurbano\/#organization\"},\"articleSection\":[\"Destacadas\",\"Salud\"],\"inLanguage\":\"es\"},{\"@type\":\"WebPage\",\"@id\":\"https:\/\/experienciadevida.com.ar\/portalurbano\/preocupacion-por-la-nueva-ola-de-casos-covid-19-y-cambio-de-fase\/\",\"url\":\"https:\/\/experienciadevida.com.ar\/portalurbano\/preocupacion-por-la-nueva-ola-de-casos-covid-19-y-cambio-de-fase\/\",\"name\":\"Preocupaci\u00f3n por la nueva ola de casos Covid-19 y cambio de fase -\",\"isPartOf\":{\"@id\":\"https:\/\/experienciadevida.com.ar\/portalurbano\/#website\"},\"datePublished\":\"2020-09-02T15:15:47+00:00\",\"dateModified\":\"2020-09-02T15:18:12+00:00\",\"breadcrumb\":{\"@id\":\"https:\/\/experienciadevida.com.ar\/portalurbano\/preocupacion-por-la-nueva-ola-de-casos-covid-19-y-cambio-de-fase\/#breadcrumb\"},\"inLanguage\":\"es\",\"potentialAction\":[{\"@type\":\"ReadAction\",\"target\":[\"https:\/\/experienciadevida.com.ar\/portalurbano\/preocupacion-por-la-nueva-ola-de-casos-covid-19-y-cambio-de-fase\/\"]}]},{\"@type\":\"BreadcrumbList\",\"@id\":\"https:\/\/experienciadevida.com.ar\/portalurbano\/preocupacion-por-la-nueva-ola-de-casos-covid-19-y-cambio-de-fase\/#breadcrumb\",\"itemListElement\":[{\"@type\":\"ListItem\",\"position\":1,\"name\":\"Portada\",\"item\":\"https:\/\/experienciadevida.com.ar\/portalurbano\/\"},{\"@type\":\"ListItem\",\"position\":2,\"name\":\"Preocupaci\u00f3n por la nueva ola de casos Covid-19 y cambio de fase\"}]},{\"@type\":\"WebSite\",\"@id\":\"https:\/\/experienciadevida.com.ar\/portalurbano\/#website\",\"url\":\"https:\/\/experienciadevida.com.ar\/portalurbano\/\",\"name\":\"\",\"description\":\"\",\"publisher\":{\"@id\":\"https:\/\/experienciadevida.com.ar\/portalurbano\/#organization\"},\"potentialAction\":[{\"@type\":\"SearchAction\",\"target\":{\"@type\":\"EntryPoint\",\"urlTemplate\":\"https:\/\/experienciadevida.com.ar\/portalurbano\/?s={search_term_string}\"},\"query-input\":\"required name=search_term_string\"}],\"inLanguage\":\"es\"},{\"@type\":\"Organization\",\"@id\":\"https:\/\/experienciadevida.com.ar\/portalurbano\/#organization\",\"name\":\"Portal Urbano\",\"url\":\"https:\/\/experienciadevida.com.ar\/portalurbano\/\",\"logo\":{\"@type\":\"ImageObject\",\"inLanguage\":\"es\",\"@id\":\"https:\/\/experienciadevida.com.ar\/portalurbano\/#\/schema\/logo\/image\/\",\"url\":\"https:\/\/experienciadevida.com.ar\/portalurbano\/wp-content\/uploads\/2019\/09\/Logo-Original.png\",\"contentUrl\":\"https:\/\/experienciadevida.com.ar\/portalurbano\/wp-content\/uploads\/2019\/09\/Logo-Original.png\",\"width\":2236,\"height\":1216,\"caption\":\"Portal Urbano\"},\"image\":{\"@id\":\"https:\/\/experienciadevida.com.ar\/portalurbano\/#\/schema\/logo\/image\/\"},\"sameAs\":[\"https:\/\/www.facebook.com\/Portal-Urbano-171542830093757\/\",\"https:\/\/twitter.com\/portalurbanook\",\"https:\/\/www.instagram.com\/_portalurbano\/\",\"https:\/\/www.youtube.com\/channel\/UCXhagIfszH8KxFiOok79zbA?view_as=subscriber\"]},{\"@type\":\"Person\",\"@id\":\"https:\/\/experienciadevida.com.ar\/portalurbano\/#\/schema\/person\/02dd326b1c4b056e9cc972486934a3a7\",\"name\":\"admpu17wp\",\"image\":{\"@type\":\"ImageObject\",\"inLanguage\":\"es\",\"@id\":\"https:\/\/experienciadevida.com.ar\/portalurbano\/#\/schema\/person\/image\/\",\"url\":\"https:\/\/secure.gravatar.com\/avatar\/830d4c57adaae6630765e449a6908047?s=96&d=mm&r=g\",\"contentUrl\":\"https:\/\/secure.gravatar.com\/avatar\/830d4c57adaae6630765e449a6908047?s=96&d=mm&r=g\",\"caption\":\"admpu17wp\"}}]}<\/script>\n<!-- \/ Yoast SEO plugin. -->","yoast_head_json":{"title":"Preocupaci\u00f3n por la nueva ola de casos Covid-19 y cambio de fase -","robots":{"index":"index","follow":"follow","max-snippet":"max-snippet:-1","max-image-preview":"max-image-preview:large","max-video-preview":"max-video-preview:-1"},"canonical":"https:\/\/experienciadevida.com.ar\/portalurbano\/preocupacion-por-la-nueva-ola-de-casos-covid-19-y-cambio-de-fase\/","og_locale":"es_ES","og_type":"article","og_title":"Preocupaci\u00f3n por la nueva ola de casos Covid-19 y cambio de fase -","og_description":"Desde que arranc\u00f3 una nueva semana epidemiol\u00f3gica en Olavarr\u00eda, se registraron\u00a0 42 casos positivos. El...","og_url":"https:\/\/experienciadevida.com.ar\/portalurbano\/preocupacion-por-la-nueva-ola-de-casos-covid-19-y-cambio-de-fase\/","article_publisher":"https:\/\/www.facebook.com\/Portal-Urbano-171542830093757\/","article_published_time":"2020-09-02T15:15:47+00:00","article_modified_time":"2020-09-02T15:18:12+00:00","og_image":[{"width":750,"height":497,"url":"https:\/\/experienciadevida.com.ar\/portalurbano\/wp-content\/uploads\/2020\/08\/noche6.jpg","type":"image\/jpeg"}],"author":"admpu17wp","twitter_card":"summary_large_image","twitter_creator":"@portalurbanook","twitter_site":"@portalurbanook","twitter_misc":{"Escrito por":"admpu17wp","Tiempo de lectura":"2 minutos"},"schema":{"@context":"https:\/\/schema.org","@graph":[{"@type":"Article","@id":"https:\/\/experienciadevida.com.ar\/portalurbano\/preocupacion-por-la-nueva-ola-de-casos-covid-19-y-cambio-de-fase\/#article","isPartOf":{"@id":"https:\/\/experienciadevida.com.ar\/portalurbano\/preocupacion-por-la-nueva-ola-de-casos-covid-19-y-cambio-de-fase\/"},"author":{"name":"admpu17wp","@id":"https:\/\/experienciadevida.com.ar\/portalurbano\/#\/schema\/person\/02dd326b1c4b056e9cc972486934a3a7"},"headline":"Preocupaci\u00f3n por la nueva ola de casos Covid-19 y cambio de fase","datePublished":"2020-09-02T15:15:47+00:00","dateModified":"2020-09-02T15:18:12+00:00","mainEntityOfPage":{"@id":"https:\/\/experienciadevida.com.ar\/portalurbano\/preocupacion-por-la-nueva-ola-de-casos-covid-19-y-cambio-de-fase\/"},"wordCount":326,"publisher":{"@id":"https:\/\/experienciadevida.com.ar\/portalurbano\/#organization"},"articleSection":["Destacadas","Salud"],"inLanguage":"es"},{"@type":"WebPage","@id":"https:\/\/experienciadevida.com.ar\/portalurbano\/preocupacion-por-la-nueva-ola-de-casos-covid-19-y-cambio-de-fase\/","url":"https:\/\/experienciadevida.com.ar\/portalurbano\/preocupacion-por-la-nueva-ola-de-casos-covid-19-y-cambio-de-fase\/","name":"Preocupaci\u00f3n por la nueva ola de casos Covid-19 y cambio de fase -","isPartOf":{"@id":"https:\/\/experienciadevida.com.ar\/portalurbano\/#website"},"datePublished":"2020-09-02T15:15:47+00:00","dateModified":"2020-09-02T15:18:12+00:00","breadcrumb":{"@id":"https:\/\/experienciadevida.com.ar\/portalurbano\/preocupacion-por-la-nueva-ola-de-casos-covid-19-y-cambio-de-fase\/#breadcrumb"},"inLanguage":"es","potentialAction":[{"@type":"ReadAction","target":["https:\/\/experienciadevida.com.ar\/portalurbano\/preocupacion-por-la-nueva-ola-de-casos-covid-19-y-cambio-de-fase\/"]}]},{"@type":"BreadcrumbList","@id":"https:\/\/experienciadevida.com.ar\/portalurbano\/preocupacion-por-la-nueva-ola-de-casos-covid-19-y-cambio-de-fase\/#breadcrumb","itemListElement":[{"@type":"ListItem","position":1,"name":"Portada","item":"https:\/\/experienciadevida.com.ar\/portalurbano\/"},{"@type":"ListItem","position":2,"name":"Preocupaci\u00f3n por la nueva ola de casos Covid-19 y cambio de fase"}]},{"@type":"WebSite","@id":"https:\/\/experienciadevida.com.ar\/portalurbano\/#website","url":"https:\/\/experienciadevida.com.ar\/portalurbano\/","name":"","description":"","publisher":{"@id":"https:\/\/experienciadevida.com.ar\/portalurbano\/#organization"},"potentialAction":[{"@type":"SearchAction","target":{"@type":"EntryPoint","urlTemplate":"https:\/\/experienciadevida.com.ar\/portalurbano\/?s={search_term_string}"},"query-input":"required name=search_term_string"}],"inLanguage":"es"},{"@type":"Organization","@id":"https:\/\/experienciadevida.com.ar\/portalurbano\/#organization","name":"Portal Urbano","url":"https:\/\/experienciadevida.com.ar\/portalurbano\/","logo":{"@type":"ImageObject","inLanguage":"es","@id":"https:\/\/experienciadevida.com.ar\/portalurbano\/#\/schema\/logo\/image\/","url":"https:\/\/experienciadevida.com.ar\/portalurbano\/wp-content\/uploads\/2019\/09\/Logo-Original.png","contentUrl":"https:\/\/experienciadevida.com.ar\/portalurbano\/wp-content\/uploads\/2019\/09\/Logo-Original.png","width":2236,"height":1216,"caption":"Portal Urbano"},"image":{"@id":"https:\/\/experienciadevida.com.ar\/portalurbano\/#\/schema\/logo\/image\/"},"sameAs":["https:\/\/www.facebook.com\/Portal-Urbano-171542830093757\/","https:\/\/twitter.com\/portalurbanook","https:\/\/www.instagram.com\/_portalurbano\/","https:\/\/www.youtube.com\/channel\/UCXhagIfszH8KxFiOok79zbA?view_as=subscriber"]},{"@type":"Person","@id":"https:\/\/experienciadevida.com.ar\/portalurbano\/#\/schema\/person\/02dd326b1c4b056e9cc972486934a3a7","name":"admpu17wp","image":{"@type":"ImageObject","inLanguage":"es","@id":"https:\/\/experienciadevida.com.ar\/portalurbano\/#\/schema\/person\/image\/","url":"https:\/\/secure.gravatar.com\/avatar\/830d4c57adaae6630765e449a6908047?s=96&d=mm&r=g","contentUrl":"https:\/\/secure.gravatar.com\/avatar\/830d4c57adaae6630765e449a6908047?s=96&d=mm&r=g","caption":"admpu17wp"}}]}},"featured_image_urls":{"full":["https:\/\/experienciadevida.com.ar\/portalurbano\/wp-content\/uploads\/2020\/08\/noche6.jpg",750,497,false],"thumbnail":["https:\/\/experienciadevida.com.ar\/portalurbano\/wp-content\/uploads\/2020\/08\/noche6-150x150.jpg",150,150,true],"medium":["https:\/\/experienciadevida.com.ar\/portalurbano\/wp-content\/uploads\/2020\/08\/noche6-300x199.jpg",300,199,true],"medium_large":["https:\/\/experienciadevida.com.ar\/portalurbano\/wp-content\/uploads\/2020\/08\/noche6.jpg",640,424,false],"large":["https:\/\/experienciadevida.com.ar\/portalurbano\/wp-content\/uploads\/2020\/08\/noche6.jpg",640,424,false],"ug_big":["https:\/\/experienciadevida.com.ar\/portalurbano\/wp-content\/uploads\/2020\/08\/noche6.jpg",750,497,false],"1536x1536":["https:\/\/experienciadevida.com.ar\/portalurbano\/wp-content\/uploads\/2020\/08\/noche6.jpg",750,497,false],"2048x2048":["https:\/\/experienciadevida.com.ar\/portalurbano\/wp-content\/uploads\/2020\/08\/noche6.jpg",750,497,false],"newsever-slider-full":["https:\/\/experienciadevida.com.ar\/portalurbano\/wp-content\/uploads\/2020\/08\/noche6.jpg",750,497,false],"newsever-featured":["https:\/\/experienciadevida.com.ar\/portalurbano\/wp-content\/uploads\/2020\/08\/noche6.jpg",750,497,false],"newsever-medium":["https:\/\/experienciadevida.com.ar\/portalurbano\/wp-content\/uploads\/2020\/08\/noche6.jpg",717,475,false],"web-stories-poster-portrait":["https:\/\/experienciadevida.com.ar\/portalurbano\/wp-content\/uploads\/2020\/08\/noche6.jpg",640,424,false],"web-stories-publisher-logo":["https:\/\/experienciadevida.com.ar\/portalurbano\/wp-content\/uploads\/2020\/08\/noche6.jpg",96,64,false],"web-stories-thumbnail":["https:\/\/experienciadevida.com.ar\/portalurbano\/wp-content\/uploads\/2020\/08\/noche6.jpg",150,99,false]},"author_info":{"display_name":"admpu17wp","author_link":"https:\/\/experienciadevida.com.ar\/portalurbano\/author\/admpu17wp\/"},"category_info":"<a href=\"https:\/\/experienciadevida.com.ar\/portalurbano\/category\/destacadas\/\" rel=\"category tag\">Destacadas<\/a> <a href=\"https:\/\/experienciadevida.com.ar\/portalurbano\/category\/ciudad\/salud\/\" rel=\"category tag\">Salud<\/a>","tag_info":"Salud","comment_count":"0","amp_enabled":true,"_links":{"self":[{"href":"https:\/\/experienciadevida.com.ar\/portalurbano\/wp-json\/wp\/v2\/posts\/119986"}],"collection":[{"href":"https:\/\/experienciadevida.com.ar\/portalurbano\/wp-json\/wp\/v2\/posts"}],"about":[{"href":"https:\/\/experienciadevida.com.ar\/portalurbano\/wp-json\/wp\/v2\/types\/post"}],"author":[{"embeddable":true,"href":"https:\/\/experienciadevida.com.ar\/portalurbano\/wp-json\/wp\/v2\/users\/1"}],"replies":[{"embeddable":true,"href":"https:\/\/experienciadevida.com.ar\/portalurbano\/wp-json\/wp\/v2\/comments?post=119986"}],"version-history":[{"count":6,"href":"https:\/\/experienciadevida.com.ar\/portalurbano\/wp-json\/wp\/v2\/posts\/119986\/revisions"}],"predecessor-version":[{"id":119993,"href":"https:\/\/experienciadevida.com.ar\/portalurbano\/wp-json\/wp\/v2\/posts\/119986\/revisions\/119993"}],"wp:featuredmedia":[{"embeddable":true,"href":"https:\/\/experienciadevida.com.ar\/portalurbano\/wp-json\/wp\/v2\/media\/117979"}],"wp:attachment":[{"href":"https:\/\/experienciadevida.com.ar\/portalurbano\/wp-json\/wp\/v2\/media?parent=119986"}],"wp:term":[{"taxonomy":"category","embeddable":true,"href":"https:\/\/experienciadevida.com.ar\/portalurbano\/wp-json\/wp\/v2\/categories?post=119986"},{"taxonomy":"post_tag","embeddable":true,"href":"https:\/\/experienciadevida.com.ar\/portalurbano\/wp-json\/wp\/v2\/tags?post=119986"}],"curies":[{"name":"wp","href":"https:\/\/api.w.org\/{rel}","templated":true}]}}