{"id":119961,"date":"2020-09-02T10:34:22","date_gmt":"2020-09-02T13:34:22","guid":{"rendered":"https:\/\/experienciadevida.com.ar\/portalurbano\/?p=119961"},"modified":"2020-09-02T11:31:06","modified_gmt":"2020-09-02T14:31:06","slug":"dia-de-la-industria-las-empresas-hacen-un-gran-esfuerzo-y-son-el-motor-de-la-ciudad","status":"publish","type":"post","link":"https:\/\/experienciadevida.com.ar\/portalurbano\/dia-de-la-industria-las-empresas-hacen-un-gran-esfuerzo-y-son-el-motor-de-la-ciudad\/","title":{"rendered":"D\u00eda de la industria: Las empresas hacen un gran esfuerzo y son el motor de la ciudad"},"content":{"rendered":"<p>Este <strong>d\u00eda de la industria<\/strong> es diferente, ya que la crisis del Covid-19 impact\u00f3 en forma directa en el entramado productivo y en el mercado laboral. <a href=\"https:\/\/experienciadevida.com.ar\/portalurbano\/efecto-cuarentena-en-mayo-el-556-de-la-industria-permanecio-en-desuso\/\">En el mes de mayo, el 55,6% de la industria permaneci\u00f3 en desuso.\u00a0<\/a><\/p>\n<p>Adem\u00e1s <a href=\"https:\/\/experienciadevida.com.ar\/portalurbano\/la-industria-cayo-en-el-mes-de-abril-un-31\/\">en el mes de abril tambi\u00e9n la industria sufri\u00f3 una ca\u00edda del 31%<\/a>.\u00a0 Pero, pese a este contexto la industria manufacturera y la construcci\u00f3n empezaron a mostrar se\u00f1ales de recuperaci\u00f3n en sus niveles de actividad.<\/p>\n<p>Por otro lado, en el <strong>d\u00eda de la industria<\/strong>, desde la Secretar\u00eda de Desarrollo Econ\u00f3mico del Municipio se redobl\u00f3 el esfuerzo y se trabaj\u00f3 en conjunto con las diferentes \u00e1reas, acompa\u00f1ando y relevando necesidades de las MiPyMes de la ciudad concretando visitas, analizando la aplicaci\u00f3n de programas de apoyo a empresas generado por el di\u00e1logo general, asesoramiento permanente durante los distintos cambios de fase en donde la definici\u00f3n de reapertura de las actividades econ\u00f3micas y la aplicaci\u00f3n de protocolos de bioseguridad\u00a0 fue una tem\u00e1tica importante que se debi\u00f3 abordar.<\/p>\n<p>En el contexto de la pandemia del Coronavirus, el Jefe Comunal hab\u00eda expresado, &#8220;<a href=\"https:\/\/experienciadevida.com.ar\/portalurbano\/en-una-ciudad-tan-industrial-como-la-nuestra-tenemos-que-cuidarnos\/\">en una ciudad tan industrial como la nuestra tenemos que cuidarnos&#8221;.<\/a><\/p>\n<p>Recorrido de las actividades y programas ofrecidos en el\u00a0<strong>d\u00eda de la industria<\/strong>:<\/p>\n<p>En cuanto a la asistencia a MiPyMes se trabaj\u00f3 codo a codo con las instituciones locales, Asociaci\u00f3n PIO, C\u00e1mara Empresaria, C\u00e1mara de la Piedra y Uni\u00f3n Industrial y las empresas cubriendo sus necesidades, pero este a\u00f1o en particular con algunas l\u00edneas de acompa\u00f1amiento que se potenciaron y otras se crearon producto del COVID 19 tales como: Programa de Financiamiento para capital de trabajo y pago de n\u00f3minas salariales, a trav\u00e9s de todos los bancos privados y\u00a0 p\u00fablicos tales como el Provincia y Naci\u00f3n, manteniendo reuniones de trabajo con los gerentes de las citadas entidades bancarias de nuestra ciudad. Tambi\u00e9n se trabaj\u00f3 en la llegada a los empresarios locales promocionando y asesorando sobre el programa que lanz\u00f3 el gobierno nacional denominado Asistencia al Trabajo y Producci\u00f3n\u00a0 -ATP- y sus distintas modalidades; las l\u00edneas de financiamiento a tasa cero, l\u00edneas para monotributistas y aut\u00f3nomos entre otras.<\/p>\n<p>Otros programas que se vienen trabajando y que ya est\u00e1n en vigencia desde a\u00f1os anteriores son: Consejo Federal de Inversiones \u2013 programa de financiamiento del CFI a tasas muy interesantes apuntando a las actividades a saber: turismo, agropecuario, industria, apicultura, miner\u00eda.<\/p>\n<p>La l\u00ednea de acompa\u00f1amiento a microempresas, a trav\u00e9s de la Comisi\u00f3n Nacional de Microcr\u00e9ditos, permite el financiamiento a nivel local, brindando la posibilidad que de manera regular se realicen entregas de microcr\u00e9ditos a quienes lo necesitan con un fuerte acompa\u00f1amiento del equipo t\u00e9cnico de la Secretar\u00eda de Desarrollo. Durante este a\u00f1o se entregaron 37 microcr\u00e9ditos por un total de $1.790.000.<\/p>\n<p>Desde la visi\u00f3n sustentable en la industria, en el marco del Programa de Forestaci\u00f3n para el sector minero en conjunto con la producci\u00f3n forestal del Vivero Municipal las empresas han continuado colaborando con la adquisici\u00f3n de especies para forestar en taludes y sectores de barrera forestal, entregando a cambio especies para el arbolado urbano.<\/p>\n<p>Cabe mencionar que la industria cementera sigue apostando a la ciudad con importantes inversiones para incrementar la competitividad y mejorar sustancialmente la capacidad productiva. Este aumento en la producci\u00f3n ha generado un impacto positivo en diversos sectores tales como agrupamientos industriales, el transporte, sector servicios, sector comercial y mano de obra indirecta.<\/p>\n<p>Al momento de hablar de la Econom\u00eda del Conocimiento, en el <b>d\u00eda de la insutria <\/b>hablamos del fen\u00f3meno de las nuevas tecnolog\u00edas de la informaci\u00f3n, combinadas con la reorganizaci\u00f3n de las cadenas productivas. Desde el a\u00f1o 2018, se viene trabajando con un sector con gran potencialidad como es la industria del software. Se convoc\u00f3 a empresas del sector, aglutin\u00e1ndolos bajo una figura asociativa, hoy el \u201cCluster ITO\u201d, quienes luego de trabajos con profesionales fueron detectando las debilidades, puntos fuertes y necesidades a trabajar con el objeto de que el sector se fortalezca bajo distintos puntos de vista en nuestra ciudad. Fue as\u00ed que se inici\u00f3 una tarea interinstitucional con el acompa\u00f1amiento de la Universidad Nacional del Centro de la Provincia de Buenos Aires \u2013Facultad de Ciencias Exactas-, la c\u00e1mara del sector Tandilense, los miembros del Cluster\u00a0 y nuestro equipo municipal, llegando a la conclusi\u00f3n de acercar a Olavarr\u00eda la carrera con salida laboral denominada TUDAI, cuya duraci\u00f3n es de 3 a\u00f1os y que fue recientemente lanzada. El contar con j\u00f3venes formados abre una interesante ventana para la ciudad en la que empresas del sector busquen a Olavarr\u00eda para su radicaci\u00f3n, posibilitando tambi\u00e9n que sea una ciudad referente del sector software.<\/p>\n<p>Apoyo de las grandes industrias a las instituciones educativas locales a trav\u00e9s de espacios tales como la mesa de Copret, se viene trabajando en proyectos a trav\u00e9s del programa Cr\u00e9dito Fiscal para incorporar tecnolog\u00eda: impresora 3D, pant\u00f3grafo, creaci\u00f3n de un laboratorio de energ\u00edas renovables, equipamiento para laboratorio de automatizaci\u00f3n y control, tecnolog\u00eda 4.0 y desaf\u00edo para formaci\u00f3n profesional, siendo beneficiarias instituciones de formaci\u00f3n terciaria, centros de formaci\u00f3n y escuelas t\u00e9cnicas.<\/p>\n<p>En cuanto al apoyo de las empresas y emprendedores locales al \u00e1rea de Salud, &#8220;queremos destacar y agradecer el importante apoyo de las empresas y emprendedores locales, en todos sus rubros, en referencia a la donaci\u00f3n de insumos y la puesta a disposici\u00f3n de su capital de trabajo en cuanto a las horas de RRHH y maquinaria para llevar adelante los proyectos Mascaras faciales 3D, con una producci\u00f3n de m\u00e1s de 1500 unidades, la confecci\u00f3n de m\u00e1s de 5000 barbijos y la fabricaci\u00f3n de 200 soportes para sueros para fortalecer el \u00e1rea de Salud de nuestra ciudad&#8221;, mencionaron del Municipio en el\u00a0<strong>d\u00eda de la industria<\/strong>.<\/p>\n","protected":false},"excerpt":{"rendered":"<p>Este d\u00eda de la industria es diferente, ya que la crisis del Covid-19 impact\u00f3 en&#8230;<\/p>\n","protected":false},"author":1,"featured_media":119962,"comment_status":"closed","ping_status":"closed","sticky":false,"template":"","format":"standard","meta":{"content-type":""},"categories":[27,51],"tags":[],"nelio_content":{"isAutoShareEnabled":false,"autoShareEndMode":"default","automationSources":{"useContentSentences":true,"useSocialTemplates":true,"useCustomSentences":false,"customSentences":[]},"followers":[1],"suggestedReferences":[],"includedReferences":[],"efiUrl":"","efiAlt":"","highlights":[]},"yoast_head":"<!-- This site is optimized with the Yoast SEO plugin v20.7 - https:\/\/yoast.com\/wordpress\/plugins\/seo\/ -->\n<title>D\u00eda de la industria: Las empresas hacen un gran esfuerzo y son el motor de la ciudad -<\/title>\n<meta name=\"description\" content=\"Este d\u00eda de la industria es diferente, ya que la crisis del Covid-19 afect\u00f3 en forma directa en entramado productivo y en el mercado laboral.\" \/>\n<meta name=\"robots\" content=\"index, follow, max-snippet:-1, max-image-preview:large, max-video-preview:-1\" \/>\n<link rel=\"canonical\" href=\"https:\/\/experienciadevida.com.ar\/portalurbano\/dia-de-la-industria-las-empresas-hacen-un-gran-esfuerzo-y-son-el-motor-de-la-ciudad\/\" \/>\n<meta property=\"og:locale\" content=\"es_ES\" \/>\n<meta property=\"og:type\" content=\"article\" \/>\n<meta property=\"og:title\" content=\"D\u00eda de la industria: Las empresas hacen un gran esfuerzo y son el motor de la ciudad -\" \/>\n<meta property=\"og:description\" content=\"Este d\u00eda de la industria es diferente, ya que la crisis del Covid-19 afect\u00f3 en forma directa en entramado productivo y en el mercado laboral.\" \/>\n<meta property=\"og:url\" content=\"https:\/\/experienciadevida.com.ar\/portalurbano\/dia-de-la-industria-las-empresas-hacen-un-gran-esfuerzo-y-son-el-motor-de-la-ciudad\/\" \/>\n<meta property=\"article:publisher\" content=\"https:\/\/www.facebook.com\/Portal-Urbano-171542830093757\/\" \/>\n<meta property=\"article:published_time\" content=\"2020-09-02T13:34:22+00:00\" \/>\n<meta property=\"article:modified_time\" content=\"2020-09-02T14:31:06+00:00\" \/>\n<meta property=\"og:image\" content=\"https:\/\/experienciadevida.com.ar\/portalurbano\/wp-content\/uploads\/2020\/09\/DIADELAINDUSTRIA.jpg\" \/>\n\t<meta property=\"og:image:width\" content=\"765\" \/>\n\t<meta property=\"og:image:height\" content=\"510\" \/>\n\t<meta property=\"og:image:type\" content=\"image\/jpeg\" \/>\n<meta name=\"author\" content=\"admpu17wp\" \/>\n<meta name=\"twitter:card\" content=\"summary_large_image\" \/>\n<meta name=\"twitter:creator\" content=\"@portalurbanook\" \/>\n<meta name=\"twitter:site\" content=\"@portalurbanook\" \/>\n<meta name=\"twitter:label1\" content=\"Escrito por\" \/>\n\t<meta name=\"twitter:data1\" content=\"admpu17wp\" \/>\n\t<meta name=\"twitter:label2\" content=\"Tiempo de lectura\" \/>\n\t<meta name=\"twitter:data2\" content=\"5 minutos\" \/>\n<script type=\"application\/ld+json\" class=\"yoast-schema-graph\">{\"@context\":\"https:\/\/schema.org\",\"@graph\":[{\"@type\":\"Article\",\"@id\":\"https:\/\/experienciadevida.com.ar\/portalurbano\/dia-de-la-industria-las-empresas-hacen-un-gran-esfuerzo-y-son-el-motor-de-la-ciudad\/#article\",\"isPartOf\":{\"@id\":\"https:\/\/experienciadevida.com.ar\/portalurbano\/dia-de-la-industria-las-empresas-hacen-un-gran-esfuerzo-y-son-el-motor-de-la-ciudad\/\"},\"author\":{\"name\":\"admpu17wp\",\"@id\":\"https:\/\/experienciadevida.com.ar\/portalurbano\/#\/schema\/person\/02dd326b1c4b056e9cc972486934a3a7\"},\"headline\":\"D\u00eda de la industria: Las empresas hacen un gran esfuerzo y son el motor de la ciudad\",\"datePublished\":\"2020-09-02T13:34:22+00:00\",\"dateModified\":\"2020-09-02T14:31:06+00:00\",\"mainEntityOfPage\":{\"@id\":\"https:\/\/experienciadevida.com.ar\/portalurbano\/dia-de-la-industria-las-empresas-hacen-un-gran-esfuerzo-y-son-el-motor-de-la-ciudad\/\"},\"wordCount\":1028,\"publisher\":{\"@id\":\"https:\/\/experienciadevida.com.ar\/portalurbano\/#organization\"},\"articleSection\":[\"Ciudad\",\"Destacadas\"],\"inLanguage\":\"es\"},{\"@type\":\"WebPage\",\"@id\":\"https:\/\/experienciadevida.com.ar\/portalurbano\/dia-de-la-industria-las-empresas-hacen-un-gran-esfuerzo-y-son-el-motor-de-la-ciudad\/\",\"url\":\"https:\/\/experienciadevida.com.ar\/portalurbano\/dia-de-la-industria-las-empresas-hacen-un-gran-esfuerzo-y-son-el-motor-de-la-ciudad\/\",\"name\":\"D\u00eda de la industria: Las empresas hacen un gran esfuerzo y son el motor de la ciudad -\",\"isPartOf\":{\"@id\":\"https:\/\/experienciadevida.com.ar\/portalurbano\/#website\"},\"datePublished\":\"2020-09-02T13:34:22+00:00\",\"dateModified\":\"2020-09-02T14:31:06+00:00\",\"description\":\"Este d\u00eda de la industria es diferente, ya que la crisis del Covid-19 afect\u00f3 en forma directa en entramado productivo y en el mercado laboral.\",\"breadcrumb\":{\"@id\":\"https:\/\/experienciadevida.com.ar\/portalurbano\/dia-de-la-industria-las-empresas-hacen-un-gran-esfuerzo-y-son-el-motor-de-la-ciudad\/#breadcrumb\"},\"inLanguage\":\"es\",\"potentialAction\":[{\"@type\":\"ReadAction\",\"target\":[\"https:\/\/experienciadevida.com.ar\/portalurbano\/dia-de-la-industria-las-empresas-hacen-un-gran-esfuerzo-y-son-el-motor-de-la-ciudad\/\"]}]},{\"@type\":\"BreadcrumbList\",\"@id\":\"https:\/\/experienciadevida.com.ar\/portalurbano\/dia-de-la-industria-las-empresas-hacen-un-gran-esfuerzo-y-son-el-motor-de-la-ciudad\/#breadcrumb\",\"itemListElement\":[{\"@type\":\"ListItem\",\"position\":1,\"name\":\"Portada\",\"item\":\"https:\/\/experienciadevida.com.ar\/portalurbano\/\"},{\"@type\":\"ListItem\",\"position\":2,\"name\":\"D\u00eda de la industria: Las empresas hacen un gran esfuerzo y son el motor de la ciudad\"}]},{\"@type\":\"WebSite\",\"@id\":\"https:\/\/experienciadevida.com.ar\/portalurbano\/#website\",\"url\":\"https:\/\/experienciadevida.com.ar\/portalurbano\/\",\"name\":\"\",\"description\":\"\",\"publisher\":{\"@id\":\"https:\/\/experienciadevida.com.ar\/portalurbano\/#organization\"},\"potentialAction\":[{\"@type\":\"SearchAction\",\"target\":{\"@type\":\"EntryPoint\",\"urlTemplate\":\"https:\/\/experienciadevida.com.ar\/portalurbano\/?s={search_term_string}\"},\"query-input\":\"required name=search_term_string\"}],\"inLanguage\":\"es\"},{\"@type\":\"Organization\",\"@id\":\"https:\/\/experienciadevida.com.ar\/portalurbano\/#organization\",\"name\":\"Portal Urbano\",\"url\":\"https:\/\/experienciadevida.com.ar\/portalurbano\/\",\"logo\":{\"@type\":\"ImageObject\",\"inLanguage\":\"es\",\"@id\":\"https:\/\/experienciadevida.com.ar\/portalurbano\/#\/schema\/logo\/image\/\",\"url\":\"https:\/\/experienciadevida.com.ar\/portalurbano\/wp-content\/uploads\/2019\/09\/Logo-Original.png\",\"contentUrl\":\"https:\/\/experienciadevida.com.ar\/portalurbano\/wp-content\/uploads\/2019\/09\/Logo-Original.png\",\"width\":2236,\"height\":1216,\"caption\":\"Portal Urbano\"},\"image\":{\"@id\":\"https:\/\/experienciadevida.com.ar\/portalurbano\/#\/schema\/logo\/image\/\"},\"sameAs\":[\"https:\/\/www.facebook.com\/Portal-Urbano-171542830093757\/\",\"https:\/\/twitter.com\/portalurbanook\",\"https:\/\/www.instagram.com\/_portalurbano\/\",\"https:\/\/www.youtube.com\/channel\/UCXhagIfszH8KxFiOok79zbA?view_as=subscriber\"]},{\"@type\":\"Person\",\"@id\":\"https:\/\/experienciadevida.com.ar\/portalurbano\/#\/schema\/person\/02dd326b1c4b056e9cc972486934a3a7\",\"name\":\"admpu17wp\",\"image\":{\"@type\":\"ImageObject\",\"inLanguage\":\"es\",\"@id\":\"https:\/\/experienciadevida.com.ar\/portalurbano\/#\/schema\/person\/image\/\",\"url\":\"https:\/\/secure.gravatar.com\/avatar\/830d4c57adaae6630765e449a6908047?s=96&d=mm&r=g\",\"contentUrl\":\"https:\/\/secure.gravatar.com\/avatar\/830d4c57adaae6630765e449a6908047?s=96&d=mm&r=g\",\"caption\":\"admpu17wp\"}}]}<\/script>\n<!-- \/ Yoast SEO plugin. -->","yoast_head_json":{"title":"D\u00eda de la industria: Las empresas hacen un gran esfuerzo y son el motor de la ciudad -","description":"Este d\u00eda de la industria es diferente, ya que la crisis del Covid-19 afect\u00f3 en forma directa en entramado productivo y en el mercado laboral.","robots":{"index":"index","follow":"follow","max-snippet":"max-snippet:-1","max-image-preview":"max-image-preview:large","max-video-preview":"max-video-preview:-1"},"canonical":"https:\/\/experienciadevida.com.ar\/portalurbano\/dia-de-la-industria-las-empresas-hacen-un-gran-esfuerzo-y-son-el-motor-de-la-ciudad\/","og_locale":"es_ES","og_type":"article","og_title":"D\u00eda de la industria: Las empresas hacen un gran esfuerzo y son el motor de la ciudad -","og_description":"Este d\u00eda de la industria es diferente, ya que la crisis del Covid-19 afect\u00f3 en forma directa en entramado productivo y en el mercado laboral.","og_url":"https:\/\/experienciadevida.com.ar\/portalurbano\/dia-de-la-industria-las-empresas-hacen-un-gran-esfuerzo-y-son-el-motor-de-la-ciudad\/","article_publisher":"https:\/\/www.facebook.com\/Portal-Urbano-171542830093757\/","article_published_time":"2020-09-02T13:34:22+00:00","article_modified_time":"2020-09-02T14:31:06+00:00","og_image":[{"width":765,"height":510,"url":"https:\/\/experienciadevida.com.ar\/portalurbano\/wp-content\/uploads\/2020\/09\/DIADELAINDUSTRIA.jpg","type":"image\/jpeg"}],"author":"admpu17wp","twitter_card":"summary_large_image","twitter_creator":"@portalurbanook","twitter_site":"@portalurbanook","twitter_misc":{"Escrito por":"admpu17wp","Tiempo de lectura":"5 minutos"},"schema":{"@context":"https:\/\/schema.org","@graph":[{"@type":"Article","@id":"https:\/\/experienciadevida.com.ar\/portalurbano\/dia-de-la-industria-las-empresas-hacen-un-gran-esfuerzo-y-son-el-motor-de-la-ciudad\/#article","isPartOf":{"@id":"https:\/\/experienciadevida.com.ar\/portalurbano\/dia-de-la-industria-las-empresas-hacen-un-gran-esfuerzo-y-son-el-motor-de-la-ciudad\/"},"author":{"name":"admpu17wp","@id":"https:\/\/experienciadevida.com.ar\/portalurbano\/#\/schema\/person\/02dd326b1c4b056e9cc972486934a3a7"},"headline":"D\u00eda de la industria: Las empresas hacen un gran esfuerzo y son el motor de la ciudad","datePublished":"2020-09-02T13:34:22+00:00","dateModified":"2020-09-02T14:31:06+00:00","mainEntityOfPage":{"@id":"https:\/\/experienciadevida.com.ar\/portalurbano\/dia-de-la-industria-las-empresas-hacen-un-gran-esfuerzo-y-son-el-motor-de-la-ciudad\/"},"wordCount":1028,"publisher":{"@id":"https:\/\/experienciadevida.com.ar\/portalurbano\/#organization"},"articleSection":["Ciudad","Destacadas"],"inLanguage":"es"},{"@type":"WebPage","@id":"https:\/\/experienciadevida.com.ar\/portalurbano\/dia-de-la-industria-las-empresas-hacen-un-gran-esfuerzo-y-son-el-motor-de-la-ciudad\/","url":"https:\/\/experienciadevida.com.ar\/portalurbano\/dia-de-la-industria-las-empresas-hacen-un-gran-esfuerzo-y-son-el-motor-de-la-ciudad\/","name":"D\u00eda de la industria: Las empresas hacen un gran esfuerzo y son el motor de la ciudad -","isPartOf":{"@id":"https:\/\/experienciadevida.com.ar\/portalurbano\/#website"},"datePublished":"2020-09-02T13:34:22+00:00","dateModified":"2020-09-02T14:31:06+00:00","description":"Este d\u00eda de la industria es diferente, ya que la crisis del Covid-19 afect\u00f3 en forma directa en entramado productivo y en el mercado laboral.","breadcrumb":{"@id":"https:\/\/experienciadevida.com.ar\/portalurbano\/dia-de-la-industria-las-empresas-hacen-un-gran-esfuerzo-y-son-el-motor-de-la-ciudad\/#breadcrumb"},"inLanguage":"es","potentialAction":[{"@type":"ReadAction","target":["https:\/\/experienciadevida.com.ar\/portalurbano\/dia-de-la-industria-las-empresas-hacen-un-gran-esfuerzo-y-son-el-motor-de-la-ciudad\/"]}]},{"@type":"BreadcrumbList","@id":"https:\/\/experienciadevida.com.ar\/portalurbano\/dia-de-la-industria-las-empresas-hacen-un-gran-esfuerzo-y-son-el-motor-de-la-ciudad\/#breadcrumb","itemListElement":[{"@type":"ListItem","position":1,"name":"Portada","item":"https:\/\/experienciadevida.com.ar\/portalurbano\/"},{"@type":"ListItem","position":2,"name":"D\u00eda de la industria: Las empresas hacen un gran esfuerzo y son el motor de la ciudad"}]},{"@type":"WebSite","@id":"https:\/\/experienciadevida.com.ar\/portalurbano\/#website","url":"https:\/\/experienciadevida.com.ar\/portalurbano\/","name":"","description":"","publisher":{"@id":"https:\/\/experienciadevida.com.ar\/portalurbano\/#organization"},"potentialAction":[{"@type":"SearchAction","target":{"@type":"EntryPoint","urlTemplate":"https:\/\/experienciadevida.com.ar\/portalurbano\/?s={search_term_string}"},"query-input":"required name=search_term_string"}],"inLanguage":"es"},{"@type":"Organization","@id":"https:\/\/experienciadevida.com.ar\/portalurbano\/#organization","name":"Portal Urbano","url":"https:\/\/experienciadevida.com.ar\/portalurbano\/","logo":{"@type":"ImageObject","inLanguage":"es","@id":"https:\/\/experienciadevida.com.ar\/portalurbano\/#\/schema\/logo\/image\/","url":"https:\/\/experienciadevida.com.ar\/portalurbano\/wp-content\/uploads\/2019\/09\/Logo-Original.png","contentUrl":"https:\/\/experienciadevida.com.ar\/portalurbano\/wp-content\/uploads\/2019\/09\/Logo-Original.png","width":2236,"height":1216,"caption":"Portal Urbano"},"image":{"@id":"https:\/\/experienciadevida.com.ar\/portalurbano\/#\/schema\/logo\/image\/"},"sameAs":["https:\/\/www.facebook.com\/Portal-Urbano-171542830093757\/","https:\/\/twitter.com\/portalurbanook","https:\/\/www.instagram.com\/_portalurbano\/","https:\/\/www.youtube.com\/channel\/UCXhagIfszH8KxFiOok79zbA?view_as=subscriber"]},{"@type":"Person","@id":"https:\/\/experienciadevida.com.ar\/portalurbano\/#\/schema\/person\/02dd326b1c4b056e9cc972486934a3a7","name":"admpu17wp","image":{"@type":"ImageObject","inLanguage":"es","@id":"https:\/\/experienciadevida.com.ar\/portalurbano\/#\/schema\/person\/image\/","url":"https:\/\/secure.gravatar.com\/avatar\/830d4c57adaae6630765e449a6908047?s=96&d=mm&r=g","contentUrl":"https:\/\/secure.gravatar.com\/avatar\/830d4c57adaae6630765e449a6908047?s=96&d=mm&r=g","caption":"admpu17wp"}}]}},"featured_image_urls":{"full":["https:\/\/experienciadevida.com.ar\/portalurbano\/wp-content\/uploads\/2020\/09\/DIADELAINDUSTRIA.jpg",765,510,false],"thumbnail":["https:\/\/experienciadevida.com.ar\/portalurbano\/wp-content\/uploads\/2020\/09\/DIADELAINDUSTRIA-150x150.jpg",150,150,true],"medium":["https:\/\/experienciadevida.com.ar\/portalurbano\/wp-content\/uploads\/2020\/09\/DIADELAINDUSTRIA-300x200.jpg",300,200,true],"medium_large":["https:\/\/experienciadevida.com.ar\/portalurbano\/wp-content\/uploads\/2020\/09\/DIADELAINDUSTRIA.jpg",640,427,false],"large":["https:\/\/experienciadevida.com.ar\/portalurbano\/wp-content\/uploads\/2020\/09\/DIADELAINDUSTRIA.jpg",640,427,false],"ug_big":["https:\/\/experienciadevida.com.ar\/portalurbano\/wp-content\/uploads\/2020\/09\/DIADELAINDUSTRIA.jpg",765,510,false],"1536x1536":["https:\/\/experienciadevida.com.ar\/portalurbano\/wp-content\/uploads\/2020\/09\/DIADELAINDUSTRIA.jpg",765,510,false],"2048x2048":["https:\/\/experienciadevida.com.ar\/portalurbano\/wp-content\/uploads\/2020\/09\/DIADELAINDUSTRIA.jpg",765,510,false],"newsever-slider-full":["https:\/\/experienciadevida.com.ar\/portalurbano\/wp-content\/uploads\/2020\/09\/DIADELAINDUSTRIA.jpg",765,510,false],"newsever-featured":["https:\/\/experienciadevida.com.ar\/portalurbano\/wp-content\/uploads\/2020\/09\/DIADELAINDUSTRIA.jpg",765,510,false],"newsever-medium":["https:\/\/experienciadevida.com.ar\/portalurbano\/wp-content\/uploads\/2020\/09\/DIADELAINDUSTRIA.jpg",713,475,false],"web-stories-poster-portrait":["https:\/\/experienciadevida.com.ar\/portalurbano\/wp-content\/uploads\/2020\/09\/DIADELAINDUSTRIA.jpg",640,427,false],"web-stories-publisher-logo":["https:\/\/experienciadevida.com.ar\/portalurbano\/wp-content\/uploads\/2020\/09\/DIADELAINDUSTRIA.jpg",96,64,false],"web-stories-thumbnail":["https:\/\/experienciadevida.com.ar\/portalurbano\/wp-content\/uploads\/2020\/09\/DIADELAINDUSTRIA.jpg",150,100,false]},"author_info":{"display_name":"admpu17wp","author_link":"https:\/\/experienciadevida.com.ar\/portalurbano\/author\/admpu17wp\/"},"category_info":"<a href=\"https:\/\/experienciadevida.com.ar\/portalurbano\/category\/ciudad\/\" rel=\"category tag\">Ciudad<\/a> <a href=\"https:\/\/experienciadevida.com.ar\/portalurbano\/category\/destacadas\/\" rel=\"category tag\">Destacadas<\/a>","tag_info":"Destacadas","comment_count":"0","amp_enabled":true,"_links":{"self":[{"href":"https:\/\/experienciadevida.com.ar\/portalurbano\/wp-json\/wp\/v2\/posts\/119961"}],"collection":[{"href":"https:\/\/experienciadevida.com.ar\/portalurbano\/wp-json\/wp\/v2\/posts"}],"about":[{"href":"https:\/\/experienciadevida.com.ar\/portalurbano\/wp-json\/wp\/v2\/types\/post"}],"author":[{"embeddable":true,"href":"https:\/\/experienciadevida.com.ar\/portalurbano\/wp-json\/wp\/v2\/users\/1"}],"replies":[{"embeddable":true,"href":"https:\/\/experienciadevida.com.ar\/portalurbano\/wp-json\/wp\/v2\/comments?post=119961"}],"version-history":[{"count":5,"href":"https:\/\/experienciadevida.com.ar\/portalurbano\/wp-json\/wp\/v2\/posts\/119961\/revisions"}],"predecessor-version":[{"id":119977,"href":"https:\/\/experienciadevida.com.ar\/portalurbano\/wp-json\/wp\/v2\/posts\/119961\/revisions\/119977"}],"wp:featuredmedia":[{"embeddable":true,"href":"https:\/\/experienciadevida.com.ar\/portalurbano\/wp-json\/wp\/v2\/media\/119962"}],"wp:attachment":[{"href":"https:\/\/experienciadevida.com.ar\/portalurbano\/wp-json\/wp\/v2\/media?parent=119961"}],"wp:term":[{"taxonomy":"category","embeddable":true,"href":"https:\/\/experienciadevida.com.ar\/portalurbano\/wp-json\/wp\/v2\/categories?post=119961"},{"taxonomy":"post_tag","embeddable":true,"href":"https:\/\/experienciadevida.com.ar\/portalurbano\/wp-json\/wp\/v2\/tags?post=119961"}],"curies":[{"name":"wp","href":"https:\/\/api.w.org\/{rel}","templated":true}]}}