{"id":119933,"date":"2020-09-01T21:06:50","date_gmt":"2020-09-02T00:06:50","guid":{"rendered":"https:\/\/experienciadevida.com.ar\/portalurbano\/?p=119933"},"modified":"2020-09-01T21:06:50","modified_gmt":"2020-09-02T00:06:50","slug":"covid-19-en-el-pais-10-504-nuevos-contagios-y-259-muertos","status":"publish","type":"post","link":"https:\/\/experienciadevida.com.ar\/portalurbano\/covid-19-en-el-pais-10-504-nuevos-contagios-y-259-muertos\/","title":{"rendered":"Covid-19 en el pa\u00eds: 10.504 nuevos contagios y 259 muertos"},"content":{"rendered":"<p>La pandemia sigue registrando n\u00fameros preocupantes, no s\u00f3lo en AMBA, sino en el interior del pa\u00eds.<\/p>\n<p>El Ministerio de Salud de la Naci\u00f3n inform\u00f3 que en las \u00faltimas 24 horas fueron confirmados\u00a0<strong>10.504 nuevos casos de coronavirus en el pa\u00eds y otros 259 decesos.<\/strong>\u00a0La pandemia ya alcanza los 428.239 contagios desde su inicio y de esa cifra,\u00a0<strong>8.919 personas perdieron la vida<\/strong>\u00a0por la enfermedad.<\/p>\n<p>Seg\u00fan el registro de casos diario,\u00a0<strong>la provincia de Buenos Aires tuvo 6.157 diagn\u00f3sticos, mientras que la Ciudad de Buenos Aires que confirm\u00f3 1.395. \u00a0<\/strong><\/p>\n<p>\u201cDel total de esos casos, 1.200 (0,3%) son importados, 97.726 (22,8%) son contactos estrechos de casos confirmados, 263.555 (61,5%) son casos de circulaci\u00f3n comunitaria y el resto se encuentra en investigaci\u00f3n epidemiol\u00f3gica\u201d, especific\u00f3 la cartera sanitaria.<\/p>\n<p>Se indic\u00f3 adem\u00e1s que\u00a0<strong>son 2.314 los internados en unidades de terapia intensiva,<\/strong>\u00a0con un porcentaje de ocupaci\u00f3n de camas de adultos de 60,7% en el pa\u00eds y del 69,2% en la \u00c1rea Metropolitana Buenos Aires.<\/p>\n<p>En tanto, de acuerdo a los dos informes oficiales ofrecidos hoy por el Ministerio de Salud se registraron otros\u00a0<strong>259 fallecimientos.<\/strong>\u00a0En el primero se confirmaron\u00a0<strong>70 nuevas muertes.<\/strong>\u00a0Se trata de 32 hombres, 21 residentes en la provincia de Buenos Aires; 7 residentes en la Ciudad de Buenos Aires (CABA); 2 residentes en la provincia de Mendoza; 1 residente en la provincia de Santa Fe; 1 residente en la provincia de C\u00f3rdoba; y 36 mujeres; 24 residentes en la provincia de Buenos Aires; 6 residentes en la Ciudad de Buenos Aires (CABA); 1 residente en la provincia de Mendoza; 1 residente en la provincia de Entre R\u00edos; 2 residentes en la provincia de R\u00edo Negro; 1 residente en la provincia de Neuqu\u00e9n; y 1 residente en la provincia de Santa Fe.<\/p>\n<p>En el segundo, se reportaron\u00a0<strong>189 decesos<\/strong>: 95 hombres, 69 residentes en la provincia de Buenos Aires; 19 residentes en la Ciudad de Buenos Aires (CABA); 1 residentes en la provincia de C\u00f3rdoba; 2 residentes en la provincia de La Rioja; 1 residente en la provincia de Neuqu\u00e9n; 1 residente en la provincia de Santa Cruz; 1 residente en la provincia de Santa Fe; 1 residente en la provincia de Santiago del Estero; y 94 mujeres; 63 residentes en la provincia de Buenos Aires; 19 residentes en la Ciudad de Buenos Aires (CABA); 1 residente en la provincia de La pampa; 6 residentes en la provincia de La Rioja; 1 residente en la provincia de Neuqu\u00e9n; 1 residente en la provincia de R\u00edo Negro; 2 residentes en la provincia de Santa Fe; 1 residentes en la provincia de Santiago del Estero.\u00a0\u00a0<strong>Al momento la cantidad de personas fallecidas es 8.919. \u00a0<\/strong><\/p>\n<h3>Detalle por distrito<\/h3>\n<p>A continuaci\u00f3n se detallan los casos confirmados por cada distrito del pa\u00eds, tanto en las \u00faltimas 24 horas (en la primera cifra) como los acumulados desde el inicio de la pandemia (en la segunda).<\/p>\n<p>\u2013 Buenos Aires 6.157 | 264.950<\/p>\n<p>\u2013 Ciudad de Buenos Aires 1.395 | 96.999<\/p>\n<p>\u2013 Catamarca 1 | 67<\/p>\n<p>\u2013 Chaco 75 | 5.492<\/p>\n<p>\u2013 Chubut 56 | 955<\/p>\n<p>\u2013 C\u00f3rdoba 392 | 8.914<\/p>\n<p>\u2013 Corrientes 3 | 314<\/p>\n<p>\u2013 Entre R\u00edos 312 | 3.650<\/p>\n<p>\u2013 Formosa -1 | 83<\/p>\n<p>\u2013 Jujuy 124 | 8.542<\/p>\n<p>\u2013 La Pampa 8 | 212<\/p>\n<p>\u2013 La Rioja 40 | 1.628<\/p>\n<p>\u2013 Mendoza 361 | 7.191<\/p>\n<p>\u2013 Misiones 4 | 66<\/p>\n<p>\u2013 Neuqu\u00e9n 136 | 3.172<\/p>\n<p>\u2013 R\u00edo Negro 179 | 6.175<\/p>\n<p>\u2013 Salta 183 | 3.503<\/p>\n<p>\u2013 San Juan 0 | 223<\/p>\n<p>\u2013 San Luis 9 | 156<\/p>\n<p>\u2013 Santa Cruz 37 | 1.808<\/p>\n<p>\u2013 Santa Fe 677 | 8.582<\/p>\n<p>\u2013 Santiago del Estero 38 | 976<\/p>\n<p>\u2013 Tierra del Fuego** 82 | 2.102<\/p>\n<p>\u2013 Tucum\u00e1n 236 | 2.479<\/p>\n<p>Aclaraci\u00f3n: aquellas provincias con d\u00edgitos en negativo han reclasificado sus casos a otras jurisdicciones seg\u00fan lugar de residencia.<\/p>\n<p>*Aquellos casos confirmados que no est\u00e1n notificados por residencia, fueron contabilizados por provincia de carga.<\/p>\n<p>**Se incluyen 13 casos existentes en las Islas Malvinas seg\u00fan informaci\u00f3n de prensa (debido a la ocupaci\u00f3n ilegal del Reino Unido, Gran Breta\u00f1a e Irlanda del Norte no es posible contar con informaci\u00f3n propia sobre el impacto del Covid-19 en esa parte del territorio argentino).<\/p>\n<p>Aclaraci\u00f3n: la notificaci\u00f3n de los casos por jurisdicci\u00f3n se realiza teniendo en cuenta la residencia seg\u00fan el Registro Nacional de las Personas y en caso de no estar notificado la provincia de residencia, se asigna la provincia de carga. Pudiendo variar en funci\u00f3n de la investigaci\u00f3n de la jurisdicci\u00f3n.<\/p>\n<p>Las autoridades contin\u00faan con las medidas intensivas para reducir la circulaci\u00f3n del virus en el pa\u00eds y disminuir su transmisi\u00f3n. En este sentido es clave la estrategia de mitigaci\u00f3n de la mortalidad destinada a personas mayores de 60 a\u00f1os y personas que integren los grupos de riesgo. (DIB) AR<\/p>\n","protected":false},"excerpt":{"rendered":"<p>La pandemia sigue registrando n\u00fameros preocupantes, no s\u00f3lo en AMBA, sino en el interior del&#8230;<\/p>\n","protected":false},"author":1,"featured_media":119934,"comment_status":"closed","ping_status":"closed","sticky":false,"template":"","format":"standard","meta":{"content-type":""},"categories":[71,39],"tags":[],"nelio_content":{"isAutoShareEnabled":false,"autoShareEndMode":"default","automationSources":{"useContentSentences":true,"useSocialTemplates":true,"useCustomSentences":false,"customSentences":[]},"followers":[1],"suggestedReferences":[],"includedReferences":[],"efiUrl":"","efiAlt":"","highlights":[]},"yoast_head":"<!-- This site is optimized with the Yoast SEO plugin v20.7 - https:\/\/yoast.com\/wordpress\/plugins\/seo\/ -->\n<title>Covid-19 en el pa\u00eds: 10.504 nuevos contagios y 259 muertos -<\/title>\n<meta name=\"robots\" content=\"index, follow, max-snippet:-1, max-image-preview:large, max-video-preview:-1\" \/>\n<link rel=\"canonical\" href=\"https:\/\/experienciadevida.com.ar\/portalurbano\/covid-19-en-el-pais-10-504-nuevos-contagios-y-259-muertos\/\" \/>\n<meta property=\"og:locale\" content=\"es_ES\" \/>\n<meta property=\"og:type\" content=\"article\" \/>\n<meta property=\"og:title\" content=\"Covid-19 en el pa\u00eds: 10.504 nuevos contagios y 259 muertos -\" \/>\n<meta property=\"og:description\" content=\"La pandemia sigue registrando n\u00fameros preocupantes, no s\u00f3lo en AMBA, sino en el interior del...\" \/>\n<meta property=\"og:url\" content=\"https:\/\/experienciadevida.com.ar\/portalurbano\/covid-19-en-el-pais-10-504-nuevos-contagios-y-259-muertos\/\" \/>\n<meta property=\"article:publisher\" content=\"https:\/\/www.facebook.com\/Portal-Urbano-171542830093757\/\" \/>\n<meta property=\"article:published_time\" content=\"2020-09-02T00:06:50+00:00\" \/>\n<meta property=\"og:image\" content=\"https:\/\/experienciadevida.com.ar\/portalurbano\/wp-content\/uploads\/2020\/09\/Lab-prov-3-696x535-1.jpeg\" \/>\n\t<meta property=\"og:image:width\" content=\"696\" \/>\n\t<meta property=\"og:image:height\" content=\"535\" \/>\n\t<meta property=\"og:image:type\" content=\"image\/jpeg\" \/>\n<meta name=\"author\" content=\"admpu17wp\" \/>\n<meta name=\"twitter:card\" content=\"summary_large_image\" \/>\n<meta name=\"twitter:creator\" content=\"@portalurbanook\" \/>\n<meta name=\"twitter:site\" content=\"@portalurbanook\" \/>\n<meta name=\"twitter:label1\" content=\"Escrito por\" \/>\n\t<meta name=\"twitter:data1\" content=\"admpu17wp\" \/>\n\t<meta name=\"twitter:label2\" content=\"Tiempo de lectura\" \/>\n\t<meta name=\"twitter:data2\" content=\"3 minutos\" \/>\n<script type=\"application\/ld+json\" class=\"yoast-schema-graph\">{\"@context\":\"https:\/\/schema.org\",\"@graph\":[{\"@type\":\"Article\",\"@id\":\"https:\/\/experienciadevida.com.ar\/portalurbano\/covid-19-en-el-pais-10-504-nuevos-contagios-y-259-muertos\/#article\",\"isPartOf\":{\"@id\":\"https:\/\/experienciadevida.com.ar\/portalurbano\/covid-19-en-el-pais-10-504-nuevos-contagios-y-259-muertos\/\"},\"author\":{\"name\":\"admpu17wp\",\"@id\":\"https:\/\/experienciadevida.com.ar\/portalurbano\/#\/schema\/person\/02dd326b1c4b056e9cc972486934a3a7\"},\"headline\":\"Covid-19 en el pa\u00eds: 10.504 nuevos contagios y 259 muertos\",\"datePublished\":\"2020-09-02T00:06:50+00:00\",\"dateModified\":\"2020-09-02T00:06:50+00:00\",\"mainEntityOfPage\":{\"@id\":\"https:\/\/experienciadevida.com.ar\/portalurbano\/covid-19-en-el-pais-10-504-nuevos-contagios-y-259-muertos\/\"},\"wordCount\":702,\"publisher\":{\"@id\":\"https:\/\/experienciadevida.com.ar\/portalurbano\/#organization\"},\"articleSection\":[\"Coronavirus\",\"Naci\u00f3n\"],\"inLanguage\":\"es\"},{\"@type\":\"WebPage\",\"@id\":\"https:\/\/experienciadevida.com.ar\/portalurbano\/covid-19-en-el-pais-10-504-nuevos-contagios-y-259-muertos\/\",\"url\":\"https:\/\/experienciadevida.com.ar\/portalurbano\/covid-19-en-el-pais-10-504-nuevos-contagios-y-259-muertos\/\",\"name\":\"Covid-19 en el pa\u00eds: 10.504 nuevos contagios y 259 muertos -\",\"isPartOf\":{\"@id\":\"https:\/\/experienciadevida.com.ar\/portalurbano\/#website\"},\"datePublished\":\"2020-09-02T00:06:50+00:00\",\"dateModified\":\"2020-09-02T00:06:50+00:00\",\"breadcrumb\":{\"@id\":\"https:\/\/experienciadevida.com.ar\/portalurbano\/covid-19-en-el-pais-10-504-nuevos-contagios-y-259-muertos\/#breadcrumb\"},\"inLanguage\":\"es\",\"potentialAction\":[{\"@type\":\"ReadAction\",\"target\":[\"https:\/\/experienciadevida.com.ar\/portalurbano\/covid-19-en-el-pais-10-504-nuevos-contagios-y-259-muertos\/\"]}]},{\"@type\":\"BreadcrumbList\",\"@id\":\"https:\/\/experienciadevida.com.ar\/portalurbano\/covid-19-en-el-pais-10-504-nuevos-contagios-y-259-muertos\/#breadcrumb\",\"itemListElement\":[{\"@type\":\"ListItem\",\"position\":1,\"name\":\"Portada\",\"item\":\"https:\/\/experienciadevida.com.ar\/portalurbano\/\"},{\"@type\":\"ListItem\",\"position\":2,\"name\":\"Covid-19 en el pa\u00eds: 10.504 nuevos contagios y 259 muertos\"}]},{\"@type\":\"WebSite\",\"@id\":\"https:\/\/experienciadevida.com.ar\/portalurbano\/#website\",\"url\":\"https:\/\/experienciadevida.com.ar\/portalurbano\/\",\"name\":\"\",\"description\":\"\",\"publisher\":{\"@id\":\"https:\/\/experienciadevida.com.ar\/portalurbano\/#organization\"},\"potentialAction\":[{\"@type\":\"SearchAction\",\"target\":{\"@type\":\"EntryPoint\",\"urlTemplate\":\"https:\/\/experienciadevida.com.ar\/portalurbano\/?s={search_term_string}\"},\"query-input\":\"required name=search_term_string\"}],\"inLanguage\":\"es\"},{\"@type\":\"Organization\",\"@id\":\"https:\/\/experienciadevida.com.ar\/portalurbano\/#organization\",\"name\":\"Portal Urbano\",\"url\":\"https:\/\/experienciadevida.com.ar\/portalurbano\/\",\"logo\":{\"@type\":\"ImageObject\",\"inLanguage\":\"es\",\"@id\":\"https:\/\/experienciadevida.com.ar\/portalurbano\/#\/schema\/logo\/image\/\",\"url\":\"https:\/\/experienciadevida.com.ar\/portalurbano\/wp-content\/uploads\/2019\/09\/Logo-Original.png\",\"contentUrl\":\"https:\/\/experienciadevida.com.ar\/portalurbano\/wp-content\/uploads\/2019\/09\/Logo-Original.png\",\"width\":2236,\"height\":1216,\"caption\":\"Portal Urbano\"},\"image\":{\"@id\":\"https:\/\/experienciadevida.com.ar\/portalurbano\/#\/schema\/logo\/image\/\"},\"sameAs\":[\"https:\/\/www.facebook.com\/Portal-Urbano-171542830093757\/\",\"https:\/\/twitter.com\/portalurbanook\",\"https:\/\/www.instagram.com\/_portalurbano\/\",\"https:\/\/www.youtube.com\/channel\/UCXhagIfszH8KxFiOok79zbA?view_as=subscriber\"]},{\"@type\":\"Person\",\"@id\":\"https:\/\/experienciadevida.com.ar\/portalurbano\/#\/schema\/person\/02dd326b1c4b056e9cc972486934a3a7\",\"name\":\"admpu17wp\",\"image\":{\"@type\":\"ImageObject\",\"inLanguage\":\"es\",\"@id\":\"https:\/\/experienciadevida.com.ar\/portalurbano\/#\/schema\/person\/image\/\",\"url\":\"https:\/\/secure.gravatar.com\/avatar\/830d4c57adaae6630765e449a6908047?s=96&d=mm&r=g\",\"contentUrl\":\"https:\/\/secure.gravatar.com\/avatar\/830d4c57adaae6630765e449a6908047?s=96&d=mm&r=g\",\"caption\":\"admpu17wp\"}}]}<\/script>\n<!-- \/ Yoast SEO plugin. -->","yoast_head_json":{"title":"Covid-19 en el pa\u00eds: 10.504 nuevos contagios y 259 muertos -","robots":{"index":"index","follow":"follow","max-snippet":"max-snippet:-1","max-image-preview":"max-image-preview:large","max-video-preview":"max-video-preview:-1"},"canonical":"https:\/\/experienciadevida.com.ar\/portalurbano\/covid-19-en-el-pais-10-504-nuevos-contagios-y-259-muertos\/","og_locale":"es_ES","og_type":"article","og_title":"Covid-19 en el pa\u00eds: 10.504 nuevos contagios y 259 muertos -","og_description":"La pandemia sigue registrando n\u00fameros preocupantes, no s\u00f3lo en AMBA, sino en el interior del...","og_url":"https:\/\/experienciadevida.com.ar\/portalurbano\/covid-19-en-el-pais-10-504-nuevos-contagios-y-259-muertos\/","article_publisher":"https:\/\/www.facebook.com\/Portal-Urbano-171542830093757\/","article_published_time":"2020-09-02T00:06:50+00:00","og_image":[{"width":696,"height":535,"url":"https:\/\/experienciadevida.com.ar\/portalurbano\/wp-content\/uploads\/2020\/09\/Lab-prov-3-696x535-1.jpeg","type":"image\/jpeg"}],"author":"admpu17wp","twitter_card":"summary_large_image","twitter_creator":"@portalurbanook","twitter_site":"@portalurbanook","twitter_misc":{"Escrito por":"admpu17wp","Tiempo de lectura":"3 minutos"},"schema":{"@context":"https:\/\/schema.org","@graph":[{"@type":"Article","@id":"https:\/\/experienciadevida.com.ar\/portalurbano\/covid-19-en-el-pais-10-504-nuevos-contagios-y-259-muertos\/#article","isPartOf":{"@id":"https:\/\/experienciadevida.com.ar\/portalurbano\/covid-19-en-el-pais-10-504-nuevos-contagios-y-259-muertos\/"},"author":{"name":"admpu17wp","@id":"https:\/\/experienciadevida.com.ar\/portalurbano\/#\/schema\/person\/02dd326b1c4b056e9cc972486934a3a7"},"headline":"Covid-19 en el pa\u00eds: 10.504 nuevos contagios y 259 muertos","datePublished":"2020-09-02T00:06:50+00:00","dateModified":"2020-09-02T00:06:50+00:00","mainEntityOfPage":{"@id":"https:\/\/experienciadevida.com.ar\/portalurbano\/covid-19-en-el-pais-10-504-nuevos-contagios-y-259-muertos\/"},"wordCount":702,"publisher":{"@id":"https:\/\/experienciadevida.com.ar\/portalurbano\/#organization"},"articleSection":["Coronavirus","Naci\u00f3n"],"inLanguage":"es"},{"@type":"WebPage","@id":"https:\/\/experienciadevida.com.ar\/portalurbano\/covid-19-en-el-pais-10-504-nuevos-contagios-y-259-muertos\/","url":"https:\/\/experienciadevida.com.ar\/portalurbano\/covid-19-en-el-pais-10-504-nuevos-contagios-y-259-muertos\/","name":"Covid-19 en el pa\u00eds: 10.504 nuevos contagios y 259 muertos -","isPartOf":{"@id":"https:\/\/experienciadevida.com.ar\/portalurbano\/#website"},"datePublished":"2020-09-02T00:06:50+00:00","dateModified":"2020-09-02T00:06:50+00:00","breadcrumb":{"@id":"https:\/\/experienciadevida.com.ar\/portalurbano\/covid-19-en-el-pais-10-504-nuevos-contagios-y-259-muertos\/#breadcrumb"},"inLanguage":"es","potentialAction":[{"@type":"ReadAction","target":["https:\/\/experienciadevida.com.ar\/portalurbano\/covid-19-en-el-pais-10-504-nuevos-contagios-y-259-muertos\/"]}]},{"@type":"BreadcrumbList","@id":"https:\/\/experienciadevida.com.ar\/portalurbano\/covid-19-en-el-pais-10-504-nuevos-contagios-y-259-muertos\/#breadcrumb","itemListElement":[{"@type":"ListItem","position":1,"name":"Portada","item":"https:\/\/experienciadevida.com.ar\/portalurbano\/"},{"@type":"ListItem","position":2,"name":"Covid-19 en el pa\u00eds: 10.504 nuevos contagios y 259 muertos"}]},{"@type":"WebSite","@id":"https:\/\/experienciadevida.com.ar\/portalurbano\/#website","url":"https:\/\/experienciadevida.com.ar\/portalurbano\/","name":"","description":"","publisher":{"@id":"https:\/\/experienciadevida.com.ar\/portalurbano\/#organization"},"potentialAction":[{"@type":"SearchAction","target":{"@type":"EntryPoint","urlTemplate":"https:\/\/experienciadevida.com.ar\/portalurbano\/?s={search_term_string}"},"query-input":"required name=search_term_string"}],"inLanguage":"es"},{"@type":"Organization","@id":"https:\/\/experienciadevida.com.ar\/portalurbano\/#organization","name":"Portal Urbano","url":"https:\/\/experienciadevida.com.ar\/portalurbano\/","logo":{"@type":"ImageObject","inLanguage":"es","@id":"https:\/\/experienciadevida.com.ar\/portalurbano\/#\/schema\/logo\/image\/","url":"https:\/\/experienciadevida.com.ar\/portalurbano\/wp-content\/uploads\/2019\/09\/Logo-Original.png","contentUrl":"https:\/\/experienciadevida.com.ar\/portalurbano\/wp-content\/uploads\/2019\/09\/Logo-Original.png","width":2236,"height":1216,"caption":"Portal Urbano"},"image":{"@id":"https:\/\/experienciadevida.com.ar\/portalurbano\/#\/schema\/logo\/image\/"},"sameAs":["https:\/\/www.facebook.com\/Portal-Urbano-171542830093757\/","https:\/\/twitter.com\/portalurbanook","https:\/\/www.instagram.com\/_portalurbano\/","https:\/\/www.youtube.com\/channel\/UCXhagIfszH8KxFiOok79zbA?view_as=subscriber"]},{"@type":"Person","@id":"https:\/\/experienciadevida.com.ar\/portalurbano\/#\/schema\/person\/02dd326b1c4b056e9cc972486934a3a7","name":"admpu17wp","image":{"@type":"ImageObject","inLanguage":"es","@id":"https:\/\/experienciadevida.com.ar\/portalurbano\/#\/schema\/person\/image\/","url":"https:\/\/secure.gravatar.com\/avatar\/830d4c57adaae6630765e449a6908047?s=96&d=mm&r=g","contentUrl":"https:\/\/secure.gravatar.com\/avatar\/830d4c57adaae6630765e449a6908047?s=96&d=mm&r=g","caption":"admpu17wp"}}]}},"featured_image_urls":{"full":["https:\/\/experienciadevida.com.ar\/portalurbano\/wp-content\/uploads\/2020\/09\/Lab-prov-3-696x535-1.jpeg",696,535,false],"thumbnail":["https:\/\/experienciadevida.com.ar\/portalurbano\/wp-content\/uploads\/2020\/09\/Lab-prov-3-696x535-1-150x150.jpeg",150,150,true],"medium":["https:\/\/experienciadevida.com.ar\/portalurbano\/wp-content\/uploads\/2020\/09\/Lab-prov-3-696x535-1-300x231.jpeg",300,231,true],"medium_large":["https:\/\/experienciadevida.com.ar\/portalurbano\/wp-content\/uploads\/2020\/09\/Lab-prov-3-696x535-1.jpeg",640,492,false],"large":["https:\/\/experienciadevida.com.ar\/portalurbano\/wp-content\/uploads\/2020\/09\/Lab-prov-3-696x535-1.jpeg",640,492,false],"ug_big":["https:\/\/experienciadevida.com.ar\/portalurbano\/wp-content\/uploads\/2020\/09\/Lab-prov-3-696x535-1.jpeg",696,535,false],"1536x1536":["https:\/\/experienciadevida.com.ar\/portalurbano\/wp-content\/uploads\/2020\/09\/Lab-prov-3-696x535-1.jpeg",696,535,false],"2048x2048":["https:\/\/experienciadevida.com.ar\/portalurbano\/wp-content\/uploads\/2020\/09\/Lab-prov-3-696x535-1.jpeg",696,535,false],"newsever-slider-full":["https:\/\/experienciadevida.com.ar\/portalurbano\/wp-content\/uploads\/2020\/09\/Lab-prov-3-696x535-1.jpeg",696,535,false],"newsever-featured":["https:\/\/experienciadevida.com.ar\/portalurbano\/wp-content\/uploads\/2020\/09\/Lab-prov-3-696x535-1.jpeg",696,535,false],"newsever-medium":["https:\/\/experienciadevida.com.ar\/portalurbano\/wp-content\/uploads\/2020\/09\/Lab-prov-3-696x535-1.jpeg",618,475,false],"web-stories-poster-portrait":["https:\/\/experienciadevida.com.ar\/portalurbano\/wp-content\/uploads\/2020\/09\/Lab-prov-3-696x535-1.jpeg",640,492,false],"web-stories-publisher-logo":["https:\/\/experienciadevida.com.ar\/portalurbano\/wp-content\/uploads\/2020\/09\/Lab-prov-3-696x535-1.jpeg",96,74,false],"web-stories-thumbnail":["https:\/\/experienciadevida.com.ar\/portalurbano\/wp-content\/uploads\/2020\/09\/Lab-prov-3-696x535-1.jpeg",150,115,false]},"author_info":{"display_name":"admpu17wp","author_link":"https:\/\/experienciadevida.com.ar\/portalurbano\/author\/admpu17wp\/"},"category_info":"<a href=\"https:\/\/experienciadevida.com.ar\/portalurbano\/category\/nacion\/coronavirus\/\" rel=\"category tag\">Coronavirus<\/a> <a href=\"https:\/\/experienciadevida.com.ar\/portalurbano\/category\/nacion\/\" rel=\"category tag\">Naci\u00f3n<\/a>","tag_info":"Naci\u00f3n","comment_count":"0","amp_enabled":true,"_links":{"self":[{"href":"https:\/\/experienciadevida.com.ar\/portalurbano\/wp-json\/wp\/v2\/posts\/119933"}],"collection":[{"href":"https:\/\/experienciadevida.com.ar\/portalurbano\/wp-json\/wp\/v2\/posts"}],"about":[{"href":"https:\/\/experienciadevida.com.ar\/portalurbano\/wp-json\/wp\/v2\/types\/post"}],"author":[{"embeddable":true,"href":"https:\/\/experienciadevida.com.ar\/portalurbano\/wp-json\/wp\/v2\/users\/1"}],"replies":[{"embeddable":true,"href":"https:\/\/experienciadevida.com.ar\/portalurbano\/wp-json\/wp\/v2\/comments?post=119933"}],"version-history":[{"count":1,"href":"https:\/\/experienciadevida.com.ar\/portalurbano\/wp-json\/wp\/v2\/posts\/119933\/revisions"}],"predecessor-version":[{"id":119935,"href":"https:\/\/experienciadevida.com.ar\/portalurbano\/wp-json\/wp\/v2\/posts\/119933\/revisions\/119935"}],"wp:featuredmedia":[{"embeddable":true,"href":"https:\/\/experienciadevida.com.ar\/portalurbano\/wp-json\/wp\/v2\/media\/119934"}],"wp:attachment":[{"href":"https:\/\/experienciadevida.com.ar\/portalurbano\/wp-json\/wp\/v2\/media?parent=119933"}],"wp:term":[{"taxonomy":"category","embeddable":true,"href":"https:\/\/experienciadevida.com.ar\/portalurbano\/wp-json\/wp\/v2\/categories?post=119933"},{"taxonomy":"post_tag","embeddable":true,"href":"https:\/\/experienciadevida.com.ar\/portalurbano\/wp-json\/wp\/v2\/tags?post=119933"}],"curies":[{"name":"wp","href":"https:\/\/api.w.org\/{rel}","templated":true}]}}