{"id":119887,"date":"2020-09-01T20:00:37","date_gmt":"2020-09-01T23:00:37","guid":{"rendered":"https:\/\/experienciadevida.com.ar\/portalurbano\/?p=119887"},"modified":"2020-09-02T19:07:12","modified_gmt":"2020-09-02T22:07:12","slug":"ola-de-contagios-se-registraron-30-casos-positivos-y-3-fallecidos","status":"publish","type":"post","link":"https:\/\/experienciadevida.com.ar\/portalurbano\/ola-de-contagios-se-registraron-30-casos-positivos-y-3-fallecidos\/","title":{"rendered":"Ola de contagios: Se registraron 30 casos positivos  y 3 fallecidos"},"content":{"rendered":"<p>La Municipalidad de Olavarr\u00eda a trav\u00e9s de la Secretar\u00eda de Salud brinda el reporte del estado actual epidemiol\u00f3gico de acuerdo al estado de situaci\u00f3n sobre coronavirus.<\/p>\n<hr \/>\n<p>En la fecha de hoy 1 de septiembre, se registraron\u00a0<strong>30<\/strong> casos positivos,\u00a0<strong>37<\/strong> sospechosos, <strong>2 <\/strong>altas m\u00e9dicas y <strong>13 <\/strong>descartados.<\/p>\n<p>De esta manera el Municipio tiene\u00a0<strong>107<\/strong> casos positivos,\u00a0<strong>316<\/strong> curados en total,\u00a0<strong>2299<\/strong> descartados desde el inicio de la pandemia,\u00a0<strong>37<\/strong> sospechosos y <strong>13 <\/strong>fallecidos.<\/p>\n<p>Desde la cartera sanitaria municipal se indic\u00f3 que entre las personas contagiadas hay personal esencial e \u00a0internos de la Unidad N\u00b038.\u00a0 Es importante remarcar que el equipo de epidemiolog\u00eda local trabaja en el establecimiento de nexos, aunque se visualizan los contagios por reuniones sociales por lo que se reitera a la comunidad que evite las mismas y que contin\u00fae con el lavado de manos, uso de barbijo o tapabocas y mantenimiento de la distancia social.<\/p>\n<p>Asimismo, remite que este martes fallecieron tres pacientes que ingresaron al nosocomio local en la noche de lunes, con resultado positivo para Covid-19 en los testeos de hoy.<\/p>\n<p>Se trata de tres mujeres de 72, 85 y 99 a\u00f1os, con presencia de patolog\u00edas previas como diabetes y neumon\u00eda; deterioro cognitivo avanzado y neumon\u00eda; e hipertensi\u00f3n arterial, deterioro cognitivo avanzado y poliescarada, respectivamente.<\/p>\n<p>Adem\u00e1s desde la Comuna informaron que hay cuatro personas internadas en unidad de terapia intensiva, catorce en cl\u00ednica, 0 en aislamiento hospitalario. Por otro lado, el 74% de los pacientes son menores de 60 a\u00f1os mientras que el 26% mayores de 60 a\u00f1os.<\/p>\n<p>Por otro lado,\u00a0 el Municipio insiste en los cuidados personales como el distanciamiento social, el uso correcto del barbijo, lavado de manos y no hacer reuniones sociales.<\/p>\n<p><a href=\"https:\/\/experienciadevida.com.ar\/portalurbano\/ola-de-contagios-se-registraron-30-casos-positivos-y-3-fallecidos\/covid-4\/\" rel=\"attachment wp-att-119919\"><img decoding=\"async\" class=\"alignnone size-full wp-image-119919\" src=\"https:\/\/experienciadevida.com.ar\/portalurbano\/wp-content\/uploads\/2020\/09\/COVID.jpg\" alt=\"\" width=\"1280\" height=\"1279\" srcset=\"https:\/\/experienciadevida.com.ar\/portalurbano\/wp-content\/uploads\/2020\/09\/COVID.jpg 1280w, https:\/\/experienciadevida.com.ar\/portalurbano\/wp-content\/uploads\/2020\/09\/COVID-300x300.jpg 300w, https:\/\/experienciadevida.com.ar\/portalurbano\/wp-content\/uploads\/2020\/09\/COVID-1024x1024.jpg 1024w, https:\/\/experienciadevida.com.ar\/portalurbano\/wp-content\/uploads\/2020\/09\/COVID-150x150.jpg 150w, https:\/\/experienciadevida.com.ar\/portalurbano\/wp-content\/uploads\/2020\/09\/COVID-768x768.jpg 768w\" sizes=\"(max-width: 1280px) 100vw, 1280px\" \/><\/a><\/p>\n<p><a href=\"https:\/\/experienciadevida.com.ar\/portalurbano\/ola-de-contagios-se-registraron-30-casos-positivos-y-3-fallecidos\/covid1-5\/\" rel=\"attachment wp-att-119921\"><img decoding=\"async\" class=\"alignnone size-full wp-image-119921\" src=\"https:\/\/experienciadevida.com.ar\/portalurbano\/wp-content\/uploads\/2020\/09\/COVID1.jpg\" alt=\"\" width=\"1280\" height=\"1280\" srcset=\"https:\/\/experienciadevida.com.ar\/portalurbano\/wp-content\/uploads\/2020\/09\/COVID1.jpg 1280w, https:\/\/experienciadevida.com.ar\/portalurbano\/wp-content\/uploads\/2020\/09\/COVID1-300x300.jpg 300w, https:\/\/experienciadevida.com.ar\/portalurbano\/wp-content\/uploads\/2020\/09\/COVID1-1024x1024.jpg 1024w, https:\/\/experienciadevida.com.ar\/portalurbano\/wp-content\/uploads\/2020\/09\/COVID1-150x150.jpg 150w, https:\/\/experienciadevida.com.ar\/portalurbano\/wp-content\/uploads\/2020\/09\/COVID1-768x768.jpg 768w\" sizes=\"(max-width: 1280px) 100vw, 1280px\" \/><\/a><\/p>\n<div class=\"flourish-embed flourish-chart\" data-src=\"visualisation\/3132057\" data-url=\"https:\/\/flo.uri.sh\/visualisation\/3132057\/embed\"><script src=\"https:\/\/public.flourish.studio\/resources\/embed.js\"><\/script><\/div>\n<div class=\"flourish-embed flourish-chart\" data-src=\"visualisation\/3317015\" data-url=\"https:\/\/flo.uri.sh\/visualisation\/3317015\/embed\"><script src=\"https:\/\/public.flourish.studio\/resources\/embed.js\"><\/script><\/div>\n","protected":false},"excerpt":{"rendered":"<p>La Municipalidad de Olavarr\u00eda a trav\u00e9s de la Secretar\u00eda de Salud brinda el reporte del&#8230;<\/p>\n","protected":false},"author":1,"featured_media":117505,"comment_status":"closed","ping_status":"closed","sticky":false,"template":"","format":"standard","meta":{"content-type":""},"categories":[51,45],"tags":[],"nelio_content":{"isAutoShareEnabled":false,"autoShareEndMode":"default","automationSources":{"useContentSentences":true,"useSocialTemplates":true,"useCustomSentences":false,"customSentences":[]},"followers":[1],"suggestedReferences":[],"includedReferences":[],"efiUrl":"","efiAlt":"","highlights":[]},"yoast_head":"<!-- This site is optimized with the Yoast SEO plugin v20.7 - https:\/\/yoast.com\/wordpress\/plugins\/seo\/ -->\n<title>Ola de contagios: Se registraron 30 casos positivos y 3 fallecidos -<\/title>\n<meta name=\"robots\" content=\"index, follow, max-snippet:-1, max-image-preview:large, max-video-preview:-1\" \/>\n<link rel=\"canonical\" href=\"https:\/\/experienciadevida.com.ar\/portalurbano\/ola-de-contagios-se-registraron-30-casos-positivos-y-3-fallecidos\/\" \/>\n<meta property=\"og:locale\" content=\"es_ES\" \/>\n<meta property=\"og:type\" content=\"article\" \/>\n<meta property=\"og:title\" content=\"Ola de contagios: Se registraron 30 casos positivos y 3 fallecidos -\" \/>\n<meta property=\"og:description\" content=\"La Municipalidad de Olavarr\u00eda a trav\u00e9s de la Secretar\u00eda de Salud brinda el reporte del...\" \/>\n<meta property=\"og:url\" content=\"https:\/\/experienciadevida.com.ar\/portalurbano\/ola-de-contagios-se-registraron-30-casos-positivos-y-3-fallecidos\/\" \/>\n<meta property=\"article:publisher\" content=\"https:\/\/www.facebook.com\/Portal-Urbano-171542830093757\/\" \/>\n<meta property=\"article:published_time\" content=\"2020-09-01T23:00:37+00:00\" \/>\n<meta property=\"article:modified_time\" content=\"2020-09-02T22:07:12+00:00\" \/>\n<meta property=\"og:image\" content=\"https:\/\/experienciadevida.com.ar\/portalurbano\/wp-content\/uploads\/2020\/08\/Hospital-Olavarria4-e1597323957510.jpg\" \/>\n\t<meta property=\"og:image:width\" content=\"750\" \/>\n\t<meta property=\"og:image:height\" content=\"500\" \/>\n\t<meta property=\"og:image:type\" content=\"image\/jpeg\" \/>\n<meta name=\"author\" content=\"admpu17wp\" \/>\n<meta name=\"twitter:card\" content=\"summary_large_image\" \/>\n<meta name=\"twitter:creator\" content=\"@portalurbanook\" \/>\n<meta name=\"twitter:site\" content=\"@portalurbanook\" \/>\n<meta name=\"twitter:label1\" content=\"Escrito por\" \/>\n\t<meta name=\"twitter:data1\" content=\"admpu17wp\" \/>\n\t<meta name=\"twitter:label2\" content=\"Tiempo de lectura\" \/>\n\t<meta name=\"twitter:data2\" content=\"1 minuto\" \/>\n<script type=\"application\/ld+json\" class=\"yoast-schema-graph\">{\"@context\":\"https:\/\/schema.org\",\"@graph\":[{\"@type\":\"Article\",\"@id\":\"https:\/\/experienciadevida.com.ar\/portalurbano\/ola-de-contagios-se-registraron-30-casos-positivos-y-3-fallecidos\/#article\",\"isPartOf\":{\"@id\":\"https:\/\/experienciadevida.com.ar\/portalurbano\/ola-de-contagios-se-registraron-30-casos-positivos-y-3-fallecidos\/\"},\"author\":{\"name\":\"admpu17wp\",\"@id\":\"https:\/\/experienciadevida.com.ar\/portalurbano\/#\/schema\/person\/02dd326b1c4b056e9cc972486934a3a7\"},\"headline\":\"Ola de contagios: Se registraron 30 casos positivos y 3 fallecidos\",\"datePublished\":\"2020-09-01T23:00:37+00:00\",\"dateModified\":\"2020-09-02T22:07:12+00:00\",\"mainEntityOfPage\":{\"@id\":\"https:\/\/experienciadevida.com.ar\/portalurbano\/ola-de-contagios-se-registraron-30-casos-positivos-y-3-fallecidos\/\"},\"wordCount\":288,\"publisher\":{\"@id\":\"https:\/\/experienciadevida.com.ar\/portalurbano\/#organization\"},\"articleSection\":[\"Destacadas\",\"Salud\"],\"inLanguage\":\"es\"},{\"@type\":\"WebPage\",\"@id\":\"https:\/\/experienciadevida.com.ar\/portalurbano\/ola-de-contagios-se-registraron-30-casos-positivos-y-3-fallecidos\/\",\"url\":\"https:\/\/experienciadevida.com.ar\/portalurbano\/ola-de-contagios-se-registraron-30-casos-positivos-y-3-fallecidos\/\",\"name\":\"Ola de contagios: Se registraron 30 casos positivos y 3 fallecidos -\",\"isPartOf\":{\"@id\":\"https:\/\/experienciadevida.com.ar\/portalurbano\/#website\"},\"datePublished\":\"2020-09-01T23:00:37+00:00\",\"dateModified\":\"2020-09-02T22:07:12+00:00\",\"breadcrumb\":{\"@id\":\"https:\/\/experienciadevida.com.ar\/portalurbano\/ola-de-contagios-se-registraron-30-casos-positivos-y-3-fallecidos\/#breadcrumb\"},\"inLanguage\":\"es\",\"potentialAction\":[{\"@type\":\"ReadAction\",\"target\":[\"https:\/\/experienciadevida.com.ar\/portalurbano\/ola-de-contagios-se-registraron-30-casos-positivos-y-3-fallecidos\/\"]}]},{\"@type\":\"BreadcrumbList\",\"@id\":\"https:\/\/experienciadevida.com.ar\/portalurbano\/ola-de-contagios-se-registraron-30-casos-positivos-y-3-fallecidos\/#breadcrumb\",\"itemListElement\":[{\"@type\":\"ListItem\",\"position\":1,\"name\":\"Portada\",\"item\":\"https:\/\/experienciadevida.com.ar\/portalurbano\/\"},{\"@type\":\"ListItem\",\"position\":2,\"name\":\"Ola de contagios: Se registraron 30 casos positivos y 3 fallecidos\"}]},{\"@type\":\"WebSite\",\"@id\":\"https:\/\/experienciadevida.com.ar\/portalurbano\/#website\",\"url\":\"https:\/\/experienciadevida.com.ar\/portalurbano\/\",\"name\":\"\",\"description\":\"\",\"publisher\":{\"@id\":\"https:\/\/experienciadevida.com.ar\/portalurbano\/#organization\"},\"potentialAction\":[{\"@type\":\"SearchAction\",\"target\":{\"@type\":\"EntryPoint\",\"urlTemplate\":\"https:\/\/experienciadevida.com.ar\/portalurbano\/?s={search_term_string}\"},\"query-input\":\"required name=search_term_string\"}],\"inLanguage\":\"es\"},{\"@type\":\"Organization\",\"@id\":\"https:\/\/experienciadevida.com.ar\/portalurbano\/#organization\",\"name\":\"Portal Urbano\",\"url\":\"https:\/\/experienciadevida.com.ar\/portalurbano\/\",\"logo\":{\"@type\":\"ImageObject\",\"inLanguage\":\"es\",\"@id\":\"https:\/\/experienciadevida.com.ar\/portalurbano\/#\/schema\/logo\/image\/\",\"url\":\"https:\/\/experienciadevida.com.ar\/portalurbano\/wp-content\/uploads\/2019\/09\/Logo-Original.png\",\"contentUrl\":\"https:\/\/experienciadevida.com.ar\/portalurbano\/wp-content\/uploads\/2019\/09\/Logo-Original.png\",\"width\":2236,\"height\":1216,\"caption\":\"Portal Urbano\"},\"image\":{\"@id\":\"https:\/\/experienciadevida.com.ar\/portalurbano\/#\/schema\/logo\/image\/\"},\"sameAs\":[\"https:\/\/www.facebook.com\/Portal-Urbano-171542830093757\/\",\"https:\/\/twitter.com\/portalurbanook\",\"https:\/\/www.instagram.com\/_portalurbano\/\",\"https:\/\/www.youtube.com\/channel\/UCXhagIfszH8KxFiOok79zbA?view_as=subscriber\"]},{\"@type\":\"Person\",\"@id\":\"https:\/\/experienciadevida.com.ar\/portalurbano\/#\/schema\/person\/02dd326b1c4b056e9cc972486934a3a7\",\"name\":\"admpu17wp\",\"image\":{\"@type\":\"ImageObject\",\"inLanguage\":\"es\",\"@id\":\"https:\/\/experienciadevida.com.ar\/portalurbano\/#\/schema\/person\/image\/\",\"url\":\"https:\/\/secure.gravatar.com\/avatar\/830d4c57adaae6630765e449a6908047?s=96&d=mm&r=g\",\"contentUrl\":\"https:\/\/secure.gravatar.com\/avatar\/830d4c57adaae6630765e449a6908047?s=96&d=mm&r=g\",\"caption\":\"admpu17wp\"}}]}<\/script>\n<!-- \/ Yoast SEO plugin. -->","yoast_head_json":{"title":"Ola de contagios: Se registraron 30 casos positivos y 3 fallecidos -","robots":{"index":"index","follow":"follow","max-snippet":"max-snippet:-1","max-image-preview":"max-image-preview:large","max-video-preview":"max-video-preview:-1"},"canonical":"https:\/\/experienciadevida.com.ar\/portalurbano\/ola-de-contagios-se-registraron-30-casos-positivos-y-3-fallecidos\/","og_locale":"es_ES","og_type":"article","og_title":"Ola de contagios: Se registraron 30 casos positivos y 3 fallecidos -","og_description":"La Municipalidad de Olavarr\u00eda a trav\u00e9s de la Secretar\u00eda de Salud brinda el reporte del...","og_url":"https:\/\/experienciadevida.com.ar\/portalurbano\/ola-de-contagios-se-registraron-30-casos-positivos-y-3-fallecidos\/","article_publisher":"https:\/\/www.facebook.com\/Portal-Urbano-171542830093757\/","article_published_time":"2020-09-01T23:00:37+00:00","article_modified_time":"2020-09-02T22:07:12+00:00","og_image":[{"width":750,"height":500,"url":"https:\/\/experienciadevida.com.ar\/portalurbano\/wp-content\/uploads\/2020\/08\/Hospital-Olavarria4-e1597323957510.jpg","type":"image\/jpeg"}],"author":"admpu17wp","twitter_card":"summary_large_image","twitter_creator":"@portalurbanook","twitter_site":"@portalurbanook","twitter_misc":{"Escrito por":"admpu17wp","Tiempo de lectura":"1 minuto"},"schema":{"@context":"https:\/\/schema.org","@graph":[{"@type":"Article","@id":"https:\/\/experienciadevida.com.ar\/portalurbano\/ola-de-contagios-se-registraron-30-casos-positivos-y-3-fallecidos\/#article","isPartOf":{"@id":"https:\/\/experienciadevida.com.ar\/portalurbano\/ola-de-contagios-se-registraron-30-casos-positivos-y-3-fallecidos\/"},"author":{"name":"admpu17wp","@id":"https:\/\/experienciadevida.com.ar\/portalurbano\/#\/schema\/person\/02dd326b1c4b056e9cc972486934a3a7"},"headline":"Ola de contagios: Se registraron 30 casos positivos y 3 fallecidos","datePublished":"2020-09-01T23:00:37+00:00","dateModified":"2020-09-02T22:07:12+00:00","mainEntityOfPage":{"@id":"https:\/\/experienciadevida.com.ar\/portalurbano\/ola-de-contagios-se-registraron-30-casos-positivos-y-3-fallecidos\/"},"wordCount":288,"publisher":{"@id":"https:\/\/experienciadevida.com.ar\/portalurbano\/#organization"},"articleSection":["Destacadas","Salud"],"inLanguage":"es"},{"@type":"WebPage","@id":"https:\/\/experienciadevida.com.ar\/portalurbano\/ola-de-contagios-se-registraron-30-casos-positivos-y-3-fallecidos\/","url":"https:\/\/experienciadevida.com.ar\/portalurbano\/ola-de-contagios-se-registraron-30-casos-positivos-y-3-fallecidos\/","name":"Ola de contagios: Se registraron 30 casos positivos y 3 fallecidos -","isPartOf":{"@id":"https:\/\/experienciadevida.com.ar\/portalurbano\/#website"},"datePublished":"2020-09-01T23:00:37+00:00","dateModified":"2020-09-02T22:07:12+00:00","breadcrumb":{"@id":"https:\/\/experienciadevida.com.ar\/portalurbano\/ola-de-contagios-se-registraron-30-casos-positivos-y-3-fallecidos\/#breadcrumb"},"inLanguage":"es","potentialAction":[{"@type":"ReadAction","target":["https:\/\/experienciadevida.com.ar\/portalurbano\/ola-de-contagios-se-registraron-30-casos-positivos-y-3-fallecidos\/"]}]},{"@type":"BreadcrumbList","@id":"https:\/\/experienciadevida.com.ar\/portalurbano\/ola-de-contagios-se-registraron-30-casos-positivos-y-3-fallecidos\/#breadcrumb","itemListElement":[{"@type":"ListItem","position":1,"name":"Portada","item":"https:\/\/experienciadevida.com.ar\/portalurbano\/"},{"@type":"ListItem","position":2,"name":"Ola de contagios: Se registraron 30 casos positivos y 3 fallecidos"}]},{"@type":"WebSite","@id":"https:\/\/experienciadevida.com.ar\/portalurbano\/#website","url":"https:\/\/experienciadevida.com.ar\/portalurbano\/","name":"","description":"","publisher":{"@id":"https:\/\/experienciadevida.com.ar\/portalurbano\/#organization"},"potentialAction":[{"@type":"SearchAction","target":{"@type":"EntryPoint","urlTemplate":"https:\/\/experienciadevida.com.ar\/portalurbano\/?s={search_term_string}"},"query-input":"required name=search_term_string"}],"inLanguage":"es"},{"@type":"Organization","@id":"https:\/\/experienciadevida.com.ar\/portalurbano\/#organization","name":"Portal Urbano","url":"https:\/\/experienciadevida.com.ar\/portalurbano\/","logo":{"@type":"ImageObject","inLanguage":"es","@id":"https:\/\/experienciadevida.com.ar\/portalurbano\/#\/schema\/logo\/image\/","url":"https:\/\/experienciadevida.com.ar\/portalurbano\/wp-content\/uploads\/2019\/09\/Logo-Original.png","contentUrl":"https:\/\/experienciadevida.com.ar\/portalurbano\/wp-content\/uploads\/2019\/09\/Logo-Original.png","width":2236,"height":1216,"caption":"Portal Urbano"},"image":{"@id":"https:\/\/experienciadevida.com.ar\/portalurbano\/#\/schema\/logo\/image\/"},"sameAs":["https:\/\/www.facebook.com\/Portal-Urbano-171542830093757\/","https:\/\/twitter.com\/portalurbanook","https:\/\/www.instagram.com\/_portalurbano\/","https:\/\/www.youtube.com\/channel\/UCXhagIfszH8KxFiOok79zbA?view_as=subscriber"]},{"@type":"Person","@id":"https:\/\/experienciadevida.com.ar\/portalurbano\/#\/schema\/person\/02dd326b1c4b056e9cc972486934a3a7","name":"admpu17wp","image":{"@type":"ImageObject","inLanguage":"es","@id":"https:\/\/experienciadevida.com.ar\/portalurbano\/#\/schema\/person\/image\/","url":"https:\/\/secure.gravatar.com\/avatar\/830d4c57adaae6630765e449a6908047?s=96&d=mm&r=g","contentUrl":"https:\/\/secure.gravatar.com\/avatar\/830d4c57adaae6630765e449a6908047?s=96&d=mm&r=g","caption":"admpu17wp"}}]}},"featured_image_urls":{"full":["https:\/\/experienciadevida.com.ar\/portalurbano\/wp-content\/uploads\/2020\/08\/Hospital-Olavarria4-e1597323957510.jpg",750,500,false],"thumbnail":["https:\/\/experienciadevida.com.ar\/portalurbano\/wp-content\/uploads\/2020\/08\/Hospital-Olavarria4-150x150.jpg",150,150,true],"medium":["https:\/\/experienciadevida.com.ar\/portalurbano\/wp-content\/uploads\/2020\/08\/Hospital-Olavarria4-300x200.jpg",300,200,true],"medium_large":["https:\/\/experienciadevida.com.ar\/portalurbano\/wp-content\/uploads\/2020\/08\/Hospital-Olavarria4-e1597323957510.jpg",640,427,false],"large":["https:\/\/experienciadevida.com.ar\/portalurbano\/wp-content\/uploads\/2020\/08\/Hospital-Olavarria4-e1597323957510.jpg",640,427,false],"ug_big":["https:\/\/experienciadevida.com.ar\/portalurbano\/wp-content\/uploads\/2020\/08\/Hospital-Olavarria4-e1597323957510.jpg",750,500,false],"1536x1536":["https:\/\/experienciadevida.com.ar\/portalurbano\/wp-content\/uploads\/2020\/08\/Hospital-Olavarria4-e1597323957510.jpg",750,500,false],"2048x2048":["https:\/\/experienciadevida.com.ar\/portalurbano\/wp-content\/uploads\/2020\/08\/Hospital-Olavarria4-e1597323957510.jpg",750,500,false],"newsever-slider-full":["https:\/\/experienciadevida.com.ar\/portalurbano\/wp-content\/uploads\/2020\/08\/Hospital-Olavarria4-e1597323957510.jpg",750,500,false],"newsever-featured":["https:\/\/experienciadevida.com.ar\/portalurbano\/wp-content\/uploads\/2020\/08\/Hospital-Olavarria4-e1597323957510.jpg",750,500,false],"newsever-medium":["https:\/\/experienciadevida.com.ar\/portalurbano\/wp-content\/uploads\/2020\/08\/Hospital-Olavarria4-e1597323957510.jpg",713,475,false],"web-stories-poster-portrait":["https:\/\/experienciadevida.com.ar\/portalurbano\/wp-content\/uploads\/2020\/08\/Hospital-Olavarria4-e1597323957510.jpg",640,427,false],"web-stories-publisher-logo":["https:\/\/experienciadevida.com.ar\/portalurbano\/wp-content\/uploads\/2020\/08\/Hospital-Olavarria4-e1597323957510.jpg",96,64,false],"web-stories-thumbnail":["https:\/\/experienciadevida.com.ar\/portalurbano\/wp-content\/uploads\/2020\/08\/Hospital-Olavarria4-e1597323957510.jpg",150,100,false]},"author_info":{"display_name":"admpu17wp","author_link":"https:\/\/experienciadevida.com.ar\/portalurbano\/author\/admpu17wp\/"},"category_info":"<a href=\"https:\/\/experienciadevida.com.ar\/portalurbano\/category\/destacadas\/\" rel=\"category tag\">Destacadas<\/a> <a href=\"https:\/\/experienciadevida.com.ar\/portalurbano\/category\/ciudad\/salud\/\" rel=\"category tag\">Salud<\/a>","tag_info":"Salud","comment_count":"0","amp_enabled":true,"_links":{"self":[{"href":"https:\/\/experienciadevida.com.ar\/portalurbano\/wp-json\/wp\/v2\/posts\/119887"}],"collection":[{"href":"https:\/\/experienciadevida.com.ar\/portalurbano\/wp-json\/wp\/v2\/posts"}],"about":[{"href":"https:\/\/experienciadevida.com.ar\/portalurbano\/wp-json\/wp\/v2\/types\/post"}],"author":[{"embeddable":true,"href":"https:\/\/experienciadevida.com.ar\/portalurbano\/wp-json\/wp\/v2\/users\/1"}],"replies":[{"embeddable":true,"href":"https:\/\/experienciadevida.com.ar\/portalurbano\/wp-json\/wp\/v2\/comments?post=119887"}],"version-history":[{"count":6,"href":"https:\/\/experienciadevida.com.ar\/portalurbano\/wp-json\/wp\/v2\/posts\/119887\/revisions"}],"predecessor-version":[{"id":120045,"href":"https:\/\/experienciadevida.com.ar\/portalurbano\/wp-json\/wp\/v2\/posts\/119887\/revisions\/120045"}],"wp:featuredmedia":[{"embeddable":true,"href":"https:\/\/experienciadevida.com.ar\/portalurbano\/wp-json\/wp\/v2\/media\/117505"}],"wp:attachment":[{"href":"https:\/\/experienciadevida.com.ar\/portalurbano\/wp-json\/wp\/v2\/media?parent=119887"}],"wp:term":[{"taxonomy":"category","embeddable":true,"href":"https:\/\/experienciadevida.com.ar\/portalurbano\/wp-json\/wp\/v2\/categories?post=119887"},{"taxonomy":"post_tag","embeddable":true,"href":"https:\/\/experienciadevida.com.ar\/portalurbano\/wp-json\/wp\/v2\/tags?post=119887"}],"curies":[{"name":"wp","href":"https:\/\/api.w.org\/{rel}","templated":true}]}}