{"id":119855,"date":"2020-09-01T14:19:02","date_gmt":"2020-09-01T17:19:02","guid":{"rendered":"https:\/\/experienciadevida.com.ar\/portalurbano\/?p=119855"},"modified":"2020-09-01T14:33:51","modified_gmt":"2020-09-01T17:33:51","slug":"los-llamados-a-la-linea-144-aumentaron-un-25-durante-la-pandemia","status":"publish","type":"post","link":"https:\/\/experienciadevida.com.ar\/portalurbano\/los-llamados-a-la-linea-144-aumentaron-un-25-durante-la-pandemia\/","title":{"rendered":"Los llamados a la l\u00ednea 144 aumentaron un 25% durante la pandemia"},"content":{"rendered":"<p>El &#8220;efecto ASPO&#8221; provoc\u00f3 un aumento en las llamadas y mensajes recibidos.<\/p>\n<p>Los llamados a la l\u00ednea 144 de atenci\u00f3n a v\u00edctimas de violencia de g\u00e9nero aumentaron un 25% durante el aislamiento social, preventivo y obligatorio (ASPO) en el marco de la pandemia de coronavirus. En tanto, Buenos Aires es la provincia con m\u00e1s intervenciones con un 60% del total.<\/p>\n<p>El Ministerio de las Mujeres, G\u00e9neros y Diversidad (MMGyD) difundi\u00f3 su informe mensual y revel\u00f3 que en los 134 d\u00edas comprendidos entre el 20 de marzo y el 31 de julio el promedio de consultas diarias subi\u00f3 a 263, en comparaci\u00f3n a la media de 196 efectuadas en el per\u00edodo que fue del 8 de noviembre al 19 de marzo.<\/p>\n<p>Entre consultas e intervenciones, de enero y julio se se recibieron 66.121 comunicaciones. De ellas, 17.568 fueron llamados de personas que solicitaron asistencia (intervenciones). Unas 10548 procedieron de la provincia de Buenos Aires, el 60% del total, seguida de Capital Federal con 2640 intervenciones (15%) y Santa Fe con 747 (5%).<\/p>\n<p>Efecto ASPO:<\/p>\n<p>La cartera que conduce Elizabeth G\u00f3mez Alcorta registr\u00f3 un descenso en las comunicaciones en marzo de 2020 de un 17% en comparaci\u00f3n con el mismo mes del 2019. Pero en abril, con las restricciones de movilidad por la pandemia de coronavirus ya vigentes, el panorama dio un vuelco: se recibieron un total de 2326 comunicaciones m\u00e1s (+28%).<\/p>\n<p>Al momento de aplicarse el ASPO en distintas partes del pa\u00eds, la l\u00ednea 144 sum\u00f3 otros canales de atenci\u00f3n (mail y WhatsApp).<\/p>\n<p>&#8220;Entre mayo y julio, la tendencia se mantuvo: en 2020 se recibieron 2580 consultas m\u00e1s que en mayo de 2019 (+31%), en junio el aumento fue de 2217 consultas (+29%) y en julio de 2595 (+31%)&#8221;, indic\u00f3 el MMGyD.<\/p>\n<p>La violencia dom\u00e9stica, el principal motivo de denuncia<br \/>\nEl 89% de las comunicaciones correspondieron a violencia dom\u00e9stica y en cu\u00e1nto a tipos de violencia, casi la totalidad de las personas refirieron sufrir violencia psicol\u00f3gica por parte de su agresor.<\/p>\n<p>Seg\u00fan la cartera, en segundo lugar, un 68% refiri\u00f3 haber sufrido violencia f\u00edsica y en tercer lugar un 36% afirma haber sufrido violencia econ\u00f3mica. El 13% manifest\u00f3 haber sufrido hechos de violencia sexual. En el 14% de los casos se utiliz\u00f3 un arma (de fuego o punzocortante).<\/p>\n<p>El 98% de las personas que se comunicaron son mujeres. El 63% tienen entre 15 y 44 a\u00f1os. 448 (3%) se encontraban embarazadas y 443 (3%) ten\u00edan alg\u00fan tipo de discapacidad.<\/p>\n<p>De los agresores, el 91% son varones. En el 44% de los casos, quien comete las agresiones es una ex pareja y casi en la misma proporci\u00f3n quien agrede es la pareja actual (40%). A la vez, 1525 personas en situaci\u00f3n de violencia asistidas ten\u00edan medidas de protecci\u00f3n vigentes.<\/p>\n<p>Fuente: BAE Negocios<\/p>\n","protected":false},"excerpt":{"rendered":"<p>El &#8220;efecto ASPO&#8221; provoc\u00f3 un aumento en las llamadas y mensajes recibidos. Los llamados a&#8230;<\/p>\n","protected":false},"author":1,"featured_media":101275,"comment_status":"closed","ping_status":"closed","sticky":false,"template":"","format":"standard","meta":{"content-type":""},"categories":[44],"tags":[302],"nelio_content":{"isAutoShareEnabled":false,"autoShareEndMode":"default","automationSources":{"useContentSentences":true,"useSocialTemplates":true,"useCustomSentences":false,"customSentences":[]},"followers":[1],"suggestedReferences":[],"includedReferences":[],"efiUrl":"","efiAlt":"","highlights":[]},"yoast_head":"<!-- This site is optimized with the Yoast SEO plugin v20.7 - https:\/\/yoast.com\/wordpress\/plugins\/seo\/ -->\n<title>Los llamados a la l\u00ednea 144 aumentaron un 25% durante la pandemia<\/title>\n<meta name=\"description\" content=\"Los llamados a la l\u00ednea 144 de atenci\u00f3n a v\u00edctimas de violencia de g\u00e9nero aumentaron un 25% durante el aislamiento social, preventivo\" \/>\n<meta name=\"robots\" content=\"index, follow, max-snippet:-1, max-image-preview:large, max-video-preview:-1\" \/>\n<link rel=\"canonical\" href=\"https:\/\/experienciadevida.com.ar\/portalurbano\/los-llamados-a-la-linea-144-aumentaron-un-25-durante-la-pandemia\/\" \/>\n<meta property=\"og:locale\" content=\"es_ES\" \/>\n<meta property=\"og:type\" content=\"article\" \/>\n<meta property=\"og:title\" content=\"Los llamados a la l\u00ednea 144 aumentaron un 25% durante la pandemia\" \/>\n<meta property=\"og:description\" content=\"Los llamados a la l\u00ednea 144 de atenci\u00f3n a v\u00edctimas de violencia de g\u00e9nero aumentaron un 25% durante el aislamiento social, preventivo\" \/>\n<meta property=\"og:url\" content=\"https:\/\/experienciadevida.com.ar\/portalurbano\/los-llamados-a-la-linea-144-aumentaron-un-25-durante-la-pandemia\/\" \/>\n<meta property=\"article:publisher\" content=\"https:\/\/www.facebook.com\/Portal-Urbano-171542830093757\/\" \/>\n<meta property=\"article:published_time\" content=\"2020-09-01T17:19:02+00:00\" \/>\n<meta property=\"article:modified_time\" content=\"2020-09-01T17:33:51+00:00\" \/>\n<meta property=\"og:image\" content=\"https:\/\/experienciadevida.com.ar\/portalurbano\/wp-content\/uploads\/2020\/02\/POLITICADEGENERO-e1581435091724.jpg\" \/>\n\t<meta property=\"og:image:width\" content=\"765\" \/>\n\t<meta property=\"og:image:height\" content=\"510\" \/>\n\t<meta property=\"og:image:type\" content=\"image\/jpeg\" \/>\n<meta name=\"author\" content=\"admpu17wp\" \/>\n<meta name=\"twitter:card\" content=\"summary_large_image\" \/>\n<meta name=\"twitter:creator\" content=\"@portalurbanook\" \/>\n<meta name=\"twitter:site\" content=\"@portalurbanook\" \/>\n<meta name=\"twitter:label1\" content=\"Escrito por\" \/>\n\t<meta name=\"twitter:data1\" content=\"admpu17wp\" \/>\n\t<meta name=\"twitter:label2\" content=\"Tiempo de lectura\" \/>\n\t<meta name=\"twitter:data2\" content=\"2 minutos\" \/>\n<script type=\"application\/ld+json\" class=\"yoast-schema-graph\">{\"@context\":\"https:\/\/schema.org\",\"@graph\":[{\"@type\":\"Article\",\"@id\":\"https:\/\/experienciadevida.com.ar\/portalurbano\/los-llamados-a-la-linea-144-aumentaron-un-25-durante-la-pandemia\/#article\",\"isPartOf\":{\"@id\":\"https:\/\/experienciadevida.com.ar\/portalurbano\/los-llamados-a-la-linea-144-aumentaron-un-25-durante-la-pandemia\/\"},\"author\":{\"name\":\"admpu17wp\",\"@id\":\"https:\/\/experienciadevida.com.ar\/portalurbano\/#\/schema\/person\/02dd326b1c4b056e9cc972486934a3a7\"},\"headline\":\"Los llamados a la l\u00ednea 144 aumentaron un 25% durante la pandemia\",\"datePublished\":\"2020-09-01T17:19:02+00:00\",\"dateModified\":\"2020-09-01T17:33:51+00:00\",\"mainEntityOfPage\":{\"@id\":\"https:\/\/experienciadevida.com.ar\/portalurbano\/los-llamados-a-la-linea-144-aumentaron-un-25-durante-la-pandemia\/\"},\"wordCount\":452,\"publisher\":{\"@id\":\"https:\/\/experienciadevida.com.ar\/portalurbano\/#organization\"},\"keywords\":[\"aspo\"],\"articleSection\":[\"Provincia\"],\"inLanguage\":\"es\"},{\"@type\":\"WebPage\",\"@id\":\"https:\/\/experienciadevida.com.ar\/portalurbano\/los-llamados-a-la-linea-144-aumentaron-un-25-durante-la-pandemia\/\",\"url\":\"https:\/\/experienciadevida.com.ar\/portalurbano\/los-llamados-a-la-linea-144-aumentaron-un-25-durante-la-pandemia\/\",\"name\":\"Los llamados a la l\u00ednea 144 aumentaron un 25% durante la pandemia\",\"isPartOf\":{\"@id\":\"https:\/\/experienciadevida.com.ar\/portalurbano\/#website\"},\"datePublished\":\"2020-09-01T17:19:02+00:00\",\"dateModified\":\"2020-09-01T17:33:51+00:00\",\"description\":\"Los llamados a la l\u00ednea 144 de atenci\u00f3n a v\u00edctimas de violencia de g\u00e9nero aumentaron un 25% durante el aislamiento social, preventivo\",\"breadcrumb\":{\"@id\":\"https:\/\/experienciadevida.com.ar\/portalurbano\/los-llamados-a-la-linea-144-aumentaron-un-25-durante-la-pandemia\/#breadcrumb\"},\"inLanguage\":\"es\",\"potentialAction\":[{\"@type\":\"ReadAction\",\"target\":[\"https:\/\/experienciadevida.com.ar\/portalurbano\/los-llamados-a-la-linea-144-aumentaron-un-25-durante-la-pandemia\/\"]}]},{\"@type\":\"BreadcrumbList\",\"@id\":\"https:\/\/experienciadevida.com.ar\/portalurbano\/los-llamados-a-la-linea-144-aumentaron-un-25-durante-la-pandemia\/#breadcrumb\",\"itemListElement\":[{\"@type\":\"ListItem\",\"position\":1,\"name\":\"Portada\",\"item\":\"https:\/\/experienciadevida.com.ar\/portalurbano\/\"},{\"@type\":\"ListItem\",\"position\":2,\"name\":\"Los llamados a la l\u00ednea 144 aumentaron un 25% durante la pandemia\"}]},{\"@type\":\"WebSite\",\"@id\":\"https:\/\/experienciadevida.com.ar\/portalurbano\/#website\",\"url\":\"https:\/\/experienciadevida.com.ar\/portalurbano\/\",\"name\":\"\",\"description\":\"\",\"publisher\":{\"@id\":\"https:\/\/experienciadevida.com.ar\/portalurbano\/#organization\"},\"potentialAction\":[{\"@type\":\"SearchAction\",\"target\":{\"@type\":\"EntryPoint\",\"urlTemplate\":\"https:\/\/experienciadevida.com.ar\/portalurbano\/?s={search_term_string}\"},\"query-input\":\"required name=search_term_string\"}],\"inLanguage\":\"es\"},{\"@type\":\"Organization\",\"@id\":\"https:\/\/experienciadevida.com.ar\/portalurbano\/#organization\",\"name\":\"Portal Urbano\",\"url\":\"https:\/\/experienciadevida.com.ar\/portalurbano\/\",\"logo\":{\"@type\":\"ImageObject\",\"inLanguage\":\"es\",\"@id\":\"https:\/\/experienciadevida.com.ar\/portalurbano\/#\/schema\/logo\/image\/\",\"url\":\"https:\/\/experienciadevida.com.ar\/portalurbano\/wp-content\/uploads\/2019\/09\/Logo-Original.png\",\"contentUrl\":\"https:\/\/experienciadevida.com.ar\/portalurbano\/wp-content\/uploads\/2019\/09\/Logo-Original.png\",\"width\":2236,\"height\":1216,\"caption\":\"Portal Urbano\"},\"image\":{\"@id\":\"https:\/\/experienciadevida.com.ar\/portalurbano\/#\/schema\/logo\/image\/\"},\"sameAs\":[\"https:\/\/www.facebook.com\/Portal-Urbano-171542830093757\/\",\"https:\/\/twitter.com\/portalurbanook\",\"https:\/\/www.instagram.com\/_portalurbano\/\",\"https:\/\/www.youtube.com\/channel\/UCXhagIfszH8KxFiOok79zbA?view_as=subscriber\"]},{\"@type\":\"Person\",\"@id\":\"https:\/\/experienciadevida.com.ar\/portalurbano\/#\/schema\/person\/02dd326b1c4b056e9cc972486934a3a7\",\"name\":\"admpu17wp\",\"image\":{\"@type\":\"ImageObject\",\"inLanguage\":\"es\",\"@id\":\"https:\/\/experienciadevida.com.ar\/portalurbano\/#\/schema\/person\/image\/\",\"url\":\"https:\/\/secure.gravatar.com\/avatar\/830d4c57adaae6630765e449a6908047?s=96&d=mm&r=g\",\"contentUrl\":\"https:\/\/secure.gravatar.com\/avatar\/830d4c57adaae6630765e449a6908047?s=96&d=mm&r=g\",\"caption\":\"admpu17wp\"}}]}<\/script>\n<!-- \/ Yoast SEO plugin. -->","yoast_head_json":{"title":"Los llamados a la l\u00ednea 144 aumentaron un 25% durante la pandemia","description":"Los llamados a la l\u00ednea 144 de atenci\u00f3n a v\u00edctimas de violencia de g\u00e9nero aumentaron un 25% durante el aislamiento social, preventivo","robots":{"index":"index","follow":"follow","max-snippet":"max-snippet:-1","max-image-preview":"max-image-preview:large","max-video-preview":"max-video-preview:-1"},"canonical":"https:\/\/experienciadevida.com.ar\/portalurbano\/los-llamados-a-la-linea-144-aumentaron-un-25-durante-la-pandemia\/","og_locale":"es_ES","og_type":"article","og_title":"Los llamados a la l\u00ednea 144 aumentaron un 25% durante la pandemia","og_description":"Los llamados a la l\u00ednea 144 de atenci\u00f3n a v\u00edctimas de violencia de g\u00e9nero aumentaron un 25% durante el aislamiento social, preventivo","og_url":"https:\/\/experienciadevida.com.ar\/portalurbano\/los-llamados-a-la-linea-144-aumentaron-un-25-durante-la-pandemia\/","article_publisher":"https:\/\/www.facebook.com\/Portal-Urbano-171542830093757\/","article_published_time":"2020-09-01T17:19:02+00:00","article_modified_time":"2020-09-01T17:33:51+00:00","og_image":[{"width":765,"height":510,"url":"https:\/\/experienciadevida.com.ar\/portalurbano\/wp-content\/uploads\/2020\/02\/POLITICADEGENERO-e1581435091724.jpg","type":"image\/jpeg"}],"author":"admpu17wp","twitter_card":"summary_large_image","twitter_creator":"@portalurbanook","twitter_site":"@portalurbanook","twitter_misc":{"Escrito por":"admpu17wp","Tiempo de lectura":"2 minutos"},"schema":{"@context":"https:\/\/schema.org","@graph":[{"@type":"Article","@id":"https:\/\/experienciadevida.com.ar\/portalurbano\/los-llamados-a-la-linea-144-aumentaron-un-25-durante-la-pandemia\/#article","isPartOf":{"@id":"https:\/\/experienciadevida.com.ar\/portalurbano\/los-llamados-a-la-linea-144-aumentaron-un-25-durante-la-pandemia\/"},"author":{"name":"admpu17wp","@id":"https:\/\/experienciadevida.com.ar\/portalurbano\/#\/schema\/person\/02dd326b1c4b056e9cc972486934a3a7"},"headline":"Los llamados a la l\u00ednea 144 aumentaron un 25% durante la pandemia","datePublished":"2020-09-01T17:19:02+00:00","dateModified":"2020-09-01T17:33:51+00:00","mainEntityOfPage":{"@id":"https:\/\/experienciadevida.com.ar\/portalurbano\/los-llamados-a-la-linea-144-aumentaron-un-25-durante-la-pandemia\/"},"wordCount":452,"publisher":{"@id":"https:\/\/experienciadevida.com.ar\/portalurbano\/#organization"},"keywords":["aspo"],"articleSection":["Provincia"],"inLanguage":"es"},{"@type":"WebPage","@id":"https:\/\/experienciadevida.com.ar\/portalurbano\/los-llamados-a-la-linea-144-aumentaron-un-25-durante-la-pandemia\/","url":"https:\/\/experienciadevida.com.ar\/portalurbano\/los-llamados-a-la-linea-144-aumentaron-un-25-durante-la-pandemia\/","name":"Los llamados a la l\u00ednea 144 aumentaron un 25% durante la pandemia","isPartOf":{"@id":"https:\/\/experienciadevida.com.ar\/portalurbano\/#website"},"datePublished":"2020-09-01T17:19:02+00:00","dateModified":"2020-09-01T17:33:51+00:00","description":"Los llamados a la l\u00ednea 144 de atenci\u00f3n a v\u00edctimas de violencia de g\u00e9nero aumentaron un 25% durante el aislamiento social, preventivo","breadcrumb":{"@id":"https:\/\/experienciadevida.com.ar\/portalurbano\/los-llamados-a-la-linea-144-aumentaron-un-25-durante-la-pandemia\/#breadcrumb"},"inLanguage":"es","potentialAction":[{"@type":"ReadAction","target":["https:\/\/experienciadevida.com.ar\/portalurbano\/los-llamados-a-la-linea-144-aumentaron-un-25-durante-la-pandemia\/"]}]},{"@type":"BreadcrumbList","@id":"https:\/\/experienciadevida.com.ar\/portalurbano\/los-llamados-a-la-linea-144-aumentaron-un-25-durante-la-pandemia\/#breadcrumb","itemListElement":[{"@type":"ListItem","position":1,"name":"Portada","item":"https:\/\/experienciadevida.com.ar\/portalurbano\/"},{"@type":"ListItem","position":2,"name":"Los llamados a la l\u00ednea 144 aumentaron un 25% durante la pandemia"}]},{"@type":"WebSite","@id":"https:\/\/experienciadevida.com.ar\/portalurbano\/#website","url":"https:\/\/experienciadevida.com.ar\/portalurbano\/","name":"","description":"","publisher":{"@id":"https:\/\/experienciadevida.com.ar\/portalurbano\/#organization"},"potentialAction":[{"@type":"SearchAction","target":{"@type":"EntryPoint","urlTemplate":"https:\/\/experienciadevida.com.ar\/portalurbano\/?s={search_term_string}"},"query-input":"required name=search_term_string"}],"inLanguage":"es"},{"@type":"Organization","@id":"https:\/\/experienciadevida.com.ar\/portalurbano\/#organization","name":"Portal Urbano","url":"https:\/\/experienciadevida.com.ar\/portalurbano\/","logo":{"@type":"ImageObject","inLanguage":"es","@id":"https:\/\/experienciadevida.com.ar\/portalurbano\/#\/schema\/logo\/image\/","url":"https:\/\/experienciadevida.com.ar\/portalurbano\/wp-content\/uploads\/2019\/09\/Logo-Original.png","contentUrl":"https:\/\/experienciadevida.com.ar\/portalurbano\/wp-content\/uploads\/2019\/09\/Logo-Original.png","width":2236,"height":1216,"caption":"Portal Urbano"},"image":{"@id":"https:\/\/experienciadevida.com.ar\/portalurbano\/#\/schema\/logo\/image\/"},"sameAs":["https:\/\/www.facebook.com\/Portal-Urbano-171542830093757\/","https:\/\/twitter.com\/portalurbanook","https:\/\/www.instagram.com\/_portalurbano\/","https:\/\/www.youtube.com\/channel\/UCXhagIfszH8KxFiOok79zbA?view_as=subscriber"]},{"@type":"Person","@id":"https:\/\/experienciadevida.com.ar\/portalurbano\/#\/schema\/person\/02dd326b1c4b056e9cc972486934a3a7","name":"admpu17wp","image":{"@type":"ImageObject","inLanguage":"es","@id":"https:\/\/experienciadevida.com.ar\/portalurbano\/#\/schema\/person\/image\/","url":"https:\/\/secure.gravatar.com\/avatar\/830d4c57adaae6630765e449a6908047?s=96&d=mm&r=g","contentUrl":"https:\/\/secure.gravatar.com\/avatar\/830d4c57adaae6630765e449a6908047?s=96&d=mm&r=g","caption":"admpu17wp"}}]}},"featured_image_urls":{"full":["https:\/\/experienciadevida.com.ar\/portalurbano\/wp-content\/uploads\/2020\/02\/POLITICADEGENERO-e1581435091724.jpg",765,510,false],"thumbnail":["https:\/\/experienciadevida.com.ar\/portalurbano\/wp-content\/uploads\/2020\/02\/POLITICADEGENERO-150x150.jpg",150,150,true],"medium":["https:\/\/experienciadevida.com.ar\/portalurbano\/wp-content\/uploads\/2020\/02\/POLITICADEGENERO-300x200.jpg",300,200,true],"medium_large":["https:\/\/experienciadevida.com.ar\/portalurbano\/wp-content\/uploads\/2020\/02\/POLITICADEGENERO-768x512.jpg",640,427,true],"large":["https:\/\/experienciadevida.com.ar\/portalurbano\/wp-content\/uploads\/2020\/02\/POLITICADEGENERO-e1581435091724.jpg",640,427,false],"ug_big":["https:\/\/experienciadevida.com.ar\/portalurbano\/wp-content\/uploads\/2020\/02\/POLITICADEGENERO-768x512.jpg",768,512,true],"1536x1536":["https:\/\/experienciadevida.com.ar\/portalurbano\/wp-content\/uploads\/2020\/02\/POLITICADEGENERO-e1581435091724.jpg",765,510,false],"2048x2048":["https:\/\/experienciadevida.com.ar\/portalurbano\/wp-content\/uploads\/2020\/02\/POLITICADEGENERO-e1581435091724.jpg",765,510,false],"newsever-slider-full":["https:\/\/experienciadevida.com.ar\/portalurbano\/wp-content\/uploads\/2020\/02\/POLITICADEGENERO-e1581435091724.jpg",765,510,false],"newsever-featured":["https:\/\/experienciadevida.com.ar\/portalurbano\/wp-content\/uploads\/2020\/02\/POLITICADEGENERO-e1581435091724.jpg",765,510,false],"newsever-medium":["https:\/\/experienciadevida.com.ar\/portalurbano\/wp-content\/uploads\/2020\/02\/POLITICADEGENERO-e1581435091724.jpg",713,475,false],"web-stories-poster-portrait":["https:\/\/experienciadevida.com.ar\/portalurbano\/wp-content\/uploads\/2020\/02\/POLITICADEGENERO-e1581435091724.jpg",640,427,false],"web-stories-publisher-logo":["https:\/\/experienciadevida.com.ar\/portalurbano\/wp-content\/uploads\/2020\/02\/POLITICADEGENERO-e1581435091724.jpg",96,64,false],"web-stories-thumbnail":["https:\/\/experienciadevida.com.ar\/portalurbano\/wp-content\/uploads\/2020\/02\/POLITICADEGENERO-e1581435091724.jpg",150,100,false]},"author_info":{"display_name":"admpu17wp","author_link":"https:\/\/experienciadevida.com.ar\/portalurbano\/author\/admpu17wp\/"},"category_info":"<a href=\"https:\/\/experienciadevida.com.ar\/portalurbano\/category\/provincia\/\" rel=\"category tag\">Provincia<\/a>","tag_info":"Provincia","comment_count":"0","amp_enabled":true,"_links":{"self":[{"href":"https:\/\/experienciadevida.com.ar\/portalurbano\/wp-json\/wp\/v2\/posts\/119855"}],"collection":[{"href":"https:\/\/experienciadevida.com.ar\/portalurbano\/wp-json\/wp\/v2\/posts"}],"about":[{"href":"https:\/\/experienciadevida.com.ar\/portalurbano\/wp-json\/wp\/v2\/types\/post"}],"author":[{"embeddable":true,"href":"https:\/\/experienciadevida.com.ar\/portalurbano\/wp-json\/wp\/v2\/users\/1"}],"replies":[{"embeddable":true,"href":"https:\/\/experienciadevida.com.ar\/portalurbano\/wp-json\/wp\/v2\/comments?post=119855"}],"version-history":[{"count":1,"href":"https:\/\/experienciadevida.com.ar\/portalurbano\/wp-json\/wp\/v2\/posts\/119855\/revisions"}],"predecessor-version":[{"id":119856,"href":"https:\/\/experienciadevida.com.ar\/portalurbano\/wp-json\/wp\/v2\/posts\/119855\/revisions\/119856"}],"wp:featuredmedia":[{"embeddable":true,"href":"https:\/\/experienciadevida.com.ar\/portalurbano\/wp-json\/wp\/v2\/media\/101275"}],"wp:attachment":[{"href":"https:\/\/experienciadevida.com.ar\/portalurbano\/wp-json\/wp\/v2\/media?parent=119855"}],"wp:term":[{"taxonomy":"category","embeddable":true,"href":"https:\/\/experienciadevida.com.ar\/portalurbano\/wp-json\/wp\/v2\/categories?post=119855"},{"taxonomy":"post_tag","embeddable":true,"href":"https:\/\/experienciadevida.com.ar\/portalurbano\/wp-json\/wp\/v2\/tags?post=119855"}],"curies":[{"name":"wp","href":"https:\/\/api.w.org\/{rel}","templated":true}]}}