{"id":119835,"date":"2020-09-01T11:14:41","date_gmt":"2020-09-01T14:14:41","guid":{"rendered":"https:\/\/experienciadevida.com.ar\/portalurbano\/?p=119835"},"modified":"2020-09-01T11:15:10","modified_gmt":"2020-09-01T14:15:10","slug":"como-es-el-protocolo-que-provincia-aprobo-para-prevenir-el-covid-19-en-adultos-mayores","status":"publish","type":"post","link":"https:\/\/experienciadevida.com.ar\/portalurbano\/como-es-el-protocolo-que-provincia-aprobo-para-prevenir-el-covid-19-en-adultos-mayores\/","title":{"rendered":"\u00bfC\u00f3mo es el protocolo que Provincia aprob\u00f3 para prevenir el Covid-19 en adultos mayores?"},"content":{"rendered":"<div class=\"td_block_wrap tdb_single_subtitle tdi_72_c25 td-pb-border-top td_block_template_1\" data-td-block-uid=\"tdi_72_c25\">\n<div class=\"tdb-block-inner td-fix-index\">\n<p>Brinda recomendaciones para esa poblaci\u00f3n que forma parte de los grupos de riesgo de la enfermedad.<\/p>\n<p>El Gobierno bonaerense aprob\u00f3 este martes un protocolo para la prevenci\u00f3n y el control de coronavirus en personas mayores de 60, considerado grupo de riesgo de la enfermedad, que propone, entre otras cuestiones, limitar al m\u00ednimo las interacciones con otras personas, y recomienda a los m\u00e9dicos el uso de las recetas electr\u00f3nicas para evitar que los adultos mayores tengan que movilizarse a los consultorios si no es estrictamente necesario.<\/p>\n<p>La resoluci\u00f3n 1459 publicada hoy en el Bolet\u00edn Oficial plantea que los adultos mayores \u201cforman parte de la poblaci\u00f3n de mayor riesgo de presentar formas graves, complicaciones y muertes por Covid-19\u201d, por lo que propone \u201climitar todo lo posible las interacciones con otras personas\u201d y \u201ctomar precauciones para prevenir la infecci\u00f3n al interactuar con los dem\u00e1s\u201d.<\/p>\n<p>El protocolo sugiere realizar una evaluaci\u00f3n m\u00e9dica ante la sospecha de infecci\u00f3n por coronavirus y destaca que \u201ccuanto m\u00e1s sean las personas con las que se interact\u00faa, cuanto m\u00e1s cerca se interact\u00fae y cuanto m\u00e1s dure la interacci\u00f3n, mayor ser\u00e1 el riesgo de infectarse y propagar la enfermedad\u201d.<\/p>\n<p>Entre otras cuestiones, propone distancia interpersonal m\u00ednima de 2 metros; limitar la densidad de ocupaci\u00f3n de espacios a 1 persona cada 2,25 metros cuadrados; cancelar asistencia a eventos y\/o reuniones y utilizar medios electr\u00f3nicos para la realizaci\u00f3n de gestiones personales.<\/p>\n<p>Tambi\u00e9n, implementar el teletrabajo, siempre que sea posible; no utilizar el transporte p\u00fablico y evitar el desplazamiento en horas pico; no compartir objetos personales, ni utensilios incluido el mate; posponer actividades que no sean necesarias o esenciales; permanecer en el domicilio y evitar el contacto f\u00edsico con otras personas.<\/p>\n<p>Sobre todo, destaca la necesidad de evitar contacto con personas con s\u00edntomas respiratorios o que volvieron de zonas afectadas por la Covid-19 en los \u00faltimos 14 d\u00edas; no asistir a actividades sociales, lugares de alto tr\u00e1nsito y aglomeraci\u00f3n de personas; lavado de manos, ventilaci\u00f3n de espacios y limpieza de ambientes, superficies y objetos de uso com\u00fan de manera frecuente.<\/p>\n<p>El protocolo recomienda a los m\u00e9dicos el uso de receta electr\u00f3nica para los adultos mayores y a los efectores de salud, brindar horarios o turnos protegidos, adem\u00e1s de contar con estrategias para garantizar la vacunaci\u00f3n de acuerdo al calendario nacional, principalmente antigripal y antineumoc\u00f3cica, en mayores de 65 a\u00f1os y sus cuidadores.<\/p>\n<p>Adem\u00e1s, se brindan m\u00faltiples recomendaciones para residencias de adultos mayores relacionadas con las instalaciones, el circuito de ingreso, el personal y las tareas, la comunicaci\u00f3n, el control de infecciones, c\u00f3mo actuar ante la detecci\u00f3n de casos y el manejo de contactos estrechos.<\/p>\n<p><strong>Fuente:<\/strong> <em>Agencia DIB<\/em><\/p>\n<\/div>\n<\/div>\n","protected":false},"excerpt":{"rendered":"<p>Brinda recomendaciones para esa poblaci\u00f3n que forma parte de los grupos de riesgo de la&#8230;<\/p>\n","protected":false},"author":1,"featured_media":119836,"comment_status":"closed","ping_status":"closed","sticky":false,"template":"","format":"standard","meta":{"content-type":""},"categories":[71,44],"tags":[],"nelio_content":{"isAutoShareEnabled":false,"autoShareEndMode":"default","automationSources":{"useContentSentences":true,"useSocialTemplates":true,"useCustomSentences":false,"customSentences":[]},"followers":[1],"suggestedReferences":[],"includedReferences":[],"efiUrl":"","efiAlt":"","highlights":[]},"yoast_head":"<!-- This site is optimized with the Yoast SEO plugin v20.7 - https:\/\/yoast.com\/wordpress\/plugins\/seo\/ -->\n<title>\u00bfC\u00f3mo es el protocolo que Provincia aprob\u00f3 para prevenir el Covid-19 en adultos mayores? -<\/title>\n<meta name=\"robots\" content=\"index, follow, max-snippet:-1, max-image-preview:large, max-video-preview:-1\" \/>\n<link rel=\"canonical\" href=\"https:\/\/experienciadevida.com.ar\/portalurbano\/como-es-el-protocolo-que-provincia-aprobo-para-prevenir-el-covid-19-en-adultos-mayores\/\" \/>\n<meta property=\"og:locale\" content=\"es_ES\" \/>\n<meta property=\"og:type\" content=\"article\" \/>\n<meta property=\"og:title\" content=\"\u00bfC\u00f3mo es el protocolo que Provincia aprob\u00f3 para prevenir el Covid-19 en adultos mayores? -\" \/>\n<meta property=\"og:description\" content=\"Brinda recomendaciones para esa poblaci\u00f3n que forma parte de los grupos de riesgo de la...\" \/>\n<meta property=\"og:url\" content=\"https:\/\/experienciadevida.com.ar\/portalurbano\/como-es-el-protocolo-que-provincia-aprobo-para-prevenir-el-covid-19-en-adultos-mayores\/\" \/>\n<meta property=\"article:publisher\" content=\"https:\/\/www.facebook.com\/Portal-Urbano-171542830093757\/\" \/>\n<meta property=\"article:published_time\" content=\"2020-09-01T14:14:41+00:00\" \/>\n<meta property=\"article:modified_time\" content=\"2020-09-01T14:15:10+00:00\" \/>\n<meta property=\"og:image\" content=\"https:\/\/experienciadevida.com.ar\/portalurbano\/wp-content\/uploads\/2020\/09\/ADULTOSMAYORES.jpg\" \/>\n\t<meta property=\"og:image:width\" content=\"696\" \/>\n\t<meta property=\"og:image:height\" content=\"464\" \/>\n\t<meta property=\"og:image:type\" content=\"image\/jpeg\" \/>\n<meta name=\"author\" content=\"admpu17wp\" \/>\n<meta name=\"twitter:card\" content=\"summary_large_image\" \/>\n<meta name=\"twitter:creator\" content=\"@portalurbanook\" \/>\n<meta name=\"twitter:site\" content=\"@portalurbanook\" \/>\n<meta name=\"twitter:label1\" content=\"Escrito por\" \/>\n\t<meta name=\"twitter:data1\" content=\"admpu17wp\" \/>\n\t<meta name=\"twitter:label2\" content=\"Tiempo de lectura\" \/>\n\t<meta name=\"twitter:data2\" content=\"2 minutos\" \/>\n<script type=\"application\/ld+json\" class=\"yoast-schema-graph\">{\"@context\":\"https:\/\/schema.org\",\"@graph\":[{\"@type\":\"Article\",\"@id\":\"https:\/\/experienciadevida.com.ar\/portalurbano\/como-es-el-protocolo-que-provincia-aprobo-para-prevenir-el-covid-19-en-adultos-mayores\/#article\",\"isPartOf\":{\"@id\":\"https:\/\/experienciadevida.com.ar\/portalurbano\/como-es-el-protocolo-que-provincia-aprobo-para-prevenir-el-covid-19-en-adultos-mayores\/\"},\"author\":{\"name\":\"admpu17wp\",\"@id\":\"https:\/\/experienciadevida.com.ar\/portalurbano\/#\/schema\/person\/02dd326b1c4b056e9cc972486934a3a7\"},\"headline\":\"\u00bfC\u00f3mo es el protocolo que Provincia aprob\u00f3 para prevenir el Covid-19 en adultos mayores?\",\"datePublished\":\"2020-09-01T14:14:41+00:00\",\"dateModified\":\"2020-09-01T14:15:10+00:00\",\"mainEntityOfPage\":{\"@id\":\"https:\/\/experienciadevida.com.ar\/portalurbano\/como-es-el-protocolo-que-provincia-aprobo-para-prevenir-el-covid-19-en-adultos-mayores\/\"},\"wordCount\":486,\"publisher\":{\"@id\":\"https:\/\/experienciadevida.com.ar\/portalurbano\/#organization\"},\"articleSection\":[\"Coronavirus\",\"Provincia\"],\"inLanguage\":\"es\"},{\"@type\":\"WebPage\",\"@id\":\"https:\/\/experienciadevida.com.ar\/portalurbano\/como-es-el-protocolo-que-provincia-aprobo-para-prevenir-el-covid-19-en-adultos-mayores\/\",\"url\":\"https:\/\/experienciadevida.com.ar\/portalurbano\/como-es-el-protocolo-que-provincia-aprobo-para-prevenir-el-covid-19-en-adultos-mayores\/\",\"name\":\"\u00bfC\u00f3mo es el protocolo que Provincia aprob\u00f3 para prevenir el Covid-19 en adultos mayores? -\",\"isPartOf\":{\"@id\":\"https:\/\/experienciadevida.com.ar\/portalurbano\/#website\"},\"datePublished\":\"2020-09-01T14:14:41+00:00\",\"dateModified\":\"2020-09-01T14:15:10+00:00\",\"breadcrumb\":{\"@id\":\"https:\/\/experienciadevida.com.ar\/portalurbano\/como-es-el-protocolo-que-provincia-aprobo-para-prevenir-el-covid-19-en-adultos-mayores\/#breadcrumb\"},\"inLanguage\":\"es\",\"potentialAction\":[{\"@type\":\"ReadAction\",\"target\":[\"https:\/\/experienciadevida.com.ar\/portalurbano\/como-es-el-protocolo-que-provincia-aprobo-para-prevenir-el-covid-19-en-adultos-mayores\/\"]}]},{\"@type\":\"BreadcrumbList\",\"@id\":\"https:\/\/experienciadevida.com.ar\/portalurbano\/como-es-el-protocolo-que-provincia-aprobo-para-prevenir-el-covid-19-en-adultos-mayores\/#breadcrumb\",\"itemListElement\":[{\"@type\":\"ListItem\",\"position\":1,\"name\":\"Portada\",\"item\":\"https:\/\/experienciadevida.com.ar\/portalurbano\/\"},{\"@type\":\"ListItem\",\"position\":2,\"name\":\"\u00bfC\u00f3mo es el protocolo que Provincia aprob\u00f3 para prevenir el Covid-19 en adultos mayores?\"}]},{\"@type\":\"WebSite\",\"@id\":\"https:\/\/experienciadevida.com.ar\/portalurbano\/#website\",\"url\":\"https:\/\/experienciadevida.com.ar\/portalurbano\/\",\"name\":\"\",\"description\":\"\",\"publisher\":{\"@id\":\"https:\/\/experienciadevida.com.ar\/portalurbano\/#organization\"},\"potentialAction\":[{\"@type\":\"SearchAction\",\"target\":{\"@type\":\"EntryPoint\",\"urlTemplate\":\"https:\/\/experienciadevida.com.ar\/portalurbano\/?s={search_term_string}\"},\"query-input\":\"required name=search_term_string\"}],\"inLanguage\":\"es\"},{\"@type\":\"Organization\",\"@id\":\"https:\/\/experienciadevida.com.ar\/portalurbano\/#organization\",\"name\":\"Portal Urbano\",\"url\":\"https:\/\/experienciadevida.com.ar\/portalurbano\/\",\"logo\":{\"@type\":\"ImageObject\",\"inLanguage\":\"es\",\"@id\":\"https:\/\/experienciadevida.com.ar\/portalurbano\/#\/schema\/logo\/image\/\",\"url\":\"https:\/\/experienciadevida.com.ar\/portalurbano\/wp-content\/uploads\/2019\/09\/Logo-Original.png\",\"contentUrl\":\"https:\/\/experienciadevida.com.ar\/portalurbano\/wp-content\/uploads\/2019\/09\/Logo-Original.png\",\"width\":2236,\"height\":1216,\"caption\":\"Portal Urbano\"},\"image\":{\"@id\":\"https:\/\/experienciadevida.com.ar\/portalurbano\/#\/schema\/logo\/image\/\"},\"sameAs\":[\"https:\/\/www.facebook.com\/Portal-Urbano-171542830093757\/\",\"https:\/\/twitter.com\/portalurbanook\",\"https:\/\/www.instagram.com\/_portalurbano\/\",\"https:\/\/www.youtube.com\/channel\/UCXhagIfszH8KxFiOok79zbA?view_as=subscriber\"]},{\"@type\":\"Person\",\"@id\":\"https:\/\/experienciadevida.com.ar\/portalurbano\/#\/schema\/person\/02dd326b1c4b056e9cc972486934a3a7\",\"name\":\"admpu17wp\",\"image\":{\"@type\":\"ImageObject\",\"inLanguage\":\"es\",\"@id\":\"https:\/\/experienciadevida.com.ar\/portalurbano\/#\/schema\/person\/image\/\",\"url\":\"https:\/\/secure.gravatar.com\/avatar\/830d4c57adaae6630765e449a6908047?s=96&d=mm&r=g\",\"contentUrl\":\"https:\/\/secure.gravatar.com\/avatar\/830d4c57adaae6630765e449a6908047?s=96&d=mm&r=g\",\"caption\":\"admpu17wp\"}}]}<\/script>\n<!-- \/ Yoast SEO plugin. -->","yoast_head_json":{"title":"\u00bfC\u00f3mo es el protocolo que Provincia aprob\u00f3 para prevenir el Covid-19 en adultos mayores? -","robots":{"index":"index","follow":"follow","max-snippet":"max-snippet:-1","max-image-preview":"max-image-preview:large","max-video-preview":"max-video-preview:-1"},"canonical":"https:\/\/experienciadevida.com.ar\/portalurbano\/como-es-el-protocolo-que-provincia-aprobo-para-prevenir-el-covid-19-en-adultos-mayores\/","og_locale":"es_ES","og_type":"article","og_title":"\u00bfC\u00f3mo es el protocolo que Provincia aprob\u00f3 para prevenir el Covid-19 en adultos mayores? -","og_description":"Brinda recomendaciones para esa poblaci\u00f3n que forma parte de los grupos de riesgo de la...","og_url":"https:\/\/experienciadevida.com.ar\/portalurbano\/como-es-el-protocolo-que-provincia-aprobo-para-prevenir-el-covid-19-en-adultos-mayores\/","article_publisher":"https:\/\/www.facebook.com\/Portal-Urbano-171542830093757\/","article_published_time":"2020-09-01T14:14:41+00:00","article_modified_time":"2020-09-01T14:15:10+00:00","og_image":[{"width":696,"height":464,"url":"https:\/\/experienciadevida.com.ar\/portalurbano\/wp-content\/uploads\/2020\/09\/ADULTOSMAYORES.jpg","type":"image\/jpeg"}],"author":"admpu17wp","twitter_card":"summary_large_image","twitter_creator":"@portalurbanook","twitter_site":"@portalurbanook","twitter_misc":{"Escrito por":"admpu17wp","Tiempo de lectura":"2 minutos"},"schema":{"@context":"https:\/\/schema.org","@graph":[{"@type":"Article","@id":"https:\/\/experienciadevida.com.ar\/portalurbano\/como-es-el-protocolo-que-provincia-aprobo-para-prevenir-el-covid-19-en-adultos-mayores\/#article","isPartOf":{"@id":"https:\/\/experienciadevida.com.ar\/portalurbano\/como-es-el-protocolo-que-provincia-aprobo-para-prevenir-el-covid-19-en-adultos-mayores\/"},"author":{"name":"admpu17wp","@id":"https:\/\/experienciadevida.com.ar\/portalurbano\/#\/schema\/person\/02dd326b1c4b056e9cc972486934a3a7"},"headline":"\u00bfC\u00f3mo es el protocolo que Provincia aprob\u00f3 para prevenir el Covid-19 en adultos mayores?","datePublished":"2020-09-01T14:14:41+00:00","dateModified":"2020-09-01T14:15:10+00:00","mainEntityOfPage":{"@id":"https:\/\/experienciadevida.com.ar\/portalurbano\/como-es-el-protocolo-que-provincia-aprobo-para-prevenir-el-covid-19-en-adultos-mayores\/"},"wordCount":486,"publisher":{"@id":"https:\/\/experienciadevida.com.ar\/portalurbano\/#organization"},"articleSection":["Coronavirus","Provincia"],"inLanguage":"es"},{"@type":"WebPage","@id":"https:\/\/experienciadevida.com.ar\/portalurbano\/como-es-el-protocolo-que-provincia-aprobo-para-prevenir-el-covid-19-en-adultos-mayores\/","url":"https:\/\/experienciadevida.com.ar\/portalurbano\/como-es-el-protocolo-que-provincia-aprobo-para-prevenir-el-covid-19-en-adultos-mayores\/","name":"\u00bfC\u00f3mo es el protocolo que Provincia aprob\u00f3 para prevenir el Covid-19 en adultos mayores? -","isPartOf":{"@id":"https:\/\/experienciadevida.com.ar\/portalurbano\/#website"},"datePublished":"2020-09-01T14:14:41+00:00","dateModified":"2020-09-01T14:15:10+00:00","breadcrumb":{"@id":"https:\/\/experienciadevida.com.ar\/portalurbano\/como-es-el-protocolo-que-provincia-aprobo-para-prevenir-el-covid-19-en-adultos-mayores\/#breadcrumb"},"inLanguage":"es","potentialAction":[{"@type":"ReadAction","target":["https:\/\/experienciadevida.com.ar\/portalurbano\/como-es-el-protocolo-que-provincia-aprobo-para-prevenir-el-covid-19-en-adultos-mayores\/"]}]},{"@type":"BreadcrumbList","@id":"https:\/\/experienciadevida.com.ar\/portalurbano\/como-es-el-protocolo-que-provincia-aprobo-para-prevenir-el-covid-19-en-adultos-mayores\/#breadcrumb","itemListElement":[{"@type":"ListItem","position":1,"name":"Portada","item":"https:\/\/experienciadevida.com.ar\/portalurbano\/"},{"@type":"ListItem","position":2,"name":"\u00bfC\u00f3mo es el protocolo que Provincia aprob\u00f3 para prevenir el Covid-19 en adultos mayores?"}]},{"@type":"WebSite","@id":"https:\/\/experienciadevida.com.ar\/portalurbano\/#website","url":"https:\/\/experienciadevida.com.ar\/portalurbano\/","name":"","description":"","publisher":{"@id":"https:\/\/experienciadevida.com.ar\/portalurbano\/#organization"},"potentialAction":[{"@type":"SearchAction","target":{"@type":"EntryPoint","urlTemplate":"https:\/\/experienciadevida.com.ar\/portalurbano\/?s={search_term_string}"},"query-input":"required name=search_term_string"}],"inLanguage":"es"},{"@type":"Organization","@id":"https:\/\/experienciadevida.com.ar\/portalurbano\/#organization","name":"Portal Urbano","url":"https:\/\/experienciadevida.com.ar\/portalurbano\/","logo":{"@type":"ImageObject","inLanguage":"es","@id":"https:\/\/experienciadevida.com.ar\/portalurbano\/#\/schema\/logo\/image\/","url":"https:\/\/experienciadevida.com.ar\/portalurbano\/wp-content\/uploads\/2019\/09\/Logo-Original.png","contentUrl":"https:\/\/experienciadevida.com.ar\/portalurbano\/wp-content\/uploads\/2019\/09\/Logo-Original.png","width":2236,"height":1216,"caption":"Portal Urbano"},"image":{"@id":"https:\/\/experienciadevida.com.ar\/portalurbano\/#\/schema\/logo\/image\/"},"sameAs":["https:\/\/www.facebook.com\/Portal-Urbano-171542830093757\/","https:\/\/twitter.com\/portalurbanook","https:\/\/www.instagram.com\/_portalurbano\/","https:\/\/www.youtube.com\/channel\/UCXhagIfszH8KxFiOok79zbA?view_as=subscriber"]},{"@type":"Person","@id":"https:\/\/experienciadevida.com.ar\/portalurbano\/#\/schema\/person\/02dd326b1c4b056e9cc972486934a3a7","name":"admpu17wp","image":{"@type":"ImageObject","inLanguage":"es","@id":"https:\/\/experienciadevida.com.ar\/portalurbano\/#\/schema\/person\/image\/","url":"https:\/\/secure.gravatar.com\/avatar\/830d4c57adaae6630765e449a6908047?s=96&d=mm&r=g","contentUrl":"https:\/\/secure.gravatar.com\/avatar\/830d4c57adaae6630765e449a6908047?s=96&d=mm&r=g","caption":"admpu17wp"}}]}},"featured_image_urls":{"full":["https:\/\/experienciadevida.com.ar\/portalurbano\/wp-content\/uploads\/2020\/09\/ADULTOSMAYORES.jpg",696,464,false],"thumbnail":["https:\/\/experienciadevida.com.ar\/portalurbano\/wp-content\/uploads\/2020\/09\/ADULTOSMAYORES-150x150.jpg",150,150,true],"medium":["https:\/\/experienciadevida.com.ar\/portalurbano\/wp-content\/uploads\/2020\/09\/ADULTOSMAYORES-300x200.jpg",300,200,true],"medium_large":["https:\/\/experienciadevida.com.ar\/portalurbano\/wp-content\/uploads\/2020\/09\/ADULTOSMAYORES.jpg",640,427,false],"large":["https:\/\/experienciadevida.com.ar\/portalurbano\/wp-content\/uploads\/2020\/09\/ADULTOSMAYORES.jpg",640,427,false],"ug_big":["https:\/\/experienciadevida.com.ar\/portalurbano\/wp-content\/uploads\/2020\/09\/ADULTOSMAYORES.jpg",696,464,false],"1536x1536":["https:\/\/experienciadevida.com.ar\/portalurbano\/wp-content\/uploads\/2020\/09\/ADULTOSMAYORES.jpg",696,464,false],"2048x2048":["https:\/\/experienciadevida.com.ar\/portalurbano\/wp-content\/uploads\/2020\/09\/ADULTOSMAYORES.jpg",696,464,false],"newsever-slider-full":["https:\/\/experienciadevida.com.ar\/portalurbano\/wp-content\/uploads\/2020\/09\/ADULTOSMAYORES.jpg",696,464,false],"newsever-featured":["https:\/\/experienciadevida.com.ar\/portalurbano\/wp-content\/uploads\/2020\/09\/ADULTOSMAYORES.jpg",696,464,false],"newsever-medium":["https:\/\/experienciadevida.com.ar\/portalurbano\/wp-content\/uploads\/2020\/09\/ADULTOSMAYORES.jpg",696,464,false],"web-stories-poster-portrait":["https:\/\/experienciadevida.com.ar\/portalurbano\/wp-content\/uploads\/2020\/09\/ADULTOSMAYORES.jpg",640,427,false],"web-stories-publisher-logo":["https:\/\/experienciadevida.com.ar\/portalurbano\/wp-content\/uploads\/2020\/09\/ADULTOSMAYORES.jpg",96,64,false],"web-stories-thumbnail":["https:\/\/experienciadevida.com.ar\/portalurbano\/wp-content\/uploads\/2020\/09\/ADULTOSMAYORES.jpg",150,100,false]},"author_info":{"display_name":"admpu17wp","author_link":"https:\/\/experienciadevida.com.ar\/portalurbano\/author\/admpu17wp\/"},"category_info":"<a href=\"https:\/\/experienciadevida.com.ar\/portalurbano\/category\/nacion\/coronavirus\/\" rel=\"category tag\">Coronavirus<\/a> <a href=\"https:\/\/experienciadevida.com.ar\/portalurbano\/category\/provincia\/\" rel=\"category tag\">Provincia<\/a>","tag_info":"Provincia","comment_count":"0","amp_enabled":true,"_links":{"self":[{"href":"https:\/\/experienciadevida.com.ar\/portalurbano\/wp-json\/wp\/v2\/posts\/119835"}],"collection":[{"href":"https:\/\/experienciadevida.com.ar\/portalurbano\/wp-json\/wp\/v2\/posts"}],"about":[{"href":"https:\/\/experienciadevida.com.ar\/portalurbano\/wp-json\/wp\/v2\/types\/post"}],"author":[{"embeddable":true,"href":"https:\/\/experienciadevida.com.ar\/portalurbano\/wp-json\/wp\/v2\/users\/1"}],"replies":[{"embeddable":true,"href":"https:\/\/experienciadevida.com.ar\/portalurbano\/wp-json\/wp\/v2\/comments?post=119835"}],"version-history":[{"count":1,"href":"https:\/\/experienciadevida.com.ar\/portalurbano\/wp-json\/wp\/v2\/posts\/119835\/revisions"}],"predecessor-version":[{"id":119837,"href":"https:\/\/experienciadevida.com.ar\/portalurbano\/wp-json\/wp\/v2\/posts\/119835\/revisions\/119837"}],"wp:featuredmedia":[{"embeddable":true,"href":"https:\/\/experienciadevida.com.ar\/portalurbano\/wp-json\/wp\/v2\/media\/119836"}],"wp:attachment":[{"href":"https:\/\/experienciadevida.com.ar\/portalurbano\/wp-json\/wp\/v2\/media?parent=119835"}],"wp:term":[{"taxonomy":"category","embeddable":true,"href":"https:\/\/experienciadevida.com.ar\/portalurbano\/wp-json\/wp\/v2\/categories?post=119835"},{"taxonomy":"post_tag","embeddable":true,"href":"https:\/\/experienciadevida.com.ar\/portalurbano\/wp-json\/wp\/v2\/tags?post=119835"}],"curies":[{"name":"wp","href":"https:\/\/api.w.org\/{rel}","templated":true}]}}