{"id":119758,"date":"2020-08-31T18:07:51","date_gmt":"2020-08-31T21:07:51","guid":{"rendered":"https:\/\/experienciadevida.com.ar\/portalurbano\/?p=119758"},"modified":"2020-08-31T18:09:20","modified_gmt":"2020-08-31T21:09:20","slug":"se-concentraron-en-defensa-del-medio-ambiente","status":"publish","type":"post","link":"https:\/\/experienciadevida.com.ar\/portalurbano\/se-concentraron-en-defensa-del-medio-ambiente\/","title":{"rendered":"Se concentraron en defensa del medio ambiente"},"content":{"rendered":"<p>Fue en la jornada de este lunes, en el Paseo Jes\u00fas Mend\u00eda ante la posible firma del acuerdo con China para la instalaci\u00f3n de factor\u00edas de cerdos en nuestro pa\u00eds, seg\u00fan lo anunciado para el martes 1ero de septiembre.<\/p>\n<p>El 25 se produjo una movilizaci\u00f3n nacional de organizaciones ambientales, que tuvo una r\u00e9plica en Olavarr\u00eda el jueves pasado, cuyas principales consignas fueron la oposici\u00f3n al acuerdo con China por la instalaci\u00f3n de granjas industriales de cerdos y el repudio a las quemas y desmontes en los humedales y montes nativos.<\/p>\n<p>Los reclamos de la movilizaci\u00f3n fueron:<\/p>\n<p>No a la instalaci\u00f3n de granjas industriales de porcinos. No al acuerdo con China.<br \/>\nNo al avance de la frontera agropecuaria. Basta de quemas de humedales y monte nativo. Inmediato freno a los desmontes e incendios.<br \/>\nEl Estado es responsable. Vamos contra el modelo productivo y desarrollista del gobierno.<br \/>\nNo pago de la deuda externa y nacionalizaci\u00f3n del comercio exterior.<\/p>\n<p><span style=\"color: #0000ff;\">Las im\u00e1genes:<\/span><\/p>\n<div class=\"slider-gallery-wrapper \"><div class=\"slider-gallery\"><div id=\"sliderify-carousel-1\" class=\"owl-carousel\"><div class=\"sliderify-owl-item-inner\"><img src=\"https:\/\/experienciadevida.com.ar\/portalurbano\/wp-content\/uploads\/2020\/08\/CONCENTRACION6.jpg\"><\/div><div class=\"sliderify-owl-item-inner\"><img src=\"https:\/\/experienciadevida.com.ar\/portalurbano\/wp-content\/uploads\/2020\/08\/CONCENTRACION5.jpg\"><\/div><div class=\"sliderify-owl-item-inner\"><img src=\"https:\/\/experienciadevida.com.ar\/portalurbano\/wp-content\/uploads\/2020\/08\/CONCENTRACION3.jpg\"><\/div><div class=\"sliderify-owl-item-inner\"><img src=\"https:\/\/experienciadevida.com.ar\/portalurbano\/wp-content\/uploads\/2020\/08\/CONCENTRACION4.jpg\"><\/div><div class=\"sliderify-owl-item-inner\"><img src=\"https:\/\/experienciadevida.com.ar\/portalurbano\/wp-content\/uploads\/2020\/08\/CONCENTRACION2.jpg\"><\/div><div class=\"sliderify-owl-item-inner\"><img src=\"https:\/\/experienciadevida.com.ar\/portalurbano\/wp-content\/uploads\/2020\/08\/CONCENTRACION-1.jpg\"><\/div><div class=\"sliderify-owl-item-inner\"><img src=\"https:\/\/experienciadevida.com.ar\/portalurbano\/wp-content\/uploads\/2020\/08\/CONCENTRACION1.jpg\"><\/div><\/div><!-- .owl-carousel --><\/div><!-- .slider-gallery --><\/div><!-- .slider-gallery-wrapper --><script>\n\t\t\tjQuery(document).ready(function($){\n\t\t\t\tcarousel1 = $('#sliderify-carousel-1');\ncarousel1.imagesLoaded(function(){carousel1.owlCarousel({items:1,\nstagePadding:0,\nnav:1,\nnavText:['<span><\/span><span><\/span>','<span><\/span><span><\/span>'],\ncenter:1,\nloop:1,\nmargin:0,\nautoWidth:false,\nautoHeight:true,\nstageOuterClass:'sliderify-stage-outer',\nstageClass:'sliderify-stage',\nnavContainerClass:'sliderify-nav',\ncontrolsClass:'sliderify-controls',\ndotsClass:'sliderify-dots',\ndotClass:'sliderify-dot',\nonInitialized:function(event){\n\t\t\t\tconsole.log('init');\n\t\t\t},\n});});\n});\n\t\t\t<\/script>\n","protected":false},"excerpt":{"rendered":"<p>Fue en la jornada de este lunes, en el Paseo Jes\u00fas Mend\u00eda ante la posible&#8230;<\/p>\n","protected":false},"author":1,"featured_media":119764,"comment_status":"closed","ping_status":"closed","sticky":false,"template":"","format":"standard","meta":{"content-type":""},"categories":[27,51],"tags":[],"nelio_content":{"isAutoShareEnabled":false,"autoShareEndMode":"default","automationSources":{"useContentSentences":true,"useSocialTemplates":true,"useCustomSentences":false,"customSentences":[]},"followers":[1],"suggestedReferences":[],"includedReferences":[],"efiUrl":"","efiAlt":"","highlights":[]},"yoast_head":"<!-- This site is optimized with the Yoast SEO plugin v20.7 - https:\/\/yoast.com\/wordpress\/plugins\/seo\/ -->\n<title>Se concentraron en defensa del medio ambiente -<\/title>\n<meta name=\"robots\" content=\"index, follow, max-snippet:-1, max-image-preview:large, max-video-preview:-1\" \/>\n<link rel=\"canonical\" href=\"https:\/\/experienciadevida.com.ar\/portalurbano\/se-concentraron-en-defensa-del-medio-ambiente\/\" \/>\n<meta property=\"og:locale\" content=\"es_ES\" \/>\n<meta property=\"og:type\" content=\"article\" \/>\n<meta property=\"og:title\" content=\"Se concentraron en defensa del medio ambiente -\" \/>\n<meta property=\"og:description\" content=\"Fue en la jornada de este lunes, en el Paseo Jes\u00fas Mend\u00eda ante la posible...\" \/>\n<meta property=\"og:url\" content=\"https:\/\/experienciadevida.com.ar\/portalurbano\/se-concentraron-en-defensa-del-medio-ambiente\/\" \/>\n<meta property=\"article:publisher\" content=\"https:\/\/www.facebook.com\/Portal-Urbano-171542830093757\/\" \/>\n<meta property=\"article:published_time\" content=\"2020-08-31T21:07:51+00:00\" \/>\n<meta property=\"article:modified_time\" content=\"2020-08-31T21:09:20+00:00\" \/>\n<meta property=\"og:image\" content=\"https:\/\/experienciadevida.com.ar\/portalurbano\/wp-content\/uploads\/2020\/08\/CONCENTRACION5.jpg\" \/>\n\t<meta property=\"og:image:width\" content=\"765\" \/>\n\t<meta property=\"og:image:height\" content=\"510\" \/>\n\t<meta property=\"og:image:type\" content=\"image\/jpeg\" \/>\n<meta name=\"author\" content=\"admpu17wp\" \/>\n<meta name=\"twitter:card\" content=\"summary_large_image\" \/>\n<meta name=\"twitter:creator\" content=\"@portalurbanook\" \/>\n<meta name=\"twitter:site\" content=\"@portalurbanook\" \/>\n<meta name=\"twitter:label1\" content=\"Escrito por\" \/>\n\t<meta name=\"twitter:data1\" content=\"admpu17wp\" \/>\n\t<meta name=\"twitter:label2\" content=\"Tiempo de lectura\" \/>\n\t<meta name=\"twitter:data2\" content=\"1 minuto\" \/>\n<script type=\"application\/ld+json\" class=\"yoast-schema-graph\">{\"@context\":\"https:\/\/schema.org\",\"@graph\":[{\"@type\":\"Article\",\"@id\":\"https:\/\/experienciadevida.com.ar\/portalurbano\/se-concentraron-en-defensa-del-medio-ambiente\/#article\",\"isPartOf\":{\"@id\":\"https:\/\/experienciadevida.com.ar\/portalurbano\/se-concentraron-en-defensa-del-medio-ambiente\/\"},\"author\":{\"name\":\"admpu17wp\",\"@id\":\"https:\/\/experienciadevida.com.ar\/portalurbano\/#\/schema\/person\/02dd326b1c4b056e9cc972486934a3a7\"},\"headline\":\"Se concentraron en defensa del medio ambiente\",\"datePublished\":\"2020-08-31T21:07:51+00:00\",\"dateModified\":\"2020-08-31T21:09:20+00:00\",\"mainEntityOfPage\":{\"@id\":\"https:\/\/experienciadevida.com.ar\/portalurbano\/se-concentraron-en-defensa-del-medio-ambiente\/\"},\"wordCount\":194,\"publisher\":{\"@id\":\"https:\/\/experienciadevida.com.ar\/portalurbano\/#organization\"},\"articleSection\":[\"Ciudad\",\"Destacadas\"],\"inLanguage\":\"es\"},{\"@type\":\"WebPage\",\"@id\":\"https:\/\/experienciadevida.com.ar\/portalurbano\/se-concentraron-en-defensa-del-medio-ambiente\/\",\"url\":\"https:\/\/experienciadevida.com.ar\/portalurbano\/se-concentraron-en-defensa-del-medio-ambiente\/\",\"name\":\"Se concentraron en defensa del medio ambiente -\",\"isPartOf\":{\"@id\":\"https:\/\/experienciadevida.com.ar\/portalurbano\/#website\"},\"datePublished\":\"2020-08-31T21:07:51+00:00\",\"dateModified\":\"2020-08-31T21:09:20+00:00\",\"breadcrumb\":{\"@id\":\"https:\/\/experienciadevida.com.ar\/portalurbano\/se-concentraron-en-defensa-del-medio-ambiente\/#breadcrumb\"},\"inLanguage\":\"es\",\"potentialAction\":[{\"@type\":\"ReadAction\",\"target\":[\"https:\/\/experienciadevida.com.ar\/portalurbano\/se-concentraron-en-defensa-del-medio-ambiente\/\"]}]},{\"@type\":\"BreadcrumbList\",\"@id\":\"https:\/\/experienciadevida.com.ar\/portalurbano\/se-concentraron-en-defensa-del-medio-ambiente\/#breadcrumb\",\"itemListElement\":[{\"@type\":\"ListItem\",\"position\":1,\"name\":\"Portada\",\"item\":\"https:\/\/experienciadevida.com.ar\/portalurbano\/\"},{\"@type\":\"ListItem\",\"position\":2,\"name\":\"Se concentraron en defensa del medio ambiente\"}]},{\"@type\":\"WebSite\",\"@id\":\"https:\/\/experienciadevida.com.ar\/portalurbano\/#website\",\"url\":\"https:\/\/experienciadevida.com.ar\/portalurbano\/\",\"name\":\"\",\"description\":\"\",\"publisher\":{\"@id\":\"https:\/\/experienciadevida.com.ar\/portalurbano\/#organization\"},\"potentialAction\":[{\"@type\":\"SearchAction\",\"target\":{\"@type\":\"EntryPoint\",\"urlTemplate\":\"https:\/\/experienciadevida.com.ar\/portalurbano\/?s={search_term_string}\"},\"query-input\":\"required name=search_term_string\"}],\"inLanguage\":\"es\"},{\"@type\":\"Organization\",\"@id\":\"https:\/\/experienciadevida.com.ar\/portalurbano\/#organization\",\"name\":\"Portal Urbano\",\"url\":\"https:\/\/experienciadevida.com.ar\/portalurbano\/\",\"logo\":{\"@type\":\"ImageObject\",\"inLanguage\":\"es\",\"@id\":\"https:\/\/experienciadevida.com.ar\/portalurbano\/#\/schema\/logo\/image\/\",\"url\":\"https:\/\/experienciadevida.com.ar\/portalurbano\/wp-content\/uploads\/2019\/09\/Logo-Original.png\",\"contentUrl\":\"https:\/\/experienciadevida.com.ar\/portalurbano\/wp-content\/uploads\/2019\/09\/Logo-Original.png\",\"width\":2236,\"height\":1216,\"caption\":\"Portal Urbano\"},\"image\":{\"@id\":\"https:\/\/experienciadevida.com.ar\/portalurbano\/#\/schema\/logo\/image\/\"},\"sameAs\":[\"https:\/\/www.facebook.com\/Portal-Urbano-171542830093757\/\",\"https:\/\/twitter.com\/portalurbanook\",\"https:\/\/www.instagram.com\/_portalurbano\/\",\"https:\/\/www.youtube.com\/channel\/UCXhagIfszH8KxFiOok79zbA?view_as=subscriber\"]},{\"@type\":\"Person\",\"@id\":\"https:\/\/experienciadevida.com.ar\/portalurbano\/#\/schema\/person\/02dd326b1c4b056e9cc972486934a3a7\",\"name\":\"admpu17wp\",\"image\":{\"@type\":\"ImageObject\",\"inLanguage\":\"es\",\"@id\":\"https:\/\/experienciadevida.com.ar\/portalurbano\/#\/schema\/person\/image\/\",\"url\":\"https:\/\/secure.gravatar.com\/avatar\/830d4c57adaae6630765e449a6908047?s=96&d=mm&r=g\",\"contentUrl\":\"https:\/\/secure.gravatar.com\/avatar\/830d4c57adaae6630765e449a6908047?s=96&d=mm&r=g\",\"caption\":\"admpu17wp\"}}]}<\/script>\n<!-- \/ Yoast SEO plugin. -->","yoast_head_json":{"title":"Se concentraron en defensa del medio ambiente -","robots":{"index":"index","follow":"follow","max-snippet":"max-snippet:-1","max-image-preview":"max-image-preview:large","max-video-preview":"max-video-preview:-1"},"canonical":"https:\/\/experienciadevida.com.ar\/portalurbano\/se-concentraron-en-defensa-del-medio-ambiente\/","og_locale":"es_ES","og_type":"article","og_title":"Se concentraron en defensa del medio ambiente -","og_description":"Fue en la jornada de este lunes, en el Paseo Jes\u00fas Mend\u00eda ante la posible...","og_url":"https:\/\/experienciadevida.com.ar\/portalurbano\/se-concentraron-en-defensa-del-medio-ambiente\/","article_publisher":"https:\/\/www.facebook.com\/Portal-Urbano-171542830093757\/","article_published_time":"2020-08-31T21:07:51+00:00","article_modified_time":"2020-08-31T21:09:20+00:00","og_image":[{"width":765,"height":510,"url":"https:\/\/experienciadevida.com.ar\/portalurbano\/wp-content\/uploads\/2020\/08\/CONCENTRACION5.jpg","type":"image\/jpeg"}],"author":"admpu17wp","twitter_card":"summary_large_image","twitter_creator":"@portalurbanook","twitter_site":"@portalurbanook","twitter_misc":{"Escrito por":"admpu17wp","Tiempo de lectura":"1 minuto"},"schema":{"@context":"https:\/\/schema.org","@graph":[{"@type":"Article","@id":"https:\/\/experienciadevida.com.ar\/portalurbano\/se-concentraron-en-defensa-del-medio-ambiente\/#article","isPartOf":{"@id":"https:\/\/experienciadevida.com.ar\/portalurbano\/se-concentraron-en-defensa-del-medio-ambiente\/"},"author":{"name":"admpu17wp","@id":"https:\/\/experienciadevida.com.ar\/portalurbano\/#\/schema\/person\/02dd326b1c4b056e9cc972486934a3a7"},"headline":"Se concentraron en defensa del medio ambiente","datePublished":"2020-08-31T21:07:51+00:00","dateModified":"2020-08-31T21:09:20+00:00","mainEntityOfPage":{"@id":"https:\/\/experienciadevida.com.ar\/portalurbano\/se-concentraron-en-defensa-del-medio-ambiente\/"},"wordCount":194,"publisher":{"@id":"https:\/\/experienciadevida.com.ar\/portalurbano\/#organization"},"articleSection":["Ciudad","Destacadas"],"inLanguage":"es"},{"@type":"WebPage","@id":"https:\/\/experienciadevida.com.ar\/portalurbano\/se-concentraron-en-defensa-del-medio-ambiente\/","url":"https:\/\/experienciadevida.com.ar\/portalurbano\/se-concentraron-en-defensa-del-medio-ambiente\/","name":"Se concentraron en defensa del medio ambiente -","isPartOf":{"@id":"https:\/\/experienciadevida.com.ar\/portalurbano\/#website"},"datePublished":"2020-08-31T21:07:51+00:00","dateModified":"2020-08-31T21:09:20+00:00","breadcrumb":{"@id":"https:\/\/experienciadevida.com.ar\/portalurbano\/se-concentraron-en-defensa-del-medio-ambiente\/#breadcrumb"},"inLanguage":"es","potentialAction":[{"@type":"ReadAction","target":["https:\/\/experienciadevida.com.ar\/portalurbano\/se-concentraron-en-defensa-del-medio-ambiente\/"]}]},{"@type":"BreadcrumbList","@id":"https:\/\/experienciadevida.com.ar\/portalurbano\/se-concentraron-en-defensa-del-medio-ambiente\/#breadcrumb","itemListElement":[{"@type":"ListItem","position":1,"name":"Portada","item":"https:\/\/experienciadevida.com.ar\/portalurbano\/"},{"@type":"ListItem","position":2,"name":"Se concentraron en defensa del medio ambiente"}]},{"@type":"WebSite","@id":"https:\/\/experienciadevida.com.ar\/portalurbano\/#website","url":"https:\/\/experienciadevida.com.ar\/portalurbano\/","name":"","description":"","publisher":{"@id":"https:\/\/experienciadevida.com.ar\/portalurbano\/#organization"},"potentialAction":[{"@type":"SearchAction","target":{"@type":"EntryPoint","urlTemplate":"https:\/\/experienciadevida.com.ar\/portalurbano\/?s={search_term_string}"},"query-input":"required name=search_term_string"}],"inLanguage":"es"},{"@type":"Organization","@id":"https:\/\/experienciadevida.com.ar\/portalurbano\/#organization","name":"Portal Urbano","url":"https:\/\/experienciadevida.com.ar\/portalurbano\/","logo":{"@type":"ImageObject","inLanguage":"es","@id":"https:\/\/experienciadevida.com.ar\/portalurbano\/#\/schema\/logo\/image\/","url":"https:\/\/experienciadevida.com.ar\/portalurbano\/wp-content\/uploads\/2019\/09\/Logo-Original.png","contentUrl":"https:\/\/experienciadevida.com.ar\/portalurbano\/wp-content\/uploads\/2019\/09\/Logo-Original.png","width":2236,"height":1216,"caption":"Portal Urbano"},"image":{"@id":"https:\/\/experienciadevida.com.ar\/portalurbano\/#\/schema\/logo\/image\/"},"sameAs":["https:\/\/www.facebook.com\/Portal-Urbano-171542830093757\/","https:\/\/twitter.com\/portalurbanook","https:\/\/www.instagram.com\/_portalurbano\/","https:\/\/www.youtube.com\/channel\/UCXhagIfszH8KxFiOok79zbA?view_as=subscriber"]},{"@type":"Person","@id":"https:\/\/experienciadevida.com.ar\/portalurbano\/#\/schema\/person\/02dd326b1c4b056e9cc972486934a3a7","name":"admpu17wp","image":{"@type":"ImageObject","inLanguage":"es","@id":"https:\/\/experienciadevida.com.ar\/portalurbano\/#\/schema\/person\/image\/","url":"https:\/\/secure.gravatar.com\/avatar\/830d4c57adaae6630765e449a6908047?s=96&d=mm&r=g","contentUrl":"https:\/\/secure.gravatar.com\/avatar\/830d4c57adaae6630765e449a6908047?s=96&d=mm&r=g","caption":"admpu17wp"}}]}},"featured_image_urls":{"full":["https:\/\/experienciadevida.com.ar\/portalurbano\/wp-content\/uploads\/2020\/08\/CONCENTRACION5.jpg",765,510,false],"thumbnail":["https:\/\/experienciadevida.com.ar\/portalurbano\/wp-content\/uploads\/2020\/08\/CONCENTRACION5-150x150.jpg",150,150,true],"medium":["https:\/\/experienciadevida.com.ar\/portalurbano\/wp-content\/uploads\/2020\/08\/CONCENTRACION5-300x200.jpg",300,200,true],"medium_large":["https:\/\/experienciadevida.com.ar\/portalurbano\/wp-content\/uploads\/2020\/08\/CONCENTRACION5.jpg",640,427,false],"large":["https:\/\/experienciadevida.com.ar\/portalurbano\/wp-content\/uploads\/2020\/08\/CONCENTRACION5.jpg",640,427,false],"ug_big":["https:\/\/experienciadevida.com.ar\/portalurbano\/wp-content\/uploads\/2020\/08\/CONCENTRACION5.jpg",765,510,false],"1536x1536":["https:\/\/experienciadevida.com.ar\/portalurbano\/wp-content\/uploads\/2020\/08\/CONCENTRACION5.jpg",765,510,false],"2048x2048":["https:\/\/experienciadevida.com.ar\/portalurbano\/wp-content\/uploads\/2020\/08\/CONCENTRACION5.jpg",765,510,false],"newsever-slider-full":["https:\/\/experienciadevida.com.ar\/portalurbano\/wp-content\/uploads\/2020\/08\/CONCENTRACION5.jpg",765,510,false],"newsever-featured":["https:\/\/experienciadevida.com.ar\/portalurbano\/wp-content\/uploads\/2020\/08\/CONCENTRACION5.jpg",765,510,false],"newsever-medium":["https:\/\/experienciadevida.com.ar\/portalurbano\/wp-content\/uploads\/2020\/08\/CONCENTRACION5.jpg",713,475,false],"web-stories-poster-portrait":["https:\/\/experienciadevida.com.ar\/portalurbano\/wp-content\/uploads\/2020\/08\/CONCENTRACION5.jpg",640,427,false],"web-stories-publisher-logo":["https:\/\/experienciadevida.com.ar\/portalurbano\/wp-content\/uploads\/2020\/08\/CONCENTRACION5.jpg",96,64,false],"web-stories-thumbnail":["https:\/\/experienciadevida.com.ar\/portalurbano\/wp-content\/uploads\/2020\/08\/CONCENTRACION5.jpg",150,100,false]},"author_info":{"display_name":"admpu17wp","author_link":"https:\/\/experienciadevida.com.ar\/portalurbano\/author\/admpu17wp\/"},"category_info":"<a href=\"https:\/\/experienciadevida.com.ar\/portalurbano\/category\/ciudad\/\" rel=\"category tag\">Ciudad<\/a> <a href=\"https:\/\/experienciadevida.com.ar\/portalurbano\/category\/destacadas\/\" rel=\"category tag\">Destacadas<\/a>","tag_info":"Destacadas","comment_count":"0","amp_enabled":true,"_links":{"self":[{"href":"https:\/\/experienciadevida.com.ar\/portalurbano\/wp-json\/wp\/v2\/posts\/119758"}],"collection":[{"href":"https:\/\/experienciadevida.com.ar\/portalurbano\/wp-json\/wp\/v2\/posts"}],"about":[{"href":"https:\/\/experienciadevida.com.ar\/portalurbano\/wp-json\/wp\/v2\/types\/post"}],"author":[{"embeddable":true,"href":"https:\/\/experienciadevida.com.ar\/portalurbano\/wp-json\/wp\/v2\/users\/1"}],"replies":[{"embeddable":true,"href":"https:\/\/experienciadevida.com.ar\/portalurbano\/wp-json\/wp\/v2\/comments?post=119758"}],"version-history":[{"count":1,"href":"https:\/\/experienciadevida.com.ar\/portalurbano\/wp-json\/wp\/v2\/posts\/119758\/revisions"}],"predecessor-version":[{"id":119766,"href":"https:\/\/experienciadevida.com.ar\/portalurbano\/wp-json\/wp\/v2\/posts\/119758\/revisions\/119766"}],"wp:featuredmedia":[{"embeddable":true,"href":"https:\/\/experienciadevida.com.ar\/portalurbano\/wp-json\/wp\/v2\/media\/119764"}],"wp:attachment":[{"href":"https:\/\/experienciadevida.com.ar\/portalurbano\/wp-json\/wp\/v2\/media?parent=119758"}],"wp:term":[{"taxonomy":"category","embeddable":true,"href":"https:\/\/experienciadevida.com.ar\/portalurbano\/wp-json\/wp\/v2\/categories?post=119758"},{"taxonomy":"post_tag","embeddable":true,"href":"https:\/\/experienciadevida.com.ar\/portalurbano\/wp-json\/wp\/v2\/tags?post=119758"}],"curies":[{"name":"wp","href":"https:\/\/api.w.org\/{rel}","templated":true}]}}