{"id":119576,"date":"2020-08-29T18:27:05","date_gmt":"2020-08-29T21:27:05","guid":{"rendered":"https:\/\/experienciadevida.com.ar\/portalurbano\/?p=119576"},"modified":"2020-08-29T18:27:30","modified_gmt":"2020-08-29T21:27:30","slug":"salud-mental-aumento-de-trastornos-de-sueno-en-contexto-de-pandemia","status":"publish","type":"post","link":"https:\/\/experienciadevida.com.ar\/portalurbano\/salud-mental-aumento-de-trastornos-de-sueno-en-contexto-de-pandemia\/","title":{"rendered":"Salud Mental: aumento de trastornos de sue\u00f1o en contexto de Pandemia"},"content":{"rendered":"<p>La Pandemia produjo una disrupci\u00f3n en la vida cotidiana en todos los pa\u00edses del globo. La salud mental se ve atravesada por este contexto y se traduce en un incremento del estr\u00e9s, cambios en el ciclo de sue\u00f1o, aumento de la ansiedad y cuadros depresivos, etc.<\/p>\n<p>En este sentido, la Municipalidad del Partido de Olavarr\u00eda, a trav\u00e9s de la Secretar\u00eda de Gobierno, dio a conocer un balance estad\u00edstico sobre el impacto de la Pandemia y su repercusi\u00f3n en el \u00e1rea de Salud Mental.<\/p>\n<p>El documento fue supervisado por la Jefa del \u00c1rea Claudia Elizaga y la Coordinadora Infanto Juvenil Mariana Galli.<\/p>\n<p>Para la elaboraci\u00f3n del presente informe se tom\u00f3 como muestra comparativa el lapso entre mediados de marzo a fines de julio de 2019 y mismo per\u00edodo de 2020: en particular se relev\u00f3 lo concerniente a psicof\u00e1rmacos retirados de la farmacia del Hospital Municipal \u201cDr. H\u00e9ctor M. Cura\u201d.<\/p>\n<p>De acuerdo a los datos proporcionados en este documento, se evidencia un aumento del 40% de tratamientos con psicof\u00e1rmacos para trastornos del sue\u00f1o, en pacientes con Trastornos Prevalentes de Salud Mental. A su vez se registra un incremento del 27% en tratamientos para Crisis de Angustia y un aumento de 33% en tratamientos para Trastornos Depresivos y Ansiosos.<\/p>\n<p>Una pol\u00edtica de gobierno acertada en relaci\u00f3n a la Pandemia fue la puesta en funcionamiento de la l\u00ednea telef\u00f3nica para la comunidad que ofrece contenci\u00f3n psicol\u00f3gica puntual. Sobre el total de los llamados un 60% requiri\u00f3 este servicio, un 25% fue derivado a profesionales de Salud Mental y el porcentaje restante precis\u00f3 de otras derivaciones.<\/p>\n<p>L\u00ednea telef\u00f3nica para contenci\u00f3n psicol\u00f3gica<\/p>\n<p>Desde el \u00e1rea municipal de Salud Mental se reitera que contin\u00faa en funcionamiento dicha l\u00ednea telef\u00f3nica (419910), la cual, adem\u00e1s de personal de Epidemiolog\u00eda cuenta con un profesional de Psicolog\u00eda a disposici\u00f3n de la comunidad, para quienes requieran contenci\u00f3n emocional puntual. La l\u00ednea telef\u00f3nica se encuentra disponible de lunes a viernes de 8 a 18 horas, s\u00e1bados de 9 a 14 horas y domingos de 9 a 13 horas.<\/p>\n<p>A su vez el \u00c1rea de Salud Mental para urgencias cuenta con guardias pasivas en Psiquiatr\u00eda y en Psicolog\u00eda, las 24 horas todos los d\u00edas del a\u00f1o.<\/p>\n","protected":false},"excerpt":{"rendered":"<p>La Pandemia produjo una disrupci\u00f3n en la vida cotidiana en todos los pa\u00edses del globo&#8230;.<\/p>\n","protected":false},"author":1,"featured_media":82891,"comment_status":"closed","ping_status":"closed","sticky":false,"template":"","format":"standard","meta":{"content-type":""},"categories":[51,45],"tags":[],"nelio_content":{"isAutoShareEnabled":false,"autoShareEndMode":"default","automationSources":{"useContentSentences":true,"useSocialTemplates":true,"useCustomSentences":false,"customSentences":[]},"followers":[1],"suggestedReferences":[],"includedReferences":[],"efiUrl":"","efiAlt":"","highlights":[]},"yoast_head":"<!-- This site is optimized with the Yoast SEO plugin v20.7 - https:\/\/yoast.com\/wordpress\/plugins\/seo\/ -->\n<title>Salud Mental: aumento de trastornos de sue\u00f1o en contexto de Pandemia -<\/title>\n<meta name=\"robots\" content=\"index, follow, max-snippet:-1, max-image-preview:large, max-video-preview:-1\" \/>\n<link rel=\"canonical\" href=\"https:\/\/experienciadevida.com.ar\/portalurbano\/salud-mental-aumento-de-trastornos-de-sueno-en-contexto-de-pandemia\/\" \/>\n<meta property=\"og:locale\" content=\"es_ES\" \/>\n<meta property=\"og:type\" content=\"article\" \/>\n<meta property=\"og:title\" content=\"Salud Mental: aumento de trastornos de sue\u00f1o en contexto de Pandemia -\" \/>\n<meta property=\"og:description\" content=\"La Pandemia produjo una disrupci\u00f3n en la vida cotidiana en todos los pa\u00edses del globo....\" \/>\n<meta property=\"og:url\" content=\"https:\/\/experienciadevida.com.ar\/portalurbano\/salud-mental-aumento-de-trastornos-de-sueno-en-contexto-de-pandemia\/\" \/>\n<meta property=\"article:publisher\" content=\"https:\/\/www.facebook.com\/Portal-Urbano-171542830093757\/\" \/>\n<meta property=\"article:published_time\" content=\"2020-08-29T21:27:05+00:00\" \/>\n<meta property=\"article:modified_time\" content=\"2020-08-29T21:27:30+00:00\" \/>\n<meta property=\"og:image\" content=\"https:\/\/experienciadevida.com.ar\/portalurbano\/wp-content\/uploads\/2019\/08\/Salud-Guardia-Hospital-e1566845112648.jpg\" \/>\n\t<meta property=\"og:image:width\" content=\"765\" \/>\n\t<meta property=\"og:image:height\" content=\"574\" \/>\n\t<meta property=\"og:image:type\" content=\"image\/jpeg\" \/>\n<meta name=\"author\" content=\"admpu17wp\" \/>\n<meta name=\"twitter:card\" content=\"summary_large_image\" \/>\n<meta name=\"twitter:creator\" content=\"@portalurbanook\" \/>\n<meta name=\"twitter:site\" content=\"@portalurbanook\" \/>\n<meta name=\"twitter:label1\" content=\"Escrito por\" \/>\n\t<meta name=\"twitter:data1\" content=\"admpu17wp\" \/>\n\t<meta name=\"twitter:label2\" content=\"Tiempo de lectura\" \/>\n\t<meta name=\"twitter:data2\" content=\"2 minutos\" \/>\n<script type=\"application\/ld+json\" class=\"yoast-schema-graph\">{\"@context\":\"https:\/\/schema.org\",\"@graph\":[{\"@type\":\"Article\",\"@id\":\"https:\/\/experienciadevida.com.ar\/portalurbano\/salud-mental-aumento-de-trastornos-de-sueno-en-contexto-de-pandemia\/#article\",\"isPartOf\":{\"@id\":\"https:\/\/experienciadevida.com.ar\/portalurbano\/salud-mental-aumento-de-trastornos-de-sueno-en-contexto-de-pandemia\/\"},\"author\":{\"name\":\"admpu17wp\",\"@id\":\"https:\/\/experienciadevida.com.ar\/portalurbano\/#\/schema\/person\/02dd326b1c4b056e9cc972486934a3a7\"},\"headline\":\"Salud Mental: aumento de trastornos de sue\u00f1o en contexto de Pandemia\",\"datePublished\":\"2020-08-29T21:27:05+00:00\",\"dateModified\":\"2020-08-29T21:27:30+00:00\",\"mainEntityOfPage\":{\"@id\":\"https:\/\/experienciadevida.com.ar\/portalurbano\/salud-mental-aumento-de-trastornos-de-sueno-en-contexto-de-pandemia\/\"},\"wordCount\":399,\"publisher\":{\"@id\":\"https:\/\/experienciadevida.com.ar\/portalurbano\/#organization\"},\"articleSection\":[\"Destacadas\",\"Salud\"],\"inLanguage\":\"es\"},{\"@type\":\"WebPage\",\"@id\":\"https:\/\/experienciadevida.com.ar\/portalurbano\/salud-mental-aumento-de-trastornos-de-sueno-en-contexto-de-pandemia\/\",\"url\":\"https:\/\/experienciadevida.com.ar\/portalurbano\/salud-mental-aumento-de-trastornos-de-sueno-en-contexto-de-pandemia\/\",\"name\":\"Salud Mental: aumento de trastornos de sue\u00f1o en contexto de Pandemia -\",\"isPartOf\":{\"@id\":\"https:\/\/experienciadevida.com.ar\/portalurbano\/#website\"},\"datePublished\":\"2020-08-29T21:27:05+00:00\",\"dateModified\":\"2020-08-29T21:27:30+00:00\",\"breadcrumb\":{\"@id\":\"https:\/\/experienciadevida.com.ar\/portalurbano\/salud-mental-aumento-de-trastornos-de-sueno-en-contexto-de-pandemia\/#breadcrumb\"},\"inLanguage\":\"es\",\"potentialAction\":[{\"@type\":\"ReadAction\",\"target\":[\"https:\/\/experienciadevida.com.ar\/portalurbano\/salud-mental-aumento-de-trastornos-de-sueno-en-contexto-de-pandemia\/\"]}]},{\"@type\":\"BreadcrumbList\",\"@id\":\"https:\/\/experienciadevida.com.ar\/portalurbano\/salud-mental-aumento-de-trastornos-de-sueno-en-contexto-de-pandemia\/#breadcrumb\",\"itemListElement\":[{\"@type\":\"ListItem\",\"position\":1,\"name\":\"Portada\",\"item\":\"https:\/\/experienciadevida.com.ar\/portalurbano\/\"},{\"@type\":\"ListItem\",\"position\":2,\"name\":\"Salud Mental: aumento de trastornos de sue\u00f1o en contexto de Pandemia\"}]},{\"@type\":\"WebSite\",\"@id\":\"https:\/\/experienciadevida.com.ar\/portalurbano\/#website\",\"url\":\"https:\/\/experienciadevida.com.ar\/portalurbano\/\",\"name\":\"\",\"description\":\"\",\"publisher\":{\"@id\":\"https:\/\/experienciadevida.com.ar\/portalurbano\/#organization\"},\"potentialAction\":[{\"@type\":\"SearchAction\",\"target\":{\"@type\":\"EntryPoint\",\"urlTemplate\":\"https:\/\/experienciadevida.com.ar\/portalurbano\/?s={search_term_string}\"},\"query-input\":\"required name=search_term_string\"}],\"inLanguage\":\"es\"},{\"@type\":\"Organization\",\"@id\":\"https:\/\/experienciadevida.com.ar\/portalurbano\/#organization\",\"name\":\"Portal Urbano\",\"url\":\"https:\/\/experienciadevida.com.ar\/portalurbano\/\",\"logo\":{\"@type\":\"ImageObject\",\"inLanguage\":\"es\",\"@id\":\"https:\/\/experienciadevida.com.ar\/portalurbano\/#\/schema\/logo\/image\/\",\"url\":\"https:\/\/experienciadevida.com.ar\/portalurbano\/wp-content\/uploads\/2019\/09\/Logo-Original.png\",\"contentUrl\":\"https:\/\/experienciadevida.com.ar\/portalurbano\/wp-content\/uploads\/2019\/09\/Logo-Original.png\",\"width\":2236,\"height\":1216,\"caption\":\"Portal Urbano\"},\"image\":{\"@id\":\"https:\/\/experienciadevida.com.ar\/portalurbano\/#\/schema\/logo\/image\/\"},\"sameAs\":[\"https:\/\/www.facebook.com\/Portal-Urbano-171542830093757\/\",\"https:\/\/twitter.com\/portalurbanook\",\"https:\/\/www.instagram.com\/_portalurbano\/\",\"https:\/\/www.youtube.com\/channel\/UCXhagIfszH8KxFiOok79zbA?view_as=subscriber\"]},{\"@type\":\"Person\",\"@id\":\"https:\/\/experienciadevida.com.ar\/portalurbano\/#\/schema\/person\/02dd326b1c4b056e9cc972486934a3a7\",\"name\":\"admpu17wp\",\"image\":{\"@type\":\"ImageObject\",\"inLanguage\":\"es\",\"@id\":\"https:\/\/experienciadevida.com.ar\/portalurbano\/#\/schema\/person\/image\/\",\"url\":\"https:\/\/secure.gravatar.com\/avatar\/830d4c57adaae6630765e449a6908047?s=96&d=mm&r=g\",\"contentUrl\":\"https:\/\/secure.gravatar.com\/avatar\/830d4c57adaae6630765e449a6908047?s=96&d=mm&r=g\",\"caption\":\"admpu17wp\"}}]}<\/script>\n<!-- \/ Yoast SEO plugin. -->","yoast_head_json":{"title":"Salud Mental: aumento de trastornos de sue\u00f1o en contexto de Pandemia -","robots":{"index":"index","follow":"follow","max-snippet":"max-snippet:-1","max-image-preview":"max-image-preview:large","max-video-preview":"max-video-preview:-1"},"canonical":"https:\/\/experienciadevida.com.ar\/portalurbano\/salud-mental-aumento-de-trastornos-de-sueno-en-contexto-de-pandemia\/","og_locale":"es_ES","og_type":"article","og_title":"Salud Mental: aumento de trastornos de sue\u00f1o en contexto de Pandemia -","og_description":"La Pandemia produjo una disrupci\u00f3n en la vida cotidiana en todos los pa\u00edses del globo....","og_url":"https:\/\/experienciadevida.com.ar\/portalurbano\/salud-mental-aumento-de-trastornos-de-sueno-en-contexto-de-pandemia\/","article_publisher":"https:\/\/www.facebook.com\/Portal-Urbano-171542830093757\/","article_published_time":"2020-08-29T21:27:05+00:00","article_modified_time":"2020-08-29T21:27:30+00:00","og_image":[{"width":765,"height":574,"url":"https:\/\/experienciadevida.com.ar\/portalurbano\/wp-content\/uploads\/2019\/08\/Salud-Guardia-Hospital-e1566845112648.jpg","type":"image\/jpeg"}],"author":"admpu17wp","twitter_card":"summary_large_image","twitter_creator":"@portalurbanook","twitter_site":"@portalurbanook","twitter_misc":{"Escrito por":"admpu17wp","Tiempo de lectura":"2 minutos"},"schema":{"@context":"https:\/\/schema.org","@graph":[{"@type":"Article","@id":"https:\/\/experienciadevida.com.ar\/portalurbano\/salud-mental-aumento-de-trastornos-de-sueno-en-contexto-de-pandemia\/#article","isPartOf":{"@id":"https:\/\/experienciadevida.com.ar\/portalurbano\/salud-mental-aumento-de-trastornos-de-sueno-en-contexto-de-pandemia\/"},"author":{"name":"admpu17wp","@id":"https:\/\/experienciadevida.com.ar\/portalurbano\/#\/schema\/person\/02dd326b1c4b056e9cc972486934a3a7"},"headline":"Salud Mental: aumento de trastornos de sue\u00f1o en contexto de Pandemia","datePublished":"2020-08-29T21:27:05+00:00","dateModified":"2020-08-29T21:27:30+00:00","mainEntityOfPage":{"@id":"https:\/\/experienciadevida.com.ar\/portalurbano\/salud-mental-aumento-de-trastornos-de-sueno-en-contexto-de-pandemia\/"},"wordCount":399,"publisher":{"@id":"https:\/\/experienciadevida.com.ar\/portalurbano\/#organization"},"articleSection":["Destacadas","Salud"],"inLanguage":"es"},{"@type":"WebPage","@id":"https:\/\/experienciadevida.com.ar\/portalurbano\/salud-mental-aumento-de-trastornos-de-sueno-en-contexto-de-pandemia\/","url":"https:\/\/experienciadevida.com.ar\/portalurbano\/salud-mental-aumento-de-trastornos-de-sueno-en-contexto-de-pandemia\/","name":"Salud Mental: aumento de trastornos de sue\u00f1o en contexto de Pandemia -","isPartOf":{"@id":"https:\/\/experienciadevida.com.ar\/portalurbano\/#website"},"datePublished":"2020-08-29T21:27:05+00:00","dateModified":"2020-08-29T21:27:30+00:00","breadcrumb":{"@id":"https:\/\/experienciadevida.com.ar\/portalurbano\/salud-mental-aumento-de-trastornos-de-sueno-en-contexto-de-pandemia\/#breadcrumb"},"inLanguage":"es","potentialAction":[{"@type":"ReadAction","target":["https:\/\/experienciadevida.com.ar\/portalurbano\/salud-mental-aumento-de-trastornos-de-sueno-en-contexto-de-pandemia\/"]}]},{"@type":"BreadcrumbList","@id":"https:\/\/experienciadevida.com.ar\/portalurbano\/salud-mental-aumento-de-trastornos-de-sueno-en-contexto-de-pandemia\/#breadcrumb","itemListElement":[{"@type":"ListItem","position":1,"name":"Portada","item":"https:\/\/experienciadevida.com.ar\/portalurbano\/"},{"@type":"ListItem","position":2,"name":"Salud Mental: aumento de trastornos de sue\u00f1o en contexto de Pandemia"}]},{"@type":"WebSite","@id":"https:\/\/experienciadevida.com.ar\/portalurbano\/#website","url":"https:\/\/experienciadevida.com.ar\/portalurbano\/","name":"","description":"","publisher":{"@id":"https:\/\/experienciadevida.com.ar\/portalurbano\/#organization"},"potentialAction":[{"@type":"SearchAction","target":{"@type":"EntryPoint","urlTemplate":"https:\/\/experienciadevida.com.ar\/portalurbano\/?s={search_term_string}"},"query-input":"required name=search_term_string"}],"inLanguage":"es"},{"@type":"Organization","@id":"https:\/\/experienciadevida.com.ar\/portalurbano\/#organization","name":"Portal Urbano","url":"https:\/\/experienciadevida.com.ar\/portalurbano\/","logo":{"@type":"ImageObject","inLanguage":"es","@id":"https:\/\/experienciadevida.com.ar\/portalurbano\/#\/schema\/logo\/image\/","url":"https:\/\/experienciadevida.com.ar\/portalurbano\/wp-content\/uploads\/2019\/09\/Logo-Original.png","contentUrl":"https:\/\/experienciadevida.com.ar\/portalurbano\/wp-content\/uploads\/2019\/09\/Logo-Original.png","width":2236,"height":1216,"caption":"Portal Urbano"},"image":{"@id":"https:\/\/experienciadevida.com.ar\/portalurbano\/#\/schema\/logo\/image\/"},"sameAs":["https:\/\/www.facebook.com\/Portal-Urbano-171542830093757\/","https:\/\/twitter.com\/portalurbanook","https:\/\/www.instagram.com\/_portalurbano\/","https:\/\/www.youtube.com\/channel\/UCXhagIfszH8KxFiOok79zbA?view_as=subscriber"]},{"@type":"Person","@id":"https:\/\/experienciadevida.com.ar\/portalurbano\/#\/schema\/person\/02dd326b1c4b056e9cc972486934a3a7","name":"admpu17wp","image":{"@type":"ImageObject","inLanguage":"es","@id":"https:\/\/experienciadevida.com.ar\/portalurbano\/#\/schema\/person\/image\/","url":"https:\/\/secure.gravatar.com\/avatar\/830d4c57adaae6630765e449a6908047?s=96&d=mm&r=g","contentUrl":"https:\/\/secure.gravatar.com\/avatar\/830d4c57adaae6630765e449a6908047?s=96&d=mm&r=g","caption":"admpu17wp"}}]}},"featured_image_urls":{"full":["https:\/\/experienciadevida.com.ar\/portalurbano\/wp-content\/uploads\/2019\/08\/Salud-Guardia-Hospital-e1566845112648.jpg",765,574,false],"thumbnail":["https:\/\/experienciadevida.com.ar\/portalurbano\/wp-content\/uploads\/2019\/08\/Salud-Guardia-Hospital-150x150.jpg",150,150,true],"medium":["https:\/\/experienciadevida.com.ar\/portalurbano\/wp-content\/uploads\/2019\/08\/Salud-Guardia-Hospital-300x225.jpg",300,225,true],"medium_large":["https:\/\/experienciadevida.com.ar\/portalurbano\/wp-content\/uploads\/2019\/08\/Salud-Guardia-Hospital-768x576.jpg",640,480,true],"large":["https:\/\/experienciadevida.com.ar\/portalurbano\/wp-content\/uploads\/2019\/08\/Salud-Guardia-Hospital-e1566845112648.jpg",640,480,false],"ug_big":["https:\/\/experienciadevida.com.ar\/portalurbano\/wp-content\/uploads\/2019\/08\/Salud-Guardia-Hospital-768x576.jpg",768,576,true],"1536x1536":["https:\/\/experienciadevida.com.ar\/portalurbano\/wp-content\/uploads\/2019\/08\/Salud-Guardia-Hospital-e1566845112648.jpg",765,574,false],"2048x2048":["https:\/\/experienciadevida.com.ar\/portalurbano\/wp-content\/uploads\/2019\/08\/Salud-Guardia-Hospital-e1566845112648.jpg",765,574,false],"newsever-slider-full":["https:\/\/experienciadevida.com.ar\/portalurbano\/wp-content\/uploads\/2019\/08\/Salud-Guardia-Hospital-e1566845112648.jpg",765,574,false],"newsever-featured":["https:\/\/experienciadevida.com.ar\/portalurbano\/wp-content\/uploads\/2019\/08\/Salud-Guardia-Hospital-e1566845112648.jpg",765,574,false],"newsever-medium":["https:\/\/experienciadevida.com.ar\/portalurbano\/wp-content\/uploads\/2019\/08\/Salud-Guardia-Hospital-e1566845112648.jpg",633,475,false],"web-stories-poster-portrait":["https:\/\/experienciadevida.com.ar\/portalurbano\/wp-content\/uploads\/2019\/08\/Salud-Guardia-Hospital-e1566845112648.jpg",640,480,false],"web-stories-publisher-logo":["https:\/\/experienciadevida.com.ar\/portalurbano\/wp-content\/uploads\/2019\/08\/Salud-Guardia-Hospital-e1566845112648.jpg",96,72,false],"web-stories-thumbnail":["https:\/\/experienciadevida.com.ar\/portalurbano\/wp-content\/uploads\/2019\/08\/Salud-Guardia-Hospital-e1566845112648.jpg",150,113,false]},"author_info":{"display_name":"admpu17wp","author_link":"https:\/\/experienciadevida.com.ar\/portalurbano\/author\/admpu17wp\/"},"category_info":"<a href=\"https:\/\/experienciadevida.com.ar\/portalurbano\/category\/destacadas\/\" rel=\"category tag\">Destacadas<\/a> <a href=\"https:\/\/experienciadevida.com.ar\/portalurbano\/category\/ciudad\/salud\/\" rel=\"category tag\">Salud<\/a>","tag_info":"Salud","comment_count":"0","amp_enabled":true,"_links":{"self":[{"href":"https:\/\/experienciadevida.com.ar\/portalurbano\/wp-json\/wp\/v2\/posts\/119576"}],"collection":[{"href":"https:\/\/experienciadevida.com.ar\/portalurbano\/wp-json\/wp\/v2\/posts"}],"about":[{"href":"https:\/\/experienciadevida.com.ar\/portalurbano\/wp-json\/wp\/v2\/types\/post"}],"author":[{"embeddable":true,"href":"https:\/\/experienciadevida.com.ar\/portalurbano\/wp-json\/wp\/v2\/users\/1"}],"replies":[{"embeddable":true,"href":"https:\/\/experienciadevida.com.ar\/portalurbano\/wp-json\/wp\/v2\/comments?post=119576"}],"version-history":[{"count":2,"href":"https:\/\/experienciadevida.com.ar\/portalurbano\/wp-json\/wp\/v2\/posts\/119576\/revisions"}],"predecessor-version":[{"id":119578,"href":"https:\/\/experienciadevida.com.ar\/portalurbano\/wp-json\/wp\/v2\/posts\/119576\/revisions\/119578"}],"wp:featuredmedia":[{"embeddable":true,"href":"https:\/\/experienciadevida.com.ar\/portalurbano\/wp-json\/wp\/v2\/media\/82891"}],"wp:attachment":[{"href":"https:\/\/experienciadevida.com.ar\/portalurbano\/wp-json\/wp\/v2\/media?parent=119576"}],"wp:term":[{"taxonomy":"category","embeddable":true,"href":"https:\/\/experienciadevida.com.ar\/portalurbano\/wp-json\/wp\/v2\/categories?post=119576"},{"taxonomy":"post_tag","embeddable":true,"href":"https:\/\/experienciadevida.com.ar\/portalurbano\/wp-json\/wp\/v2\/tags?post=119576"}],"curies":[{"name":"wp","href":"https:\/\/api.w.org\/{rel}","templated":true}]}}