{"id":119433,"date":"2020-08-28T10:38:26","date_gmt":"2020-08-28T13:38:26","guid":{"rendered":"https:\/\/experienciadevida.com.ar\/portalurbano\/?p=119433"},"modified":"2020-08-28T10:49:20","modified_gmt":"2020-08-28T13:49:20","slug":"discapacidad-se-aprobaron-dos-proyectos-vinculados-al-area","status":"publish","type":"post","link":"https:\/\/experienciadevida.com.ar\/portalurbano\/discapacidad-se-aprobaron-dos-proyectos-vinculados-al-area\/","title":{"rendered":"Discapacidad: Se aprobaron dos proyectos vinculados al \u00e1rea"},"content":{"rendered":"<p><strong>Discapacidad<\/strong>: en el d\u00eda de ayer se presentaron dos proyectos vinculados al \u00e1rea en una nueva sesi\u00f3n del concejo deliberante. Los proyectos fueron presentados por el interbloque Frente de Todos, la impulsora de dichos proyectos fue la concejal Mercedes Landivar.<\/p>\n<p>El primero es una resoluci\u00f3n para que vuelva a ponerse en funcionamiento el Consejo de <strong>Discapacidad<\/strong>, integrado por familiares, especialistas y organizaciones sociales.<\/p>\n<p>El otro proyecto es un pedido de informes para que el municipio brinde detalles sobre el \u00e1rea, si contin\u00faa con rango de direcci\u00f3n, si cuenta con un equipo interdisciplinario, los programas y herramientas en los que se est\u00e1 trabajando, si se cumple con el cupo del cuatro por ciento (4%) de empleo para personas con discapacidad y las metas y objetivos fijados a futuro.<\/p>\n<p>&#8220;Es importante sostener y ampliar los espacios donde se planifiquen pol\u00edticas p\u00fablicas transversales y que fortalezcan los derechos de las personas con discapacidad, teniendo en cuenta las especificidades del territorio y que est\u00e9n orientados a hacer de Olavarr\u00eda un distrito m\u00e1s inclusivo&#8221;, mencion\u00f3 la edil.<\/p>\n<p>Tras un extenso debate en la sesi\u00f3n los dos proyectos\u00a0 presentados sobre\u00a0discapacidad \u00a0fueron aprobados por unanimidad.<\/p>\n<p>La discapacidad es aquella condici\u00f3n bajo la cual ciertas personas presentan alguna deficiencia f\u00edsica, intelectual o sensorial, que a largo plazo afectan la forma de interactuar y participar plenamente en la sociedad, en\u00a0 algunos casos. Por eso, es importante que haya\u00a0 un \u00e1rea espec\u00edfica donde los padres puedan asesorarse as\u00ed como tambi\u00e9n tener apoyo en caso que lo necesiten\u00a0 tal como ser\u00e1 el el primer proyecto aprobado sobre la creaci\u00f3n de un consejo.<\/p>\n<p>Foto: archivo<\/p>\n","protected":false},"excerpt":{"rendered":"<p>Discapacidad: en el d\u00eda de ayer se presentaron dos proyectos vinculados al \u00e1rea en una&#8230;<\/p>\n","protected":false},"author":1,"featured_media":115765,"comment_status":"closed","ping_status":"closed","sticky":false,"template":"","format":"standard","meta":{"content-type":""},"categories":[51,43],"tags":[],"nelio_content":{"isAutoShareEnabled":false,"autoShareEndMode":"default","automationSources":{"useContentSentences":true,"useSocialTemplates":true,"useCustomSentences":false,"customSentences":[]},"followers":[1],"suggestedReferences":[],"includedReferences":[],"efiUrl":"","efiAlt":"","highlights":[]},"yoast_head":"<!-- This site is optimized with the Yoast SEO plugin v20.7 - https:\/\/yoast.com\/wordpress\/plugins\/seo\/ -->\n<title>Discapacidad: Se aprobaron dos proyectos vinculados al \u00e1rea -<\/title>\n<meta name=\"description\" content=\"Se aprobaron dos proyectos vinculados al \u00e1rea de discapacidad. Uno de ellos es la creaci\u00f3n del consejo y un pedido de informes.\" \/>\n<meta name=\"robots\" content=\"index, follow, max-snippet:-1, max-image-preview:large, max-video-preview:-1\" \/>\n<link rel=\"canonical\" href=\"https:\/\/experienciadevida.com.ar\/portalurbano\/discapacidad-se-aprobaron-dos-proyectos-vinculados-al-area\/\" \/>\n<meta property=\"og:locale\" content=\"es_ES\" \/>\n<meta property=\"og:type\" content=\"article\" \/>\n<meta property=\"og:title\" content=\"Discapacidad: Se aprobaron dos proyectos vinculados al \u00e1rea -\" \/>\n<meta property=\"og:description\" content=\"Se aprobaron dos proyectos vinculados al \u00e1rea de discapacidad. Uno de ellos es la creaci\u00f3n del consejo y un pedido de informes.\" \/>\n<meta property=\"og:url\" content=\"https:\/\/experienciadevida.com.ar\/portalurbano\/discapacidad-se-aprobaron-dos-proyectos-vinculados-al-area\/\" \/>\n<meta property=\"article:publisher\" content=\"https:\/\/www.facebook.com\/Portal-Urbano-171542830093757\/\" \/>\n<meta property=\"article:published_time\" content=\"2020-08-28T13:38:26+00:00\" \/>\n<meta property=\"article:modified_time\" content=\"2020-08-28T13:49:20+00:00\" \/>\n<meta property=\"og:image\" content=\"https:\/\/experienciadevida.com.ar\/portalurbano\/wp-content\/uploads\/2020\/07\/LANDIVAR-1-e1597494186231.png\" \/>\n\t<meta property=\"og:image:width\" content=\"750\" \/>\n\t<meta property=\"og:image:height\" content=\"458\" \/>\n\t<meta property=\"og:image:type\" content=\"image\/png\" \/>\n<meta name=\"author\" content=\"admpu17wp\" \/>\n<meta name=\"twitter:card\" content=\"summary_large_image\" \/>\n<meta name=\"twitter:creator\" content=\"@portalurbanook\" \/>\n<meta name=\"twitter:site\" content=\"@portalurbanook\" \/>\n<meta name=\"twitter:label1\" content=\"Escrito por\" \/>\n\t<meta name=\"twitter:data1\" content=\"admpu17wp\" \/>\n\t<meta name=\"twitter:label2\" content=\"Tiempo de lectura\" \/>\n\t<meta name=\"twitter:data2\" content=\"1 minuto\" \/>\n<script type=\"application\/ld+json\" class=\"yoast-schema-graph\">{\"@context\":\"https:\/\/schema.org\",\"@graph\":[{\"@type\":\"Article\",\"@id\":\"https:\/\/experienciadevida.com.ar\/portalurbano\/discapacidad-se-aprobaron-dos-proyectos-vinculados-al-area\/#article\",\"isPartOf\":{\"@id\":\"https:\/\/experienciadevida.com.ar\/portalurbano\/discapacidad-se-aprobaron-dos-proyectos-vinculados-al-area\/\"},\"author\":{\"name\":\"admpu17wp\",\"@id\":\"https:\/\/experienciadevida.com.ar\/portalurbano\/#\/schema\/person\/02dd326b1c4b056e9cc972486934a3a7\"},\"headline\":\"Discapacidad: Se aprobaron dos proyectos vinculados al \u00e1rea\",\"datePublished\":\"2020-08-28T13:38:26+00:00\",\"dateModified\":\"2020-08-28T13:49:20+00:00\",\"mainEntityOfPage\":{\"@id\":\"https:\/\/experienciadevida.com.ar\/portalurbano\/discapacidad-se-aprobaron-dos-proyectos-vinculados-al-area\/\"},\"wordCount\":287,\"publisher\":{\"@id\":\"https:\/\/experienciadevida.com.ar\/portalurbano\/#organization\"},\"articleSection\":[\"Destacadas\",\"Pol\u00edtica\"],\"inLanguage\":\"es\"},{\"@type\":\"WebPage\",\"@id\":\"https:\/\/experienciadevida.com.ar\/portalurbano\/discapacidad-se-aprobaron-dos-proyectos-vinculados-al-area\/\",\"url\":\"https:\/\/experienciadevida.com.ar\/portalurbano\/discapacidad-se-aprobaron-dos-proyectos-vinculados-al-area\/\",\"name\":\"Discapacidad: Se aprobaron dos proyectos vinculados al \u00e1rea -\",\"isPartOf\":{\"@id\":\"https:\/\/experienciadevida.com.ar\/portalurbano\/#website\"},\"datePublished\":\"2020-08-28T13:38:26+00:00\",\"dateModified\":\"2020-08-28T13:49:20+00:00\",\"description\":\"Se aprobaron dos proyectos vinculados al \u00e1rea de discapacidad. Uno de ellos es la creaci\u00f3n del consejo y un pedido de informes.\",\"breadcrumb\":{\"@id\":\"https:\/\/experienciadevida.com.ar\/portalurbano\/discapacidad-se-aprobaron-dos-proyectos-vinculados-al-area\/#breadcrumb\"},\"inLanguage\":\"es\",\"potentialAction\":[{\"@type\":\"ReadAction\",\"target\":[\"https:\/\/experienciadevida.com.ar\/portalurbano\/discapacidad-se-aprobaron-dos-proyectos-vinculados-al-area\/\"]}]},{\"@type\":\"BreadcrumbList\",\"@id\":\"https:\/\/experienciadevida.com.ar\/portalurbano\/discapacidad-se-aprobaron-dos-proyectos-vinculados-al-area\/#breadcrumb\",\"itemListElement\":[{\"@type\":\"ListItem\",\"position\":1,\"name\":\"Portada\",\"item\":\"https:\/\/experienciadevida.com.ar\/portalurbano\/\"},{\"@type\":\"ListItem\",\"position\":2,\"name\":\"Discapacidad: Se aprobaron dos proyectos vinculados al \u00e1rea\"}]},{\"@type\":\"WebSite\",\"@id\":\"https:\/\/experienciadevida.com.ar\/portalurbano\/#website\",\"url\":\"https:\/\/experienciadevida.com.ar\/portalurbano\/\",\"name\":\"\",\"description\":\"\",\"publisher\":{\"@id\":\"https:\/\/experienciadevida.com.ar\/portalurbano\/#organization\"},\"potentialAction\":[{\"@type\":\"SearchAction\",\"target\":{\"@type\":\"EntryPoint\",\"urlTemplate\":\"https:\/\/experienciadevida.com.ar\/portalurbano\/?s={search_term_string}\"},\"query-input\":\"required name=search_term_string\"}],\"inLanguage\":\"es\"},{\"@type\":\"Organization\",\"@id\":\"https:\/\/experienciadevida.com.ar\/portalurbano\/#organization\",\"name\":\"Portal Urbano\",\"url\":\"https:\/\/experienciadevida.com.ar\/portalurbano\/\",\"logo\":{\"@type\":\"ImageObject\",\"inLanguage\":\"es\",\"@id\":\"https:\/\/experienciadevida.com.ar\/portalurbano\/#\/schema\/logo\/image\/\",\"url\":\"https:\/\/experienciadevida.com.ar\/portalurbano\/wp-content\/uploads\/2019\/09\/Logo-Original.png\",\"contentUrl\":\"https:\/\/experienciadevida.com.ar\/portalurbano\/wp-content\/uploads\/2019\/09\/Logo-Original.png\",\"width\":2236,\"height\":1216,\"caption\":\"Portal Urbano\"},\"image\":{\"@id\":\"https:\/\/experienciadevida.com.ar\/portalurbano\/#\/schema\/logo\/image\/\"},\"sameAs\":[\"https:\/\/www.facebook.com\/Portal-Urbano-171542830093757\/\",\"https:\/\/twitter.com\/portalurbanook\",\"https:\/\/www.instagram.com\/_portalurbano\/\",\"https:\/\/www.youtube.com\/channel\/UCXhagIfszH8KxFiOok79zbA?view_as=subscriber\"]},{\"@type\":\"Person\",\"@id\":\"https:\/\/experienciadevida.com.ar\/portalurbano\/#\/schema\/person\/02dd326b1c4b056e9cc972486934a3a7\",\"name\":\"admpu17wp\",\"image\":{\"@type\":\"ImageObject\",\"inLanguage\":\"es\",\"@id\":\"https:\/\/experienciadevida.com.ar\/portalurbano\/#\/schema\/person\/image\/\",\"url\":\"https:\/\/secure.gravatar.com\/avatar\/830d4c57adaae6630765e449a6908047?s=96&d=mm&r=g\",\"contentUrl\":\"https:\/\/secure.gravatar.com\/avatar\/830d4c57adaae6630765e449a6908047?s=96&d=mm&r=g\",\"caption\":\"admpu17wp\"}}]}<\/script>\n<!-- \/ Yoast SEO plugin. -->","yoast_head_json":{"title":"Discapacidad: Se aprobaron dos proyectos vinculados al \u00e1rea -","description":"Se aprobaron dos proyectos vinculados al \u00e1rea de discapacidad. Uno de ellos es la creaci\u00f3n del consejo y un pedido de informes.","robots":{"index":"index","follow":"follow","max-snippet":"max-snippet:-1","max-image-preview":"max-image-preview:large","max-video-preview":"max-video-preview:-1"},"canonical":"https:\/\/experienciadevida.com.ar\/portalurbano\/discapacidad-se-aprobaron-dos-proyectos-vinculados-al-area\/","og_locale":"es_ES","og_type":"article","og_title":"Discapacidad: Se aprobaron dos proyectos vinculados al \u00e1rea -","og_description":"Se aprobaron dos proyectos vinculados al \u00e1rea de discapacidad. Uno de ellos es la creaci\u00f3n del consejo y un pedido de informes.","og_url":"https:\/\/experienciadevida.com.ar\/portalurbano\/discapacidad-se-aprobaron-dos-proyectos-vinculados-al-area\/","article_publisher":"https:\/\/www.facebook.com\/Portal-Urbano-171542830093757\/","article_published_time":"2020-08-28T13:38:26+00:00","article_modified_time":"2020-08-28T13:49:20+00:00","og_image":[{"width":750,"height":458,"url":"https:\/\/experienciadevida.com.ar\/portalurbano\/wp-content\/uploads\/2020\/07\/LANDIVAR-1-e1597494186231.png","type":"image\/png"}],"author":"admpu17wp","twitter_card":"summary_large_image","twitter_creator":"@portalurbanook","twitter_site":"@portalurbanook","twitter_misc":{"Escrito por":"admpu17wp","Tiempo de lectura":"1 minuto"},"schema":{"@context":"https:\/\/schema.org","@graph":[{"@type":"Article","@id":"https:\/\/experienciadevida.com.ar\/portalurbano\/discapacidad-se-aprobaron-dos-proyectos-vinculados-al-area\/#article","isPartOf":{"@id":"https:\/\/experienciadevida.com.ar\/portalurbano\/discapacidad-se-aprobaron-dos-proyectos-vinculados-al-area\/"},"author":{"name":"admpu17wp","@id":"https:\/\/experienciadevida.com.ar\/portalurbano\/#\/schema\/person\/02dd326b1c4b056e9cc972486934a3a7"},"headline":"Discapacidad: Se aprobaron dos proyectos vinculados al \u00e1rea","datePublished":"2020-08-28T13:38:26+00:00","dateModified":"2020-08-28T13:49:20+00:00","mainEntityOfPage":{"@id":"https:\/\/experienciadevida.com.ar\/portalurbano\/discapacidad-se-aprobaron-dos-proyectos-vinculados-al-area\/"},"wordCount":287,"publisher":{"@id":"https:\/\/experienciadevida.com.ar\/portalurbano\/#organization"},"articleSection":["Destacadas","Pol\u00edtica"],"inLanguage":"es"},{"@type":"WebPage","@id":"https:\/\/experienciadevida.com.ar\/portalurbano\/discapacidad-se-aprobaron-dos-proyectos-vinculados-al-area\/","url":"https:\/\/experienciadevida.com.ar\/portalurbano\/discapacidad-se-aprobaron-dos-proyectos-vinculados-al-area\/","name":"Discapacidad: Se aprobaron dos proyectos vinculados al \u00e1rea -","isPartOf":{"@id":"https:\/\/experienciadevida.com.ar\/portalurbano\/#website"},"datePublished":"2020-08-28T13:38:26+00:00","dateModified":"2020-08-28T13:49:20+00:00","description":"Se aprobaron dos proyectos vinculados al \u00e1rea de discapacidad. Uno de ellos es la creaci\u00f3n del consejo y un pedido de informes.","breadcrumb":{"@id":"https:\/\/experienciadevida.com.ar\/portalurbano\/discapacidad-se-aprobaron-dos-proyectos-vinculados-al-area\/#breadcrumb"},"inLanguage":"es","potentialAction":[{"@type":"ReadAction","target":["https:\/\/experienciadevida.com.ar\/portalurbano\/discapacidad-se-aprobaron-dos-proyectos-vinculados-al-area\/"]}]},{"@type":"BreadcrumbList","@id":"https:\/\/experienciadevida.com.ar\/portalurbano\/discapacidad-se-aprobaron-dos-proyectos-vinculados-al-area\/#breadcrumb","itemListElement":[{"@type":"ListItem","position":1,"name":"Portada","item":"https:\/\/experienciadevida.com.ar\/portalurbano\/"},{"@type":"ListItem","position":2,"name":"Discapacidad: Se aprobaron dos proyectos vinculados al \u00e1rea"}]},{"@type":"WebSite","@id":"https:\/\/experienciadevida.com.ar\/portalurbano\/#website","url":"https:\/\/experienciadevida.com.ar\/portalurbano\/","name":"","description":"","publisher":{"@id":"https:\/\/experienciadevida.com.ar\/portalurbano\/#organization"},"potentialAction":[{"@type":"SearchAction","target":{"@type":"EntryPoint","urlTemplate":"https:\/\/experienciadevida.com.ar\/portalurbano\/?s={search_term_string}"},"query-input":"required name=search_term_string"}],"inLanguage":"es"},{"@type":"Organization","@id":"https:\/\/experienciadevida.com.ar\/portalurbano\/#organization","name":"Portal Urbano","url":"https:\/\/experienciadevida.com.ar\/portalurbano\/","logo":{"@type":"ImageObject","inLanguage":"es","@id":"https:\/\/experienciadevida.com.ar\/portalurbano\/#\/schema\/logo\/image\/","url":"https:\/\/experienciadevida.com.ar\/portalurbano\/wp-content\/uploads\/2019\/09\/Logo-Original.png","contentUrl":"https:\/\/experienciadevida.com.ar\/portalurbano\/wp-content\/uploads\/2019\/09\/Logo-Original.png","width":2236,"height":1216,"caption":"Portal Urbano"},"image":{"@id":"https:\/\/experienciadevida.com.ar\/portalurbano\/#\/schema\/logo\/image\/"},"sameAs":["https:\/\/www.facebook.com\/Portal-Urbano-171542830093757\/","https:\/\/twitter.com\/portalurbanook","https:\/\/www.instagram.com\/_portalurbano\/","https:\/\/www.youtube.com\/channel\/UCXhagIfszH8KxFiOok79zbA?view_as=subscriber"]},{"@type":"Person","@id":"https:\/\/experienciadevida.com.ar\/portalurbano\/#\/schema\/person\/02dd326b1c4b056e9cc972486934a3a7","name":"admpu17wp","image":{"@type":"ImageObject","inLanguage":"es","@id":"https:\/\/experienciadevida.com.ar\/portalurbano\/#\/schema\/person\/image\/","url":"https:\/\/secure.gravatar.com\/avatar\/830d4c57adaae6630765e449a6908047?s=96&d=mm&r=g","contentUrl":"https:\/\/secure.gravatar.com\/avatar\/830d4c57adaae6630765e449a6908047?s=96&d=mm&r=g","caption":"admpu17wp"}}]}},"featured_image_urls":{"full":["https:\/\/experienciadevida.com.ar\/portalurbano\/wp-content\/uploads\/2020\/07\/LANDIVAR-1-e1597494186231.png",750,458,false],"thumbnail":["https:\/\/experienciadevida.com.ar\/portalurbano\/wp-content\/uploads\/2020\/07\/LANDIVAR-1-150x150.png",150,150,true],"medium":["https:\/\/experienciadevida.com.ar\/portalurbano\/wp-content\/uploads\/2020\/07\/LANDIVAR-1-300x183.png",300,183,true],"medium_large":["https:\/\/experienciadevida.com.ar\/portalurbano\/wp-content\/uploads\/2020\/07\/LANDIVAR-1-768x469.png",640,391,true],"large":["https:\/\/experienciadevida.com.ar\/portalurbano\/wp-content\/uploads\/2020\/07\/LANDIVAR-1-e1597494186231.png",640,391,false],"ug_big":["https:\/\/experienciadevida.com.ar\/portalurbano\/wp-content\/uploads\/2020\/07\/LANDIVAR-1-768x469.png",768,469,true],"1536x1536":["https:\/\/experienciadevida.com.ar\/portalurbano\/wp-content\/uploads\/2020\/07\/LANDIVAR-1-e1597494186231.png",750,458,false],"2048x2048":["https:\/\/experienciadevida.com.ar\/portalurbano\/wp-content\/uploads\/2020\/07\/LANDIVAR-1-e1597494186231.png",750,458,false],"newsever-slider-full":["https:\/\/experienciadevida.com.ar\/portalurbano\/wp-content\/uploads\/2020\/07\/LANDIVAR-1-e1597494186231.png",750,458,false],"newsever-featured":["https:\/\/experienciadevida.com.ar\/portalurbano\/wp-content\/uploads\/2020\/07\/LANDIVAR-1-e1597494186231.png",750,458,false],"newsever-medium":["https:\/\/experienciadevida.com.ar\/portalurbano\/wp-content\/uploads\/2020\/07\/LANDIVAR-1-e1597494186231.png",720,440,false],"web-stories-poster-portrait":["https:\/\/experienciadevida.com.ar\/portalurbano\/wp-content\/uploads\/2020\/07\/LANDIVAR-1-e1597494186231.png",640,391,false],"web-stories-publisher-logo":["https:\/\/experienciadevida.com.ar\/portalurbano\/wp-content\/uploads\/2020\/07\/LANDIVAR-1-e1597494186231.png",96,59,false],"web-stories-thumbnail":["https:\/\/experienciadevida.com.ar\/portalurbano\/wp-content\/uploads\/2020\/07\/LANDIVAR-1-e1597494186231.png",150,92,false]},"author_info":{"display_name":"admpu17wp","author_link":"https:\/\/experienciadevida.com.ar\/portalurbano\/author\/admpu17wp\/"},"category_info":"<a href=\"https:\/\/experienciadevida.com.ar\/portalurbano\/category\/destacadas\/\" rel=\"category tag\">Destacadas<\/a> <a href=\"https:\/\/experienciadevida.com.ar\/portalurbano\/category\/politica\/\" rel=\"category tag\">Pol\u00edtica<\/a>","tag_info":"Pol\u00edtica","comment_count":"0","amp_enabled":true,"_links":{"self":[{"href":"https:\/\/experienciadevida.com.ar\/portalurbano\/wp-json\/wp\/v2\/posts\/119433"}],"collection":[{"href":"https:\/\/experienciadevida.com.ar\/portalurbano\/wp-json\/wp\/v2\/posts"}],"about":[{"href":"https:\/\/experienciadevida.com.ar\/portalurbano\/wp-json\/wp\/v2\/types\/post"}],"author":[{"embeddable":true,"href":"https:\/\/experienciadevida.com.ar\/portalurbano\/wp-json\/wp\/v2\/users\/1"}],"replies":[{"embeddable":true,"href":"https:\/\/experienciadevida.com.ar\/portalurbano\/wp-json\/wp\/v2\/comments?post=119433"}],"version-history":[{"count":5,"href":"https:\/\/experienciadevida.com.ar\/portalurbano\/wp-json\/wp\/v2\/posts\/119433\/revisions"}],"predecessor-version":[{"id":119438,"href":"https:\/\/experienciadevida.com.ar\/portalurbano\/wp-json\/wp\/v2\/posts\/119433\/revisions\/119438"}],"wp:featuredmedia":[{"embeddable":true,"href":"https:\/\/experienciadevida.com.ar\/portalurbano\/wp-json\/wp\/v2\/media\/115765"}],"wp:attachment":[{"href":"https:\/\/experienciadevida.com.ar\/portalurbano\/wp-json\/wp\/v2\/media?parent=119433"}],"wp:term":[{"taxonomy":"category","embeddable":true,"href":"https:\/\/experienciadevida.com.ar\/portalurbano\/wp-json\/wp\/v2\/categories?post=119433"},{"taxonomy":"post_tag","embeddable":true,"href":"https:\/\/experienciadevida.com.ar\/portalurbano\/wp-json\/wp\/v2\/tags?post=119433"}],"curies":[{"name":"wp","href":"https:\/\/api.w.org\/{rel}","templated":true}]}}