{"id":118888,"date":"2020-08-22T17:55:50","date_gmt":"2020-08-22T20:55:50","guid":{"rendered":"https:\/\/experienciadevida.com.ar\/portalurbano\/?p=118888"},"modified":"2020-08-22T17:59:50","modified_gmt":"2020-08-22T20:59:50","slug":"covid-19-no-se-registro-ningun-caso-positivo-este-sabado","status":"publish","type":"post","link":"https:\/\/experienciadevida.com.ar\/portalurbano\/covid-19-no-se-registro-ningun-caso-positivo-este-sabado\/","title":{"rendered":"Covid-19: No se registr\u00f3 ning\u00fan caso positivo este s\u00e1bado"},"content":{"rendered":"<p>La Municipalidad brinda el informe sanitario sobre <strong>Covid-19<\/strong> en Olavarr\u00eda<strong>. <\/strong>En el reporte del d\u00eda de ayer, <a href=\"https:\/\/experienciadevida.com.ar\/portalurbano\/informe-sanitario-19-casos-positivos-y-un-fallecido\/\">hubo 19 positivos y un fallecido.\u00a0<\/a><\/p>\n<hr \/>\n<p>En el informe sobre <strong>Covid-19 <\/strong>en Olavarr\u00eda \u00a0emitido\u00a0 hoy\u00a0 22 de agosto, no se registr\u00f3 ning\u00fan caso positivo, hay\u00a0<strong>12<\/strong> \u00a0sospechosos, <b>2 <\/b>altas m\u00e9dicas y\u00a0<strong>16\u00a0<\/strong> descartados.<\/p>\n<p>Por otro lado, en el <a href=\"https:\/\/www.facebook.com\/galliezequiel\">Facebook<\/a> del Intendente, mencion\u00f3 que en el d\u00eda de la fecha se hicieron\u00a0<strong>16<\/strong> testeos.<\/p>\n<p>De esta manera el Municipio tiene\u00a0<strong>40<\/strong> casos activos,\u00a0<strong>291<\/strong> recuperados en total,\u00a0<strong>2057<\/strong> descartados desde el inicio de la pandemia,\u00a0<strong>12\u00a0<\/strong> sospechosos y <strong>8<\/strong> fallecidos.<\/p>\n<p>Adem\u00e1s\u00a0 desde la Comuna informaron que hay dos personas internadas en Unidad de Terapia Intensiva,\u00a0<strong>3<\/strong> en cl\u00ednica, ninguno en aislamiento Hospitalario. Por otro lado, informaron que aquellos pacientes que tienen la enfermedad Covid-19 en Olavarr\u00eda el <strong>70% <\/strong>son menores de 60 a\u00f1os mientras que el <strong>30 %<\/strong> son mayores de 60 a\u00f1os.<\/p>\n<p>Por \u00faltimo insisten sobre los cuidados de higiene personal y en mantener el aislamiento social as\u00ed como tambi\u00e9n el correcto uso del barbijo, para de esta manera prevenir la propagaci\u00f3n del virus.<\/p>\n<p><a href=\"https:\/\/experienciadevida.com.ar\/portalurbano\/covid-19-no-se-registro-ningun-caso-positivo-este-sabado\/coronavirus-27\/\" rel=\"attachment wp-att-118894\"><img decoding=\"async\" class=\"alignnone size-full wp-image-118894\" src=\"https:\/\/experienciadevida.com.ar\/portalurbano\/wp-content\/uploads\/2020\/08\/CORONAVIRUS-3.jpg\" alt=\"\" width=\"1280\" height=\"1279\" srcset=\"https:\/\/experienciadevida.com.ar\/portalurbano\/wp-content\/uploads\/2020\/08\/CORONAVIRUS-3.jpg 1280w, https:\/\/experienciadevida.com.ar\/portalurbano\/wp-content\/uploads\/2020\/08\/CORONAVIRUS-3-300x300.jpg 300w, https:\/\/experienciadevida.com.ar\/portalurbano\/wp-content\/uploads\/2020\/08\/CORONAVIRUS-3-1024x1024.jpg 1024w, https:\/\/experienciadevida.com.ar\/portalurbano\/wp-content\/uploads\/2020\/08\/CORONAVIRUS-3-150x150.jpg 150w, https:\/\/experienciadevida.com.ar\/portalurbano\/wp-content\/uploads\/2020\/08\/CORONAVIRUS-3-768x768.jpg 768w\" sizes=\"(max-width: 1280px) 100vw, 1280px\" \/><\/a><\/p>\n<p><a href=\"https:\/\/experienciadevida.com.ar\/portalurbano\/covid-19-no-se-registro-ningun-caso-positivo-este-sabado\/coronavirus1-8\/\" rel=\"attachment wp-att-118895\"><img decoding=\"async\" class=\"alignnone size-full wp-image-118895\" src=\"https:\/\/experienciadevida.com.ar\/portalurbano\/wp-content\/uploads\/2020\/08\/CORONAVIRUS1-1.jpg\" alt=\"\" width=\"1280\" height=\"1280\" srcset=\"https:\/\/experienciadevida.com.ar\/portalurbano\/wp-content\/uploads\/2020\/08\/CORONAVIRUS1-1.jpg 1280w, https:\/\/experienciadevida.com.ar\/portalurbano\/wp-content\/uploads\/2020\/08\/CORONAVIRUS1-1-300x300.jpg 300w, https:\/\/experienciadevida.com.ar\/portalurbano\/wp-content\/uploads\/2020\/08\/CORONAVIRUS1-1-1024x1024.jpg 1024w, https:\/\/experienciadevida.com.ar\/portalurbano\/wp-content\/uploads\/2020\/08\/CORONAVIRUS1-1-150x150.jpg 150w, https:\/\/experienciadevida.com.ar\/portalurbano\/wp-content\/uploads\/2020\/08\/CORONAVIRUS1-1-768x768.jpg 768w\" sizes=\"(max-width: 1280px) 100vw, 1280px\" \/><\/a><\/p>\n<div class=\"flourish-embed flourish-chart\" data-src=\"visualisation\/3132057\" data-url=\"https:\/\/flo.uri.sh\/visualisation\/3132057\/embed\"><script src=\"https:\/\/public.flourish.studio\/resources\/embed.js\"><\/script><\/div>\n<div class=\"flourish-embed flourish-chart\" data-src=\"visualisation\/3317015\" data-url=\"https:\/\/flo.uri.sh\/visualisation\/3317015\/embed\"><script src=\"https:\/\/public.flourish.studio\/resources\/embed.js\"><\/script><\/div>\n<div data-src=\"visualisation\/3317015\" data-url=\"https:\/\/flo.uri.sh\/visualisation\/3317015\/embed\"><\/div>\n","protected":false},"excerpt":{"rendered":"<p>La Municipalidad brinda el informe sanitario sobre Covid-19 en Olavarr\u00eda. En el reporte del d\u00eda&#8230;<\/p>\n","protected":false},"author":1,"featured_media":118889,"comment_status":"closed","ping_status":"closed","sticky":false,"template":"","format":"standard","meta":{"content-type":""},"categories":[51,45],"tags":[],"nelio_content":{"isAutoShareEnabled":false,"autoShareEndMode":"default","automationSources":{"useContentSentences":true,"useSocialTemplates":true,"useCustomSentences":false,"customSentences":[]},"followers":[1],"suggestedReferences":[],"includedReferences":[],"efiUrl":"","efiAlt":"","highlights":[]},"yoast_head":"<!-- This site is optimized with the Yoast SEO plugin v20.7 - https:\/\/yoast.com\/wordpress\/plugins\/seo\/ -->\n<title>Covid-19: No se registr\u00f3 ning\u00fan caso positivo este s\u00e1bado -<\/title>\n<meta name=\"description\" content=\"Covid-19 en Olavarr\u00eda: En el informe emitido por la Municipalidad no reporto casos positivos, descart\u00f3 16 casos y hubo dos altas m\u00e9dicas.\" \/>\n<meta name=\"robots\" content=\"index, follow, max-snippet:-1, max-image-preview:large, max-video-preview:-1\" \/>\n<link rel=\"canonical\" href=\"https:\/\/experienciadevida.com.ar\/portalurbano\/covid-19-no-se-registro-ningun-caso-positivo-este-sabado\/\" \/>\n<meta property=\"og:locale\" content=\"es_ES\" \/>\n<meta property=\"og:type\" content=\"article\" \/>\n<meta property=\"og:title\" content=\"Covid-19: No se registr\u00f3 ning\u00fan caso positivo este s\u00e1bado -\" \/>\n<meta property=\"og:description\" content=\"Covid-19 en Olavarr\u00eda: En el informe emitido por la Municipalidad no reporto casos positivos, descart\u00f3 16 casos y hubo dos altas m\u00e9dicas.\" \/>\n<meta property=\"og:url\" content=\"https:\/\/experienciadevida.com.ar\/portalurbano\/covid-19-no-se-registro-ningun-caso-positivo-este-sabado\/\" \/>\n<meta property=\"article:publisher\" content=\"https:\/\/www.facebook.com\/Portal-Urbano-171542830093757\/\" \/>\n<meta property=\"article:published_time\" content=\"2020-08-22T20:55:50+00:00\" \/>\n<meta property=\"article:modified_time\" content=\"2020-08-22T20:59:50+00:00\" \/>\n<meta property=\"og:image\" content=\"https:\/\/experienciadevida.com.ar\/portalurbano\/wp-content\/uploads\/2020\/08\/PLAZA-1.jpg\" \/>\n\t<meta property=\"og:image:width\" content=\"765\" \/>\n\t<meta property=\"og:image:height\" content=\"510\" \/>\n\t<meta property=\"og:image:type\" content=\"image\/jpeg\" \/>\n<meta name=\"author\" content=\"admpu17wp\" \/>\n<meta name=\"twitter:card\" content=\"summary_large_image\" \/>\n<meta name=\"twitter:creator\" content=\"@portalurbanook\" \/>\n<meta name=\"twitter:site\" content=\"@portalurbanook\" \/>\n<meta name=\"twitter:label1\" content=\"Escrito por\" \/>\n\t<meta name=\"twitter:data1\" content=\"admpu17wp\" \/>\n\t<meta name=\"twitter:label2\" content=\"Tiempo de lectura\" \/>\n\t<meta name=\"twitter:data2\" content=\"1 minuto\" \/>\n<script type=\"application\/ld+json\" class=\"yoast-schema-graph\">{\"@context\":\"https:\/\/schema.org\",\"@graph\":[{\"@type\":\"Article\",\"@id\":\"https:\/\/experienciadevida.com.ar\/portalurbano\/covid-19-no-se-registro-ningun-caso-positivo-este-sabado\/#article\",\"isPartOf\":{\"@id\":\"https:\/\/experienciadevida.com.ar\/portalurbano\/covid-19-no-se-registro-ningun-caso-positivo-este-sabado\/\"},\"author\":{\"name\":\"admpu17wp\",\"@id\":\"https:\/\/experienciadevida.com.ar\/portalurbano\/#\/schema\/person\/02dd326b1c4b056e9cc972486934a3a7\"},\"headline\":\"Covid-19: No se registr\u00f3 ning\u00fan caso positivo este s\u00e1bado\",\"datePublished\":\"2020-08-22T20:55:50+00:00\",\"dateModified\":\"2020-08-22T20:59:50+00:00\",\"mainEntityOfPage\":{\"@id\":\"https:\/\/experienciadevida.com.ar\/portalurbano\/covid-19-no-se-registro-ningun-caso-positivo-este-sabado\/\"},\"wordCount\":188,\"publisher\":{\"@id\":\"https:\/\/experienciadevida.com.ar\/portalurbano\/#organization\"},\"articleSection\":[\"Destacadas\",\"Salud\"],\"inLanguage\":\"es\"},{\"@type\":\"WebPage\",\"@id\":\"https:\/\/experienciadevida.com.ar\/portalurbano\/covid-19-no-se-registro-ningun-caso-positivo-este-sabado\/\",\"url\":\"https:\/\/experienciadevida.com.ar\/portalurbano\/covid-19-no-se-registro-ningun-caso-positivo-este-sabado\/\",\"name\":\"Covid-19: No se registr\u00f3 ning\u00fan caso positivo este s\u00e1bado -\",\"isPartOf\":{\"@id\":\"https:\/\/experienciadevida.com.ar\/portalurbano\/#website\"},\"datePublished\":\"2020-08-22T20:55:50+00:00\",\"dateModified\":\"2020-08-22T20:59:50+00:00\",\"description\":\"Covid-19 en Olavarr\u00eda: En el informe emitido por la Municipalidad no reporto casos positivos, descart\u00f3 16 casos y hubo dos altas m\u00e9dicas.\",\"breadcrumb\":{\"@id\":\"https:\/\/experienciadevida.com.ar\/portalurbano\/covid-19-no-se-registro-ningun-caso-positivo-este-sabado\/#breadcrumb\"},\"inLanguage\":\"es\",\"potentialAction\":[{\"@type\":\"ReadAction\",\"target\":[\"https:\/\/experienciadevida.com.ar\/portalurbano\/covid-19-no-se-registro-ningun-caso-positivo-este-sabado\/\"]}]},{\"@type\":\"BreadcrumbList\",\"@id\":\"https:\/\/experienciadevida.com.ar\/portalurbano\/covid-19-no-se-registro-ningun-caso-positivo-este-sabado\/#breadcrumb\",\"itemListElement\":[{\"@type\":\"ListItem\",\"position\":1,\"name\":\"Portada\",\"item\":\"https:\/\/experienciadevida.com.ar\/portalurbano\/\"},{\"@type\":\"ListItem\",\"position\":2,\"name\":\"Covid-19: No se registr\u00f3 ning\u00fan caso positivo este s\u00e1bado\"}]},{\"@type\":\"WebSite\",\"@id\":\"https:\/\/experienciadevida.com.ar\/portalurbano\/#website\",\"url\":\"https:\/\/experienciadevida.com.ar\/portalurbano\/\",\"name\":\"\",\"description\":\"\",\"publisher\":{\"@id\":\"https:\/\/experienciadevida.com.ar\/portalurbano\/#organization\"},\"potentialAction\":[{\"@type\":\"SearchAction\",\"target\":{\"@type\":\"EntryPoint\",\"urlTemplate\":\"https:\/\/experienciadevida.com.ar\/portalurbano\/?s={search_term_string}\"},\"query-input\":\"required name=search_term_string\"}],\"inLanguage\":\"es\"},{\"@type\":\"Organization\",\"@id\":\"https:\/\/experienciadevida.com.ar\/portalurbano\/#organization\",\"name\":\"Portal Urbano\",\"url\":\"https:\/\/experienciadevida.com.ar\/portalurbano\/\",\"logo\":{\"@type\":\"ImageObject\",\"inLanguage\":\"es\",\"@id\":\"https:\/\/experienciadevida.com.ar\/portalurbano\/#\/schema\/logo\/image\/\",\"url\":\"https:\/\/experienciadevida.com.ar\/portalurbano\/wp-content\/uploads\/2019\/09\/Logo-Original.png\",\"contentUrl\":\"https:\/\/experienciadevida.com.ar\/portalurbano\/wp-content\/uploads\/2019\/09\/Logo-Original.png\",\"width\":2236,\"height\":1216,\"caption\":\"Portal Urbano\"},\"image\":{\"@id\":\"https:\/\/experienciadevida.com.ar\/portalurbano\/#\/schema\/logo\/image\/\"},\"sameAs\":[\"https:\/\/www.facebook.com\/Portal-Urbano-171542830093757\/\",\"https:\/\/twitter.com\/portalurbanook\",\"https:\/\/www.instagram.com\/_portalurbano\/\",\"https:\/\/www.youtube.com\/channel\/UCXhagIfszH8KxFiOok79zbA?view_as=subscriber\"]},{\"@type\":\"Person\",\"@id\":\"https:\/\/experienciadevida.com.ar\/portalurbano\/#\/schema\/person\/02dd326b1c4b056e9cc972486934a3a7\",\"name\":\"admpu17wp\",\"image\":{\"@type\":\"ImageObject\",\"inLanguage\":\"es\",\"@id\":\"https:\/\/experienciadevida.com.ar\/portalurbano\/#\/schema\/person\/image\/\",\"url\":\"https:\/\/secure.gravatar.com\/avatar\/830d4c57adaae6630765e449a6908047?s=96&d=mm&r=g\",\"contentUrl\":\"https:\/\/secure.gravatar.com\/avatar\/830d4c57adaae6630765e449a6908047?s=96&d=mm&r=g\",\"caption\":\"admpu17wp\"}}]}<\/script>\n<!-- \/ Yoast SEO plugin. -->","yoast_head_json":{"title":"Covid-19: No se registr\u00f3 ning\u00fan caso positivo este s\u00e1bado -","description":"Covid-19 en Olavarr\u00eda: En el informe emitido por la Municipalidad no reporto casos positivos, descart\u00f3 16 casos y hubo dos altas m\u00e9dicas.","robots":{"index":"index","follow":"follow","max-snippet":"max-snippet:-1","max-image-preview":"max-image-preview:large","max-video-preview":"max-video-preview:-1"},"canonical":"https:\/\/experienciadevida.com.ar\/portalurbano\/covid-19-no-se-registro-ningun-caso-positivo-este-sabado\/","og_locale":"es_ES","og_type":"article","og_title":"Covid-19: No se registr\u00f3 ning\u00fan caso positivo este s\u00e1bado -","og_description":"Covid-19 en Olavarr\u00eda: En el informe emitido por la Municipalidad no reporto casos positivos, descart\u00f3 16 casos y hubo dos altas m\u00e9dicas.","og_url":"https:\/\/experienciadevida.com.ar\/portalurbano\/covid-19-no-se-registro-ningun-caso-positivo-este-sabado\/","article_publisher":"https:\/\/www.facebook.com\/Portal-Urbano-171542830093757\/","article_published_time":"2020-08-22T20:55:50+00:00","article_modified_time":"2020-08-22T20:59:50+00:00","og_image":[{"width":765,"height":510,"url":"https:\/\/experienciadevida.com.ar\/portalurbano\/wp-content\/uploads\/2020\/08\/PLAZA-1.jpg","type":"image\/jpeg"}],"author":"admpu17wp","twitter_card":"summary_large_image","twitter_creator":"@portalurbanook","twitter_site":"@portalurbanook","twitter_misc":{"Escrito por":"admpu17wp","Tiempo de lectura":"1 minuto"},"schema":{"@context":"https:\/\/schema.org","@graph":[{"@type":"Article","@id":"https:\/\/experienciadevida.com.ar\/portalurbano\/covid-19-no-se-registro-ningun-caso-positivo-este-sabado\/#article","isPartOf":{"@id":"https:\/\/experienciadevida.com.ar\/portalurbano\/covid-19-no-se-registro-ningun-caso-positivo-este-sabado\/"},"author":{"name":"admpu17wp","@id":"https:\/\/experienciadevida.com.ar\/portalurbano\/#\/schema\/person\/02dd326b1c4b056e9cc972486934a3a7"},"headline":"Covid-19: No se registr\u00f3 ning\u00fan caso positivo este s\u00e1bado","datePublished":"2020-08-22T20:55:50+00:00","dateModified":"2020-08-22T20:59:50+00:00","mainEntityOfPage":{"@id":"https:\/\/experienciadevida.com.ar\/portalurbano\/covid-19-no-se-registro-ningun-caso-positivo-este-sabado\/"},"wordCount":188,"publisher":{"@id":"https:\/\/experienciadevida.com.ar\/portalurbano\/#organization"},"articleSection":["Destacadas","Salud"],"inLanguage":"es"},{"@type":"WebPage","@id":"https:\/\/experienciadevida.com.ar\/portalurbano\/covid-19-no-se-registro-ningun-caso-positivo-este-sabado\/","url":"https:\/\/experienciadevida.com.ar\/portalurbano\/covid-19-no-se-registro-ningun-caso-positivo-este-sabado\/","name":"Covid-19: No se registr\u00f3 ning\u00fan caso positivo este s\u00e1bado -","isPartOf":{"@id":"https:\/\/experienciadevida.com.ar\/portalurbano\/#website"},"datePublished":"2020-08-22T20:55:50+00:00","dateModified":"2020-08-22T20:59:50+00:00","description":"Covid-19 en Olavarr\u00eda: En el informe emitido por la Municipalidad no reporto casos positivos, descart\u00f3 16 casos y hubo dos altas m\u00e9dicas.","breadcrumb":{"@id":"https:\/\/experienciadevida.com.ar\/portalurbano\/covid-19-no-se-registro-ningun-caso-positivo-este-sabado\/#breadcrumb"},"inLanguage":"es","potentialAction":[{"@type":"ReadAction","target":["https:\/\/experienciadevida.com.ar\/portalurbano\/covid-19-no-se-registro-ningun-caso-positivo-este-sabado\/"]}]},{"@type":"BreadcrumbList","@id":"https:\/\/experienciadevida.com.ar\/portalurbano\/covid-19-no-se-registro-ningun-caso-positivo-este-sabado\/#breadcrumb","itemListElement":[{"@type":"ListItem","position":1,"name":"Portada","item":"https:\/\/experienciadevida.com.ar\/portalurbano\/"},{"@type":"ListItem","position":2,"name":"Covid-19: No se registr\u00f3 ning\u00fan caso positivo este s\u00e1bado"}]},{"@type":"WebSite","@id":"https:\/\/experienciadevida.com.ar\/portalurbano\/#website","url":"https:\/\/experienciadevida.com.ar\/portalurbano\/","name":"","description":"","publisher":{"@id":"https:\/\/experienciadevida.com.ar\/portalurbano\/#organization"},"potentialAction":[{"@type":"SearchAction","target":{"@type":"EntryPoint","urlTemplate":"https:\/\/experienciadevida.com.ar\/portalurbano\/?s={search_term_string}"},"query-input":"required name=search_term_string"}],"inLanguage":"es"},{"@type":"Organization","@id":"https:\/\/experienciadevida.com.ar\/portalurbano\/#organization","name":"Portal Urbano","url":"https:\/\/experienciadevida.com.ar\/portalurbano\/","logo":{"@type":"ImageObject","inLanguage":"es","@id":"https:\/\/experienciadevida.com.ar\/portalurbano\/#\/schema\/logo\/image\/","url":"https:\/\/experienciadevida.com.ar\/portalurbano\/wp-content\/uploads\/2019\/09\/Logo-Original.png","contentUrl":"https:\/\/experienciadevida.com.ar\/portalurbano\/wp-content\/uploads\/2019\/09\/Logo-Original.png","width":2236,"height":1216,"caption":"Portal Urbano"},"image":{"@id":"https:\/\/experienciadevida.com.ar\/portalurbano\/#\/schema\/logo\/image\/"},"sameAs":["https:\/\/www.facebook.com\/Portal-Urbano-171542830093757\/","https:\/\/twitter.com\/portalurbanook","https:\/\/www.instagram.com\/_portalurbano\/","https:\/\/www.youtube.com\/channel\/UCXhagIfszH8KxFiOok79zbA?view_as=subscriber"]},{"@type":"Person","@id":"https:\/\/experienciadevida.com.ar\/portalurbano\/#\/schema\/person\/02dd326b1c4b056e9cc972486934a3a7","name":"admpu17wp","image":{"@type":"ImageObject","inLanguage":"es","@id":"https:\/\/experienciadevida.com.ar\/portalurbano\/#\/schema\/person\/image\/","url":"https:\/\/secure.gravatar.com\/avatar\/830d4c57adaae6630765e449a6908047?s=96&d=mm&r=g","contentUrl":"https:\/\/secure.gravatar.com\/avatar\/830d4c57adaae6630765e449a6908047?s=96&d=mm&r=g","caption":"admpu17wp"}}]}},"featured_image_urls":{"full":["https:\/\/experienciadevida.com.ar\/portalurbano\/wp-content\/uploads\/2020\/08\/PLAZA-1.jpg",765,510,false],"thumbnail":["https:\/\/experienciadevida.com.ar\/portalurbano\/wp-content\/uploads\/2020\/08\/PLAZA-1-150x150.jpg",150,150,true],"medium":["https:\/\/experienciadevida.com.ar\/portalurbano\/wp-content\/uploads\/2020\/08\/PLAZA-1-300x200.jpg",300,200,true],"medium_large":["https:\/\/experienciadevida.com.ar\/portalurbano\/wp-content\/uploads\/2020\/08\/PLAZA-1.jpg",640,427,false],"large":["https:\/\/experienciadevida.com.ar\/portalurbano\/wp-content\/uploads\/2020\/08\/PLAZA-1.jpg",640,427,false],"ug_big":["https:\/\/experienciadevida.com.ar\/portalurbano\/wp-content\/uploads\/2020\/08\/PLAZA-1.jpg",765,510,false],"1536x1536":["https:\/\/experienciadevida.com.ar\/portalurbano\/wp-content\/uploads\/2020\/08\/PLAZA-1.jpg",765,510,false],"2048x2048":["https:\/\/experienciadevida.com.ar\/portalurbano\/wp-content\/uploads\/2020\/08\/PLAZA-1.jpg",765,510,false],"newsever-slider-full":["https:\/\/experienciadevida.com.ar\/portalurbano\/wp-content\/uploads\/2020\/08\/PLAZA-1.jpg",765,510,false],"newsever-featured":["https:\/\/experienciadevida.com.ar\/portalurbano\/wp-content\/uploads\/2020\/08\/PLAZA-1.jpg",765,510,false],"newsever-medium":["https:\/\/experienciadevida.com.ar\/portalurbano\/wp-content\/uploads\/2020\/08\/PLAZA-1.jpg",713,475,false],"web-stories-poster-portrait":["https:\/\/experienciadevida.com.ar\/portalurbano\/wp-content\/uploads\/2020\/08\/PLAZA-1.jpg",640,427,false],"web-stories-publisher-logo":["https:\/\/experienciadevida.com.ar\/portalurbano\/wp-content\/uploads\/2020\/08\/PLAZA-1.jpg",96,64,false],"web-stories-thumbnail":["https:\/\/experienciadevida.com.ar\/portalurbano\/wp-content\/uploads\/2020\/08\/PLAZA-1.jpg",150,100,false]},"author_info":{"display_name":"admpu17wp","author_link":"https:\/\/experienciadevida.com.ar\/portalurbano\/author\/admpu17wp\/"},"category_info":"<a href=\"https:\/\/experienciadevida.com.ar\/portalurbano\/category\/destacadas\/\" rel=\"category tag\">Destacadas<\/a> <a href=\"https:\/\/experienciadevida.com.ar\/portalurbano\/category\/ciudad\/salud\/\" rel=\"category tag\">Salud<\/a>","tag_info":"Salud","comment_count":"0","amp_enabled":true,"_links":{"self":[{"href":"https:\/\/experienciadevida.com.ar\/portalurbano\/wp-json\/wp\/v2\/posts\/118888"}],"collection":[{"href":"https:\/\/experienciadevida.com.ar\/portalurbano\/wp-json\/wp\/v2\/posts"}],"about":[{"href":"https:\/\/experienciadevida.com.ar\/portalurbano\/wp-json\/wp\/v2\/types\/post"}],"author":[{"embeddable":true,"href":"https:\/\/experienciadevida.com.ar\/portalurbano\/wp-json\/wp\/v2\/users\/1"}],"replies":[{"embeddable":true,"href":"https:\/\/experienciadevida.com.ar\/portalurbano\/wp-json\/wp\/v2\/comments?post=118888"}],"version-history":[{"count":5,"href":"https:\/\/experienciadevida.com.ar\/portalurbano\/wp-json\/wp\/v2\/posts\/118888\/revisions"}],"predecessor-version":[{"id":118896,"href":"https:\/\/experienciadevida.com.ar\/portalurbano\/wp-json\/wp\/v2\/posts\/118888\/revisions\/118896"}],"wp:featuredmedia":[{"embeddable":true,"href":"https:\/\/experienciadevida.com.ar\/portalurbano\/wp-json\/wp\/v2\/media\/118889"}],"wp:attachment":[{"href":"https:\/\/experienciadevida.com.ar\/portalurbano\/wp-json\/wp\/v2\/media?parent=118888"}],"wp:term":[{"taxonomy":"category","embeddable":true,"href":"https:\/\/experienciadevida.com.ar\/portalurbano\/wp-json\/wp\/v2\/categories?post=118888"},{"taxonomy":"post_tag","embeddable":true,"href":"https:\/\/experienciadevida.com.ar\/portalurbano\/wp-json\/wp\/v2\/tags?post=118888"}],"curies":[{"name":"wp","href":"https:\/\/api.w.org\/{rel}","templated":true}]}}