{"id":118658,"date":"2020-08-20T17:59:18","date_gmt":"2020-08-20T20:59:18","guid":{"rendered":"https:\/\/experienciadevida.com.ar\/portalurbano\/?p=118658"},"modified":"2020-08-20T18:09:00","modified_gmt":"2020-08-20T21:09:00","slug":"en-nuestra-ciudad-tambien-marcharon-por-facundo-astudillo","status":"publish","type":"post","link":"https:\/\/experienciadevida.com.ar\/portalurbano\/en-nuestra-ciudad-tambien-marcharon-por-facundo-astudillo\/","title":{"rendered":"En nuestra ciudad tambi\u00e9n marcharon por Facundo Astudillo"},"content":{"rendered":"<p>En la jornada de este jueves, se concentraron\u00a0 en el paseo jes\u00fas mend\u00eda por Facundo Astudillo, a partir de las 16hs.<\/p>\n<p>La misma hab\u00eda sido convocada por diferentes organizaciones de la ciudad, para reclamar por Facundo Astudillo Castro y por juicio y castigo a los responsables de su desaparici\u00f3n.<\/p>\n<p>Adem\u00e1s, se\u00f1alar que el estado es responsable.\u00a0 Por otro lado, mencionaron que \u00a0la movilizaci\u00f3n popular es fundamental para superar las maniobras de encubrimiento por parte de la polic\u00eda y el poder pol\u00edtico y avanzar en la lucha contra la impunidad y por el desmantelamiento de la maldita Bonaerense.<\/p>\n<p><em>&#8220;Lo que uno puede hacer es organizarse desde los mismos centros barriales, distintas organizaciones para defenderse de las pol\u00edticas represivas del Estado, no hay otra forma de prevenir. Ac\u00e1 en Olavarr\u00eda hace una semana estuvieron tirando balas de goma a unos chicos que estaban jugando al F\u00fatbol&#8221;.<\/em><\/p>\n<p>Por \u00faltimo expresaron &#8220;<em>la \u00fanica manera es que los mismos vecinos se cuiden y comiencen a ponerle un paro a la polic\u00eda. Nosotros hicimos una marcha y somos pocos para la gravedad del asunto pero tenemos mucha presencia policial&#8221;,\u00a0\u00a0<\/em>dijeron desde las organizaciones sociales.<\/p>\n<p><span style=\"color: #0000ff;\">Galer\u00eda de im\u00e1genes:<\/span><\/p>\n<div class=\"slider-gallery-wrapper \"><div class=\"slider-gallery\"><div id=\"sliderify-carousel-1\" class=\"owl-carousel\"><div class=\"sliderify-owl-item-inner\"><img src=\"https:\/\/experienciadevida.com.ar\/portalurbano\/wp-content\/uploads\/2020\/08\/ASTUDILLO1.jpg\"><\/div><div class=\"sliderify-owl-item-inner\"><img src=\"https:\/\/experienciadevida.com.ar\/portalurbano\/wp-content\/uploads\/2020\/08\/ASTUDILLO2.jpg\"><\/div><div class=\"sliderify-owl-item-inner\"><img src=\"https:\/\/experienciadevida.com.ar\/portalurbano\/wp-content\/uploads\/2020\/08\/ASTUDILLO3.jpg\"><\/div><div class=\"sliderify-owl-item-inner\"><img src=\"https:\/\/experienciadevida.com.ar\/portalurbano\/wp-content\/uploads\/2020\/08\/ASTUDILLO4.jpg\"><\/div><div class=\"sliderify-owl-item-inner\"><img src=\"https:\/\/experienciadevida.com.ar\/portalurbano\/wp-content\/uploads\/2020\/08\/ASTUDILLO5.jpg\"><\/div><div class=\"sliderify-owl-item-inner\"><img src=\"https:\/\/experienciadevida.com.ar\/portalurbano\/wp-content\/uploads\/2020\/08\/ASTUDILLO6.jpg\"><\/div><div class=\"sliderify-owl-item-inner\"><img src=\"https:\/\/experienciadevida.com.ar\/portalurbano\/wp-content\/uploads\/2020\/08\/ASTUDILLO7.jpg\"><\/div><div class=\"sliderify-owl-item-inner\"><img src=\"https:\/\/experienciadevida.com.ar\/portalurbano\/wp-content\/uploads\/2020\/08\/ASTUDILLLO.jpg\"><\/div><\/div><!-- .owl-carousel --><\/div><!-- .slider-gallery --><\/div><!-- .slider-gallery-wrapper --><script>\n\t\t\tjQuery(document).ready(function($){\n\t\t\t\tcarousel1 = $('#sliderify-carousel-1');\ncarousel1.imagesLoaded(function(){carousel1.owlCarousel({items:1,\nstagePadding:0,\nnav:1,\nnavText:['<span><\/span><span><\/span>','<span><\/span><span><\/span>'],\ncenter:1,\nloop:1,\nmargin:0,\nautoWidth:false,\nautoHeight:true,\nstageOuterClass:'sliderify-stage-outer',\nstageClass:'sliderify-stage',\nnavContainerClass:'sliderify-nav',\ncontrolsClass:'sliderify-controls',\ndotsClass:'sliderify-dots',\ndotClass:'sliderify-dot',\nonInitialized:function(event){\n\t\t\t\tconsole.log('init');\n\t\t\t},\n});});\n});\n\t\t\t<\/script>\n","protected":false},"excerpt":{"rendered":"<p>En la jornada de este jueves, se concentraron\u00a0 en el paseo jes\u00fas mend\u00eda por Facundo&#8230;<\/p>\n","protected":false},"author":1,"featured_media":118659,"comment_status":"closed","ping_status":"closed","sticky":false,"template":"","format":"standard","meta":{"content-type":""},"categories":[27,51],"tags":[],"nelio_content":{"isAutoShareEnabled":false,"autoShareEndMode":"default","automationSources":{"useContentSentences":true,"useSocialTemplates":true,"useCustomSentences":false,"customSentences":[]},"followers":[1],"suggestedReferences":[],"includedReferences":[],"efiUrl":"","efiAlt":"","highlights":[]},"yoast_head":"<!-- This site is optimized with the Yoast SEO plugin v20.7 - https:\/\/yoast.com\/wordpress\/plugins\/seo\/ -->\n<title>En nuestra ciudad tambi\u00e9n marcharon por Facundo Astudillo -<\/title>\n<meta name=\"robots\" content=\"index, follow, max-snippet:-1, max-image-preview:large, max-video-preview:-1\" \/>\n<link rel=\"canonical\" href=\"https:\/\/experienciadevida.com.ar\/portalurbano\/en-nuestra-ciudad-tambien-marcharon-por-facundo-astudillo\/\" \/>\n<meta property=\"og:locale\" content=\"es_ES\" \/>\n<meta property=\"og:type\" content=\"article\" \/>\n<meta property=\"og:title\" content=\"En nuestra ciudad tambi\u00e9n marcharon por Facundo Astudillo -\" \/>\n<meta property=\"og:description\" content=\"En la jornada de este jueves, se concentraron\u00a0 en el paseo jes\u00fas mend\u00eda por Facundo...\" \/>\n<meta property=\"og:url\" content=\"https:\/\/experienciadevida.com.ar\/portalurbano\/en-nuestra-ciudad-tambien-marcharon-por-facundo-astudillo\/\" \/>\n<meta property=\"article:publisher\" content=\"https:\/\/www.facebook.com\/Portal-Urbano-171542830093757\/\" \/>\n<meta property=\"article:published_time\" content=\"2020-08-20T20:59:18+00:00\" \/>\n<meta property=\"article:modified_time\" content=\"2020-08-20T21:09:00+00:00\" \/>\n<meta property=\"og:image\" content=\"https:\/\/experienciadevida.com.ar\/portalurbano\/wp-content\/uploads\/2020\/08\/ASTUDILLLO.jpg\" \/>\n\t<meta property=\"og:image:width\" content=\"765\" \/>\n\t<meta property=\"og:image:height\" content=\"510\" \/>\n\t<meta property=\"og:image:type\" content=\"image\/jpeg\" \/>\n<meta name=\"author\" content=\"admpu17wp\" \/>\n<meta name=\"twitter:card\" content=\"summary_large_image\" \/>\n<meta name=\"twitter:creator\" content=\"@portalurbanook\" \/>\n<meta name=\"twitter:site\" content=\"@portalurbanook\" \/>\n<meta name=\"twitter:label1\" content=\"Escrito por\" \/>\n\t<meta name=\"twitter:data1\" content=\"admpu17wp\" \/>\n\t<meta name=\"twitter:label2\" content=\"Tiempo de lectura\" \/>\n\t<meta name=\"twitter:data2\" content=\"1 minuto\" \/>\n<script type=\"application\/ld+json\" class=\"yoast-schema-graph\">{\"@context\":\"https:\/\/schema.org\",\"@graph\":[{\"@type\":\"Article\",\"@id\":\"https:\/\/experienciadevida.com.ar\/portalurbano\/en-nuestra-ciudad-tambien-marcharon-por-facundo-astudillo\/#article\",\"isPartOf\":{\"@id\":\"https:\/\/experienciadevida.com.ar\/portalurbano\/en-nuestra-ciudad-tambien-marcharon-por-facundo-astudillo\/\"},\"author\":{\"name\":\"admpu17wp\",\"@id\":\"https:\/\/experienciadevida.com.ar\/portalurbano\/#\/schema\/person\/02dd326b1c4b056e9cc972486934a3a7\"},\"headline\":\"En nuestra ciudad tambi\u00e9n marcharon por Facundo Astudillo\",\"datePublished\":\"2020-08-20T20:59:18+00:00\",\"dateModified\":\"2020-08-20T21:09:00+00:00\",\"mainEntityOfPage\":{\"@id\":\"https:\/\/experienciadevida.com.ar\/portalurbano\/en-nuestra-ciudad-tambien-marcharon-por-facundo-astudillo\/\"},\"wordCount\":230,\"publisher\":{\"@id\":\"https:\/\/experienciadevida.com.ar\/portalurbano\/#organization\"},\"articleSection\":[\"Ciudad\",\"Destacadas\"],\"inLanguage\":\"es\"},{\"@type\":\"WebPage\",\"@id\":\"https:\/\/experienciadevida.com.ar\/portalurbano\/en-nuestra-ciudad-tambien-marcharon-por-facundo-astudillo\/\",\"url\":\"https:\/\/experienciadevida.com.ar\/portalurbano\/en-nuestra-ciudad-tambien-marcharon-por-facundo-astudillo\/\",\"name\":\"En nuestra ciudad tambi\u00e9n marcharon por Facundo Astudillo -\",\"isPartOf\":{\"@id\":\"https:\/\/experienciadevida.com.ar\/portalurbano\/#website\"},\"datePublished\":\"2020-08-20T20:59:18+00:00\",\"dateModified\":\"2020-08-20T21:09:00+00:00\",\"breadcrumb\":{\"@id\":\"https:\/\/experienciadevida.com.ar\/portalurbano\/en-nuestra-ciudad-tambien-marcharon-por-facundo-astudillo\/#breadcrumb\"},\"inLanguage\":\"es\",\"potentialAction\":[{\"@type\":\"ReadAction\",\"target\":[\"https:\/\/experienciadevida.com.ar\/portalurbano\/en-nuestra-ciudad-tambien-marcharon-por-facundo-astudillo\/\"]}]},{\"@type\":\"BreadcrumbList\",\"@id\":\"https:\/\/experienciadevida.com.ar\/portalurbano\/en-nuestra-ciudad-tambien-marcharon-por-facundo-astudillo\/#breadcrumb\",\"itemListElement\":[{\"@type\":\"ListItem\",\"position\":1,\"name\":\"Portada\",\"item\":\"https:\/\/experienciadevida.com.ar\/portalurbano\/\"},{\"@type\":\"ListItem\",\"position\":2,\"name\":\"En nuestra ciudad tambi\u00e9n marcharon por Facundo Astudillo\"}]},{\"@type\":\"WebSite\",\"@id\":\"https:\/\/experienciadevida.com.ar\/portalurbano\/#website\",\"url\":\"https:\/\/experienciadevida.com.ar\/portalurbano\/\",\"name\":\"\",\"description\":\"\",\"publisher\":{\"@id\":\"https:\/\/experienciadevida.com.ar\/portalurbano\/#organization\"},\"potentialAction\":[{\"@type\":\"SearchAction\",\"target\":{\"@type\":\"EntryPoint\",\"urlTemplate\":\"https:\/\/experienciadevida.com.ar\/portalurbano\/?s={search_term_string}\"},\"query-input\":\"required name=search_term_string\"}],\"inLanguage\":\"es\"},{\"@type\":\"Organization\",\"@id\":\"https:\/\/experienciadevida.com.ar\/portalurbano\/#organization\",\"name\":\"Portal Urbano\",\"url\":\"https:\/\/experienciadevida.com.ar\/portalurbano\/\",\"logo\":{\"@type\":\"ImageObject\",\"inLanguage\":\"es\",\"@id\":\"https:\/\/experienciadevida.com.ar\/portalurbano\/#\/schema\/logo\/image\/\",\"url\":\"https:\/\/experienciadevida.com.ar\/portalurbano\/wp-content\/uploads\/2019\/09\/Logo-Original.png\",\"contentUrl\":\"https:\/\/experienciadevida.com.ar\/portalurbano\/wp-content\/uploads\/2019\/09\/Logo-Original.png\",\"width\":2236,\"height\":1216,\"caption\":\"Portal Urbano\"},\"image\":{\"@id\":\"https:\/\/experienciadevida.com.ar\/portalurbano\/#\/schema\/logo\/image\/\"},\"sameAs\":[\"https:\/\/www.facebook.com\/Portal-Urbano-171542830093757\/\",\"https:\/\/twitter.com\/portalurbanook\",\"https:\/\/www.instagram.com\/_portalurbano\/\",\"https:\/\/www.youtube.com\/channel\/UCXhagIfszH8KxFiOok79zbA?view_as=subscriber\"]},{\"@type\":\"Person\",\"@id\":\"https:\/\/experienciadevida.com.ar\/portalurbano\/#\/schema\/person\/02dd326b1c4b056e9cc972486934a3a7\",\"name\":\"admpu17wp\",\"image\":{\"@type\":\"ImageObject\",\"inLanguage\":\"es\",\"@id\":\"https:\/\/experienciadevida.com.ar\/portalurbano\/#\/schema\/person\/image\/\",\"url\":\"https:\/\/secure.gravatar.com\/avatar\/830d4c57adaae6630765e449a6908047?s=96&d=mm&r=g\",\"contentUrl\":\"https:\/\/secure.gravatar.com\/avatar\/830d4c57adaae6630765e449a6908047?s=96&d=mm&r=g\",\"caption\":\"admpu17wp\"}}]}<\/script>\n<!-- \/ Yoast SEO plugin. -->","yoast_head_json":{"title":"En nuestra ciudad tambi\u00e9n marcharon por Facundo Astudillo -","robots":{"index":"index","follow":"follow","max-snippet":"max-snippet:-1","max-image-preview":"max-image-preview:large","max-video-preview":"max-video-preview:-1"},"canonical":"https:\/\/experienciadevida.com.ar\/portalurbano\/en-nuestra-ciudad-tambien-marcharon-por-facundo-astudillo\/","og_locale":"es_ES","og_type":"article","og_title":"En nuestra ciudad tambi\u00e9n marcharon por Facundo Astudillo -","og_description":"En la jornada de este jueves, se concentraron\u00a0 en el paseo jes\u00fas mend\u00eda por Facundo...","og_url":"https:\/\/experienciadevida.com.ar\/portalurbano\/en-nuestra-ciudad-tambien-marcharon-por-facundo-astudillo\/","article_publisher":"https:\/\/www.facebook.com\/Portal-Urbano-171542830093757\/","article_published_time":"2020-08-20T20:59:18+00:00","article_modified_time":"2020-08-20T21:09:00+00:00","og_image":[{"width":765,"height":510,"url":"https:\/\/experienciadevida.com.ar\/portalurbano\/wp-content\/uploads\/2020\/08\/ASTUDILLLO.jpg","type":"image\/jpeg"}],"author":"admpu17wp","twitter_card":"summary_large_image","twitter_creator":"@portalurbanook","twitter_site":"@portalurbanook","twitter_misc":{"Escrito por":"admpu17wp","Tiempo de lectura":"1 minuto"},"schema":{"@context":"https:\/\/schema.org","@graph":[{"@type":"Article","@id":"https:\/\/experienciadevida.com.ar\/portalurbano\/en-nuestra-ciudad-tambien-marcharon-por-facundo-astudillo\/#article","isPartOf":{"@id":"https:\/\/experienciadevida.com.ar\/portalurbano\/en-nuestra-ciudad-tambien-marcharon-por-facundo-astudillo\/"},"author":{"name":"admpu17wp","@id":"https:\/\/experienciadevida.com.ar\/portalurbano\/#\/schema\/person\/02dd326b1c4b056e9cc972486934a3a7"},"headline":"En nuestra ciudad tambi\u00e9n marcharon por Facundo Astudillo","datePublished":"2020-08-20T20:59:18+00:00","dateModified":"2020-08-20T21:09:00+00:00","mainEntityOfPage":{"@id":"https:\/\/experienciadevida.com.ar\/portalurbano\/en-nuestra-ciudad-tambien-marcharon-por-facundo-astudillo\/"},"wordCount":230,"publisher":{"@id":"https:\/\/experienciadevida.com.ar\/portalurbano\/#organization"},"articleSection":["Ciudad","Destacadas"],"inLanguage":"es"},{"@type":"WebPage","@id":"https:\/\/experienciadevida.com.ar\/portalurbano\/en-nuestra-ciudad-tambien-marcharon-por-facundo-astudillo\/","url":"https:\/\/experienciadevida.com.ar\/portalurbano\/en-nuestra-ciudad-tambien-marcharon-por-facundo-astudillo\/","name":"En nuestra ciudad tambi\u00e9n marcharon por Facundo Astudillo -","isPartOf":{"@id":"https:\/\/experienciadevida.com.ar\/portalurbano\/#website"},"datePublished":"2020-08-20T20:59:18+00:00","dateModified":"2020-08-20T21:09:00+00:00","breadcrumb":{"@id":"https:\/\/experienciadevida.com.ar\/portalurbano\/en-nuestra-ciudad-tambien-marcharon-por-facundo-astudillo\/#breadcrumb"},"inLanguage":"es","potentialAction":[{"@type":"ReadAction","target":["https:\/\/experienciadevida.com.ar\/portalurbano\/en-nuestra-ciudad-tambien-marcharon-por-facundo-astudillo\/"]}]},{"@type":"BreadcrumbList","@id":"https:\/\/experienciadevida.com.ar\/portalurbano\/en-nuestra-ciudad-tambien-marcharon-por-facundo-astudillo\/#breadcrumb","itemListElement":[{"@type":"ListItem","position":1,"name":"Portada","item":"https:\/\/experienciadevida.com.ar\/portalurbano\/"},{"@type":"ListItem","position":2,"name":"En nuestra ciudad tambi\u00e9n marcharon por Facundo Astudillo"}]},{"@type":"WebSite","@id":"https:\/\/experienciadevida.com.ar\/portalurbano\/#website","url":"https:\/\/experienciadevida.com.ar\/portalurbano\/","name":"","description":"","publisher":{"@id":"https:\/\/experienciadevida.com.ar\/portalurbano\/#organization"},"potentialAction":[{"@type":"SearchAction","target":{"@type":"EntryPoint","urlTemplate":"https:\/\/experienciadevida.com.ar\/portalurbano\/?s={search_term_string}"},"query-input":"required name=search_term_string"}],"inLanguage":"es"},{"@type":"Organization","@id":"https:\/\/experienciadevida.com.ar\/portalurbano\/#organization","name":"Portal Urbano","url":"https:\/\/experienciadevida.com.ar\/portalurbano\/","logo":{"@type":"ImageObject","inLanguage":"es","@id":"https:\/\/experienciadevida.com.ar\/portalurbano\/#\/schema\/logo\/image\/","url":"https:\/\/experienciadevida.com.ar\/portalurbano\/wp-content\/uploads\/2019\/09\/Logo-Original.png","contentUrl":"https:\/\/experienciadevida.com.ar\/portalurbano\/wp-content\/uploads\/2019\/09\/Logo-Original.png","width":2236,"height":1216,"caption":"Portal Urbano"},"image":{"@id":"https:\/\/experienciadevida.com.ar\/portalurbano\/#\/schema\/logo\/image\/"},"sameAs":["https:\/\/www.facebook.com\/Portal-Urbano-171542830093757\/","https:\/\/twitter.com\/portalurbanook","https:\/\/www.instagram.com\/_portalurbano\/","https:\/\/www.youtube.com\/channel\/UCXhagIfszH8KxFiOok79zbA?view_as=subscriber"]},{"@type":"Person","@id":"https:\/\/experienciadevida.com.ar\/portalurbano\/#\/schema\/person\/02dd326b1c4b056e9cc972486934a3a7","name":"admpu17wp","image":{"@type":"ImageObject","inLanguage":"es","@id":"https:\/\/experienciadevida.com.ar\/portalurbano\/#\/schema\/person\/image\/","url":"https:\/\/secure.gravatar.com\/avatar\/830d4c57adaae6630765e449a6908047?s=96&d=mm&r=g","contentUrl":"https:\/\/secure.gravatar.com\/avatar\/830d4c57adaae6630765e449a6908047?s=96&d=mm&r=g","caption":"admpu17wp"}}]}},"featured_image_urls":{"full":["https:\/\/experienciadevida.com.ar\/portalurbano\/wp-content\/uploads\/2020\/08\/ASTUDILLLO.jpg",765,510,false],"thumbnail":["https:\/\/experienciadevida.com.ar\/portalurbano\/wp-content\/uploads\/2020\/08\/ASTUDILLLO-150x150.jpg",150,150,true],"medium":["https:\/\/experienciadevida.com.ar\/portalurbano\/wp-content\/uploads\/2020\/08\/ASTUDILLLO-300x200.jpg",300,200,true],"medium_large":["https:\/\/experienciadevida.com.ar\/portalurbano\/wp-content\/uploads\/2020\/08\/ASTUDILLLO.jpg",640,427,false],"large":["https:\/\/experienciadevida.com.ar\/portalurbano\/wp-content\/uploads\/2020\/08\/ASTUDILLLO.jpg",640,427,false],"ug_big":["https:\/\/experienciadevida.com.ar\/portalurbano\/wp-content\/uploads\/2020\/08\/ASTUDILLLO.jpg",765,510,false],"1536x1536":["https:\/\/experienciadevida.com.ar\/portalurbano\/wp-content\/uploads\/2020\/08\/ASTUDILLLO.jpg",765,510,false],"2048x2048":["https:\/\/experienciadevida.com.ar\/portalurbano\/wp-content\/uploads\/2020\/08\/ASTUDILLLO.jpg",765,510,false],"newsever-slider-full":["https:\/\/experienciadevida.com.ar\/portalurbano\/wp-content\/uploads\/2020\/08\/ASTUDILLLO.jpg",765,510,false],"newsever-featured":["https:\/\/experienciadevida.com.ar\/portalurbano\/wp-content\/uploads\/2020\/08\/ASTUDILLLO.jpg",765,510,false],"newsever-medium":["https:\/\/experienciadevida.com.ar\/portalurbano\/wp-content\/uploads\/2020\/08\/ASTUDILLLO.jpg",713,475,false],"web-stories-poster-portrait":["https:\/\/experienciadevida.com.ar\/portalurbano\/wp-content\/uploads\/2020\/08\/ASTUDILLLO.jpg",640,427,false],"web-stories-publisher-logo":["https:\/\/experienciadevida.com.ar\/portalurbano\/wp-content\/uploads\/2020\/08\/ASTUDILLLO.jpg",96,64,false],"web-stories-thumbnail":["https:\/\/experienciadevida.com.ar\/portalurbano\/wp-content\/uploads\/2020\/08\/ASTUDILLLO.jpg",150,100,false]},"author_info":{"display_name":"admpu17wp","author_link":"https:\/\/experienciadevida.com.ar\/portalurbano\/author\/admpu17wp\/"},"category_info":"<a href=\"https:\/\/experienciadevida.com.ar\/portalurbano\/category\/ciudad\/\" rel=\"category tag\">Ciudad<\/a> <a href=\"https:\/\/experienciadevida.com.ar\/portalurbano\/category\/destacadas\/\" rel=\"category tag\">Destacadas<\/a>","tag_info":"Destacadas","comment_count":"0","amp_enabled":true,"_links":{"self":[{"href":"https:\/\/experienciadevida.com.ar\/portalurbano\/wp-json\/wp\/v2\/posts\/118658"}],"collection":[{"href":"https:\/\/experienciadevida.com.ar\/portalurbano\/wp-json\/wp\/v2\/posts"}],"about":[{"href":"https:\/\/experienciadevida.com.ar\/portalurbano\/wp-json\/wp\/v2\/types\/post"}],"author":[{"embeddable":true,"href":"https:\/\/experienciadevida.com.ar\/portalurbano\/wp-json\/wp\/v2\/users\/1"}],"replies":[{"embeddable":true,"href":"https:\/\/experienciadevida.com.ar\/portalurbano\/wp-json\/wp\/v2\/comments?post=118658"}],"version-history":[{"count":4,"href":"https:\/\/experienciadevida.com.ar\/portalurbano\/wp-json\/wp\/v2\/posts\/118658\/revisions"}],"predecessor-version":[{"id":118670,"href":"https:\/\/experienciadevida.com.ar\/portalurbano\/wp-json\/wp\/v2\/posts\/118658\/revisions\/118670"}],"wp:featuredmedia":[{"embeddable":true,"href":"https:\/\/experienciadevida.com.ar\/portalurbano\/wp-json\/wp\/v2\/media\/118659"}],"wp:attachment":[{"href":"https:\/\/experienciadevida.com.ar\/portalurbano\/wp-json\/wp\/v2\/media?parent=118658"}],"wp:term":[{"taxonomy":"category","embeddable":true,"href":"https:\/\/experienciadevida.com.ar\/portalurbano\/wp-json\/wp\/v2\/categories?post=118658"},{"taxonomy":"post_tag","embeddable":true,"href":"https:\/\/experienciadevida.com.ar\/portalurbano\/wp-json\/wp\/v2\/tags?post=118658"}],"curies":[{"name":"wp","href":"https:\/\/api.w.org\/{rel}","templated":true}]}}