{"id":118587,"date":"2020-08-19T21:07:33","date_gmt":"2020-08-20T00:07:33","guid":{"rendered":"https:\/\/experienciadevida.com.ar\/portalurbano\/?p=118587"},"modified":"2020-08-20T11:20:01","modified_gmt":"2020-08-20T14:20:01","slug":"violencia-de-genero-quebranto-medidas-cautelares-que-tenia-con-su-ex-y-fue-aprehendido","status":"publish","type":"post","link":"https:\/\/experienciadevida.com.ar\/portalurbano\/violencia-de-genero-quebranto-medidas-cautelares-que-tenia-con-su-ex-y-fue-aprehendido\/","title":{"rendered":"Violencia de G\u00e9nero: Quebrant\u00f3 medidas cautelares que ten\u00eda con su ex y fue aprehendido"},"content":{"rendered":"<p><strong>En el d\u00eda de ayer, el personal del Comando de Patrullas junto con Comisar\u00eda Primera, se dirigieron hacia el Parque &#8220;Ra\u00fal Aflosn\u00edn&#8221; ubicado en la Avenida Avellaneda al 1800. All\u00ed, procedieron a la aprehensi\u00f3n de un joven de 18 a\u00f1os de edad.<\/strong><\/p>\n<hr \/>\n<p>El sujeto, al momento del arribo del personal actuante se encontraba en cercan\u00eda de su ex pareja incumpliendo medidas cautelares otorgadas por el Juzgado de Familia n\u00b01.<\/p>\n<p>El joven fue llevado hacia la dependencia policial donde se le inici\u00f3 una causa por &#8220;desobediencia&#8221;, con intervenci\u00f3n de la Secretar\u00eda Especializada en Violencia Familiar y de\u00a0 G\u00e9nero.<\/p>\n","protected":false},"excerpt":{"rendered":"<p>En el d\u00eda de ayer, el personal del Comando de Patrullas junto con Comisar\u00eda Primera,&#8230;<\/p>\n","protected":false},"author":1,"featured_media":118598,"comment_status":"closed","ping_status":"closed","sticky":false,"template":"","format":"standard","meta":{"content-type":""},"categories":[51,40],"tags":[],"nelio_content":{"isAutoShareEnabled":false,"autoShareEndMode":"default","automationSources":{"useContentSentences":true,"useSocialTemplates":true,"useCustomSentences":false,"customSentences":[]},"followers":[1],"suggestedReferences":[],"includedReferences":[],"efiUrl":"","efiAlt":"","highlights":[]},"yoast_head":"<!-- This site is optimized with the Yoast SEO plugin v20.7 - https:\/\/yoast.com\/wordpress\/plugins\/seo\/ -->\n<title>Violencia de G\u00e9nero: Quebrant\u00f3 medidas cautelares<\/title>\n<meta name=\"description\" content=\"Violencia de G\u00e9nero: Quebrant\u00f3 medidas cautelares que ten\u00eda con su ex y fue aprehendido. En el d\u00eda de ayer, el personal del Comando...\" \/>\n<meta name=\"robots\" content=\"index, follow, max-snippet:-1, max-image-preview:large, max-video-preview:-1\" \/>\n<link rel=\"canonical\" href=\"https:\/\/experienciadevida.com.ar\/portalurbano\/violencia-de-genero-quebranto-medidas-cautelares-que-tenia-con-su-ex-y-fue-aprehendido\/\" \/>\n<meta property=\"og:locale\" content=\"es_ES\" \/>\n<meta property=\"og:type\" content=\"article\" \/>\n<meta property=\"og:title\" content=\"Violencia de G\u00e9nero: Quebrant\u00f3 medidas cautelares\" \/>\n<meta property=\"og:description\" content=\"Violencia de G\u00e9nero: Quebrant\u00f3 medidas cautelares que ten\u00eda con su ex y fue aprehendido. En el d\u00eda de ayer, el personal del Comando...\" \/>\n<meta property=\"og:url\" content=\"https:\/\/experienciadevida.com.ar\/portalurbano\/violencia-de-genero-quebranto-medidas-cautelares-que-tenia-con-su-ex-y-fue-aprehendido\/\" \/>\n<meta property=\"article:publisher\" content=\"https:\/\/www.facebook.com\/Portal-Urbano-171542830093757\/\" \/>\n<meta property=\"article:published_time\" content=\"2020-08-20T00:07:33+00:00\" \/>\n<meta property=\"article:modified_time\" content=\"2020-08-20T14:20:01+00:00\" \/>\n<meta property=\"og:image\" content=\"https:\/\/experienciadevida.com.ar\/portalurbano\/wp-content\/uploads\/2020\/08\/COMANDOPATRULLA-1-1.jpg\" \/>\n\t<meta property=\"og:image:width\" content=\"750\" \/>\n\t<meta property=\"og:image:height\" content=\"409\" \/>\n\t<meta property=\"og:image:type\" content=\"image\/jpeg\" \/>\n<meta name=\"author\" content=\"admpu17wp\" \/>\n<meta name=\"twitter:card\" content=\"summary_large_image\" \/>\n<meta name=\"twitter:creator\" content=\"@portalurbanook\" \/>\n<meta name=\"twitter:site\" content=\"@portalurbanook\" \/>\n<meta name=\"twitter:label1\" content=\"Escrito por\" \/>\n\t<meta name=\"twitter:data1\" content=\"admpu17wp\" \/>\n\t<meta name=\"twitter:label2\" content=\"Tiempo de lectura\" \/>\n\t<meta name=\"twitter:data2\" content=\"1 minuto\" \/>\n<script type=\"application\/ld+json\" class=\"yoast-schema-graph\">{\"@context\":\"https:\/\/schema.org\",\"@graph\":[{\"@type\":\"Article\",\"@id\":\"https:\/\/experienciadevida.com.ar\/portalurbano\/violencia-de-genero-quebranto-medidas-cautelares-que-tenia-con-su-ex-y-fue-aprehendido\/#article\",\"isPartOf\":{\"@id\":\"https:\/\/experienciadevida.com.ar\/portalurbano\/violencia-de-genero-quebranto-medidas-cautelares-que-tenia-con-su-ex-y-fue-aprehendido\/\"},\"author\":{\"name\":\"admpu17wp\",\"@id\":\"https:\/\/experienciadevida.com.ar\/portalurbano\/#\/schema\/person\/02dd326b1c4b056e9cc972486934a3a7\"},\"headline\":\"Violencia de G\u00e9nero: Quebrant\u00f3 medidas cautelares que ten\u00eda con su ex y fue aprehendido\",\"datePublished\":\"2020-08-20T00:07:33+00:00\",\"dateModified\":\"2020-08-20T14:20:01+00:00\",\"mainEntityOfPage\":{\"@id\":\"https:\/\/experienciadevida.com.ar\/portalurbano\/violencia-de-genero-quebranto-medidas-cautelares-que-tenia-con-su-ex-y-fue-aprehendido\/\"},\"wordCount\":121,\"publisher\":{\"@id\":\"https:\/\/experienciadevida.com.ar\/portalurbano\/#organization\"},\"articleSection\":[\"Destacadas\",\"Policiales\"],\"inLanguage\":\"es\"},{\"@type\":\"WebPage\",\"@id\":\"https:\/\/experienciadevida.com.ar\/portalurbano\/violencia-de-genero-quebranto-medidas-cautelares-que-tenia-con-su-ex-y-fue-aprehendido\/\",\"url\":\"https:\/\/experienciadevida.com.ar\/portalurbano\/violencia-de-genero-quebranto-medidas-cautelares-que-tenia-con-su-ex-y-fue-aprehendido\/\",\"name\":\"Violencia de G\u00e9nero: Quebrant\u00f3 medidas cautelares\",\"isPartOf\":{\"@id\":\"https:\/\/experienciadevida.com.ar\/portalurbano\/#website\"},\"datePublished\":\"2020-08-20T00:07:33+00:00\",\"dateModified\":\"2020-08-20T14:20:01+00:00\",\"description\":\"Violencia de G\u00e9nero: Quebrant\u00f3 medidas cautelares que ten\u00eda con su ex y fue aprehendido. En el d\u00eda de ayer, el personal del Comando...\",\"breadcrumb\":{\"@id\":\"https:\/\/experienciadevida.com.ar\/portalurbano\/violencia-de-genero-quebranto-medidas-cautelares-que-tenia-con-su-ex-y-fue-aprehendido\/#breadcrumb\"},\"inLanguage\":\"es\",\"potentialAction\":[{\"@type\":\"ReadAction\",\"target\":[\"https:\/\/experienciadevida.com.ar\/portalurbano\/violencia-de-genero-quebranto-medidas-cautelares-que-tenia-con-su-ex-y-fue-aprehendido\/\"]}]},{\"@type\":\"BreadcrumbList\",\"@id\":\"https:\/\/experienciadevida.com.ar\/portalurbano\/violencia-de-genero-quebranto-medidas-cautelares-que-tenia-con-su-ex-y-fue-aprehendido\/#breadcrumb\",\"itemListElement\":[{\"@type\":\"ListItem\",\"position\":1,\"name\":\"Portada\",\"item\":\"https:\/\/experienciadevida.com.ar\/portalurbano\/\"},{\"@type\":\"ListItem\",\"position\":2,\"name\":\"Violencia de G\u00e9nero: Quebrant\u00f3 medidas cautelares que ten\u00eda con su ex y fue aprehendido\"}]},{\"@type\":\"WebSite\",\"@id\":\"https:\/\/experienciadevida.com.ar\/portalurbano\/#website\",\"url\":\"https:\/\/experienciadevida.com.ar\/portalurbano\/\",\"name\":\"\",\"description\":\"\",\"publisher\":{\"@id\":\"https:\/\/experienciadevida.com.ar\/portalurbano\/#organization\"},\"potentialAction\":[{\"@type\":\"SearchAction\",\"target\":{\"@type\":\"EntryPoint\",\"urlTemplate\":\"https:\/\/experienciadevida.com.ar\/portalurbano\/?s={search_term_string}\"},\"query-input\":\"required name=search_term_string\"}],\"inLanguage\":\"es\"},{\"@type\":\"Organization\",\"@id\":\"https:\/\/experienciadevida.com.ar\/portalurbano\/#organization\",\"name\":\"Portal Urbano\",\"url\":\"https:\/\/experienciadevida.com.ar\/portalurbano\/\",\"logo\":{\"@type\":\"ImageObject\",\"inLanguage\":\"es\",\"@id\":\"https:\/\/experienciadevida.com.ar\/portalurbano\/#\/schema\/logo\/image\/\",\"url\":\"https:\/\/experienciadevida.com.ar\/portalurbano\/wp-content\/uploads\/2019\/09\/Logo-Original.png\",\"contentUrl\":\"https:\/\/experienciadevida.com.ar\/portalurbano\/wp-content\/uploads\/2019\/09\/Logo-Original.png\",\"width\":2236,\"height\":1216,\"caption\":\"Portal Urbano\"},\"image\":{\"@id\":\"https:\/\/experienciadevida.com.ar\/portalurbano\/#\/schema\/logo\/image\/\"},\"sameAs\":[\"https:\/\/www.facebook.com\/Portal-Urbano-171542830093757\/\",\"https:\/\/twitter.com\/portalurbanook\",\"https:\/\/www.instagram.com\/_portalurbano\/\",\"https:\/\/www.youtube.com\/channel\/UCXhagIfszH8KxFiOok79zbA?view_as=subscriber\"]},{\"@type\":\"Person\",\"@id\":\"https:\/\/experienciadevida.com.ar\/portalurbano\/#\/schema\/person\/02dd326b1c4b056e9cc972486934a3a7\",\"name\":\"admpu17wp\",\"image\":{\"@type\":\"ImageObject\",\"inLanguage\":\"es\",\"@id\":\"https:\/\/experienciadevida.com.ar\/portalurbano\/#\/schema\/person\/image\/\",\"url\":\"https:\/\/secure.gravatar.com\/avatar\/830d4c57adaae6630765e449a6908047?s=96&d=mm&r=g\",\"contentUrl\":\"https:\/\/secure.gravatar.com\/avatar\/830d4c57adaae6630765e449a6908047?s=96&d=mm&r=g\",\"caption\":\"admpu17wp\"}}]}<\/script>\n<!-- \/ Yoast SEO plugin. -->","yoast_head_json":{"title":"Violencia de G\u00e9nero: Quebrant\u00f3 medidas cautelares","description":"Violencia de G\u00e9nero: Quebrant\u00f3 medidas cautelares que ten\u00eda con su ex y fue aprehendido. En el d\u00eda de ayer, el personal del Comando...","robots":{"index":"index","follow":"follow","max-snippet":"max-snippet:-1","max-image-preview":"max-image-preview:large","max-video-preview":"max-video-preview:-1"},"canonical":"https:\/\/experienciadevida.com.ar\/portalurbano\/violencia-de-genero-quebranto-medidas-cautelares-que-tenia-con-su-ex-y-fue-aprehendido\/","og_locale":"es_ES","og_type":"article","og_title":"Violencia de G\u00e9nero: Quebrant\u00f3 medidas cautelares","og_description":"Violencia de G\u00e9nero: Quebrant\u00f3 medidas cautelares que ten\u00eda con su ex y fue aprehendido. En el d\u00eda de ayer, el personal del Comando...","og_url":"https:\/\/experienciadevida.com.ar\/portalurbano\/violencia-de-genero-quebranto-medidas-cautelares-que-tenia-con-su-ex-y-fue-aprehendido\/","article_publisher":"https:\/\/www.facebook.com\/Portal-Urbano-171542830093757\/","article_published_time":"2020-08-20T00:07:33+00:00","article_modified_time":"2020-08-20T14:20:01+00:00","og_image":[{"width":750,"height":409,"url":"https:\/\/experienciadevida.com.ar\/portalurbano\/wp-content\/uploads\/2020\/08\/COMANDOPATRULLA-1-1.jpg","type":"image\/jpeg"}],"author":"admpu17wp","twitter_card":"summary_large_image","twitter_creator":"@portalurbanook","twitter_site":"@portalurbanook","twitter_misc":{"Escrito por":"admpu17wp","Tiempo de lectura":"1 minuto"},"schema":{"@context":"https:\/\/schema.org","@graph":[{"@type":"Article","@id":"https:\/\/experienciadevida.com.ar\/portalurbano\/violencia-de-genero-quebranto-medidas-cautelares-que-tenia-con-su-ex-y-fue-aprehendido\/#article","isPartOf":{"@id":"https:\/\/experienciadevida.com.ar\/portalurbano\/violencia-de-genero-quebranto-medidas-cautelares-que-tenia-con-su-ex-y-fue-aprehendido\/"},"author":{"name":"admpu17wp","@id":"https:\/\/experienciadevida.com.ar\/portalurbano\/#\/schema\/person\/02dd326b1c4b056e9cc972486934a3a7"},"headline":"Violencia de G\u00e9nero: Quebrant\u00f3 medidas cautelares que ten\u00eda con su ex y fue aprehendido","datePublished":"2020-08-20T00:07:33+00:00","dateModified":"2020-08-20T14:20:01+00:00","mainEntityOfPage":{"@id":"https:\/\/experienciadevida.com.ar\/portalurbano\/violencia-de-genero-quebranto-medidas-cautelares-que-tenia-con-su-ex-y-fue-aprehendido\/"},"wordCount":121,"publisher":{"@id":"https:\/\/experienciadevida.com.ar\/portalurbano\/#organization"},"articleSection":["Destacadas","Policiales"],"inLanguage":"es"},{"@type":"WebPage","@id":"https:\/\/experienciadevida.com.ar\/portalurbano\/violencia-de-genero-quebranto-medidas-cautelares-que-tenia-con-su-ex-y-fue-aprehendido\/","url":"https:\/\/experienciadevida.com.ar\/portalurbano\/violencia-de-genero-quebranto-medidas-cautelares-que-tenia-con-su-ex-y-fue-aprehendido\/","name":"Violencia de G\u00e9nero: Quebrant\u00f3 medidas cautelares","isPartOf":{"@id":"https:\/\/experienciadevida.com.ar\/portalurbano\/#website"},"datePublished":"2020-08-20T00:07:33+00:00","dateModified":"2020-08-20T14:20:01+00:00","description":"Violencia de G\u00e9nero: Quebrant\u00f3 medidas cautelares que ten\u00eda con su ex y fue aprehendido. En el d\u00eda de ayer, el personal del Comando...","breadcrumb":{"@id":"https:\/\/experienciadevida.com.ar\/portalurbano\/violencia-de-genero-quebranto-medidas-cautelares-que-tenia-con-su-ex-y-fue-aprehendido\/#breadcrumb"},"inLanguage":"es","potentialAction":[{"@type":"ReadAction","target":["https:\/\/experienciadevida.com.ar\/portalurbano\/violencia-de-genero-quebranto-medidas-cautelares-que-tenia-con-su-ex-y-fue-aprehendido\/"]}]},{"@type":"BreadcrumbList","@id":"https:\/\/experienciadevida.com.ar\/portalurbano\/violencia-de-genero-quebranto-medidas-cautelares-que-tenia-con-su-ex-y-fue-aprehendido\/#breadcrumb","itemListElement":[{"@type":"ListItem","position":1,"name":"Portada","item":"https:\/\/experienciadevida.com.ar\/portalurbano\/"},{"@type":"ListItem","position":2,"name":"Violencia de G\u00e9nero: Quebrant\u00f3 medidas cautelares que ten\u00eda con su ex y fue aprehendido"}]},{"@type":"WebSite","@id":"https:\/\/experienciadevida.com.ar\/portalurbano\/#website","url":"https:\/\/experienciadevida.com.ar\/portalurbano\/","name":"","description":"","publisher":{"@id":"https:\/\/experienciadevida.com.ar\/portalurbano\/#organization"},"potentialAction":[{"@type":"SearchAction","target":{"@type":"EntryPoint","urlTemplate":"https:\/\/experienciadevida.com.ar\/portalurbano\/?s={search_term_string}"},"query-input":"required name=search_term_string"}],"inLanguage":"es"},{"@type":"Organization","@id":"https:\/\/experienciadevida.com.ar\/portalurbano\/#organization","name":"Portal Urbano","url":"https:\/\/experienciadevida.com.ar\/portalurbano\/","logo":{"@type":"ImageObject","inLanguage":"es","@id":"https:\/\/experienciadevida.com.ar\/portalurbano\/#\/schema\/logo\/image\/","url":"https:\/\/experienciadevida.com.ar\/portalurbano\/wp-content\/uploads\/2019\/09\/Logo-Original.png","contentUrl":"https:\/\/experienciadevida.com.ar\/portalurbano\/wp-content\/uploads\/2019\/09\/Logo-Original.png","width":2236,"height":1216,"caption":"Portal Urbano"},"image":{"@id":"https:\/\/experienciadevida.com.ar\/portalurbano\/#\/schema\/logo\/image\/"},"sameAs":["https:\/\/www.facebook.com\/Portal-Urbano-171542830093757\/","https:\/\/twitter.com\/portalurbanook","https:\/\/www.instagram.com\/_portalurbano\/","https:\/\/www.youtube.com\/channel\/UCXhagIfszH8KxFiOok79zbA?view_as=subscriber"]},{"@type":"Person","@id":"https:\/\/experienciadevida.com.ar\/portalurbano\/#\/schema\/person\/02dd326b1c4b056e9cc972486934a3a7","name":"admpu17wp","image":{"@type":"ImageObject","inLanguage":"es","@id":"https:\/\/experienciadevida.com.ar\/portalurbano\/#\/schema\/person\/image\/","url":"https:\/\/secure.gravatar.com\/avatar\/830d4c57adaae6630765e449a6908047?s=96&d=mm&r=g","contentUrl":"https:\/\/secure.gravatar.com\/avatar\/830d4c57adaae6630765e449a6908047?s=96&d=mm&r=g","caption":"admpu17wp"}}]}},"featured_image_urls":{"full":["https:\/\/experienciadevida.com.ar\/portalurbano\/wp-content\/uploads\/2020\/08\/COMANDOPATRULLA-1-1.jpg",750,409,false],"thumbnail":["https:\/\/experienciadevida.com.ar\/portalurbano\/wp-content\/uploads\/2020\/08\/COMANDOPATRULLA-1-1-150x150.jpg",150,150,true],"medium":["https:\/\/experienciadevida.com.ar\/portalurbano\/wp-content\/uploads\/2020\/08\/COMANDOPATRULLA-1-1-300x164.jpg",300,164,true],"medium_large":["https:\/\/experienciadevida.com.ar\/portalurbano\/wp-content\/uploads\/2020\/08\/COMANDOPATRULLA-1-1.jpg",640,349,false],"large":["https:\/\/experienciadevida.com.ar\/portalurbano\/wp-content\/uploads\/2020\/08\/COMANDOPATRULLA-1-1.jpg",640,349,false],"ug_big":["https:\/\/experienciadevida.com.ar\/portalurbano\/wp-content\/uploads\/2020\/08\/COMANDOPATRULLA-1-1.jpg",750,409,false],"1536x1536":["https:\/\/experienciadevida.com.ar\/portalurbano\/wp-content\/uploads\/2020\/08\/COMANDOPATRULLA-1-1.jpg",750,409,false],"2048x2048":["https:\/\/experienciadevida.com.ar\/portalurbano\/wp-content\/uploads\/2020\/08\/COMANDOPATRULLA-1-1.jpg",750,409,false],"newsever-slider-full":["https:\/\/experienciadevida.com.ar\/portalurbano\/wp-content\/uploads\/2020\/08\/COMANDOPATRULLA-1-1.jpg",750,409,false],"newsever-featured":["https:\/\/experienciadevida.com.ar\/portalurbano\/wp-content\/uploads\/2020\/08\/COMANDOPATRULLA-1-1.jpg",750,409,false],"newsever-medium":["https:\/\/experienciadevida.com.ar\/portalurbano\/wp-content\/uploads\/2020\/08\/COMANDOPATRULLA-1-1.jpg",720,393,false],"web-stories-poster-portrait":["https:\/\/experienciadevida.com.ar\/portalurbano\/wp-content\/uploads\/2020\/08\/COMANDOPATRULLA-1-1.jpg",640,349,false],"web-stories-publisher-logo":["https:\/\/experienciadevida.com.ar\/portalurbano\/wp-content\/uploads\/2020\/08\/COMANDOPATRULLA-1-1.jpg",96,52,false],"web-stories-thumbnail":["https:\/\/experienciadevida.com.ar\/portalurbano\/wp-content\/uploads\/2020\/08\/COMANDOPATRULLA-1-1.jpg",150,82,false]},"author_info":{"display_name":"admpu17wp","author_link":"https:\/\/experienciadevida.com.ar\/portalurbano\/author\/admpu17wp\/"},"category_info":"<a href=\"https:\/\/experienciadevida.com.ar\/portalurbano\/category\/destacadas\/\" rel=\"category tag\">Destacadas<\/a> <a href=\"https:\/\/experienciadevida.com.ar\/portalurbano\/category\/policiales\/\" rel=\"category tag\">Policiales<\/a>","tag_info":"Policiales","comment_count":"0","amp_enabled":true,"_links":{"self":[{"href":"https:\/\/experienciadevida.com.ar\/portalurbano\/wp-json\/wp\/v2\/posts\/118587"}],"collection":[{"href":"https:\/\/experienciadevida.com.ar\/portalurbano\/wp-json\/wp\/v2\/posts"}],"about":[{"href":"https:\/\/experienciadevida.com.ar\/portalurbano\/wp-json\/wp\/v2\/types\/post"}],"author":[{"embeddable":true,"href":"https:\/\/experienciadevida.com.ar\/portalurbano\/wp-json\/wp\/v2\/users\/1"}],"replies":[{"embeddable":true,"href":"https:\/\/experienciadevida.com.ar\/portalurbano\/wp-json\/wp\/v2\/comments?post=118587"}],"version-history":[{"count":2,"href":"https:\/\/experienciadevida.com.ar\/portalurbano\/wp-json\/wp\/v2\/posts\/118587\/revisions"}],"predecessor-version":[{"id":118596,"href":"https:\/\/experienciadevida.com.ar\/portalurbano\/wp-json\/wp\/v2\/posts\/118587\/revisions\/118596"}],"wp:featuredmedia":[{"embeddable":true,"href":"https:\/\/experienciadevida.com.ar\/portalurbano\/wp-json\/wp\/v2\/media\/118598"}],"wp:attachment":[{"href":"https:\/\/experienciadevida.com.ar\/portalurbano\/wp-json\/wp\/v2\/media?parent=118587"}],"wp:term":[{"taxonomy":"category","embeddable":true,"href":"https:\/\/experienciadevida.com.ar\/portalurbano\/wp-json\/wp\/v2\/categories?post=118587"},{"taxonomy":"post_tag","embeddable":true,"href":"https:\/\/experienciadevida.com.ar\/portalurbano\/wp-json\/wp\/v2\/tags?post=118587"}],"curies":[{"name":"wp","href":"https:\/\/api.w.org\/{rel}","templated":true}]}}