{"id":118254,"date":"2020-08-16T17:07:08","date_gmt":"2020-08-16T20:07:08","guid":{"rendered":"https:\/\/experienciadevida.com.ar\/portalurbano\/?p=118254"},"modified":"2020-08-16T17:07:10","modified_gmt":"2020-08-16T20:07:10","slug":"la-ciudad-se-vistio-de-colores-para-agasajar-a-los-ninos-y-ninas-en-su-dia","status":"publish","type":"post","link":"https:\/\/experienciadevida.com.ar\/portalurbano\/la-ciudad-se-vistio-de-colores-para-agasajar-a-los-ninos-y-ninas-en-su-dia\/","title":{"rendered":"La ciudad se visti\u00f3 de colores para agasajar a los Ni\u00f1os y Ni\u00f1as en su d\u00eda"},"content":{"rendered":"<p>En la semana se replico por\u00a0 WhatsApp una invitaci\u00f3n a sumarse para que este domingo sea diferente. En el mismo propon\u00eda que la ciudad amanezca distinta, que cada casa tenga una guirnalda o globos algo que llenen de color y les regale una sonrisa a los ni\u00f1os y ni\u00f1as de nuestra ciudad.<\/p>\n<p><a href=\"https:\/\/experienciadevida.com.ar\/portalurbano\/la-ciudad-se-vistio-de-colores-para-agasajar-a-los-ninos-y-ninas-en-su-dia\/viral-2\/\" rel=\"attachment wp-att-118255\"><img decoding=\"async\" class=\" wp-image-118255 aligncenter\" src=\"https:\/\/experienciadevida.com.ar\/portalurbano\/wp-content\/uploads\/2020\/08\/viral.jpg\" alt=\"\" width=\"626\" height=\"408\" srcset=\"https:\/\/experienciadevida.com.ar\/portalurbano\/wp-content\/uploads\/2020\/08\/viral.jpg 488w, https:\/\/experienciadevida.com.ar\/portalurbano\/wp-content\/uploads\/2020\/08\/viral-300x195.jpg 300w\" sizes=\"(max-width: 626px) 100vw, 626px\" \/><\/a><\/p>\n<p>Esta iniciativa se replic\u00f3 en distintos \u00a0barrios de la ciudad como Barrio Ceco I, Plaza Dr Sabin, Barrio Mart\u00edn Fierro entre otros.<\/p>\n<p><a href=\"https:\/\/experienciadevida.com.ar\/portalurbano\/la-ciudad-se-vistio-de-colores-para-agasajar-a-los-ninos-y-ninas-en-su-dia\/a50b6d2f-410f-4559-9eca-b64bb6ad102a\/\" rel=\"attachment wp-att-118256\"><img decoding=\"async\" class=\"alignnone size-full wp-image-118256\" src=\"https:\/\/experienciadevida.com.ar\/portalurbano\/wp-content\/uploads\/2020\/08\/a50b6d2f-410f-4559-9eca-b64bb6ad102a.jpg\" alt=\"\" width=\"750\" height=\"371\" srcset=\"https:\/\/experienciadevida.com.ar\/portalurbano\/wp-content\/uploads\/2020\/08\/a50b6d2f-410f-4559-9eca-b64bb6ad102a.jpg 750w, https:\/\/experienciadevida.com.ar\/portalurbano\/wp-content\/uploads\/2020\/08\/a50b6d2f-410f-4559-9eca-b64bb6ad102a-300x148.jpg 300w\" sizes=\"(max-width: 750px) 100vw, 750px\" \/><\/a> <a href=\"https:\/\/experienciadevida.com.ar\/portalurbano\/la-ciudad-se-vistio-de-colores-para-agasajar-a-los-ninos-y-ninas-en-su-dia\/acdac4ab-442b-46ff-96cc-513359402c1c\/\" rel=\"attachment wp-att-118257\"><img decoding=\"async\" class=\"alignnone size-full wp-image-118257\" src=\"https:\/\/experienciadevida.com.ar\/portalurbano\/wp-content\/uploads\/2020\/08\/acdac4ab-442b-46ff-96cc-513359402c1c.jpg\" alt=\"\" width=\"750\" height=\"451\" srcset=\"https:\/\/experienciadevida.com.ar\/portalurbano\/wp-content\/uploads\/2020\/08\/acdac4ab-442b-46ff-96cc-513359402c1c.jpg 750w, https:\/\/experienciadevida.com.ar\/portalurbano\/wp-content\/uploads\/2020\/08\/acdac4ab-442b-46ff-96cc-513359402c1c-300x180.jpg 300w\" sizes=\"(max-width: 750px) 100vw, 750px\" \/><\/a> <a href=\"https:\/\/experienciadevida.com.ar\/portalurbano\/la-ciudad-se-vistio-de-colores-para-agasajar-a-los-ninos-y-ninas-en-su-dia\/3a92c006-c7f6-44ad-afa7-9b9708fa48be\/\" rel=\"attachment wp-att-118258\"><img decoding=\"async\" class=\"alignnone size-full wp-image-118258\" src=\"https:\/\/experienciadevida.com.ar\/portalurbano\/wp-content\/uploads\/2020\/08\/3a92c006-c7f6-44ad-afa7-9b9708fa48be.jpg\" alt=\"\" width=\"750\" height=\"422\" srcset=\"https:\/\/experienciadevida.com.ar\/portalurbano\/wp-content\/uploads\/2020\/08\/3a92c006-c7f6-44ad-afa7-9b9708fa48be.jpg 750w, https:\/\/experienciadevida.com.ar\/portalurbano\/wp-content\/uploads\/2020\/08\/3a92c006-c7f6-44ad-afa7-9b9708fa48be-300x169.jpg 300w\" sizes=\"(max-width: 750px) 100vw, 750px\" \/><\/a> <a href=\"https:\/\/experienciadevida.com.ar\/portalurbano\/la-ciudad-se-vistio-de-colores-para-agasajar-a-los-ninos-y-ninas-en-su-dia\/7b359e25-18a4-48e6-be4e-8183adb4d308\/\" rel=\"attachment wp-att-118259\"><img decoding=\"async\" class=\"alignnone size-full wp-image-118259\" src=\"https:\/\/experienciadevida.com.ar\/portalurbano\/wp-content\/uploads\/2020\/08\/7b359e25-18a4-48e6-be4e-8183adb4d308.jpg\" alt=\"\" width=\"750\" height=\"1152\" srcset=\"https:\/\/experienciadevida.com.ar\/portalurbano\/wp-content\/uploads\/2020\/08\/7b359e25-18a4-48e6-be4e-8183adb4d308.jpg 750w, https:\/\/experienciadevida.com.ar\/portalurbano\/wp-content\/uploads\/2020\/08\/7b359e25-18a4-48e6-be4e-8183adb4d308-195x300.jpg 195w, https:\/\/experienciadevida.com.ar\/portalurbano\/wp-content\/uploads\/2020\/08\/7b359e25-18a4-48e6-be4e-8183adb4d308-667x1024.jpg 667w, https:\/\/experienciadevida.com.ar\/portalurbano\/wp-content\/uploads\/2020\/08\/7b359e25-18a4-48e6-be4e-8183adb4d308-500x768.jpg 500w\" sizes=\"(max-width: 750px) 100vw, 750px\" \/><\/a> <a href=\"https:\/\/experienciadevida.com.ar\/portalurbano\/la-ciudad-se-vistio-de-colores-para-agasajar-a-los-ninos-y-ninas-en-su-dia\/191ea381-464f-4feb-8aa8-acab9dafa055\/\" rel=\"attachment wp-att-118260\"><img decoding=\"async\" class=\"alignnone size-full wp-image-118260\" src=\"https:\/\/experienciadevida.com.ar\/portalurbano\/wp-content\/uploads\/2020\/08\/191ea381-464f-4feb-8aa8-acab9dafa055.jpg\" alt=\"\" width=\"750\" height=\"422\" srcset=\"https:\/\/experienciadevida.com.ar\/portalurbano\/wp-content\/uploads\/2020\/08\/191ea381-464f-4feb-8aa8-acab9dafa055.jpg 750w, https:\/\/experienciadevida.com.ar\/portalurbano\/wp-content\/uploads\/2020\/08\/191ea381-464f-4feb-8aa8-acab9dafa055-300x169.jpg 300w\" sizes=\"(max-width: 750px) 100vw, 750px\" \/><\/a> <a href=\"https:\/\/experienciadevida.com.ar\/portalurbano\/la-ciudad-se-vistio-de-colores-para-agasajar-a-los-ninos-y-ninas-en-su-dia\/7df0c020-219d-4a9a-a0e7-564d05ecee95\/\" rel=\"attachment wp-att-118261\"><img decoding=\"async\" class=\"alignnone size-full wp-image-118261\" src=\"https:\/\/experienciadevida.com.ar\/portalurbano\/wp-content\/uploads\/2020\/08\/7df0c020-219d-4a9a-a0e7-564d05ecee95.jpg\" alt=\"\" width=\"750\" height=\"500\" srcset=\"https:\/\/experienciadevida.com.ar\/portalurbano\/wp-content\/uploads\/2020\/08\/7df0c020-219d-4a9a-a0e7-564d05ecee95.jpg 750w, https:\/\/experienciadevida.com.ar\/portalurbano\/wp-content\/uploads\/2020\/08\/7df0c020-219d-4a9a-a0e7-564d05ecee95-300x200.jpg 300w\" sizes=\"(max-width: 750px) 100vw, 750px\" \/><\/a> <a href=\"https:\/\/experienciadevida.com.ar\/portalurbano\/la-ciudad-se-vistio-de-colores-para-agasajar-a-los-ninos-y-ninas-en-su-dia\/65e1ecdf-fa65-4cbe-84df-91e51d82d839\/\" rel=\"attachment wp-att-118262\"><img decoding=\"async\" class=\"alignnone size-full wp-image-118262\" src=\"https:\/\/experienciadevida.com.ar\/portalurbano\/wp-content\/uploads\/2020\/08\/65e1ecdf-fa65-4cbe-84df-91e51d82d839.jpg\" alt=\"\" width=\"750\" height=\"500\" srcset=\"https:\/\/experienciadevida.com.ar\/portalurbano\/wp-content\/uploads\/2020\/08\/65e1ecdf-fa65-4cbe-84df-91e51d82d839.jpg 750w, https:\/\/experienciadevida.com.ar\/portalurbano\/wp-content\/uploads\/2020\/08\/65e1ecdf-fa65-4cbe-84df-91e51d82d839-300x200.jpg 300w\" sizes=\"(max-width: 750px) 100vw, 750px\" \/><\/a> <a href=\"https:\/\/experienciadevida.com.ar\/portalurbano\/la-ciudad-se-vistio-de-colores-para-agasajar-a-los-ninos-y-ninas-en-su-dia\/117855078_2720655191546509_642309337002255846_n\/\" rel=\"attachment wp-att-118263\"><img decoding=\"async\" class=\"alignnone size-full wp-image-118263\" src=\"https:\/\/experienciadevida.com.ar\/portalurbano\/wp-content\/uploads\/2020\/08\/117855078_2720655191546509_642309337002255846_n.jpg\" alt=\"\" width=\"750\" height=\"734\" srcset=\"https:\/\/experienciadevida.com.ar\/portalurbano\/wp-content\/uploads\/2020\/08\/117855078_2720655191546509_642309337002255846_n.jpg 750w, https:\/\/experienciadevida.com.ar\/portalurbano\/wp-content\/uploads\/2020\/08\/117855078_2720655191546509_642309337002255846_n-300x294.jpg 300w\" sizes=\"(max-width: 750px) 100vw, 750px\" \/><\/a> <a href=\"https:\/\/experienciadevida.com.ar\/portalurbano\/la-ciudad-se-vistio-de-colores-para-agasajar-a-los-ninos-y-ninas-en-su-dia\/117853890_742303029675332_8834876132197646294_n\/\" rel=\"attachment wp-att-118264\"><img decoding=\"async\" class=\"alignnone size-full wp-image-118264\" src=\"https:\/\/experienciadevida.com.ar\/portalurbano\/wp-content\/uploads\/2020\/08\/117853890_742303029675332_8834876132197646294_n.jpg\" alt=\"\" width=\"750\" height=\"680\" srcset=\"https:\/\/experienciadevida.com.ar\/portalurbano\/wp-content\/uploads\/2020\/08\/117853890_742303029675332_8834876132197646294_n.jpg 750w, https:\/\/experienciadevida.com.ar\/portalurbano\/wp-content\/uploads\/2020\/08\/117853890_742303029675332_8834876132197646294_n-300x272.jpg 300w\" sizes=\"(max-width: 750px) 100vw, 750px\" \/><\/a> <a href=\"https:\/\/experienciadevida.com.ar\/portalurbano\/la-ciudad-se-vistio-de-colores-para-agasajar-a-los-ninos-y-ninas-en-su-dia\/117716926_639520996684612_1346636357020710304_n\/\" rel=\"attachment wp-att-118265\"><img decoding=\"async\" class=\"alignnone size-full wp-image-118265\" src=\"https:\/\/experienciadevida.com.ar\/portalurbano\/wp-content\/uploads\/2020\/08\/117716926_639520996684612_1346636357020710304_n.jpg\" alt=\"\" width=\"750\" height=\"881\" srcset=\"https:\/\/experienciadevida.com.ar\/portalurbano\/wp-content\/uploads\/2020\/08\/117716926_639520996684612_1346636357020710304_n.jpg 750w, https:\/\/experienciadevida.com.ar\/portalurbano\/wp-content\/uploads\/2020\/08\/117716926_639520996684612_1346636357020710304_n-255x300.jpg 255w, https:\/\/experienciadevida.com.ar\/portalurbano\/wp-content\/uploads\/2020\/08\/117716926_639520996684612_1346636357020710304_n-654x768.jpg 654w\" sizes=\"(max-width: 750px) 100vw, 750px\" \/><\/a> <a href=\"https:\/\/experienciadevida.com.ar\/portalurbano\/la-ciudad-se-vistio-de-colores-para-agasajar-a-los-ninos-y-ninas-en-su-dia\/117859186_684698678925637_4610944738563313038_n\/\" rel=\"attachment wp-att-118266\"><img decoding=\"async\" class=\"alignnone size-full wp-image-118266\" src=\"https:\/\/experienciadevida.com.ar\/portalurbano\/wp-content\/uploads\/2020\/08\/117859186_684698678925637_4610944738563313038_n.jpg\" alt=\"\" width=\"750\" height=\"689\" srcset=\"https:\/\/experienciadevida.com.ar\/portalurbano\/wp-content\/uploads\/2020\/08\/117859186_684698678925637_4610944738563313038_n.jpg 750w, https:\/\/experienciadevida.com.ar\/portalurbano\/wp-content\/uploads\/2020\/08\/117859186_684698678925637_4610944738563313038_n-300x276.jpg 300w\" sizes=\"(max-width: 750px) 100vw, 750px\" \/><\/a> <a href=\"https:\/\/experienciadevida.com.ar\/portalurbano\/la-ciudad-se-vistio-de-colores-para-agasajar-a-los-ninos-y-ninas-en-su-dia\/118093537_316705859685180_8266859758779287101_n\/\" rel=\"attachment wp-att-118267\"><img decoding=\"async\" class=\"alignnone size-full wp-image-118267\" src=\"https:\/\/experienciadevida.com.ar\/portalurbano\/wp-content\/uploads\/2020\/08\/118093537_316705859685180_8266859758779287101_n.jpg\" alt=\"\" width=\"750\" height=\"620\" srcset=\"https:\/\/experienciadevida.com.ar\/portalurbano\/wp-content\/uploads\/2020\/08\/118093537_316705859685180_8266859758779287101_n.jpg 750w, https:\/\/experienciadevida.com.ar\/portalurbano\/wp-content\/uploads\/2020\/08\/118093537_316705859685180_8266859758779287101_n-300x248.jpg 300w\" sizes=\"(max-width: 750px) 100vw, 750px\" \/><\/a> <a href=\"https:\/\/experienciadevida.com.ar\/portalurbano\/la-ciudad-se-vistio-de-colores-para-agasajar-a-los-ninos-y-ninas-en-su-dia\/fa0db92f-15fa-48f9-bbe2-21c3ad9ffd9b\/\" rel=\"attachment wp-att-118268\"><img decoding=\"async\" class=\"alignnone  wp-image-118268\" src=\"https:\/\/experienciadevida.com.ar\/portalurbano\/wp-content\/uploads\/2020\/08\/fa0db92f-15fa-48f9-bbe2-21c3ad9ffd9b.jpg\" alt=\"\" width=\"749\" height=\"499\" srcset=\"https:\/\/experienciadevida.com.ar\/portalurbano\/wp-content\/uploads\/2020\/08\/fa0db92f-15fa-48f9-bbe2-21c3ad9ffd9b.jpg 1280w, https:\/\/experienciadevida.com.ar\/portalurbano\/wp-content\/uploads\/2020\/08\/fa0db92f-15fa-48f9-bbe2-21c3ad9ffd9b-300x200.jpg 300w, https:\/\/experienciadevida.com.ar\/portalurbano\/wp-content\/uploads\/2020\/08\/fa0db92f-15fa-48f9-bbe2-21c3ad9ffd9b-1024x682.jpg 1024w, https:\/\/experienciadevida.com.ar\/portalurbano\/wp-content\/uploads\/2020\/08\/fa0db92f-15fa-48f9-bbe2-21c3ad9ffd9b-768x512.jpg 768w\" sizes=\"(max-width: 749px) 100vw, 749px\" \/><\/a><\/p>\n<p>En el marco de las celebraciones por el d\u00eda del ni\u00f1o la direcci\u00f3n de pol\u00edticas de genero impuls\u00f3 la campa\u00f1a de comunicaci\u00f3n p\u00fablica \u00a8Por infancias sin etiquetas\u00a8 sobre roles y estereotipos de g\u00e9nero en la infancia a trav\u00e9s del juego.<\/p>\n<p>La idea de la campa\u00f1a es romper con los esquemas binarios \u00a8juguetes de nene\/nena\u00a8, proponer otras maneras de vivir esta etapa y abrir la posibilidad a las infancias de descubrir, y dejar que sean libres de experimentar y disfrutar de diversas din\u00e1micas a la hora del juego, \u00a0no s\u00f3lo aquellas asignadas culturalmente de acuerdo a la divisi\u00f3n gen\u00e9rica.<\/p>\n<p>En el juego se ensayan roles sociales y se involucran valores, mandatos y esquemas culturales fundamentales, como el trabajo, el cuidado de las crianzas, el poder,\u00a0 el ejercicio de la violencia, las tareas dom\u00e9sticas, las jerarqu\u00edas, el trabajo en equipo, el ejercicio de profesiones, por mencionar s\u00f3lo algunas. Todas y cada una de ellas toman forma en un juguete, juego o din\u00e1mica recreativa, por eso el ejercicio de ellos no es inocente, porque van configurando las identidades y ensayando el desarrollo de lo que ser\u00e1 la vida adulta, donde se plasman muchas de estas estructuras en las que ellos y ellas se visualizan desde el juego.<\/p>\n","protected":false},"excerpt":{"rendered":"<p>En la semana se replico por\u00a0 WhatsApp una invitaci\u00f3n a sumarse para que este domingo&#8230;<\/p>\n","protected":false},"author":1,"featured_media":118262,"comment_status":"closed","ping_status":"closed","sticky":false,"template":"","format":"standard","meta":{"content-type":""},"categories":[27,51],"tags":[],"nelio_content":{"isAutoShareEnabled":false,"autoShareEndMode":"default","automationSources":{"useContentSentences":true,"useSocialTemplates":true,"useCustomSentences":false,"customSentences":[]},"followers":[1],"suggestedReferences":[],"includedReferences":[],"efiUrl":"","efiAlt":"","highlights":[]},"yoast_head":"<!-- This site is optimized with the Yoast SEO plugin v20.7 - https:\/\/yoast.com\/wordpress\/plugins\/seo\/ -->\n<title>La ciudad se visti\u00f3 de colores para agasajar a los Ni\u00f1os y Ni\u00f1as en su d\u00eda -<\/title>\n<meta name=\"robots\" content=\"index, follow, max-snippet:-1, max-image-preview:large, max-video-preview:-1\" \/>\n<link rel=\"canonical\" href=\"https:\/\/experienciadevida.com.ar\/portalurbano\/la-ciudad-se-vistio-de-colores-para-agasajar-a-los-ninos-y-ninas-en-su-dia\/\" \/>\n<meta property=\"og:locale\" content=\"es_ES\" \/>\n<meta property=\"og:type\" content=\"article\" \/>\n<meta property=\"og:title\" content=\"La ciudad se visti\u00f3 de colores para agasajar a los Ni\u00f1os y Ni\u00f1as en su d\u00eda -\" \/>\n<meta property=\"og:description\" content=\"En la semana se replico por\u00a0 WhatsApp una invitaci\u00f3n a sumarse para que este domingo...\" \/>\n<meta property=\"og:url\" content=\"https:\/\/experienciadevida.com.ar\/portalurbano\/la-ciudad-se-vistio-de-colores-para-agasajar-a-los-ninos-y-ninas-en-su-dia\/\" \/>\n<meta property=\"article:publisher\" content=\"https:\/\/www.facebook.com\/Portal-Urbano-171542830093757\/\" \/>\n<meta property=\"article:published_time\" content=\"2020-08-16T20:07:08+00:00\" \/>\n<meta property=\"article:modified_time\" content=\"2020-08-16T20:07:10+00:00\" \/>\n<meta property=\"og:image\" content=\"https:\/\/experienciadevida.com.ar\/portalurbano\/wp-content\/uploads\/2020\/08\/65e1ecdf-fa65-4cbe-84df-91e51d82d839.jpg\" \/>\n\t<meta property=\"og:image:width\" content=\"750\" \/>\n\t<meta property=\"og:image:height\" content=\"500\" \/>\n\t<meta property=\"og:image:type\" content=\"image\/jpeg\" \/>\n<meta name=\"author\" content=\"admpu17wp\" \/>\n<meta name=\"twitter:card\" content=\"summary_large_image\" \/>\n<meta name=\"twitter:creator\" content=\"@portalurbanook\" \/>\n<meta name=\"twitter:site\" content=\"@portalurbanook\" \/>\n<meta name=\"twitter:label1\" content=\"Escrito por\" \/>\n\t<meta name=\"twitter:data1\" content=\"admpu17wp\" \/>\n\t<meta name=\"twitter:label2\" content=\"Tiempo de lectura\" \/>\n\t<meta name=\"twitter:data2\" content=\"2 minutos\" \/>\n<script type=\"application\/ld+json\" class=\"yoast-schema-graph\">{\"@context\":\"https:\/\/schema.org\",\"@graph\":[{\"@type\":\"Article\",\"@id\":\"https:\/\/experienciadevida.com.ar\/portalurbano\/la-ciudad-se-vistio-de-colores-para-agasajar-a-los-ninos-y-ninas-en-su-dia\/#article\",\"isPartOf\":{\"@id\":\"https:\/\/experienciadevida.com.ar\/portalurbano\/la-ciudad-se-vistio-de-colores-para-agasajar-a-los-ninos-y-ninas-en-su-dia\/\"},\"author\":{\"name\":\"admpu17wp\",\"@id\":\"https:\/\/experienciadevida.com.ar\/portalurbano\/#\/schema\/person\/02dd326b1c4b056e9cc972486934a3a7\"},\"headline\":\"La ciudad se visti\u00f3 de colores para agasajar a los Ni\u00f1os y Ni\u00f1as en su d\u00eda\",\"datePublished\":\"2020-08-16T20:07:08+00:00\",\"dateModified\":\"2020-08-16T20:07:10+00:00\",\"mainEntityOfPage\":{\"@id\":\"https:\/\/experienciadevida.com.ar\/portalurbano\/la-ciudad-se-vistio-de-colores-para-agasajar-a-los-ninos-y-ninas-en-su-dia\/\"},\"wordCount\":321,\"publisher\":{\"@id\":\"https:\/\/experienciadevida.com.ar\/portalurbano\/#organization\"},\"articleSection\":[\"Ciudad\",\"Destacadas\"],\"inLanguage\":\"es\"},{\"@type\":\"WebPage\",\"@id\":\"https:\/\/experienciadevida.com.ar\/portalurbano\/la-ciudad-se-vistio-de-colores-para-agasajar-a-los-ninos-y-ninas-en-su-dia\/\",\"url\":\"https:\/\/experienciadevida.com.ar\/portalurbano\/la-ciudad-se-vistio-de-colores-para-agasajar-a-los-ninos-y-ninas-en-su-dia\/\",\"name\":\"La ciudad se visti\u00f3 de colores para agasajar a los Ni\u00f1os y Ni\u00f1as en su d\u00eda -\",\"isPartOf\":{\"@id\":\"https:\/\/experienciadevida.com.ar\/portalurbano\/#website\"},\"datePublished\":\"2020-08-16T20:07:08+00:00\",\"dateModified\":\"2020-08-16T20:07:10+00:00\",\"breadcrumb\":{\"@id\":\"https:\/\/experienciadevida.com.ar\/portalurbano\/la-ciudad-se-vistio-de-colores-para-agasajar-a-los-ninos-y-ninas-en-su-dia\/#breadcrumb\"},\"inLanguage\":\"es\",\"potentialAction\":[{\"@type\":\"ReadAction\",\"target\":[\"https:\/\/experienciadevida.com.ar\/portalurbano\/la-ciudad-se-vistio-de-colores-para-agasajar-a-los-ninos-y-ninas-en-su-dia\/\"]}]},{\"@type\":\"BreadcrumbList\",\"@id\":\"https:\/\/experienciadevida.com.ar\/portalurbano\/la-ciudad-se-vistio-de-colores-para-agasajar-a-los-ninos-y-ninas-en-su-dia\/#breadcrumb\",\"itemListElement\":[{\"@type\":\"ListItem\",\"position\":1,\"name\":\"Portada\",\"item\":\"https:\/\/experienciadevida.com.ar\/portalurbano\/\"},{\"@type\":\"ListItem\",\"position\":2,\"name\":\"La ciudad se visti\u00f3 de colores para agasajar a los Ni\u00f1os y Ni\u00f1as en su d\u00eda\"}]},{\"@type\":\"WebSite\",\"@id\":\"https:\/\/experienciadevida.com.ar\/portalurbano\/#website\",\"url\":\"https:\/\/experienciadevida.com.ar\/portalurbano\/\",\"name\":\"\",\"description\":\"\",\"publisher\":{\"@id\":\"https:\/\/experienciadevida.com.ar\/portalurbano\/#organization\"},\"potentialAction\":[{\"@type\":\"SearchAction\",\"target\":{\"@type\":\"EntryPoint\",\"urlTemplate\":\"https:\/\/experienciadevida.com.ar\/portalurbano\/?s={search_term_string}\"},\"query-input\":\"required name=search_term_string\"}],\"inLanguage\":\"es\"},{\"@type\":\"Organization\",\"@id\":\"https:\/\/experienciadevida.com.ar\/portalurbano\/#organization\",\"name\":\"Portal Urbano\",\"url\":\"https:\/\/experienciadevida.com.ar\/portalurbano\/\",\"logo\":{\"@type\":\"ImageObject\",\"inLanguage\":\"es\",\"@id\":\"https:\/\/experienciadevida.com.ar\/portalurbano\/#\/schema\/logo\/image\/\",\"url\":\"https:\/\/experienciadevida.com.ar\/portalurbano\/wp-content\/uploads\/2019\/09\/Logo-Original.png\",\"contentUrl\":\"https:\/\/experienciadevida.com.ar\/portalurbano\/wp-content\/uploads\/2019\/09\/Logo-Original.png\",\"width\":2236,\"height\":1216,\"caption\":\"Portal Urbano\"},\"image\":{\"@id\":\"https:\/\/experienciadevida.com.ar\/portalurbano\/#\/schema\/logo\/image\/\"},\"sameAs\":[\"https:\/\/www.facebook.com\/Portal-Urbano-171542830093757\/\",\"https:\/\/twitter.com\/portalurbanook\",\"https:\/\/www.instagram.com\/_portalurbano\/\",\"https:\/\/www.youtube.com\/channel\/UCXhagIfszH8KxFiOok79zbA?view_as=subscriber\"]},{\"@type\":\"Person\",\"@id\":\"https:\/\/experienciadevida.com.ar\/portalurbano\/#\/schema\/person\/02dd326b1c4b056e9cc972486934a3a7\",\"name\":\"admpu17wp\",\"image\":{\"@type\":\"ImageObject\",\"inLanguage\":\"es\",\"@id\":\"https:\/\/experienciadevida.com.ar\/portalurbano\/#\/schema\/person\/image\/\",\"url\":\"https:\/\/secure.gravatar.com\/avatar\/830d4c57adaae6630765e449a6908047?s=96&d=mm&r=g\",\"contentUrl\":\"https:\/\/secure.gravatar.com\/avatar\/830d4c57adaae6630765e449a6908047?s=96&d=mm&r=g\",\"caption\":\"admpu17wp\"}}]}<\/script>\n<!-- \/ Yoast SEO plugin. -->","yoast_head_json":{"title":"La ciudad se visti\u00f3 de colores para agasajar a los Ni\u00f1os y Ni\u00f1as en su d\u00eda -","robots":{"index":"index","follow":"follow","max-snippet":"max-snippet:-1","max-image-preview":"max-image-preview:large","max-video-preview":"max-video-preview:-1"},"canonical":"https:\/\/experienciadevida.com.ar\/portalurbano\/la-ciudad-se-vistio-de-colores-para-agasajar-a-los-ninos-y-ninas-en-su-dia\/","og_locale":"es_ES","og_type":"article","og_title":"La ciudad se visti\u00f3 de colores para agasajar a los Ni\u00f1os y Ni\u00f1as en su d\u00eda -","og_description":"En la semana se replico por\u00a0 WhatsApp una invitaci\u00f3n a sumarse para que este domingo...","og_url":"https:\/\/experienciadevida.com.ar\/portalurbano\/la-ciudad-se-vistio-de-colores-para-agasajar-a-los-ninos-y-ninas-en-su-dia\/","article_publisher":"https:\/\/www.facebook.com\/Portal-Urbano-171542830093757\/","article_published_time":"2020-08-16T20:07:08+00:00","article_modified_time":"2020-08-16T20:07:10+00:00","og_image":[{"width":750,"height":500,"url":"https:\/\/experienciadevida.com.ar\/portalurbano\/wp-content\/uploads\/2020\/08\/65e1ecdf-fa65-4cbe-84df-91e51d82d839.jpg","type":"image\/jpeg"}],"author":"admpu17wp","twitter_card":"summary_large_image","twitter_creator":"@portalurbanook","twitter_site":"@portalurbanook","twitter_misc":{"Escrito por":"admpu17wp","Tiempo de lectura":"2 minutos"},"schema":{"@context":"https:\/\/schema.org","@graph":[{"@type":"Article","@id":"https:\/\/experienciadevida.com.ar\/portalurbano\/la-ciudad-se-vistio-de-colores-para-agasajar-a-los-ninos-y-ninas-en-su-dia\/#article","isPartOf":{"@id":"https:\/\/experienciadevida.com.ar\/portalurbano\/la-ciudad-se-vistio-de-colores-para-agasajar-a-los-ninos-y-ninas-en-su-dia\/"},"author":{"name":"admpu17wp","@id":"https:\/\/experienciadevida.com.ar\/portalurbano\/#\/schema\/person\/02dd326b1c4b056e9cc972486934a3a7"},"headline":"La ciudad se visti\u00f3 de colores para agasajar a los Ni\u00f1os y Ni\u00f1as en su d\u00eda","datePublished":"2020-08-16T20:07:08+00:00","dateModified":"2020-08-16T20:07:10+00:00","mainEntityOfPage":{"@id":"https:\/\/experienciadevida.com.ar\/portalurbano\/la-ciudad-se-vistio-de-colores-para-agasajar-a-los-ninos-y-ninas-en-su-dia\/"},"wordCount":321,"publisher":{"@id":"https:\/\/experienciadevida.com.ar\/portalurbano\/#organization"},"articleSection":["Ciudad","Destacadas"],"inLanguage":"es"},{"@type":"WebPage","@id":"https:\/\/experienciadevida.com.ar\/portalurbano\/la-ciudad-se-vistio-de-colores-para-agasajar-a-los-ninos-y-ninas-en-su-dia\/","url":"https:\/\/experienciadevida.com.ar\/portalurbano\/la-ciudad-se-vistio-de-colores-para-agasajar-a-los-ninos-y-ninas-en-su-dia\/","name":"La ciudad se visti\u00f3 de colores para agasajar a los Ni\u00f1os y Ni\u00f1as en su d\u00eda -","isPartOf":{"@id":"https:\/\/experienciadevida.com.ar\/portalurbano\/#website"},"datePublished":"2020-08-16T20:07:08+00:00","dateModified":"2020-08-16T20:07:10+00:00","breadcrumb":{"@id":"https:\/\/experienciadevida.com.ar\/portalurbano\/la-ciudad-se-vistio-de-colores-para-agasajar-a-los-ninos-y-ninas-en-su-dia\/#breadcrumb"},"inLanguage":"es","potentialAction":[{"@type":"ReadAction","target":["https:\/\/experienciadevida.com.ar\/portalurbano\/la-ciudad-se-vistio-de-colores-para-agasajar-a-los-ninos-y-ninas-en-su-dia\/"]}]},{"@type":"BreadcrumbList","@id":"https:\/\/experienciadevida.com.ar\/portalurbano\/la-ciudad-se-vistio-de-colores-para-agasajar-a-los-ninos-y-ninas-en-su-dia\/#breadcrumb","itemListElement":[{"@type":"ListItem","position":1,"name":"Portada","item":"https:\/\/experienciadevida.com.ar\/portalurbano\/"},{"@type":"ListItem","position":2,"name":"La ciudad se visti\u00f3 de colores para agasajar a los Ni\u00f1os y Ni\u00f1as en su d\u00eda"}]},{"@type":"WebSite","@id":"https:\/\/experienciadevida.com.ar\/portalurbano\/#website","url":"https:\/\/experienciadevida.com.ar\/portalurbano\/","name":"","description":"","publisher":{"@id":"https:\/\/experienciadevida.com.ar\/portalurbano\/#organization"},"potentialAction":[{"@type":"SearchAction","target":{"@type":"EntryPoint","urlTemplate":"https:\/\/experienciadevida.com.ar\/portalurbano\/?s={search_term_string}"},"query-input":"required name=search_term_string"}],"inLanguage":"es"},{"@type":"Organization","@id":"https:\/\/experienciadevida.com.ar\/portalurbano\/#organization","name":"Portal Urbano","url":"https:\/\/experienciadevida.com.ar\/portalurbano\/","logo":{"@type":"ImageObject","inLanguage":"es","@id":"https:\/\/experienciadevida.com.ar\/portalurbano\/#\/schema\/logo\/image\/","url":"https:\/\/experienciadevida.com.ar\/portalurbano\/wp-content\/uploads\/2019\/09\/Logo-Original.png","contentUrl":"https:\/\/experienciadevida.com.ar\/portalurbano\/wp-content\/uploads\/2019\/09\/Logo-Original.png","width":2236,"height":1216,"caption":"Portal Urbano"},"image":{"@id":"https:\/\/experienciadevida.com.ar\/portalurbano\/#\/schema\/logo\/image\/"},"sameAs":["https:\/\/www.facebook.com\/Portal-Urbano-171542830093757\/","https:\/\/twitter.com\/portalurbanook","https:\/\/www.instagram.com\/_portalurbano\/","https:\/\/www.youtube.com\/channel\/UCXhagIfszH8KxFiOok79zbA?view_as=subscriber"]},{"@type":"Person","@id":"https:\/\/experienciadevida.com.ar\/portalurbano\/#\/schema\/person\/02dd326b1c4b056e9cc972486934a3a7","name":"admpu17wp","image":{"@type":"ImageObject","inLanguage":"es","@id":"https:\/\/experienciadevida.com.ar\/portalurbano\/#\/schema\/person\/image\/","url":"https:\/\/secure.gravatar.com\/avatar\/830d4c57adaae6630765e449a6908047?s=96&d=mm&r=g","contentUrl":"https:\/\/secure.gravatar.com\/avatar\/830d4c57adaae6630765e449a6908047?s=96&d=mm&r=g","caption":"admpu17wp"}}]}},"featured_image_urls":{"full":["https:\/\/experienciadevida.com.ar\/portalurbano\/wp-content\/uploads\/2020\/08\/65e1ecdf-fa65-4cbe-84df-91e51d82d839.jpg",750,500,false],"thumbnail":["https:\/\/experienciadevida.com.ar\/portalurbano\/wp-content\/uploads\/2020\/08\/65e1ecdf-fa65-4cbe-84df-91e51d82d839-150x150.jpg",150,150,true],"medium":["https:\/\/experienciadevida.com.ar\/portalurbano\/wp-content\/uploads\/2020\/08\/65e1ecdf-fa65-4cbe-84df-91e51d82d839-300x200.jpg",300,200,true],"medium_large":["https:\/\/experienciadevida.com.ar\/portalurbano\/wp-content\/uploads\/2020\/08\/65e1ecdf-fa65-4cbe-84df-91e51d82d839.jpg",640,427,false],"large":["https:\/\/experienciadevida.com.ar\/portalurbano\/wp-content\/uploads\/2020\/08\/65e1ecdf-fa65-4cbe-84df-91e51d82d839.jpg",640,427,false],"ug_big":["https:\/\/experienciadevida.com.ar\/portalurbano\/wp-content\/uploads\/2020\/08\/65e1ecdf-fa65-4cbe-84df-91e51d82d839.jpg",750,500,false],"1536x1536":["https:\/\/experienciadevida.com.ar\/portalurbano\/wp-content\/uploads\/2020\/08\/65e1ecdf-fa65-4cbe-84df-91e51d82d839.jpg",750,500,false],"2048x2048":["https:\/\/experienciadevida.com.ar\/portalurbano\/wp-content\/uploads\/2020\/08\/65e1ecdf-fa65-4cbe-84df-91e51d82d839.jpg",750,500,false],"newsever-slider-full":["https:\/\/experienciadevida.com.ar\/portalurbano\/wp-content\/uploads\/2020\/08\/65e1ecdf-fa65-4cbe-84df-91e51d82d839.jpg",750,500,false],"newsever-featured":["https:\/\/experienciadevida.com.ar\/portalurbano\/wp-content\/uploads\/2020\/08\/65e1ecdf-fa65-4cbe-84df-91e51d82d839.jpg",750,500,false],"newsever-medium":["https:\/\/experienciadevida.com.ar\/portalurbano\/wp-content\/uploads\/2020\/08\/65e1ecdf-fa65-4cbe-84df-91e51d82d839.jpg",713,475,false],"web-stories-poster-portrait":["https:\/\/experienciadevida.com.ar\/portalurbano\/wp-content\/uploads\/2020\/08\/65e1ecdf-fa65-4cbe-84df-91e51d82d839.jpg",640,427,false],"web-stories-publisher-logo":["https:\/\/experienciadevida.com.ar\/portalurbano\/wp-content\/uploads\/2020\/08\/65e1ecdf-fa65-4cbe-84df-91e51d82d839.jpg",96,64,false],"web-stories-thumbnail":["https:\/\/experienciadevida.com.ar\/portalurbano\/wp-content\/uploads\/2020\/08\/65e1ecdf-fa65-4cbe-84df-91e51d82d839.jpg",150,100,false]},"author_info":{"display_name":"admpu17wp","author_link":"https:\/\/experienciadevida.com.ar\/portalurbano\/author\/admpu17wp\/"},"category_info":"<a href=\"https:\/\/experienciadevida.com.ar\/portalurbano\/category\/ciudad\/\" rel=\"category tag\">Ciudad<\/a> <a href=\"https:\/\/experienciadevida.com.ar\/portalurbano\/category\/destacadas\/\" rel=\"category tag\">Destacadas<\/a>","tag_info":"Destacadas","comment_count":"0","amp_enabled":true,"_links":{"self":[{"href":"https:\/\/experienciadevida.com.ar\/portalurbano\/wp-json\/wp\/v2\/posts\/118254"}],"collection":[{"href":"https:\/\/experienciadevida.com.ar\/portalurbano\/wp-json\/wp\/v2\/posts"}],"about":[{"href":"https:\/\/experienciadevida.com.ar\/portalurbano\/wp-json\/wp\/v2\/types\/post"}],"author":[{"embeddable":true,"href":"https:\/\/experienciadevida.com.ar\/portalurbano\/wp-json\/wp\/v2\/users\/1"}],"replies":[{"embeddable":true,"href":"https:\/\/experienciadevida.com.ar\/portalurbano\/wp-json\/wp\/v2\/comments?post=118254"}],"version-history":[{"count":3,"href":"https:\/\/experienciadevida.com.ar\/portalurbano\/wp-json\/wp\/v2\/posts\/118254\/revisions"}],"predecessor-version":[{"id":118272,"href":"https:\/\/experienciadevida.com.ar\/portalurbano\/wp-json\/wp\/v2\/posts\/118254\/revisions\/118272"}],"wp:featuredmedia":[{"embeddable":true,"href":"https:\/\/experienciadevida.com.ar\/portalurbano\/wp-json\/wp\/v2\/media\/118262"}],"wp:attachment":[{"href":"https:\/\/experienciadevida.com.ar\/portalurbano\/wp-json\/wp\/v2\/media?parent=118254"}],"wp:term":[{"taxonomy":"category","embeddable":true,"href":"https:\/\/experienciadevida.com.ar\/portalurbano\/wp-json\/wp\/v2\/categories?post=118254"},{"taxonomy":"post_tag","embeddable":true,"href":"https:\/\/experienciadevida.com.ar\/portalurbano\/wp-json\/wp\/v2\/tags?post=118254"}],"curies":[{"name":"wp","href":"https:\/\/api.w.org\/{rel}","templated":true}]}}