{"id":118235,"date":"2020-08-16T11:20:14","date_gmt":"2020-08-16T14:20:14","guid":{"rendered":"https:\/\/experienciadevida.com.ar\/portalurbano\/?p=118235"},"modified":"2020-08-16T11:20:14","modified_gmt":"2020-08-16T14:20:14","slug":"dia-de-las-infancias-como-celebrarlo-en-epocas-de-pandemia","status":"publish","type":"post","link":"https:\/\/experienciadevida.com.ar\/portalurbano\/dia-de-las-infancias-como-celebrarlo-en-epocas-de-pandemia\/","title":{"rendered":"D\u00eda del Ni\u00f1o 2020 : C\u00f3mo celebrarlo en \u00e9pocas de pandemia"},"content":{"rendered":"<p><strong>Celebrar el D\u00eda del Ni\u00f1o en \u00e9pocas de pandemia<\/strong><\/p>\n<p>Pasillos atestados de padres, t\u00edos y abuelos, de la mano de chicos que les gritan <strong>\u00abquiero\u00bb<\/strong>. Vendedores corriendo en medio del gent\u00edo. Empleados que envuelven paquetes a toda velocidad. Eso sol\u00eda verse en todas las jugueter\u00edas en el marco de celebraci\u00f3n del D\u00eda del Ni\u00f1o.<\/p>\n<p>No obstante, este a\u00f1o 2020, en medio de la crisis econ\u00f3mica y la pandemia por el nuevo brote de coronavirus, la t\u00edpica imagen se torna un tanto diferente.<\/p>\n<p>Muchas son las familias que decidieron incurrir en la pr\u00e1ctica de las compras online, eligiendo los regalitos desde la comunidad de sus hogares.<\/p>\n<p>Por otro lado, durante todo el Mes del Ni\u00f1o son varios los<strong> locales comerciales en Olavarr\u00eda que decidieron ofrecer promociones y ofertas para agasajar en su d\u00eda a los m\u00e1s chiquitos<\/strong>. Este a\u00f1o, debido al contexto de crisis econ\u00f3mica que atraviesa todo el pa\u00eds y la provincia como consecuencia de la pandemia, se esperaban resultados poco alentadores. Sin embargo comerciantes consultados por este portal expresaron:<\/p>\n<p><strong><em>Estos d\u00edas vimos que tanto los padres como los t\u00edos y los abuelos estuvieron aprovechando este fin de semana para hacer las compras e incluso se acercaron durante la semana o interactuaron por el Facebook de las jugueter\u00edas de nuestra ciudad.<\/em><\/strong><\/p>\n<p style=\"text-align: left;\"><strong><em>No tenemos un flujo de ventas normal, pero estamos consiguiendo repuntar en las ventas. Si bien los stock no se han podido renovar, principalmente porque algunas f\u00e1bricas no est\u00e1n trabajando o productos que son importados no ingresaron al pa\u00eds<\/em><\/strong><\/p>\n<p><strong>Ideas para celebrar en cuarentena<\/strong><\/p>\n<p>El aislamiento social preventivo y obligatorio contin\u00faa vigente desde el mes de marzo, y los planes cl\u00e1sicos para celebrar el d\u00eda del ni\u00f1o deber\u00e1n quedar descartados esta vez.<\/p>\n<p>Sin embargo, la creatividad de los familiares que buscan hacer de este d\u00eda un momento especial para salir de la rutina, y de las empresas de entretenimiento, juguetes y regalar\u00eda, har\u00e1n posible un festejo innovador adaptado a las \u00abnuevas normalidades\u00bb del presente.<\/p>\n<p>Apuntando al caso particular de aquellas familias que se encuentran en sus hogares con ni\u00f1os que no asisten a la escuela ni mantienen v\u00ednculos presenciales con sus amigos desde hace m\u00e1s de 4 meses, la creatividad para festejar deber\u00e1 imponerse m\u00e1s que nunca.<\/p>\n<p>A continuaci\u00f3n, les dejamos algunas ideas.<\/p>\n<p><strong>Arte, cocina y solidaridad<\/strong><\/p>\n<p>En un momento como el actual, despertar el esp\u00edritu solidario en los m\u00e1s chicos puede ser algo muy valioso. Preparar en familia cajas de golosinas, galletitas caseras o juguetes artesanales es una propuesta entretenida y de doble beneficio.<\/p>\n<p>M\u00e1s all\u00e1 de las cl\u00e1sicas donaciones de ropa y juguetes a los ni\u00f1os que se encuentran en situaci\u00f3n de vulnerabilidad, preparar este tipo de regalos con prop\u00f3sito y buscar la forma de que lleguen a quienes m\u00e1s lo necesitan, es una gran manera de ayudar a los dem\u00e1s.<\/p>\n<p><strong>Balcones, terrazas y jardines: una merienda diferente.<\/strong><\/p>\n<p>Este d\u00eda del ni\u00f1o 2020 los detalles ser\u00e1n todo. Un desayuno o merienda customizada con los personajes favoritos de los chicos, con mesas decoradas, sorpresas y juegos, puede ser una gran alternativa para celebrar la fecha.<\/p>\n<p><strong>Seguir conectados<\/strong><\/p>\n<p>Si bien las relaciones virtuales no despiertan el mismo entusiasmo que las presenciales, es necesario recordar que muchos ni\u00f1os son nativos digitales y ya tienen incorporadas las tele herramientas a su comprensi\u00f3n de la realidad y situaci\u00f3n de normalidad.<\/p>\n<p>Por lo tanto, es recomendable compartir al menos un rato con amigos y compa\u00f1eros, a trav\u00e9s de plataformas como Zoom o Google Meets, contando con la moderaci\u00f3n y control de los adultos. Lo mismo aplica para saludos con los familiares y seres queridos.<\/p>\n<p>Los artistas, \u00eddolos pop y bandas musicales favoritas de los chicos, tambi\u00e9n estar\u00e1n ofreciendo sus sorpresas a trav\u00e9s de sus redes sociales, por lo que revisar su agenda y anotar horarios es una buena idea para disfrutar de sus shows y \u00abvivos\u00bb, aunque sea a trav\u00e9s de la pantalla.<\/p>\n<p><span style=\"color: #000080;\"><strong>Desde Portal Urbano, aprovechamos para saludar a todos los peque\u00f1os y peque\u00f1as en su D\u00eda, esperamos que disfruten en familia y puedan divertirse a pesar de las circunstancias tan \u00fanicas.<\/strong><\/span><\/p>\n<p><strong>\u00a0 \u00a0 \u00a0 \u00a0 \u00a0 \u00a0 \u00a0 \u00a0 \u00a0 \u00a0 \u00a0 \u00a0 \u00a0 \u00a0 \u00a0 \u00a0 \u00a0 \u00a0 \u00a0 \u00a0 \u00a0 \u00a0 \u00a0 \u00a0 \u00a0 \u00a0 \u00a0 \u00a0 \u00a0 \u00a0 \u00a0 \u00a0 \u00a0 \u00a0 \u00a0 \u00a0 \u00a0 \u00a1Feliz D\u00eda de la Infancia!<\/strong><\/p>\n<p style=\"text-align: left;\">\n","protected":false},"excerpt":{"rendered":"<p>Celebrar el D\u00eda del Ni\u00f1o en \u00e9pocas de pandemia Pasillos atestados de padres, t\u00edos y&#8230;<\/p>\n","protected":false},"author":1,"featured_media":118237,"comment_status":"closed","ping_status":"closed","sticky":false,"template":"","format":"standard","meta":{"content-type":""},"categories":[27,51],"tags":[],"nelio_content":{"isAutoShareEnabled":false,"autoShareEndMode":"default","automationSources":{"useContentSentences":true,"useSocialTemplates":true,"useCustomSentences":false,"customSentences":[]},"followers":[1],"suggestedReferences":[],"includedReferences":[],"efiUrl":"","efiAlt":"","highlights":[]},"yoast_head":"<!-- This site is optimized with the Yoast SEO plugin v20.7 - https:\/\/yoast.com\/wordpress\/plugins\/seo\/ -->\n<title>D\u00eda del Ni\u00f1o 2020 : C\u00f3mo celebrarlo en \u00e9pocas de pandemia -<\/title>\n<meta name=\"robots\" content=\"index, follow, max-snippet:-1, max-image-preview:large, max-video-preview:-1\" \/>\n<link rel=\"canonical\" href=\"https:\/\/experienciadevida.com.ar\/portalurbano\/dia-de-las-infancias-como-celebrarlo-en-epocas-de-pandemia\/\" \/>\n<meta property=\"og:locale\" content=\"es_ES\" \/>\n<meta property=\"og:type\" content=\"article\" \/>\n<meta property=\"og:title\" content=\"D\u00eda del Ni\u00f1o 2020 : C\u00f3mo celebrarlo en \u00e9pocas de pandemia -\" \/>\n<meta property=\"og:description\" content=\"Celebrar el D\u00eda del Ni\u00f1o en \u00e9pocas de pandemia Pasillos atestados de padres, t\u00edos y...\" \/>\n<meta property=\"og:url\" content=\"https:\/\/experienciadevida.com.ar\/portalurbano\/dia-de-las-infancias-como-celebrarlo-en-epocas-de-pandemia\/\" \/>\n<meta property=\"article:publisher\" content=\"https:\/\/www.facebook.com\/Portal-Urbano-171542830093757\/\" \/>\n<meta property=\"article:published_time\" content=\"2020-08-16T14:20:14+00:00\" \/>\n<meta property=\"og:image\" content=\"https:\/\/experienciadevida.com.ar\/portalurbano\/wp-content\/uploads\/2020\/08\/DIADELNINIO-scaled-e1597582519152.jpg\" \/>\n\t<meta property=\"og:image:width\" content=\"750\" \/>\n\t<meta property=\"og:image:height\" content=\"313\" \/>\n\t<meta property=\"og:image:type\" content=\"image\/jpeg\" \/>\n<meta name=\"author\" content=\"admpu17wp\" \/>\n<meta name=\"twitter:card\" content=\"summary_large_image\" \/>\n<meta name=\"twitter:creator\" content=\"@portalurbanook\" \/>\n<meta name=\"twitter:site\" content=\"@portalurbanook\" \/>\n<meta name=\"twitter:label1\" content=\"Escrito por\" \/>\n\t<meta name=\"twitter:data1\" content=\"admpu17wp\" \/>\n\t<meta name=\"twitter:label2\" content=\"Tiempo de lectura\" \/>\n\t<meta name=\"twitter:data2\" content=\"4 minutos\" \/>\n<script type=\"application\/ld+json\" class=\"yoast-schema-graph\">{\"@context\":\"https:\/\/schema.org\",\"@graph\":[{\"@type\":\"Article\",\"@id\":\"https:\/\/experienciadevida.com.ar\/portalurbano\/dia-de-las-infancias-como-celebrarlo-en-epocas-de-pandemia\/#article\",\"isPartOf\":{\"@id\":\"https:\/\/experienciadevida.com.ar\/portalurbano\/dia-de-las-infancias-como-celebrarlo-en-epocas-de-pandemia\/\"},\"author\":{\"name\":\"admpu17wp\",\"@id\":\"https:\/\/experienciadevida.com.ar\/portalurbano\/#\/schema\/person\/02dd326b1c4b056e9cc972486934a3a7\"},\"headline\":\"D\u00eda del Ni\u00f1o 2020 : C\u00f3mo celebrarlo en \u00e9pocas de pandemia\",\"datePublished\":\"2020-08-16T14:20:14+00:00\",\"dateModified\":\"2020-08-16T14:20:14+00:00\",\"mainEntityOfPage\":{\"@id\":\"https:\/\/experienciadevida.com.ar\/portalurbano\/dia-de-las-infancias-como-celebrarlo-en-epocas-de-pandemia\/\"},\"wordCount\":749,\"publisher\":{\"@id\":\"https:\/\/experienciadevida.com.ar\/portalurbano\/#organization\"},\"articleSection\":[\"Ciudad\",\"Destacadas\"],\"inLanguage\":\"es\"},{\"@type\":\"WebPage\",\"@id\":\"https:\/\/experienciadevida.com.ar\/portalurbano\/dia-de-las-infancias-como-celebrarlo-en-epocas-de-pandemia\/\",\"url\":\"https:\/\/experienciadevida.com.ar\/portalurbano\/dia-de-las-infancias-como-celebrarlo-en-epocas-de-pandemia\/\",\"name\":\"D\u00eda del Ni\u00f1o 2020 : C\u00f3mo celebrarlo en \u00e9pocas de pandemia -\",\"isPartOf\":{\"@id\":\"https:\/\/experienciadevida.com.ar\/portalurbano\/#website\"},\"datePublished\":\"2020-08-16T14:20:14+00:00\",\"dateModified\":\"2020-08-16T14:20:14+00:00\",\"breadcrumb\":{\"@id\":\"https:\/\/experienciadevida.com.ar\/portalurbano\/dia-de-las-infancias-como-celebrarlo-en-epocas-de-pandemia\/#breadcrumb\"},\"inLanguage\":\"es\",\"potentialAction\":[{\"@type\":\"ReadAction\",\"target\":[\"https:\/\/experienciadevida.com.ar\/portalurbano\/dia-de-las-infancias-como-celebrarlo-en-epocas-de-pandemia\/\"]}]},{\"@type\":\"BreadcrumbList\",\"@id\":\"https:\/\/experienciadevida.com.ar\/portalurbano\/dia-de-las-infancias-como-celebrarlo-en-epocas-de-pandemia\/#breadcrumb\",\"itemListElement\":[{\"@type\":\"ListItem\",\"position\":1,\"name\":\"Portada\",\"item\":\"https:\/\/experienciadevida.com.ar\/portalurbano\/\"},{\"@type\":\"ListItem\",\"position\":2,\"name\":\"D\u00eda del Ni\u00f1o 2020 : C\u00f3mo celebrarlo en \u00e9pocas de pandemia\"}]},{\"@type\":\"WebSite\",\"@id\":\"https:\/\/experienciadevida.com.ar\/portalurbano\/#website\",\"url\":\"https:\/\/experienciadevida.com.ar\/portalurbano\/\",\"name\":\"\",\"description\":\"\",\"publisher\":{\"@id\":\"https:\/\/experienciadevida.com.ar\/portalurbano\/#organization\"},\"potentialAction\":[{\"@type\":\"SearchAction\",\"target\":{\"@type\":\"EntryPoint\",\"urlTemplate\":\"https:\/\/experienciadevida.com.ar\/portalurbano\/?s={search_term_string}\"},\"query-input\":\"required name=search_term_string\"}],\"inLanguage\":\"es\"},{\"@type\":\"Organization\",\"@id\":\"https:\/\/experienciadevida.com.ar\/portalurbano\/#organization\",\"name\":\"Portal Urbano\",\"url\":\"https:\/\/experienciadevida.com.ar\/portalurbano\/\",\"logo\":{\"@type\":\"ImageObject\",\"inLanguage\":\"es\",\"@id\":\"https:\/\/experienciadevida.com.ar\/portalurbano\/#\/schema\/logo\/image\/\",\"url\":\"https:\/\/experienciadevida.com.ar\/portalurbano\/wp-content\/uploads\/2019\/09\/Logo-Original.png\",\"contentUrl\":\"https:\/\/experienciadevida.com.ar\/portalurbano\/wp-content\/uploads\/2019\/09\/Logo-Original.png\",\"width\":2236,\"height\":1216,\"caption\":\"Portal Urbano\"},\"image\":{\"@id\":\"https:\/\/experienciadevida.com.ar\/portalurbano\/#\/schema\/logo\/image\/\"},\"sameAs\":[\"https:\/\/www.facebook.com\/Portal-Urbano-171542830093757\/\",\"https:\/\/twitter.com\/portalurbanook\",\"https:\/\/www.instagram.com\/_portalurbano\/\",\"https:\/\/www.youtube.com\/channel\/UCXhagIfszH8KxFiOok79zbA?view_as=subscriber\"]},{\"@type\":\"Person\",\"@id\":\"https:\/\/experienciadevida.com.ar\/portalurbano\/#\/schema\/person\/02dd326b1c4b056e9cc972486934a3a7\",\"name\":\"admpu17wp\",\"image\":{\"@type\":\"ImageObject\",\"inLanguage\":\"es\",\"@id\":\"https:\/\/experienciadevida.com.ar\/portalurbano\/#\/schema\/person\/image\/\",\"url\":\"https:\/\/secure.gravatar.com\/avatar\/830d4c57adaae6630765e449a6908047?s=96&d=mm&r=g\",\"contentUrl\":\"https:\/\/secure.gravatar.com\/avatar\/830d4c57adaae6630765e449a6908047?s=96&d=mm&r=g\",\"caption\":\"admpu17wp\"}}]}<\/script>\n<!-- \/ Yoast SEO plugin. -->","yoast_head_json":{"title":"D\u00eda del Ni\u00f1o 2020 : C\u00f3mo celebrarlo en \u00e9pocas de pandemia -","robots":{"index":"index","follow":"follow","max-snippet":"max-snippet:-1","max-image-preview":"max-image-preview:large","max-video-preview":"max-video-preview:-1"},"canonical":"https:\/\/experienciadevida.com.ar\/portalurbano\/dia-de-las-infancias-como-celebrarlo-en-epocas-de-pandemia\/","og_locale":"es_ES","og_type":"article","og_title":"D\u00eda del Ni\u00f1o 2020 : C\u00f3mo celebrarlo en \u00e9pocas de pandemia -","og_description":"Celebrar el D\u00eda del Ni\u00f1o en \u00e9pocas de pandemia Pasillos atestados de padres, t\u00edos y...","og_url":"https:\/\/experienciadevida.com.ar\/portalurbano\/dia-de-las-infancias-como-celebrarlo-en-epocas-de-pandemia\/","article_publisher":"https:\/\/www.facebook.com\/Portal-Urbano-171542830093757\/","article_published_time":"2020-08-16T14:20:14+00:00","og_image":[{"width":750,"height":313,"url":"https:\/\/experienciadevida.com.ar\/portalurbano\/wp-content\/uploads\/2020\/08\/DIADELNINIO-scaled-e1597582519152.jpg","type":"image\/jpeg"}],"author":"admpu17wp","twitter_card":"summary_large_image","twitter_creator":"@portalurbanook","twitter_site":"@portalurbanook","twitter_misc":{"Escrito por":"admpu17wp","Tiempo de lectura":"4 minutos"},"schema":{"@context":"https:\/\/schema.org","@graph":[{"@type":"Article","@id":"https:\/\/experienciadevida.com.ar\/portalurbano\/dia-de-las-infancias-como-celebrarlo-en-epocas-de-pandemia\/#article","isPartOf":{"@id":"https:\/\/experienciadevida.com.ar\/portalurbano\/dia-de-las-infancias-como-celebrarlo-en-epocas-de-pandemia\/"},"author":{"name":"admpu17wp","@id":"https:\/\/experienciadevida.com.ar\/portalurbano\/#\/schema\/person\/02dd326b1c4b056e9cc972486934a3a7"},"headline":"D\u00eda del Ni\u00f1o 2020 : C\u00f3mo celebrarlo en \u00e9pocas de pandemia","datePublished":"2020-08-16T14:20:14+00:00","dateModified":"2020-08-16T14:20:14+00:00","mainEntityOfPage":{"@id":"https:\/\/experienciadevida.com.ar\/portalurbano\/dia-de-las-infancias-como-celebrarlo-en-epocas-de-pandemia\/"},"wordCount":749,"publisher":{"@id":"https:\/\/experienciadevida.com.ar\/portalurbano\/#organization"},"articleSection":["Ciudad","Destacadas"],"inLanguage":"es"},{"@type":"WebPage","@id":"https:\/\/experienciadevida.com.ar\/portalurbano\/dia-de-las-infancias-como-celebrarlo-en-epocas-de-pandemia\/","url":"https:\/\/experienciadevida.com.ar\/portalurbano\/dia-de-las-infancias-como-celebrarlo-en-epocas-de-pandemia\/","name":"D\u00eda del Ni\u00f1o 2020 : C\u00f3mo celebrarlo en \u00e9pocas de pandemia -","isPartOf":{"@id":"https:\/\/experienciadevida.com.ar\/portalurbano\/#website"},"datePublished":"2020-08-16T14:20:14+00:00","dateModified":"2020-08-16T14:20:14+00:00","breadcrumb":{"@id":"https:\/\/experienciadevida.com.ar\/portalurbano\/dia-de-las-infancias-como-celebrarlo-en-epocas-de-pandemia\/#breadcrumb"},"inLanguage":"es","potentialAction":[{"@type":"ReadAction","target":["https:\/\/experienciadevida.com.ar\/portalurbano\/dia-de-las-infancias-como-celebrarlo-en-epocas-de-pandemia\/"]}]},{"@type":"BreadcrumbList","@id":"https:\/\/experienciadevida.com.ar\/portalurbano\/dia-de-las-infancias-como-celebrarlo-en-epocas-de-pandemia\/#breadcrumb","itemListElement":[{"@type":"ListItem","position":1,"name":"Portada","item":"https:\/\/experienciadevida.com.ar\/portalurbano\/"},{"@type":"ListItem","position":2,"name":"D\u00eda del Ni\u00f1o 2020 : C\u00f3mo celebrarlo en \u00e9pocas de pandemia"}]},{"@type":"WebSite","@id":"https:\/\/experienciadevida.com.ar\/portalurbano\/#website","url":"https:\/\/experienciadevida.com.ar\/portalurbano\/","name":"","description":"","publisher":{"@id":"https:\/\/experienciadevida.com.ar\/portalurbano\/#organization"},"potentialAction":[{"@type":"SearchAction","target":{"@type":"EntryPoint","urlTemplate":"https:\/\/experienciadevida.com.ar\/portalurbano\/?s={search_term_string}"},"query-input":"required name=search_term_string"}],"inLanguage":"es"},{"@type":"Organization","@id":"https:\/\/experienciadevida.com.ar\/portalurbano\/#organization","name":"Portal Urbano","url":"https:\/\/experienciadevida.com.ar\/portalurbano\/","logo":{"@type":"ImageObject","inLanguage":"es","@id":"https:\/\/experienciadevida.com.ar\/portalurbano\/#\/schema\/logo\/image\/","url":"https:\/\/experienciadevida.com.ar\/portalurbano\/wp-content\/uploads\/2019\/09\/Logo-Original.png","contentUrl":"https:\/\/experienciadevida.com.ar\/portalurbano\/wp-content\/uploads\/2019\/09\/Logo-Original.png","width":2236,"height":1216,"caption":"Portal Urbano"},"image":{"@id":"https:\/\/experienciadevida.com.ar\/portalurbano\/#\/schema\/logo\/image\/"},"sameAs":["https:\/\/www.facebook.com\/Portal-Urbano-171542830093757\/","https:\/\/twitter.com\/portalurbanook","https:\/\/www.instagram.com\/_portalurbano\/","https:\/\/www.youtube.com\/channel\/UCXhagIfszH8KxFiOok79zbA?view_as=subscriber"]},{"@type":"Person","@id":"https:\/\/experienciadevida.com.ar\/portalurbano\/#\/schema\/person\/02dd326b1c4b056e9cc972486934a3a7","name":"admpu17wp","image":{"@type":"ImageObject","inLanguage":"es","@id":"https:\/\/experienciadevida.com.ar\/portalurbano\/#\/schema\/person\/image\/","url":"https:\/\/secure.gravatar.com\/avatar\/830d4c57adaae6630765e449a6908047?s=96&d=mm&r=g","contentUrl":"https:\/\/secure.gravatar.com\/avatar\/830d4c57adaae6630765e449a6908047?s=96&d=mm&r=g","caption":"admpu17wp"}}]}},"featured_image_urls":{"full":["https:\/\/experienciadevida.com.ar\/portalurbano\/wp-content\/uploads\/2020\/08\/DIADELNINIO-scaled-e1597582519152.jpg",750,313,false],"thumbnail":["https:\/\/experienciadevida.com.ar\/portalurbano\/wp-content\/uploads\/2020\/08\/DIADELNINIO-150x150.jpg",150,150,true],"medium":["https:\/\/experienciadevida.com.ar\/portalurbano\/wp-content\/uploads\/2020\/08\/DIADELNINIO-300x125.jpg",300,125,true],"medium_large":["https:\/\/experienciadevida.com.ar\/portalurbano\/wp-content\/uploads\/2020\/08\/DIADELNINIO-768x320.jpg",640,267,true],"large":["https:\/\/experienciadevida.com.ar\/portalurbano\/wp-content\/uploads\/2020\/08\/DIADELNINIO-1024x427.jpg",640,267,true],"ug_big":["https:\/\/experienciadevida.com.ar\/portalurbano\/wp-content\/uploads\/2020\/08\/DIADELNINIO-768x320.jpg",768,320,true],"1536x1536":["https:\/\/experienciadevida.com.ar\/portalurbano\/wp-content\/uploads\/2020\/08\/DIADELNINIO-1536x640.jpg",1536,640,true],"2048x2048":["https:\/\/experienciadevida.com.ar\/portalurbano\/wp-content\/uploads\/2020\/08\/DIADELNINIO-2048x853.jpg",2048,853,true],"newsever-slider-full":["https:\/\/experienciadevida.com.ar\/portalurbano\/wp-content\/uploads\/2020\/08\/DIADELNINIO-scaled-e1597582519152.jpg",750,313,false],"newsever-featured":["https:\/\/experienciadevida.com.ar\/portalurbano\/wp-content\/uploads\/2020\/08\/DIADELNINIO-scaled-e1597582519152.jpg",750,313,false],"newsever-medium":["https:\/\/experienciadevida.com.ar\/portalurbano\/wp-content\/uploads\/2020\/08\/DIADELNINIO-scaled-e1597582519152.jpg",720,300,false],"web-stories-poster-portrait":["https:\/\/experienciadevida.com.ar\/portalurbano\/wp-content\/uploads\/2020\/08\/DIADELNINIO-scaled-e1597582519152.jpg",640,267,false],"web-stories-publisher-logo":["https:\/\/experienciadevida.com.ar\/portalurbano\/wp-content\/uploads\/2020\/08\/DIADELNINIO-scaled-e1597582519152.jpg",96,40,false],"web-stories-thumbnail":["https:\/\/experienciadevida.com.ar\/portalurbano\/wp-content\/uploads\/2020\/08\/DIADELNINIO-scaled-e1597582519152.jpg",150,63,false]},"author_info":{"display_name":"admpu17wp","author_link":"https:\/\/experienciadevida.com.ar\/portalurbano\/author\/admpu17wp\/"},"category_info":"<a href=\"https:\/\/experienciadevida.com.ar\/portalurbano\/category\/ciudad\/\" rel=\"category tag\">Ciudad<\/a> <a href=\"https:\/\/experienciadevida.com.ar\/portalurbano\/category\/destacadas\/\" rel=\"category tag\">Destacadas<\/a>","tag_info":"Destacadas","comment_count":"0","amp_enabled":true,"_links":{"self":[{"href":"https:\/\/experienciadevida.com.ar\/portalurbano\/wp-json\/wp\/v2\/posts\/118235"}],"collection":[{"href":"https:\/\/experienciadevida.com.ar\/portalurbano\/wp-json\/wp\/v2\/posts"}],"about":[{"href":"https:\/\/experienciadevida.com.ar\/portalurbano\/wp-json\/wp\/v2\/types\/post"}],"author":[{"embeddable":true,"href":"https:\/\/experienciadevida.com.ar\/portalurbano\/wp-json\/wp\/v2\/users\/1"}],"replies":[{"embeddable":true,"href":"https:\/\/experienciadevida.com.ar\/portalurbano\/wp-json\/wp\/v2\/comments?post=118235"}],"version-history":[{"count":5,"href":"https:\/\/experienciadevida.com.ar\/portalurbano\/wp-json\/wp\/v2\/posts\/118235\/revisions"}],"predecessor-version":[{"id":118243,"href":"https:\/\/experienciadevida.com.ar\/portalurbano\/wp-json\/wp\/v2\/posts\/118235\/revisions\/118243"}],"wp:featuredmedia":[{"embeddable":true,"href":"https:\/\/experienciadevida.com.ar\/portalurbano\/wp-json\/wp\/v2\/media\/118237"}],"wp:attachment":[{"href":"https:\/\/experienciadevida.com.ar\/portalurbano\/wp-json\/wp\/v2\/media?parent=118235"}],"wp:term":[{"taxonomy":"category","embeddable":true,"href":"https:\/\/experienciadevida.com.ar\/portalurbano\/wp-json\/wp\/v2\/categories?post=118235"},{"taxonomy":"post_tag","embeddable":true,"href":"https:\/\/experienciadevida.com.ar\/portalurbano\/wp-json\/wp\/v2\/tags?post=118235"}],"curies":[{"name":"wp","href":"https:\/\/api.w.org\/{rel}","templated":true}]}}