{"id":118154,"date":"2020-08-15T09:30:52","date_gmt":"2020-08-15T12:30:52","guid":{"rendered":"https:\/\/experienciadevida.com.ar\/portalurbano\/?p=118154"},"modified":"2020-08-15T09:30:52","modified_gmt":"2020-08-15T12:30:52","slug":"un-fallo-judicial-revoco-el-desplazamiento-de-mercedes-landivar-por-irregularidades-en-la-gestion-macrista","status":"publish","type":"post","link":"https:\/\/experienciadevida.com.ar\/portalurbano\/un-fallo-judicial-revoco-el-desplazamiento-de-mercedes-landivar-por-irregularidades-en-la-gestion-macrista\/","title":{"rendered":"Un fallo judicial revoco el desplazamiento de Mercedes Landivar por irregularidades en la gesti\u00f3n macrista"},"content":{"rendered":"<p><strong>La concejala Mercedes Landivar, dio a publicar en su cuenta personal de Facebook el fallo judicial por el apartamiento irregular hace cuatro a\u00f1os del registro del Automotor N\u00b01 de nuestra ciudad por pertenecer al espacio pol\u00edtico de la Campora.<\/strong><\/p>\n<hr \/>\n<p>En el mismo expreso :<em> El 10 de septiembre de 2016 a las 7.50 de la ma\u00f1ana me son\u00f3 el tel\u00e9fono, en ese llamado alguien muy angustiado me dec\u00eda: &#8220;Mercedes ven\u00ed r\u00e1pido por favor&#8221;, en ese momento estaba como interventora del Registro del Automotor Nro. 1 de Olavarr\u00eda. <\/em><\/p>\n<p><em>Cuando llegu\u00e9 al lugar me encontr\u00e9 con que hab\u00edan roto la cerradura de la casa que estaba alquilando y les hab\u00edan dicho a los empleados que se retiraran porque el Registro estaba intervenido por el Ministerio de Justicia de la Naci\u00f3n. <\/em><\/p>\n<p><em>El accionar fue sumamente violento, intimidatorio y sorpresivo. En ese momento cumpl\u00eda funciones en un cargo como cualquier funcionario que es designado por un tiempo por reunir ciertas caracter\u00edsticas profesionales, experiencia en la tem\u00e1tica y confianza pol\u00edtica de quien te designa. Ven\u00eda de cumplir 4 a\u00f1os como coordinadora del Centro de Acceso a la Justicia, dependiente tambi\u00e9n del Ministerio de Justicia de Naci\u00f3n, y por mi profesi\u00f3n y mi especialidad en derecho registral me ofrecieron hacerme cargo de ese lugar. <\/em><\/p>\n<p><em>\u00bfCuantas explicaciones no? Siempre tenemos que darlas porque por ser militante de La C\u00e1mpora siempre se nos cuestion\u00f3 y se nos cuestiona nuestra capacidad de gesti\u00f3n, nuestra honestidad y responsabilidad, pero a los hechos me remito. Y por supuesto tambi\u00e9n siempre tuve y tengo que darlas por ser compa\u00f1era de un militante, <strong>&#8220;pero vos sos la esposa de, sos la mujer de&#8221;<\/strong>, borrando todo lo que uno puede ser como persona, como militante, como profesional y gestionando.<\/em><\/p>\n<p><em>Cuando los cargos son ocupados por los de \u201cLa C\u00e1mpora\u201d es acomodo, cuando esos mismos cargos los ocupa otro espacio pol\u00edtico no tienen ning\u00fan tipo de cuestionamiento social, medi\u00e1tico, ni judicial.<\/em><\/p>\n<p><em>Y por ser militante de este espacio me sacaron a la calle, violando mi intimidad, violando mi lugar de trabajo y en el que estaban mis cosas personales.<\/em><\/p>\n<p><em>Y como me gusta hacer memoria lo hago recordando que eso fue una decisi\u00f3n exclusiva y absoluta de Juntos por el Cambio, quien por no tener el m\u00ednimo c\u00f3digo, no avis\u00f3, call\u00f3, viol\u00f3 mi intimidad y propiedad, que en su momento estaba alquilando, como asimismo por esa decisi\u00f3n abrupta dej\u00f3 en la calle a 12 empleados sin importarle nada, porque por supuesto ten\u00edan todas las herramientas necesarias para decir que yo los hab\u00eda dejado en la calle, faltando a la verdad.<\/em><\/p>\n<p><em>Podr\u00edan haberme sacado de funciones y ocupado mi lugar de una manera correcta, transparente, y dici\u00e9ndole la verdad a los vecinos y a los medio, pero no lo hicieron.<\/em><\/p>\n<p><em>Hoy me encuentro con la noticia de que la C\u00e1mara Federal de Mar del Plata resuelve que es inv\u00e1lida la resoluci\u00f3n que Mauricio Macri tom\u00f3 al sacarme violentamente del cargo, resoluci\u00f3n que, vuelvo a repetir, fue avalada por todo su espacio.<\/em><\/p>\n<p><em>Sent\u00ed las ganas de contar esta noticia, sobre todo por lo injusto, por el momento que le hicieron vivir a mis hijos, a mis padres y muchos amigos que me acompa\u00f1aron. Porque lo doloroso no fue perder un cargo, el cargo es circunstancial, no soy de aferrarme a los lugares, solo quiero siempre ejercerlos con la mayor responsabilidad. Lo que si soy es memoriosa, y lo que si duele es la mentira, y m\u00e1s le duele a quienes te quieren y saben que nunca dejar\u00eda a nadie en la calle como se trat\u00f3 de instalar.<\/em><\/p>\n<p>El Fallo<\/p>\n<p><a href=\"https:\/\/experienciadevida.com.ar\/portalurbano\/un-fallo-judicial-revoco-el-desplazamiento-de-mercedes-landivar-por-irregularidades-en-la-gestion-macrista\/117718765_10220510691028697_3871872348444935844_o\/\" rel=\"attachment wp-att-118155\"><img decoding=\"async\" class=\"alignnone size-full wp-image-118155\" src=\"https:\/\/experienciadevida.com.ar\/portalurbano\/wp-content\/uploads\/2020\/08\/117718765_10220510691028697_3871872348444935844_o.jpg\" alt=\"\" width=\"1021\" height=\"678\" srcset=\"https:\/\/experienciadevida.com.ar\/portalurbano\/wp-content\/uploads\/2020\/08\/117718765_10220510691028697_3871872348444935844_o.jpg 1021w, https:\/\/experienciadevida.com.ar\/portalurbano\/wp-content\/uploads\/2020\/08\/117718765_10220510691028697_3871872348444935844_o-300x199.jpg 300w, https:\/\/experienciadevida.com.ar\/portalurbano\/wp-content\/uploads\/2020\/08\/117718765_10220510691028697_3871872348444935844_o-768x510.jpg 768w\" sizes=\"(max-width: 1021px) 100vw, 1021px\" \/><\/a><\/p>\n","protected":false},"excerpt":{"rendered":"<p>La concejala Mercedes Landivar, dio a publicar en su cuenta personal de Facebook el fallo&#8230;<\/p>\n","protected":false},"author":1,"featured_media":115765,"comment_status":"closed","ping_status":"closed","sticky":false,"template":"","format":"standard","meta":{"content-type":""},"categories":[51,43],"tags":[],"nelio_content":{"isAutoShareEnabled":false,"autoShareEndMode":"default","automationSources":{"useContentSentences":true,"useSocialTemplates":true,"useCustomSentences":false,"customSentences":[]},"followers":[1],"suggestedReferences":[],"includedReferences":[],"efiUrl":"","efiAlt":"","highlights":[]},"yoast_head":"<!-- This site is optimized with the Yoast SEO plugin v20.7 - https:\/\/yoast.com\/wordpress\/plugins\/seo\/ -->\n<title>Un fallo judicial revoco el desplazamiento de Mercedes Landivar por irregularidades en la gesti\u00f3n macrista -<\/title>\n<meta name=\"robots\" content=\"index, follow, max-snippet:-1, max-image-preview:large, max-video-preview:-1\" \/>\n<link rel=\"canonical\" href=\"https:\/\/experienciadevida.com.ar\/portalurbano\/un-fallo-judicial-revoco-el-desplazamiento-de-mercedes-landivar-por-irregularidades-en-la-gestion-macrista\/\" \/>\n<meta property=\"og:locale\" content=\"es_ES\" \/>\n<meta property=\"og:type\" content=\"article\" \/>\n<meta property=\"og:title\" content=\"Un fallo judicial revoco el desplazamiento de Mercedes Landivar por irregularidades en la gesti\u00f3n macrista -\" \/>\n<meta property=\"og:description\" content=\"La concejala Mercedes Landivar, dio a publicar en su cuenta personal de Facebook el fallo...\" \/>\n<meta property=\"og:url\" content=\"https:\/\/experienciadevida.com.ar\/portalurbano\/un-fallo-judicial-revoco-el-desplazamiento-de-mercedes-landivar-por-irregularidades-en-la-gestion-macrista\/\" \/>\n<meta property=\"article:publisher\" content=\"https:\/\/www.facebook.com\/Portal-Urbano-171542830093757\/\" \/>\n<meta property=\"article:published_time\" content=\"2020-08-15T12:30:52+00:00\" \/>\n<meta property=\"og:image\" content=\"https:\/\/experienciadevida.com.ar\/portalurbano\/wp-content\/uploads\/2020\/07\/LANDIVAR-1-e1597494186231.png\" \/>\n\t<meta property=\"og:image:width\" content=\"750\" \/>\n\t<meta property=\"og:image:height\" content=\"458\" \/>\n\t<meta property=\"og:image:type\" content=\"image\/png\" \/>\n<meta name=\"author\" content=\"admpu17wp\" \/>\n<meta name=\"twitter:card\" content=\"summary_large_image\" \/>\n<meta name=\"twitter:creator\" content=\"@portalurbanook\" \/>\n<meta name=\"twitter:site\" content=\"@portalurbanook\" \/>\n<meta name=\"twitter:label1\" content=\"Escrito por\" \/>\n\t<meta name=\"twitter:data1\" content=\"admpu17wp\" \/>\n\t<meta name=\"twitter:label2\" content=\"Tiempo de lectura\" \/>\n\t<meta name=\"twitter:data2\" content=\"3 minutos\" \/>\n<script type=\"application\/ld+json\" class=\"yoast-schema-graph\">{\"@context\":\"https:\/\/schema.org\",\"@graph\":[{\"@type\":\"Article\",\"@id\":\"https:\/\/experienciadevida.com.ar\/portalurbano\/un-fallo-judicial-revoco-el-desplazamiento-de-mercedes-landivar-por-irregularidades-en-la-gestion-macrista\/#article\",\"isPartOf\":{\"@id\":\"https:\/\/experienciadevida.com.ar\/portalurbano\/un-fallo-judicial-revoco-el-desplazamiento-de-mercedes-landivar-por-irregularidades-en-la-gestion-macrista\/\"},\"author\":{\"name\":\"admpu17wp\",\"@id\":\"https:\/\/experienciadevida.com.ar\/portalurbano\/#\/schema\/person\/02dd326b1c4b056e9cc972486934a3a7\"},\"headline\":\"Un fallo judicial revoco el desplazamiento de Mercedes Landivar por irregularidades en la gesti\u00f3n macrista\",\"datePublished\":\"2020-08-15T12:30:52+00:00\",\"dateModified\":\"2020-08-15T12:30:52+00:00\",\"mainEntityOfPage\":{\"@id\":\"https:\/\/experienciadevida.com.ar\/portalurbano\/un-fallo-judicial-revoco-el-desplazamiento-de-mercedes-landivar-por-irregularidades-en-la-gestion-macrista\/\"},\"wordCount\":643,\"publisher\":{\"@id\":\"https:\/\/experienciadevida.com.ar\/portalurbano\/#organization\"},\"articleSection\":[\"Destacadas\",\"Pol\u00edtica\"],\"inLanguage\":\"es\"},{\"@type\":\"WebPage\",\"@id\":\"https:\/\/experienciadevida.com.ar\/portalurbano\/un-fallo-judicial-revoco-el-desplazamiento-de-mercedes-landivar-por-irregularidades-en-la-gestion-macrista\/\",\"url\":\"https:\/\/experienciadevida.com.ar\/portalurbano\/un-fallo-judicial-revoco-el-desplazamiento-de-mercedes-landivar-por-irregularidades-en-la-gestion-macrista\/\",\"name\":\"Un fallo judicial revoco el desplazamiento de Mercedes Landivar por irregularidades en la gesti\u00f3n macrista -\",\"isPartOf\":{\"@id\":\"https:\/\/experienciadevida.com.ar\/portalurbano\/#website\"},\"datePublished\":\"2020-08-15T12:30:52+00:00\",\"dateModified\":\"2020-08-15T12:30:52+00:00\",\"breadcrumb\":{\"@id\":\"https:\/\/experienciadevida.com.ar\/portalurbano\/un-fallo-judicial-revoco-el-desplazamiento-de-mercedes-landivar-por-irregularidades-en-la-gestion-macrista\/#breadcrumb\"},\"inLanguage\":\"es\",\"potentialAction\":[{\"@type\":\"ReadAction\",\"target\":[\"https:\/\/experienciadevida.com.ar\/portalurbano\/un-fallo-judicial-revoco-el-desplazamiento-de-mercedes-landivar-por-irregularidades-en-la-gestion-macrista\/\"]}]},{\"@type\":\"BreadcrumbList\",\"@id\":\"https:\/\/experienciadevida.com.ar\/portalurbano\/un-fallo-judicial-revoco-el-desplazamiento-de-mercedes-landivar-por-irregularidades-en-la-gestion-macrista\/#breadcrumb\",\"itemListElement\":[{\"@type\":\"ListItem\",\"position\":1,\"name\":\"Portada\",\"item\":\"https:\/\/experienciadevida.com.ar\/portalurbano\/\"},{\"@type\":\"ListItem\",\"position\":2,\"name\":\"Un fallo judicial revoco el desplazamiento de Mercedes Landivar por irregularidades en la gesti\u00f3n macrista\"}]},{\"@type\":\"WebSite\",\"@id\":\"https:\/\/experienciadevida.com.ar\/portalurbano\/#website\",\"url\":\"https:\/\/experienciadevida.com.ar\/portalurbano\/\",\"name\":\"\",\"description\":\"\",\"publisher\":{\"@id\":\"https:\/\/experienciadevida.com.ar\/portalurbano\/#organization\"},\"potentialAction\":[{\"@type\":\"SearchAction\",\"target\":{\"@type\":\"EntryPoint\",\"urlTemplate\":\"https:\/\/experienciadevida.com.ar\/portalurbano\/?s={search_term_string}\"},\"query-input\":\"required name=search_term_string\"}],\"inLanguage\":\"es\"},{\"@type\":\"Organization\",\"@id\":\"https:\/\/experienciadevida.com.ar\/portalurbano\/#organization\",\"name\":\"Portal Urbano\",\"url\":\"https:\/\/experienciadevida.com.ar\/portalurbano\/\",\"logo\":{\"@type\":\"ImageObject\",\"inLanguage\":\"es\",\"@id\":\"https:\/\/experienciadevida.com.ar\/portalurbano\/#\/schema\/logo\/image\/\",\"url\":\"https:\/\/experienciadevida.com.ar\/portalurbano\/wp-content\/uploads\/2019\/09\/Logo-Original.png\",\"contentUrl\":\"https:\/\/experienciadevida.com.ar\/portalurbano\/wp-content\/uploads\/2019\/09\/Logo-Original.png\",\"width\":2236,\"height\":1216,\"caption\":\"Portal Urbano\"},\"image\":{\"@id\":\"https:\/\/experienciadevida.com.ar\/portalurbano\/#\/schema\/logo\/image\/\"},\"sameAs\":[\"https:\/\/www.facebook.com\/Portal-Urbano-171542830093757\/\",\"https:\/\/twitter.com\/portalurbanook\",\"https:\/\/www.instagram.com\/_portalurbano\/\",\"https:\/\/www.youtube.com\/channel\/UCXhagIfszH8KxFiOok79zbA?view_as=subscriber\"]},{\"@type\":\"Person\",\"@id\":\"https:\/\/experienciadevida.com.ar\/portalurbano\/#\/schema\/person\/02dd326b1c4b056e9cc972486934a3a7\",\"name\":\"admpu17wp\",\"image\":{\"@type\":\"ImageObject\",\"inLanguage\":\"es\",\"@id\":\"https:\/\/experienciadevida.com.ar\/portalurbano\/#\/schema\/person\/image\/\",\"url\":\"https:\/\/secure.gravatar.com\/avatar\/830d4c57adaae6630765e449a6908047?s=96&d=mm&r=g\",\"contentUrl\":\"https:\/\/secure.gravatar.com\/avatar\/830d4c57adaae6630765e449a6908047?s=96&d=mm&r=g\",\"caption\":\"admpu17wp\"}}]}<\/script>\n<!-- \/ Yoast SEO plugin. -->","yoast_head_json":{"title":"Un fallo judicial revoco el desplazamiento de Mercedes Landivar por irregularidades en la gesti\u00f3n macrista -","robots":{"index":"index","follow":"follow","max-snippet":"max-snippet:-1","max-image-preview":"max-image-preview:large","max-video-preview":"max-video-preview:-1"},"canonical":"https:\/\/experienciadevida.com.ar\/portalurbano\/un-fallo-judicial-revoco-el-desplazamiento-de-mercedes-landivar-por-irregularidades-en-la-gestion-macrista\/","og_locale":"es_ES","og_type":"article","og_title":"Un fallo judicial revoco el desplazamiento de Mercedes Landivar por irregularidades en la gesti\u00f3n macrista -","og_description":"La concejala Mercedes Landivar, dio a publicar en su cuenta personal de Facebook el fallo...","og_url":"https:\/\/experienciadevida.com.ar\/portalurbano\/un-fallo-judicial-revoco-el-desplazamiento-de-mercedes-landivar-por-irregularidades-en-la-gestion-macrista\/","article_publisher":"https:\/\/www.facebook.com\/Portal-Urbano-171542830093757\/","article_published_time":"2020-08-15T12:30:52+00:00","og_image":[{"width":750,"height":458,"url":"https:\/\/experienciadevida.com.ar\/portalurbano\/wp-content\/uploads\/2020\/07\/LANDIVAR-1-e1597494186231.png","type":"image\/png"}],"author":"admpu17wp","twitter_card":"summary_large_image","twitter_creator":"@portalurbanook","twitter_site":"@portalurbanook","twitter_misc":{"Escrito por":"admpu17wp","Tiempo de lectura":"3 minutos"},"schema":{"@context":"https:\/\/schema.org","@graph":[{"@type":"Article","@id":"https:\/\/experienciadevida.com.ar\/portalurbano\/un-fallo-judicial-revoco-el-desplazamiento-de-mercedes-landivar-por-irregularidades-en-la-gestion-macrista\/#article","isPartOf":{"@id":"https:\/\/experienciadevida.com.ar\/portalurbano\/un-fallo-judicial-revoco-el-desplazamiento-de-mercedes-landivar-por-irregularidades-en-la-gestion-macrista\/"},"author":{"name":"admpu17wp","@id":"https:\/\/experienciadevida.com.ar\/portalurbano\/#\/schema\/person\/02dd326b1c4b056e9cc972486934a3a7"},"headline":"Un fallo judicial revoco el desplazamiento de Mercedes Landivar por irregularidades en la gesti\u00f3n macrista","datePublished":"2020-08-15T12:30:52+00:00","dateModified":"2020-08-15T12:30:52+00:00","mainEntityOfPage":{"@id":"https:\/\/experienciadevida.com.ar\/portalurbano\/un-fallo-judicial-revoco-el-desplazamiento-de-mercedes-landivar-por-irregularidades-en-la-gestion-macrista\/"},"wordCount":643,"publisher":{"@id":"https:\/\/experienciadevida.com.ar\/portalurbano\/#organization"},"articleSection":["Destacadas","Pol\u00edtica"],"inLanguage":"es"},{"@type":"WebPage","@id":"https:\/\/experienciadevida.com.ar\/portalurbano\/un-fallo-judicial-revoco-el-desplazamiento-de-mercedes-landivar-por-irregularidades-en-la-gestion-macrista\/","url":"https:\/\/experienciadevida.com.ar\/portalurbano\/un-fallo-judicial-revoco-el-desplazamiento-de-mercedes-landivar-por-irregularidades-en-la-gestion-macrista\/","name":"Un fallo judicial revoco el desplazamiento de Mercedes Landivar por irregularidades en la gesti\u00f3n macrista -","isPartOf":{"@id":"https:\/\/experienciadevida.com.ar\/portalurbano\/#website"},"datePublished":"2020-08-15T12:30:52+00:00","dateModified":"2020-08-15T12:30:52+00:00","breadcrumb":{"@id":"https:\/\/experienciadevida.com.ar\/portalurbano\/un-fallo-judicial-revoco-el-desplazamiento-de-mercedes-landivar-por-irregularidades-en-la-gestion-macrista\/#breadcrumb"},"inLanguage":"es","potentialAction":[{"@type":"ReadAction","target":["https:\/\/experienciadevida.com.ar\/portalurbano\/un-fallo-judicial-revoco-el-desplazamiento-de-mercedes-landivar-por-irregularidades-en-la-gestion-macrista\/"]}]},{"@type":"BreadcrumbList","@id":"https:\/\/experienciadevida.com.ar\/portalurbano\/un-fallo-judicial-revoco-el-desplazamiento-de-mercedes-landivar-por-irregularidades-en-la-gestion-macrista\/#breadcrumb","itemListElement":[{"@type":"ListItem","position":1,"name":"Portada","item":"https:\/\/experienciadevida.com.ar\/portalurbano\/"},{"@type":"ListItem","position":2,"name":"Un fallo judicial revoco el desplazamiento de Mercedes Landivar por irregularidades en la gesti\u00f3n macrista"}]},{"@type":"WebSite","@id":"https:\/\/experienciadevida.com.ar\/portalurbano\/#website","url":"https:\/\/experienciadevida.com.ar\/portalurbano\/","name":"","description":"","publisher":{"@id":"https:\/\/experienciadevida.com.ar\/portalurbano\/#organization"},"potentialAction":[{"@type":"SearchAction","target":{"@type":"EntryPoint","urlTemplate":"https:\/\/experienciadevida.com.ar\/portalurbano\/?s={search_term_string}"},"query-input":"required name=search_term_string"}],"inLanguage":"es"},{"@type":"Organization","@id":"https:\/\/experienciadevida.com.ar\/portalurbano\/#organization","name":"Portal Urbano","url":"https:\/\/experienciadevida.com.ar\/portalurbano\/","logo":{"@type":"ImageObject","inLanguage":"es","@id":"https:\/\/experienciadevida.com.ar\/portalurbano\/#\/schema\/logo\/image\/","url":"https:\/\/experienciadevida.com.ar\/portalurbano\/wp-content\/uploads\/2019\/09\/Logo-Original.png","contentUrl":"https:\/\/experienciadevida.com.ar\/portalurbano\/wp-content\/uploads\/2019\/09\/Logo-Original.png","width":2236,"height":1216,"caption":"Portal Urbano"},"image":{"@id":"https:\/\/experienciadevida.com.ar\/portalurbano\/#\/schema\/logo\/image\/"},"sameAs":["https:\/\/www.facebook.com\/Portal-Urbano-171542830093757\/","https:\/\/twitter.com\/portalurbanook","https:\/\/www.instagram.com\/_portalurbano\/","https:\/\/www.youtube.com\/channel\/UCXhagIfszH8KxFiOok79zbA?view_as=subscriber"]},{"@type":"Person","@id":"https:\/\/experienciadevida.com.ar\/portalurbano\/#\/schema\/person\/02dd326b1c4b056e9cc972486934a3a7","name":"admpu17wp","image":{"@type":"ImageObject","inLanguage":"es","@id":"https:\/\/experienciadevida.com.ar\/portalurbano\/#\/schema\/person\/image\/","url":"https:\/\/secure.gravatar.com\/avatar\/830d4c57adaae6630765e449a6908047?s=96&d=mm&r=g","contentUrl":"https:\/\/secure.gravatar.com\/avatar\/830d4c57adaae6630765e449a6908047?s=96&d=mm&r=g","caption":"admpu17wp"}}]}},"featured_image_urls":{"full":["https:\/\/experienciadevida.com.ar\/portalurbano\/wp-content\/uploads\/2020\/07\/LANDIVAR-1-e1597494186231.png",750,458,false],"thumbnail":["https:\/\/experienciadevida.com.ar\/portalurbano\/wp-content\/uploads\/2020\/07\/LANDIVAR-1-150x150.png",150,150,true],"medium":["https:\/\/experienciadevida.com.ar\/portalurbano\/wp-content\/uploads\/2020\/07\/LANDIVAR-1-300x183.png",300,183,true],"medium_large":["https:\/\/experienciadevida.com.ar\/portalurbano\/wp-content\/uploads\/2020\/07\/LANDIVAR-1-768x469.png",640,391,true],"large":["https:\/\/experienciadevida.com.ar\/portalurbano\/wp-content\/uploads\/2020\/07\/LANDIVAR-1-e1597494186231.png",640,391,false],"ug_big":["https:\/\/experienciadevida.com.ar\/portalurbano\/wp-content\/uploads\/2020\/07\/LANDIVAR-1-768x469.png",768,469,true],"1536x1536":["https:\/\/experienciadevida.com.ar\/portalurbano\/wp-content\/uploads\/2020\/07\/LANDIVAR-1-e1597494186231.png",750,458,false],"2048x2048":["https:\/\/experienciadevida.com.ar\/portalurbano\/wp-content\/uploads\/2020\/07\/LANDIVAR-1-e1597494186231.png",750,458,false],"newsever-slider-full":["https:\/\/experienciadevida.com.ar\/portalurbano\/wp-content\/uploads\/2020\/07\/LANDIVAR-1-e1597494186231.png",750,458,false],"newsever-featured":["https:\/\/experienciadevida.com.ar\/portalurbano\/wp-content\/uploads\/2020\/07\/LANDIVAR-1-e1597494186231.png",750,458,false],"newsever-medium":["https:\/\/experienciadevida.com.ar\/portalurbano\/wp-content\/uploads\/2020\/07\/LANDIVAR-1-e1597494186231.png",720,440,false],"web-stories-poster-portrait":["https:\/\/experienciadevida.com.ar\/portalurbano\/wp-content\/uploads\/2020\/07\/LANDIVAR-1-e1597494186231.png",640,391,false],"web-stories-publisher-logo":["https:\/\/experienciadevida.com.ar\/portalurbano\/wp-content\/uploads\/2020\/07\/LANDIVAR-1-e1597494186231.png",96,59,false],"web-stories-thumbnail":["https:\/\/experienciadevida.com.ar\/portalurbano\/wp-content\/uploads\/2020\/07\/LANDIVAR-1-e1597494186231.png",150,92,false]},"author_info":{"display_name":"admpu17wp","author_link":"https:\/\/experienciadevida.com.ar\/portalurbano\/author\/admpu17wp\/"},"category_info":"<a href=\"https:\/\/experienciadevida.com.ar\/portalurbano\/category\/destacadas\/\" rel=\"category tag\">Destacadas<\/a> <a href=\"https:\/\/experienciadevida.com.ar\/portalurbano\/category\/politica\/\" rel=\"category tag\">Pol\u00edtica<\/a>","tag_info":"Pol\u00edtica","comment_count":"0","amp_enabled":true,"_links":{"self":[{"href":"https:\/\/experienciadevida.com.ar\/portalurbano\/wp-json\/wp\/v2\/posts\/118154"}],"collection":[{"href":"https:\/\/experienciadevida.com.ar\/portalurbano\/wp-json\/wp\/v2\/posts"}],"about":[{"href":"https:\/\/experienciadevida.com.ar\/portalurbano\/wp-json\/wp\/v2\/types\/post"}],"author":[{"embeddable":true,"href":"https:\/\/experienciadevida.com.ar\/portalurbano\/wp-json\/wp\/v2\/users\/1"}],"replies":[{"embeddable":true,"href":"https:\/\/experienciadevida.com.ar\/portalurbano\/wp-json\/wp\/v2\/comments?post=118154"}],"version-history":[{"count":3,"href":"https:\/\/experienciadevida.com.ar\/portalurbano\/wp-json\/wp\/v2\/posts\/118154\/revisions"}],"predecessor-version":[{"id":118158,"href":"https:\/\/experienciadevida.com.ar\/portalurbano\/wp-json\/wp\/v2\/posts\/118154\/revisions\/118158"}],"wp:featuredmedia":[{"embeddable":true,"href":"https:\/\/experienciadevida.com.ar\/portalurbano\/wp-json\/wp\/v2\/media\/115765"}],"wp:attachment":[{"href":"https:\/\/experienciadevida.com.ar\/portalurbano\/wp-json\/wp\/v2\/media?parent=118154"}],"wp:term":[{"taxonomy":"category","embeddable":true,"href":"https:\/\/experienciadevida.com.ar\/portalurbano\/wp-json\/wp\/v2\/categories?post=118154"},{"taxonomy":"post_tag","embeddable":true,"href":"https:\/\/experienciadevida.com.ar\/portalurbano\/wp-json\/wp\/v2\/tags?post=118154"}],"curies":[{"name":"wp","href":"https:\/\/api.w.org\/{rel}","templated":true}]}}