{"id":118151,"date":"2020-08-15T09:12:01","date_gmt":"2020-08-15T12:12:01","guid":{"rendered":"https:\/\/experienciadevida.com.ar\/portalurbano\/?p=118151"},"modified":"2020-08-16T14:59:43","modified_gmt":"2020-08-16T17:59:43","slug":"infancias-sin-etiquetas","status":"publish","type":"post","link":"https:\/\/experienciadevida.com.ar\/portalurbano\/infancias-sin-etiquetas\/","title":{"rendered":"Infancias sin etiquetas"},"content":{"rendered":"<p>Con motivo de conmemorarse el D\u00eda de la Ni\u00f1ez el pr\u00f3ximo domingo, la Subsecretar\u00eda de Derechos, Igualdad y Oportunidades del Municipio, en articulaci\u00f3n con la Direcci\u00f3n de Pol\u00edticas de G\u00e9nero, impuls\u00f3 la campa\u00f1a de comunicaci\u00f3n p\u00fablica \u00a8Por infancias sin etiquetas\u00a8 sobre roles y estereotipos de g\u00e9nero en la infancia a trav\u00e9s del juego.<\/p>\n<p>La idea de la campa\u00f1a es romper con los esquemas binarios \u00a8juguetes de nene\/nena\u00a8, proponer otras maneras de vivir esta etapa y abrir la posibilidad a las infancias de descubrir, y dejar que sean libres de experimentar y disfrutar de diversas din\u00e1micas a la hora del juego, \u00a0no s\u00f3lo aquellas asignadas culturalmente de acuerdo a la divisi\u00f3n gen\u00e9rica.<\/p>\n<p>En el juego se ensayan roles sociales y se involucran valores, mandatos y esquemas culturales fundamentales, como el trabajo, el cuidado de las crianzas, el poder,\u00a0 el ejercicio de la violencia, las tareas dom\u00e9sticas, las jerarqu\u00edas, el trabajo en equipo, el ejercicio de profesiones, por mencionar s\u00f3lo algunas. Todas y cada una de ellas toman forma en un juguete, juego o din\u00e1mica recreativa, por eso el ejercicio de ellos no es inocente, porque van configurando las identidades y ensayando el desarrollo de lo que ser\u00e1 la vida adulta, donde se plasman muchas de estas estructuras en las que ellos y ellas se visualizan desde el juego.<\/p>\n<p>La campa\u00f1a fue realizada en exteriores rurales de la localidad de Sierra Chica, por la artista visual Ver\u00f3nica Piras, especializada en fotograf\u00eda infantil, new born (nacimientos) y familias, con amplia trayectoria en la materia, quien durante una jornada de juego y risas retrat\u00f3 a Bianca y Benicio en un entorno natural, para dar cuenta de los universos posibles de juego y reflejar la espontaneidad de la escena.<\/p>\n<p>La directora de Pol\u00edticas de G\u00e9nero, Florencia Ju\u00e1rez celebr\u00f3 la posibilidad de producir estas campa\u00f1as desde el Municipio y el gran avance que implican estas estrategias comunicacionales para generar reflexiones desde la opini\u00f3n p\u00fablica:\u00a0<em>\u201cromper con el esquema binario es el principio de una infancia sin etiquetas, y el camino hacia la construcci\u00f3n de horizontes igualitarios, que les permitan a los ni\u00f1os y ni\u00f1as ser y desplegar todas sus potencialidades, desde la libertad y la imaginaci\u00f3n posible\u201d.<\/em><\/p>\n<p><em>\u201cAdem\u00e1s, un mundo donde desde las infancias se fomenten ideas superadoras del ejercicio de paternidades responsables, por ejemplo, -idea impensada en la actualidad-; o el valor de la independencia y el empoderamiento de las ni\u00f1as desde otros lugares m\u00e1s liberadores, que rompan con el esquema de la cocinita y el cochecito de beb\u00e9\u201d,<\/em>\u00a0destac\u00f3.<\/p>\n<p>La subsecretaria de Derechos, Igualdad y Oportunidades, Dolores Muro, por su parte, destac\u00f3\u00a0<em>\u00a8la posibilidad de empezar a generar reflexiones desde la comunicaci\u00f3n, e incentivar a la ciudadan\u00eda a que participe, como un primer paso para comenzar a deconstruir estos patrones tradicionales en pos de una sociedad m\u00e1s igualitaria. Estas iniciativas nos interpelan, nos hacen reflexionar sobre nuestras maneras de vincularnos y nuestras estructuras; poder generar eso desde nuestros espacios es un gran avance y nos invita a pensar cada d\u00eda nuevos desaf\u00edos\u00a8.<\/em><\/p>\n","protected":false},"excerpt":{"rendered":"<p>Con motivo de conmemorarse el D\u00eda de la Ni\u00f1ez el pr\u00f3ximo domingo, la Subsecretar\u00eda de&#8230;<\/p>\n","protected":false},"author":1,"featured_media":118152,"comment_status":"closed","ping_status":"closed","sticky":false,"template":"","format":"standard","meta":{"content-type":""},"categories":[27,51],"tags":[],"nelio_content":{"isAutoShareEnabled":false,"autoShareEndMode":"default","automationSources":{"useContentSentences":true,"useSocialTemplates":true,"useCustomSentences":false,"customSentences":[]},"followers":[1],"suggestedReferences":[],"includedReferences":[],"efiUrl":"","efiAlt":"","highlights":[]},"yoast_head":"<!-- This site is optimized with the Yoast SEO plugin v20.7 - https:\/\/yoast.com\/wordpress\/plugins\/seo\/ -->\n<title>Infancias sin etiquetas - Diario digital de Olavarr\u00eda - Portal Urbano<\/title>\n<meta name=\"description\" content=\"Infancias sin etiquetas - Con motivo de conmemorarse el D\u00eda de la Ni\u00f1ez el pr\u00f3ximo domingo, la Subsecretar\u00eda de Derechos...\" \/>\n<meta name=\"robots\" content=\"index, follow, max-snippet:-1, max-image-preview:large, max-video-preview:-1\" \/>\n<link rel=\"canonical\" href=\"https:\/\/experienciadevida.com.ar\/portalurbano\/infancias-sin-etiquetas\/\" \/>\n<meta property=\"og:locale\" content=\"es_ES\" \/>\n<meta property=\"og:type\" content=\"article\" \/>\n<meta property=\"og:title\" content=\"Infancias sin etiquetas - Diario digital de Olavarr\u00eda - Portal Urbano\" \/>\n<meta property=\"og:description\" content=\"Infancias sin etiquetas - Con motivo de conmemorarse el D\u00eda de la Ni\u00f1ez el pr\u00f3ximo domingo, la Subsecretar\u00eda de Derechos...\" \/>\n<meta property=\"og:url\" content=\"https:\/\/experienciadevida.com.ar\/portalurbano\/infancias-sin-etiquetas\/\" \/>\n<meta property=\"article:publisher\" content=\"https:\/\/www.facebook.com\/Portal-Urbano-171542830093757\/\" \/>\n<meta property=\"article:published_time\" content=\"2020-08-15T12:12:01+00:00\" \/>\n<meta property=\"article:modified_time\" content=\"2020-08-16T17:59:43+00:00\" \/>\n<meta property=\"og:image\" content=\"https:\/\/experienciadevida.com.ar\/portalurbano\/wp-content\/uploads\/2020\/08\/Genero-Infancias-sin-etiquetas-1024x904-1-e1597493496378.jpg\" \/>\n\t<meta property=\"og:image:width\" content=\"750\" \/>\n\t<meta property=\"og:image:height\" content=\"662\" \/>\n\t<meta property=\"og:image:type\" content=\"image\/jpeg\" \/>\n<meta name=\"author\" content=\"admpu17wp\" \/>\n<meta name=\"twitter:card\" content=\"summary_large_image\" \/>\n<meta name=\"twitter:creator\" content=\"@portalurbanook\" \/>\n<meta name=\"twitter:site\" content=\"@portalurbanook\" \/>\n<meta name=\"twitter:label1\" content=\"Escrito por\" \/>\n\t<meta name=\"twitter:data1\" content=\"admpu17wp\" \/>\n\t<meta name=\"twitter:label2\" content=\"Tiempo de lectura\" \/>\n\t<meta name=\"twitter:data2\" content=\"3 minutos\" \/>\n<script type=\"application\/ld+json\" class=\"yoast-schema-graph\">{\"@context\":\"https:\/\/schema.org\",\"@graph\":[{\"@type\":\"Article\",\"@id\":\"https:\/\/experienciadevida.com.ar\/portalurbano\/infancias-sin-etiquetas\/#article\",\"isPartOf\":{\"@id\":\"https:\/\/experienciadevida.com.ar\/portalurbano\/infancias-sin-etiquetas\/\"},\"author\":{\"name\":\"admpu17wp\",\"@id\":\"https:\/\/experienciadevida.com.ar\/portalurbano\/#\/schema\/person\/02dd326b1c4b056e9cc972486934a3a7\"},\"headline\":\"Infancias sin etiquetas\",\"datePublished\":\"2020-08-15T12:12:01+00:00\",\"dateModified\":\"2020-08-16T17:59:43+00:00\",\"mainEntityOfPage\":{\"@id\":\"https:\/\/experienciadevida.com.ar\/portalurbano\/infancias-sin-etiquetas\/\"},\"wordCount\":545,\"publisher\":{\"@id\":\"https:\/\/experienciadevida.com.ar\/portalurbano\/#organization\"},\"articleSection\":[\"Ciudad\",\"Destacadas\"],\"inLanguage\":\"es\"},{\"@type\":\"WebPage\",\"@id\":\"https:\/\/experienciadevida.com.ar\/portalurbano\/infancias-sin-etiquetas\/\",\"url\":\"https:\/\/experienciadevida.com.ar\/portalurbano\/infancias-sin-etiquetas\/\",\"name\":\"Infancias sin etiquetas - Diario digital de Olavarr\u00eda - Portal Urbano\",\"isPartOf\":{\"@id\":\"https:\/\/experienciadevida.com.ar\/portalurbano\/#website\"},\"datePublished\":\"2020-08-15T12:12:01+00:00\",\"dateModified\":\"2020-08-16T17:59:43+00:00\",\"description\":\"Infancias sin etiquetas - Con motivo de conmemorarse el D\u00eda de la Ni\u00f1ez el pr\u00f3ximo domingo, la Subsecretar\u00eda de Derechos...\",\"breadcrumb\":{\"@id\":\"https:\/\/experienciadevida.com.ar\/portalurbano\/infancias-sin-etiquetas\/#breadcrumb\"},\"inLanguage\":\"es\",\"potentialAction\":[{\"@type\":\"ReadAction\",\"target\":[\"https:\/\/experienciadevida.com.ar\/portalurbano\/infancias-sin-etiquetas\/\"]}]},{\"@type\":\"BreadcrumbList\",\"@id\":\"https:\/\/experienciadevida.com.ar\/portalurbano\/infancias-sin-etiquetas\/#breadcrumb\",\"itemListElement\":[{\"@type\":\"ListItem\",\"position\":1,\"name\":\"Portada\",\"item\":\"https:\/\/experienciadevida.com.ar\/portalurbano\/\"},{\"@type\":\"ListItem\",\"position\":2,\"name\":\"Infancias sin etiquetas\"}]},{\"@type\":\"WebSite\",\"@id\":\"https:\/\/experienciadevida.com.ar\/portalurbano\/#website\",\"url\":\"https:\/\/experienciadevida.com.ar\/portalurbano\/\",\"name\":\"\",\"description\":\"\",\"publisher\":{\"@id\":\"https:\/\/experienciadevida.com.ar\/portalurbano\/#organization\"},\"potentialAction\":[{\"@type\":\"SearchAction\",\"target\":{\"@type\":\"EntryPoint\",\"urlTemplate\":\"https:\/\/experienciadevida.com.ar\/portalurbano\/?s={search_term_string}\"},\"query-input\":\"required name=search_term_string\"}],\"inLanguage\":\"es\"},{\"@type\":\"Organization\",\"@id\":\"https:\/\/experienciadevida.com.ar\/portalurbano\/#organization\",\"name\":\"Portal Urbano\",\"url\":\"https:\/\/experienciadevida.com.ar\/portalurbano\/\",\"logo\":{\"@type\":\"ImageObject\",\"inLanguage\":\"es\",\"@id\":\"https:\/\/experienciadevida.com.ar\/portalurbano\/#\/schema\/logo\/image\/\",\"url\":\"https:\/\/experienciadevida.com.ar\/portalurbano\/wp-content\/uploads\/2019\/09\/Logo-Original.png\",\"contentUrl\":\"https:\/\/experienciadevida.com.ar\/portalurbano\/wp-content\/uploads\/2019\/09\/Logo-Original.png\",\"width\":2236,\"height\":1216,\"caption\":\"Portal Urbano\"},\"image\":{\"@id\":\"https:\/\/experienciadevida.com.ar\/portalurbano\/#\/schema\/logo\/image\/\"},\"sameAs\":[\"https:\/\/www.facebook.com\/Portal-Urbano-171542830093757\/\",\"https:\/\/twitter.com\/portalurbanook\",\"https:\/\/www.instagram.com\/_portalurbano\/\",\"https:\/\/www.youtube.com\/channel\/UCXhagIfszH8KxFiOok79zbA?view_as=subscriber\"]},{\"@type\":\"Person\",\"@id\":\"https:\/\/experienciadevida.com.ar\/portalurbano\/#\/schema\/person\/02dd326b1c4b056e9cc972486934a3a7\",\"name\":\"admpu17wp\",\"image\":{\"@type\":\"ImageObject\",\"inLanguage\":\"es\",\"@id\":\"https:\/\/experienciadevida.com.ar\/portalurbano\/#\/schema\/person\/image\/\",\"url\":\"https:\/\/secure.gravatar.com\/avatar\/830d4c57adaae6630765e449a6908047?s=96&d=mm&r=g\",\"contentUrl\":\"https:\/\/secure.gravatar.com\/avatar\/830d4c57adaae6630765e449a6908047?s=96&d=mm&r=g\",\"caption\":\"admpu17wp\"}}]}<\/script>\n<!-- \/ Yoast SEO plugin. -->","yoast_head_json":{"title":"Infancias sin etiquetas - Diario digital de Olavarr\u00eda - Portal Urbano","description":"Infancias sin etiquetas - Con motivo de conmemorarse el D\u00eda de la Ni\u00f1ez el pr\u00f3ximo domingo, la Subsecretar\u00eda de Derechos...","robots":{"index":"index","follow":"follow","max-snippet":"max-snippet:-1","max-image-preview":"max-image-preview:large","max-video-preview":"max-video-preview:-1"},"canonical":"https:\/\/experienciadevida.com.ar\/portalurbano\/infancias-sin-etiquetas\/","og_locale":"es_ES","og_type":"article","og_title":"Infancias sin etiquetas - Diario digital de Olavarr\u00eda - Portal Urbano","og_description":"Infancias sin etiquetas - Con motivo de conmemorarse el D\u00eda de la Ni\u00f1ez el pr\u00f3ximo domingo, la Subsecretar\u00eda de Derechos...","og_url":"https:\/\/experienciadevida.com.ar\/portalurbano\/infancias-sin-etiquetas\/","article_publisher":"https:\/\/www.facebook.com\/Portal-Urbano-171542830093757\/","article_published_time":"2020-08-15T12:12:01+00:00","article_modified_time":"2020-08-16T17:59:43+00:00","og_image":[{"width":750,"height":662,"url":"https:\/\/experienciadevida.com.ar\/portalurbano\/wp-content\/uploads\/2020\/08\/Genero-Infancias-sin-etiquetas-1024x904-1-e1597493496378.jpg","type":"image\/jpeg"}],"author":"admpu17wp","twitter_card":"summary_large_image","twitter_creator":"@portalurbanook","twitter_site":"@portalurbanook","twitter_misc":{"Escrito por":"admpu17wp","Tiempo de lectura":"3 minutos"},"schema":{"@context":"https:\/\/schema.org","@graph":[{"@type":"Article","@id":"https:\/\/experienciadevida.com.ar\/portalurbano\/infancias-sin-etiquetas\/#article","isPartOf":{"@id":"https:\/\/experienciadevida.com.ar\/portalurbano\/infancias-sin-etiquetas\/"},"author":{"name":"admpu17wp","@id":"https:\/\/experienciadevida.com.ar\/portalurbano\/#\/schema\/person\/02dd326b1c4b056e9cc972486934a3a7"},"headline":"Infancias sin etiquetas","datePublished":"2020-08-15T12:12:01+00:00","dateModified":"2020-08-16T17:59:43+00:00","mainEntityOfPage":{"@id":"https:\/\/experienciadevida.com.ar\/portalurbano\/infancias-sin-etiquetas\/"},"wordCount":545,"publisher":{"@id":"https:\/\/experienciadevida.com.ar\/portalurbano\/#organization"},"articleSection":["Ciudad","Destacadas"],"inLanguage":"es"},{"@type":"WebPage","@id":"https:\/\/experienciadevida.com.ar\/portalurbano\/infancias-sin-etiquetas\/","url":"https:\/\/experienciadevida.com.ar\/portalurbano\/infancias-sin-etiquetas\/","name":"Infancias sin etiquetas - Diario digital de Olavarr\u00eda - Portal Urbano","isPartOf":{"@id":"https:\/\/experienciadevida.com.ar\/portalurbano\/#website"},"datePublished":"2020-08-15T12:12:01+00:00","dateModified":"2020-08-16T17:59:43+00:00","description":"Infancias sin etiquetas - Con motivo de conmemorarse el D\u00eda de la Ni\u00f1ez el pr\u00f3ximo domingo, la Subsecretar\u00eda de Derechos...","breadcrumb":{"@id":"https:\/\/experienciadevida.com.ar\/portalurbano\/infancias-sin-etiquetas\/#breadcrumb"},"inLanguage":"es","potentialAction":[{"@type":"ReadAction","target":["https:\/\/experienciadevida.com.ar\/portalurbano\/infancias-sin-etiquetas\/"]}]},{"@type":"BreadcrumbList","@id":"https:\/\/experienciadevida.com.ar\/portalurbano\/infancias-sin-etiquetas\/#breadcrumb","itemListElement":[{"@type":"ListItem","position":1,"name":"Portada","item":"https:\/\/experienciadevida.com.ar\/portalurbano\/"},{"@type":"ListItem","position":2,"name":"Infancias sin etiquetas"}]},{"@type":"WebSite","@id":"https:\/\/experienciadevida.com.ar\/portalurbano\/#website","url":"https:\/\/experienciadevida.com.ar\/portalurbano\/","name":"","description":"","publisher":{"@id":"https:\/\/experienciadevida.com.ar\/portalurbano\/#organization"},"potentialAction":[{"@type":"SearchAction","target":{"@type":"EntryPoint","urlTemplate":"https:\/\/experienciadevida.com.ar\/portalurbano\/?s={search_term_string}"},"query-input":"required name=search_term_string"}],"inLanguage":"es"},{"@type":"Organization","@id":"https:\/\/experienciadevida.com.ar\/portalurbano\/#organization","name":"Portal Urbano","url":"https:\/\/experienciadevida.com.ar\/portalurbano\/","logo":{"@type":"ImageObject","inLanguage":"es","@id":"https:\/\/experienciadevida.com.ar\/portalurbano\/#\/schema\/logo\/image\/","url":"https:\/\/experienciadevida.com.ar\/portalurbano\/wp-content\/uploads\/2019\/09\/Logo-Original.png","contentUrl":"https:\/\/experienciadevida.com.ar\/portalurbano\/wp-content\/uploads\/2019\/09\/Logo-Original.png","width":2236,"height":1216,"caption":"Portal Urbano"},"image":{"@id":"https:\/\/experienciadevida.com.ar\/portalurbano\/#\/schema\/logo\/image\/"},"sameAs":["https:\/\/www.facebook.com\/Portal-Urbano-171542830093757\/","https:\/\/twitter.com\/portalurbanook","https:\/\/www.instagram.com\/_portalurbano\/","https:\/\/www.youtube.com\/channel\/UCXhagIfszH8KxFiOok79zbA?view_as=subscriber"]},{"@type":"Person","@id":"https:\/\/experienciadevida.com.ar\/portalurbano\/#\/schema\/person\/02dd326b1c4b056e9cc972486934a3a7","name":"admpu17wp","image":{"@type":"ImageObject","inLanguage":"es","@id":"https:\/\/experienciadevida.com.ar\/portalurbano\/#\/schema\/person\/image\/","url":"https:\/\/secure.gravatar.com\/avatar\/830d4c57adaae6630765e449a6908047?s=96&d=mm&r=g","contentUrl":"https:\/\/secure.gravatar.com\/avatar\/830d4c57adaae6630765e449a6908047?s=96&d=mm&r=g","caption":"admpu17wp"}}]}},"featured_image_urls":{"full":["https:\/\/experienciadevida.com.ar\/portalurbano\/wp-content\/uploads\/2020\/08\/Genero-Infancias-sin-etiquetas-1024x904-1-e1597493496378.jpg",750,662,false],"thumbnail":["https:\/\/experienciadevida.com.ar\/portalurbano\/wp-content\/uploads\/2020\/08\/Genero-Infancias-sin-etiquetas-1024x904-1-150x150.jpg",150,150,true],"medium":["https:\/\/experienciadevida.com.ar\/portalurbano\/wp-content\/uploads\/2020\/08\/Genero-Infancias-sin-etiquetas-1024x904-1-300x265.jpg",300,265,true],"medium_large":["https:\/\/experienciadevida.com.ar\/portalurbano\/wp-content\/uploads\/2020\/08\/Genero-Infancias-sin-etiquetas-1024x904-1-768x678.jpg",640,565,true],"large":["https:\/\/experienciadevida.com.ar\/portalurbano\/wp-content\/uploads\/2020\/08\/Genero-Infancias-sin-etiquetas-1024x904-1-e1597493496378.jpg",640,565,false],"ug_big":["https:\/\/experienciadevida.com.ar\/portalurbano\/wp-content\/uploads\/2020\/08\/Genero-Infancias-sin-etiquetas-1024x904-1-768x678.jpg",768,678,true],"1536x1536":["https:\/\/experienciadevida.com.ar\/portalurbano\/wp-content\/uploads\/2020\/08\/Genero-Infancias-sin-etiquetas-1024x904-1-e1597493496378.jpg",750,662,false],"2048x2048":["https:\/\/experienciadevida.com.ar\/portalurbano\/wp-content\/uploads\/2020\/08\/Genero-Infancias-sin-etiquetas-1024x904-1-e1597493496378.jpg",750,662,false],"newsever-slider-full":["https:\/\/experienciadevida.com.ar\/portalurbano\/wp-content\/uploads\/2020\/08\/Genero-Infancias-sin-etiquetas-1024x904-1-e1597493496378.jpg",750,662,false],"newsever-featured":["https:\/\/experienciadevida.com.ar\/portalurbano\/wp-content\/uploads\/2020\/08\/Genero-Infancias-sin-etiquetas-1024x904-1-e1597493496378.jpg",750,662,false],"newsever-medium":["https:\/\/experienciadevida.com.ar\/portalurbano\/wp-content\/uploads\/2020\/08\/Genero-Infancias-sin-etiquetas-1024x904-1-e1597493496378.jpg",538,475,false],"web-stories-poster-portrait":["https:\/\/experienciadevida.com.ar\/portalurbano\/wp-content\/uploads\/2020\/08\/Genero-Infancias-sin-etiquetas-1024x904-1-e1597493496378.jpg",640,565,false],"web-stories-publisher-logo":["https:\/\/experienciadevida.com.ar\/portalurbano\/wp-content\/uploads\/2020\/08\/Genero-Infancias-sin-etiquetas-1024x904-1-e1597493496378.jpg",96,85,false],"web-stories-thumbnail":["https:\/\/experienciadevida.com.ar\/portalurbano\/wp-content\/uploads\/2020\/08\/Genero-Infancias-sin-etiquetas-1024x904-1-e1597493496378.jpg",150,132,false]},"author_info":{"display_name":"admpu17wp","author_link":"https:\/\/experienciadevida.com.ar\/portalurbano\/author\/admpu17wp\/"},"category_info":"<a href=\"https:\/\/experienciadevida.com.ar\/portalurbano\/category\/ciudad\/\" rel=\"category tag\">Ciudad<\/a> <a href=\"https:\/\/experienciadevida.com.ar\/portalurbano\/category\/destacadas\/\" rel=\"category tag\">Destacadas<\/a>","tag_info":"Destacadas","comment_count":"0","amp_enabled":true,"_links":{"self":[{"href":"https:\/\/experienciadevida.com.ar\/portalurbano\/wp-json\/wp\/v2\/posts\/118151"}],"collection":[{"href":"https:\/\/experienciadevida.com.ar\/portalurbano\/wp-json\/wp\/v2\/posts"}],"about":[{"href":"https:\/\/experienciadevida.com.ar\/portalurbano\/wp-json\/wp\/v2\/types\/post"}],"author":[{"embeddable":true,"href":"https:\/\/experienciadevida.com.ar\/portalurbano\/wp-json\/wp\/v2\/users\/1"}],"replies":[{"embeddable":true,"href":"https:\/\/experienciadevida.com.ar\/portalurbano\/wp-json\/wp\/v2\/comments?post=118151"}],"version-history":[{"count":1,"href":"https:\/\/experienciadevida.com.ar\/portalurbano\/wp-json\/wp\/v2\/posts\/118151\/revisions"}],"predecessor-version":[{"id":118153,"href":"https:\/\/experienciadevida.com.ar\/portalurbano\/wp-json\/wp\/v2\/posts\/118151\/revisions\/118153"}],"wp:featuredmedia":[{"embeddable":true,"href":"https:\/\/experienciadevida.com.ar\/portalurbano\/wp-json\/wp\/v2\/media\/118152"}],"wp:attachment":[{"href":"https:\/\/experienciadevida.com.ar\/portalurbano\/wp-json\/wp\/v2\/media?parent=118151"}],"wp:term":[{"taxonomy":"category","embeddable":true,"href":"https:\/\/experienciadevida.com.ar\/portalurbano\/wp-json\/wp\/v2\/categories?post=118151"},{"taxonomy":"post_tag","embeddable":true,"href":"https:\/\/experienciadevida.com.ar\/portalurbano\/wp-json\/wp\/v2\/tags?post=118151"}],"curies":[{"name":"wp","href":"https:\/\/api.w.org\/{rel}","templated":true}]}}