{"id":118093,"date":"2020-08-14T16:42:35","date_gmt":"2020-08-14T19:42:35","guid":{"rendered":"https:\/\/experienciadevida.com.ar\/portalurbano\/?p=118093"},"modified":"2020-08-14T16:42:36","modified_gmt":"2020-08-14T19:42:36","slug":"ezequiel-galli-recibio-al-empleado-municipal-que-dono-plasma","status":"publish","type":"post","link":"https:\/\/experienciadevida.com.ar\/portalurbano\/ezequiel-galli-recibio-al-empleado-municipal-que-dono-plasma\/","title":{"rendered":"Ezequiel Galli recibi\u00f3 al empleado municipal que don\u00f3 plasma"},"content":{"rendered":"<p>En la ma\u00f1ana de este viernes el intendente municipal Ezequiel Galli recibi\u00f3 en el Palacio San Mart\u00edn a Gustavo Jamse, el empleado municipal que d\u00edas atr\u00e1s don\u00f3 plasma para tratar a pacientes positivos de Covid-19.<\/p>\n<p>Durante el encuentro, Jamse le brind\u00f3 detalles al jefe comunal sobre como fue el proceso de donaci\u00f3n de plasma que se llev\u00f3 a cabo en la ciudad de Mar del Plata.<\/p>\n<p>En este sentido, el propio Ezequiel Galli destac\u00f3 la actitud de los pacientes que se ofrecen para realizar la donaci\u00f3n de plasma y dijo que \u201caunque sabemos que est\u00e1 demostrado cient\u00edficamente que el plasma no siempre cura la enfermedad, hay un n\u00famero de pacientes en los que s\u00ed ha funcionado como paliativo\u201d.<\/p>\n<p><a href=\"https:\/\/experienciadevida.com.ar\/portalurbano\/ezequiel-galli-recibio-al-empleado-municipal-que-dono-plasma\/reunion-galli-gustavo-jamse-1\/\" rel=\"attachment wp-att-118095\"><img decoding=\"async\" class=\"alignnone size-full wp-image-118095\" src=\"https:\/\/experienciadevida.com.ar\/portalurbano\/wp-content\/uploads\/2020\/08\/Reunion-Galli-Gustavo-Jamse-1.jpg\" alt=\"\" width=\"1968\" height=\"1312\" srcset=\"https:\/\/experienciadevida.com.ar\/portalurbano\/wp-content\/uploads\/2020\/08\/Reunion-Galli-Gustavo-Jamse-1.jpg 1968w, https:\/\/experienciadevida.com.ar\/portalurbano\/wp-content\/uploads\/2020\/08\/Reunion-Galli-Gustavo-Jamse-1-300x200.jpg 300w, https:\/\/experienciadevida.com.ar\/portalurbano\/wp-content\/uploads\/2020\/08\/Reunion-Galli-Gustavo-Jamse-1-1024x683.jpg 1024w, https:\/\/experienciadevida.com.ar\/portalurbano\/wp-content\/uploads\/2020\/08\/Reunion-Galli-Gustavo-Jamse-1-768x512.jpg 768w, https:\/\/experienciadevida.com.ar\/portalurbano\/wp-content\/uploads\/2020\/08\/Reunion-Galli-Gustavo-Jamse-1-1536x1024.jpg 1536w\" sizes=\"(max-width: 1968px) 100vw, 1968px\" \/><\/a><\/p>\n<p>Por su parte, el propio Jamse resalt\u00f3 el trabajo que se realiz\u00f3 en el Hospital Municipal y del personal de salud p\u00fablica durante el transcurso de la enfermedad. \u201cNo tengo m\u00e1s que palabras de agradecimiento con todo el personal, fundamentalmente la doctora Gabriela Schumacher que estuvo en permanente contacto conmigo como as\u00ed tambi\u00e9n la licenciada Mariana Galli del \u00e1rea de salud mental\u201d, indic\u00f3.<\/p>\n<p>Finalmente, Gustavo Jamse cont\u00f3 que va a volver a realizar otra donaci\u00f3n de plasma en Mar del Plata, ya que cada persona que est\u00e1 en condiciones de donar lo puede hacer dos veces con un espacio de quince d\u00edas.<\/p>\n","protected":false},"excerpt":{"rendered":"<p>En la ma\u00f1ana de este viernes el intendente municipal Ezequiel Galli recibi\u00f3 en el Palacio&#8230;<\/p>\n","protected":false},"author":1,"featured_media":118094,"comment_status":"closed","ping_status":"closed","sticky":false,"template":"","format":"standard","meta":{"content-type":""},"categories":[27,51],"tags":[],"nelio_content":{"isAutoShareEnabled":false,"autoShareEndMode":"default","automationSources":{"useContentSentences":true,"useSocialTemplates":true,"useCustomSentences":false,"customSentences":[]},"followers":[1],"suggestedReferences":[],"includedReferences":[],"efiUrl":"","efiAlt":"","highlights":[]},"yoast_head":"<!-- This site is optimized with the Yoast SEO plugin v20.7 - https:\/\/yoast.com\/wordpress\/plugins\/seo\/ -->\n<title>Ezequiel Galli recibi\u00f3 al empleado municipal que don\u00f3 plasma -<\/title>\n<meta name=\"robots\" content=\"index, follow, max-snippet:-1, max-image-preview:large, max-video-preview:-1\" \/>\n<link rel=\"canonical\" href=\"https:\/\/experienciadevida.com.ar\/portalurbano\/ezequiel-galli-recibio-al-empleado-municipal-que-dono-plasma\/\" \/>\n<meta property=\"og:locale\" content=\"es_ES\" \/>\n<meta property=\"og:type\" content=\"article\" \/>\n<meta property=\"og:title\" content=\"Ezequiel Galli recibi\u00f3 al empleado municipal que don\u00f3 plasma -\" \/>\n<meta property=\"og:description\" content=\"En la ma\u00f1ana de este viernes el intendente municipal Ezequiel Galli recibi\u00f3 en el Palacio...\" \/>\n<meta property=\"og:url\" content=\"https:\/\/experienciadevida.com.ar\/portalurbano\/ezequiel-galli-recibio-al-empleado-municipal-que-dono-plasma\/\" \/>\n<meta property=\"article:publisher\" content=\"https:\/\/www.facebook.com\/Portal-Urbano-171542830093757\/\" \/>\n<meta property=\"article:published_time\" content=\"2020-08-14T19:42:35+00:00\" \/>\n<meta property=\"article:modified_time\" content=\"2020-08-14T19:42:36+00:00\" \/>\n<meta property=\"og:image\" content=\"https:\/\/experienciadevida.com.ar\/portalurbano\/wp-content\/uploads\/2020\/08\/Reunion-Galli-Gustavo-Jamse-2-e1597434115313.jpg\" \/>\n\t<meta property=\"og:image:width\" content=\"750\" \/>\n\t<meta property=\"og:image:height\" content=\"500\" \/>\n\t<meta property=\"og:image:type\" content=\"image\/jpeg\" \/>\n<meta name=\"author\" content=\"admpu17wp\" \/>\n<meta name=\"twitter:card\" content=\"summary_large_image\" \/>\n<meta name=\"twitter:creator\" content=\"@portalurbanook\" \/>\n<meta name=\"twitter:site\" content=\"@portalurbanook\" \/>\n<meta name=\"twitter:label1\" content=\"Escrito por\" \/>\n\t<meta name=\"twitter:data1\" content=\"admpu17wp\" \/>\n\t<meta name=\"twitter:label2\" content=\"Tiempo de lectura\" \/>\n\t<meta name=\"twitter:data2\" content=\"1 minuto\" \/>\n<script type=\"application\/ld+json\" class=\"yoast-schema-graph\">{\"@context\":\"https:\/\/schema.org\",\"@graph\":[{\"@type\":\"Article\",\"@id\":\"https:\/\/experienciadevida.com.ar\/portalurbano\/ezequiel-galli-recibio-al-empleado-municipal-que-dono-plasma\/#article\",\"isPartOf\":{\"@id\":\"https:\/\/experienciadevida.com.ar\/portalurbano\/ezequiel-galli-recibio-al-empleado-municipal-que-dono-plasma\/\"},\"author\":{\"name\":\"admpu17wp\",\"@id\":\"https:\/\/experienciadevida.com.ar\/portalurbano\/#\/schema\/person\/02dd326b1c4b056e9cc972486934a3a7\"},\"headline\":\"Ezequiel Galli recibi\u00f3 al empleado municipal que don\u00f3 plasma\",\"datePublished\":\"2020-08-14T19:42:35+00:00\",\"dateModified\":\"2020-08-14T19:42:36+00:00\",\"mainEntityOfPage\":{\"@id\":\"https:\/\/experienciadevida.com.ar\/portalurbano\/ezequiel-galli-recibio-al-empleado-municipal-que-dono-plasma\/\"},\"wordCount\":242,\"publisher\":{\"@id\":\"https:\/\/experienciadevida.com.ar\/portalurbano\/#organization\"},\"articleSection\":[\"Ciudad\",\"Destacadas\"],\"inLanguage\":\"es\"},{\"@type\":\"WebPage\",\"@id\":\"https:\/\/experienciadevida.com.ar\/portalurbano\/ezequiel-galli-recibio-al-empleado-municipal-que-dono-plasma\/\",\"url\":\"https:\/\/experienciadevida.com.ar\/portalurbano\/ezequiel-galli-recibio-al-empleado-municipal-que-dono-plasma\/\",\"name\":\"Ezequiel Galli recibi\u00f3 al empleado municipal que don\u00f3 plasma -\",\"isPartOf\":{\"@id\":\"https:\/\/experienciadevida.com.ar\/portalurbano\/#website\"},\"datePublished\":\"2020-08-14T19:42:35+00:00\",\"dateModified\":\"2020-08-14T19:42:36+00:00\",\"breadcrumb\":{\"@id\":\"https:\/\/experienciadevida.com.ar\/portalurbano\/ezequiel-galli-recibio-al-empleado-municipal-que-dono-plasma\/#breadcrumb\"},\"inLanguage\":\"es\",\"potentialAction\":[{\"@type\":\"ReadAction\",\"target\":[\"https:\/\/experienciadevida.com.ar\/portalurbano\/ezequiel-galli-recibio-al-empleado-municipal-que-dono-plasma\/\"]}]},{\"@type\":\"BreadcrumbList\",\"@id\":\"https:\/\/experienciadevida.com.ar\/portalurbano\/ezequiel-galli-recibio-al-empleado-municipal-que-dono-plasma\/#breadcrumb\",\"itemListElement\":[{\"@type\":\"ListItem\",\"position\":1,\"name\":\"Portada\",\"item\":\"https:\/\/experienciadevida.com.ar\/portalurbano\/\"},{\"@type\":\"ListItem\",\"position\":2,\"name\":\"Ezequiel Galli recibi\u00f3 al empleado municipal que don\u00f3 plasma\"}]},{\"@type\":\"WebSite\",\"@id\":\"https:\/\/experienciadevida.com.ar\/portalurbano\/#website\",\"url\":\"https:\/\/experienciadevida.com.ar\/portalurbano\/\",\"name\":\"\",\"description\":\"\",\"publisher\":{\"@id\":\"https:\/\/experienciadevida.com.ar\/portalurbano\/#organization\"},\"potentialAction\":[{\"@type\":\"SearchAction\",\"target\":{\"@type\":\"EntryPoint\",\"urlTemplate\":\"https:\/\/experienciadevida.com.ar\/portalurbano\/?s={search_term_string}\"},\"query-input\":\"required name=search_term_string\"}],\"inLanguage\":\"es\"},{\"@type\":\"Organization\",\"@id\":\"https:\/\/experienciadevida.com.ar\/portalurbano\/#organization\",\"name\":\"Portal Urbano\",\"url\":\"https:\/\/experienciadevida.com.ar\/portalurbano\/\",\"logo\":{\"@type\":\"ImageObject\",\"inLanguage\":\"es\",\"@id\":\"https:\/\/experienciadevida.com.ar\/portalurbano\/#\/schema\/logo\/image\/\",\"url\":\"https:\/\/experienciadevida.com.ar\/portalurbano\/wp-content\/uploads\/2019\/09\/Logo-Original.png\",\"contentUrl\":\"https:\/\/experienciadevida.com.ar\/portalurbano\/wp-content\/uploads\/2019\/09\/Logo-Original.png\",\"width\":2236,\"height\":1216,\"caption\":\"Portal Urbano\"},\"image\":{\"@id\":\"https:\/\/experienciadevida.com.ar\/portalurbano\/#\/schema\/logo\/image\/\"},\"sameAs\":[\"https:\/\/www.facebook.com\/Portal-Urbano-171542830093757\/\",\"https:\/\/twitter.com\/portalurbanook\",\"https:\/\/www.instagram.com\/_portalurbano\/\",\"https:\/\/www.youtube.com\/channel\/UCXhagIfszH8KxFiOok79zbA?view_as=subscriber\"]},{\"@type\":\"Person\",\"@id\":\"https:\/\/experienciadevida.com.ar\/portalurbano\/#\/schema\/person\/02dd326b1c4b056e9cc972486934a3a7\",\"name\":\"admpu17wp\",\"image\":{\"@type\":\"ImageObject\",\"inLanguage\":\"es\",\"@id\":\"https:\/\/experienciadevida.com.ar\/portalurbano\/#\/schema\/person\/image\/\",\"url\":\"https:\/\/secure.gravatar.com\/avatar\/830d4c57adaae6630765e449a6908047?s=96&d=mm&r=g\",\"contentUrl\":\"https:\/\/secure.gravatar.com\/avatar\/830d4c57adaae6630765e449a6908047?s=96&d=mm&r=g\",\"caption\":\"admpu17wp\"}}]}<\/script>\n<!-- \/ Yoast SEO plugin. -->","yoast_head_json":{"title":"Ezequiel Galli recibi\u00f3 al empleado municipal que don\u00f3 plasma -","robots":{"index":"index","follow":"follow","max-snippet":"max-snippet:-1","max-image-preview":"max-image-preview:large","max-video-preview":"max-video-preview:-1"},"canonical":"https:\/\/experienciadevida.com.ar\/portalurbano\/ezequiel-galli-recibio-al-empleado-municipal-que-dono-plasma\/","og_locale":"es_ES","og_type":"article","og_title":"Ezequiel Galli recibi\u00f3 al empleado municipal que don\u00f3 plasma -","og_description":"En la ma\u00f1ana de este viernes el intendente municipal Ezequiel Galli recibi\u00f3 en el Palacio...","og_url":"https:\/\/experienciadevida.com.ar\/portalurbano\/ezequiel-galli-recibio-al-empleado-municipal-que-dono-plasma\/","article_publisher":"https:\/\/www.facebook.com\/Portal-Urbano-171542830093757\/","article_published_time":"2020-08-14T19:42:35+00:00","article_modified_time":"2020-08-14T19:42:36+00:00","og_image":[{"width":750,"height":500,"url":"https:\/\/experienciadevida.com.ar\/portalurbano\/wp-content\/uploads\/2020\/08\/Reunion-Galli-Gustavo-Jamse-2-e1597434115313.jpg","type":"image\/jpeg"}],"author":"admpu17wp","twitter_card":"summary_large_image","twitter_creator":"@portalurbanook","twitter_site":"@portalurbanook","twitter_misc":{"Escrito por":"admpu17wp","Tiempo de lectura":"1 minuto"},"schema":{"@context":"https:\/\/schema.org","@graph":[{"@type":"Article","@id":"https:\/\/experienciadevida.com.ar\/portalurbano\/ezequiel-galli-recibio-al-empleado-municipal-que-dono-plasma\/#article","isPartOf":{"@id":"https:\/\/experienciadevida.com.ar\/portalurbano\/ezequiel-galli-recibio-al-empleado-municipal-que-dono-plasma\/"},"author":{"name":"admpu17wp","@id":"https:\/\/experienciadevida.com.ar\/portalurbano\/#\/schema\/person\/02dd326b1c4b056e9cc972486934a3a7"},"headline":"Ezequiel Galli recibi\u00f3 al empleado municipal que don\u00f3 plasma","datePublished":"2020-08-14T19:42:35+00:00","dateModified":"2020-08-14T19:42:36+00:00","mainEntityOfPage":{"@id":"https:\/\/experienciadevida.com.ar\/portalurbano\/ezequiel-galli-recibio-al-empleado-municipal-que-dono-plasma\/"},"wordCount":242,"publisher":{"@id":"https:\/\/experienciadevida.com.ar\/portalurbano\/#organization"},"articleSection":["Ciudad","Destacadas"],"inLanguage":"es"},{"@type":"WebPage","@id":"https:\/\/experienciadevida.com.ar\/portalurbano\/ezequiel-galli-recibio-al-empleado-municipal-que-dono-plasma\/","url":"https:\/\/experienciadevida.com.ar\/portalurbano\/ezequiel-galli-recibio-al-empleado-municipal-que-dono-plasma\/","name":"Ezequiel Galli recibi\u00f3 al empleado municipal que don\u00f3 plasma -","isPartOf":{"@id":"https:\/\/experienciadevida.com.ar\/portalurbano\/#website"},"datePublished":"2020-08-14T19:42:35+00:00","dateModified":"2020-08-14T19:42:36+00:00","breadcrumb":{"@id":"https:\/\/experienciadevida.com.ar\/portalurbano\/ezequiel-galli-recibio-al-empleado-municipal-que-dono-plasma\/#breadcrumb"},"inLanguage":"es","potentialAction":[{"@type":"ReadAction","target":["https:\/\/experienciadevida.com.ar\/portalurbano\/ezequiel-galli-recibio-al-empleado-municipal-que-dono-plasma\/"]}]},{"@type":"BreadcrumbList","@id":"https:\/\/experienciadevida.com.ar\/portalurbano\/ezequiel-galli-recibio-al-empleado-municipal-que-dono-plasma\/#breadcrumb","itemListElement":[{"@type":"ListItem","position":1,"name":"Portada","item":"https:\/\/experienciadevida.com.ar\/portalurbano\/"},{"@type":"ListItem","position":2,"name":"Ezequiel Galli recibi\u00f3 al empleado municipal que don\u00f3 plasma"}]},{"@type":"WebSite","@id":"https:\/\/experienciadevida.com.ar\/portalurbano\/#website","url":"https:\/\/experienciadevida.com.ar\/portalurbano\/","name":"","description":"","publisher":{"@id":"https:\/\/experienciadevida.com.ar\/portalurbano\/#organization"},"potentialAction":[{"@type":"SearchAction","target":{"@type":"EntryPoint","urlTemplate":"https:\/\/experienciadevida.com.ar\/portalurbano\/?s={search_term_string}"},"query-input":"required name=search_term_string"}],"inLanguage":"es"},{"@type":"Organization","@id":"https:\/\/experienciadevida.com.ar\/portalurbano\/#organization","name":"Portal Urbano","url":"https:\/\/experienciadevida.com.ar\/portalurbano\/","logo":{"@type":"ImageObject","inLanguage":"es","@id":"https:\/\/experienciadevida.com.ar\/portalurbano\/#\/schema\/logo\/image\/","url":"https:\/\/experienciadevida.com.ar\/portalurbano\/wp-content\/uploads\/2019\/09\/Logo-Original.png","contentUrl":"https:\/\/experienciadevida.com.ar\/portalurbano\/wp-content\/uploads\/2019\/09\/Logo-Original.png","width":2236,"height":1216,"caption":"Portal Urbano"},"image":{"@id":"https:\/\/experienciadevida.com.ar\/portalurbano\/#\/schema\/logo\/image\/"},"sameAs":["https:\/\/www.facebook.com\/Portal-Urbano-171542830093757\/","https:\/\/twitter.com\/portalurbanook","https:\/\/www.instagram.com\/_portalurbano\/","https:\/\/www.youtube.com\/channel\/UCXhagIfszH8KxFiOok79zbA?view_as=subscriber"]},{"@type":"Person","@id":"https:\/\/experienciadevida.com.ar\/portalurbano\/#\/schema\/person\/02dd326b1c4b056e9cc972486934a3a7","name":"admpu17wp","image":{"@type":"ImageObject","inLanguage":"es","@id":"https:\/\/experienciadevida.com.ar\/portalurbano\/#\/schema\/person\/image\/","url":"https:\/\/secure.gravatar.com\/avatar\/830d4c57adaae6630765e449a6908047?s=96&d=mm&r=g","contentUrl":"https:\/\/secure.gravatar.com\/avatar\/830d4c57adaae6630765e449a6908047?s=96&d=mm&r=g","caption":"admpu17wp"}}]}},"featured_image_urls":{"full":["https:\/\/experienciadevida.com.ar\/portalurbano\/wp-content\/uploads\/2020\/08\/Reunion-Galli-Gustavo-Jamse-2-e1597434115313.jpg",750,500,false],"thumbnail":["https:\/\/experienciadevida.com.ar\/portalurbano\/wp-content\/uploads\/2020\/08\/Reunion-Galli-Gustavo-Jamse-2-150x150.jpg",150,150,true],"medium":["https:\/\/experienciadevida.com.ar\/portalurbano\/wp-content\/uploads\/2020\/08\/Reunion-Galli-Gustavo-Jamse-2-300x200.jpg",300,200,true],"medium_large":["https:\/\/experienciadevida.com.ar\/portalurbano\/wp-content\/uploads\/2020\/08\/Reunion-Galli-Gustavo-Jamse-2-768x512.jpg",640,427,true],"large":["https:\/\/experienciadevida.com.ar\/portalurbano\/wp-content\/uploads\/2020\/08\/Reunion-Galli-Gustavo-Jamse-2-1024x683.jpg",640,427,true],"ug_big":["https:\/\/experienciadevida.com.ar\/portalurbano\/wp-content\/uploads\/2020\/08\/Reunion-Galli-Gustavo-Jamse-2-768x512.jpg",768,512,true],"1536x1536":["https:\/\/experienciadevida.com.ar\/portalurbano\/wp-content\/uploads\/2020\/08\/Reunion-Galli-Gustavo-Jamse-2-1536x1024.jpg",1536,1024,true],"2048x2048":["https:\/\/experienciadevida.com.ar\/portalurbano\/wp-content\/uploads\/2020\/08\/Reunion-Galli-Gustavo-Jamse-2-e1597434115313.jpg",750,500,false],"newsever-slider-full":["https:\/\/experienciadevida.com.ar\/portalurbano\/wp-content\/uploads\/2020\/08\/Reunion-Galli-Gustavo-Jamse-2-e1597434115313.jpg",750,500,false],"newsever-featured":["https:\/\/experienciadevida.com.ar\/portalurbano\/wp-content\/uploads\/2020\/08\/Reunion-Galli-Gustavo-Jamse-2-e1597434115313.jpg",750,500,false],"newsever-medium":["https:\/\/experienciadevida.com.ar\/portalurbano\/wp-content\/uploads\/2020\/08\/Reunion-Galli-Gustavo-Jamse-2-e1597434115313.jpg",713,475,false],"web-stories-poster-portrait":["https:\/\/experienciadevida.com.ar\/portalurbano\/wp-content\/uploads\/2020\/08\/Reunion-Galli-Gustavo-Jamse-2-e1597434115313.jpg",640,427,false],"web-stories-publisher-logo":["https:\/\/experienciadevida.com.ar\/portalurbano\/wp-content\/uploads\/2020\/08\/Reunion-Galli-Gustavo-Jamse-2-e1597434115313.jpg",96,64,false],"web-stories-thumbnail":["https:\/\/experienciadevida.com.ar\/portalurbano\/wp-content\/uploads\/2020\/08\/Reunion-Galli-Gustavo-Jamse-2-e1597434115313.jpg",150,100,false]},"author_info":{"display_name":"admpu17wp","author_link":"https:\/\/experienciadevida.com.ar\/portalurbano\/author\/admpu17wp\/"},"category_info":"<a href=\"https:\/\/experienciadevida.com.ar\/portalurbano\/category\/ciudad\/\" rel=\"category tag\">Ciudad<\/a> <a href=\"https:\/\/experienciadevida.com.ar\/portalurbano\/category\/destacadas\/\" rel=\"category tag\">Destacadas<\/a>","tag_info":"Destacadas","comment_count":"0","amp_enabled":true,"_links":{"self":[{"href":"https:\/\/experienciadevida.com.ar\/portalurbano\/wp-json\/wp\/v2\/posts\/118093"}],"collection":[{"href":"https:\/\/experienciadevida.com.ar\/portalurbano\/wp-json\/wp\/v2\/posts"}],"about":[{"href":"https:\/\/experienciadevida.com.ar\/portalurbano\/wp-json\/wp\/v2\/types\/post"}],"author":[{"embeddable":true,"href":"https:\/\/experienciadevida.com.ar\/portalurbano\/wp-json\/wp\/v2\/users\/1"}],"replies":[{"embeddable":true,"href":"https:\/\/experienciadevida.com.ar\/portalurbano\/wp-json\/wp\/v2\/comments?post=118093"}],"version-history":[{"count":2,"href":"https:\/\/experienciadevida.com.ar\/portalurbano\/wp-json\/wp\/v2\/posts\/118093\/revisions"}],"predecessor-version":[{"id":118097,"href":"https:\/\/experienciadevida.com.ar\/portalurbano\/wp-json\/wp\/v2\/posts\/118093\/revisions\/118097"}],"wp:featuredmedia":[{"embeddable":true,"href":"https:\/\/experienciadevida.com.ar\/portalurbano\/wp-json\/wp\/v2\/media\/118094"}],"wp:attachment":[{"href":"https:\/\/experienciadevida.com.ar\/portalurbano\/wp-json\/wp\/v2\/media?parent=118093"}],"wp:term":[{"taxonomy":"category","embeddable":true,"href":"https:\/\/experienciadevida.com.ar\/portalurbano\/wp-json\/wp\/v2\/categories?post=118093"},{"taxonomy":"post_tag","embeddable":true,"href":"https:\/\/experienciadevida.com.ar\/portalurbano\/wp-json\/wp\/v2\/tags?post=118093"}],"curies":[{"name":"wp","href":"https:\/\/api.w.org\/{rel}","templated":true}]}}