{"id":118079,"date":"2020-08-14T12:48:41","date_gmt":"2020-08-14T15:48:41","guid":{"rendered":"https:\/\/experienciadevida.com.ar\/portalurbano\/?p=118079"},"modified":"2020-08-14T12:48:59","modified_gmt":"2020-08-14T15:48:59","slug":"en-la-previa-al-anuncio-bianco-dijo-que-alcaldes-y-expertos-coinciden-en-no-avanzar-con-aperturas","status":"publish","type":"post","link":"https:\/\/experienciadevida.com.ar\/portalurbano\/en-la-previa-al-anuncio-bianco-dijo-que-alcaldes-y-expertos-coinciden-en-no-avanzar-con-aperturas\/","title":{"rendered":"En la previa al anuncio, Bianco dijo que alcaldes y expertos coinciden en no avanzar con aperturas"},"content":{"rendered":"<p>Pidi\u00f3 que la noticia de la vacuna \u201cno relaje\u201d los cuidados. Sostuvo que la movilidad est\u00e1 \u201centre el 30% y el 50%\u201d.<\/p>\n<p>El jefe de Gabinete bonaerense, Carlos Bianco, asegur\u00f3 este viernes que \u201ctodos los intendentes y especialistas coinciden en que una mayor flexibilizaci\u00f3n de actividades o circulaci\u00f3n de personas no es deseable\u201d en la previa a un nuevo anuncio sobre la extensi\u00f3n de la cuarentena.<\/p>\n<p>Bianco detall\u00f3 que en la actualidad la ocupaci\u00f3n de camas de terapia intensiva para toda la provincia es del 57% y del 66% en el \u00e1rea metropolitana de Buenos Aires.<\/p>\n<p>\u201cMatem\u00e1ticamente, m\u00e1s contagios son m\u00e1s muertos. As\u00ed que hay que evitar los contagios\u201d, plante\u00f3 Bianco y advirti\u00f3 que el sistema no colapsa \u201ccuando llega al 100% de ocupaci\u00f3n de camas\u201d sino que hay \u201cun estr\u00e9s previo\u201d.<\/p>\n<p>Por ello, analiz\u00f3 que si los contagios de Covid-19 contin\u00faan a este ritmo \u201cen 90 d\u00edas el sistema de salud satura completamente\u201d.<\/p>\n<p>A la vez, si bien destac\u00f3 que se vaya a fabricar una vacuna contra el coronavirus en el pa\u00eds, pidi\u00f3 que la noticia \u201cno relaje los controles ni la responsabilidad\u201d y subray\u00f3 que maneja informes de movilidad que indican que la circulaci\u00f3n en general \u201cest\u00e1 entre 30 y 50%\u201d.<\/p>\n<p>En tanto, puso de relieve el \u201cesfuerzo social\u201d realizado por la sociedad para dar cumplimiento a la cuarentena y grafic\u00f3 que mientras \u201clos m\u00e9dicos en Espa\u00f1a atend\u00edan con bolsas de residuos, a nosotros no nos falt\u00f3 ni un camisol\u00edn\u201d.<\/p>\n<p>\u201cDec\u00edan que \u00edbamos a tener estallidos sociales, que iban a faltar respiradores y camas. Por ahora, eso no pas\u00f3\u201d, describi\u00f3 el funcionario bonaerense y a\u00f1adi\u00f3 que \u201csi hacemos el repaso nadie puede decir que la cuarentena no tuvo sentido\u201d.<\/p>\n<p>\u201cLa prensa internacional destaca que Alberto Fern\u00e1ndez est\u00e1 entre los l\u00edderes que mejor llev\u00f3 la pandemia\u201d, finaliz\u00f3.<\/p>\n<p>Fuente: DIB<\/p>\n","protected":false},"excerpt":{"rendered":"<p>Pidi\u00f3 que la noticia de la vacuna \u201cno relaje\u201d los cuidados. Sostuvo que la movilidad&#8230;<\/p>\n","protected":false},"author":1,"featured_media":111152,"comment_status":"closed","ping_status":"closed","sticky":false,"template":"","format":"standard","meta":{"content-type":""},"categories":[44],"tags":[],"nelio_content":{"isAutoShareEnabled":false,"autoShareEndMode":"default","automationSources":{"useContentSentences":true,"useSocialTemplates":true,"useCustomSentences":false,"customSentences":[]},"followers":[1],"suggestedReferences":[],"includedReferences":[],"efiUrl":"","efiAlt":"","highlights":[]},"yoast_head":"<!-- This site is optimized with the Yoast SEO plugin v20.7 - https:\/\/yoast.com\/wordpress\/plugins\/seo\/ -->\n<title>En la previa al anuncio, Bianco dijo que alcaldes y expertos coinciden en no avanzar con aperturas -<\/title>\n<meta name=\"robots\" content=\"index, follow, max-snippet:-1, max-image-preview:large, max-video-preview:-1\" \/>\n<link rel=\"canonical\" href=\"https:\/\/experienciadevida.com.ar\/portalurbano\/en-la-previa-al-anuncio-bianco-dijo-que-alcaldes-y-expertos-coinciden-en-no-avanzar-con-aperturas\/\" \/>\n<meta property=\"og:locale\" content=\"es_ES\" \/>\n<meta property=\"og:type\" content=\"article\" \/>\n<meta property=\"og:title\" content=\"En la previa al anuncio, Bianco dijo que alcaldes y expertos coinciden en no avanzar con aperturas -\" \/>\n<meta property=\"og:description\" content=\"Pidi\u00f3 que la noticia de la vacuna \u201cno relaje\u201d los cuidados. Sostuvo que la movilidad...\" \/>\n<meta property=\"og:url\" content=\"https:\/\/experienciadevida.com.ar\/portalurbano\/en-la-previa-al-anuncio-bianco-dijo-que-alcaldes-y-expertos-coinciden-en-no-avanzar-con-aperturas\/\" \/>\n<meta property=\"article:publisher\" content=\"https:\/\/www.facebook.com\/Portal-Urbano-171542830093757\/\" \/>\n<meta property=\"article:published_time\" content=\"2020-08-14T15:48:41+00:00\" \/>\n<meta property=\"article:modified_time\" content=\"2020-08-14T15:48:59+00:00\" \/>\n<meta property=\"og:image\" content=\"https:\/\/experienciadevida.com.ar\/portalurbano\/wp-content\/uploads\/2020\/06\/CARLOSBIANCO-e1599735656610.jpg\" \/>\n\t<meta property=\"og:image:width\" content=\"750\" \/>\n\t<meta property=\"og:image:height\" content=\"420\" \/>\n\t<meta property=\"og:image:type\" content=\"image\/jpeg\" \/>\n<meta name=\"author\" content=\"admpu17wp\" \/>\n<meta name=\"twitter:card\" content=\"summary_large_image\" \/>\n<meta name=\"twitter:creator\" content=\"@portalurbanook\" \/>\n<meta name=\"twitter:site\" content=\"@portalurbanook\" \/>\n<meta name=\"twitter:label1\" content=\"Escrito por\" \/>\n\t<meta name=\"twitter:data1\" content=\"admpu17wp\" \/>\n\t<meta name=\"twitter:label2\" content=\"Tiempo de lectura\" \/>\n\t<meta name=\"twitter:data2\" content=\"2 minutos\" \/>\n<script type=\"application\/ld+json\" class=\"yoast-schema-graph\">{\"@context\":\"https:\/\/schema.org\",\"@graph\":[{\"@type\":\"Article\",\"@id\":\"https:\/\/experienciadevida.com.ar\/portalurbano\/en-la-previa-al-anuncio-bianco-dijo-que-alcaldes-y-expertos-coinciden-en-no-avanzar-con-aperturas\/#article\",\"isPartOf\":{\"@id\":\"https:\/\/experienciadevida.com.ar\/portalurbano\/en-la-previa-al-anuncio-bianco-dijo-que-alcaldes-y-expertos-coinciden-en-no-avanzar-con-aperturas\/\"},\"author\":{\"name\":\"admpu17wp\",\"@id\":\"https:\/\/experienciadevida.com.ar\/portalurbano\/#\/schema\/person\/02dd326b1c4b056e9cc972486934a3a7\"},\"headline\":\"En la previa al anuncio, Bianco dijo que alcaldes y expertos coinciden en no avanzar con aperturas\",\"datePublished\":\"2020-08-14T15:48:41+00:00\",\"dateModified\":\"2020-08-14T15:48:59+00:00\",\"mainEntityOfPage\":{\"@id\":\"https:\/\/experienciadevida.com.ar\/portalurbano\/en-la-previa-al-anuncio-bianco-dijo-que-alcaldes-y-expertos-coinciden-en-no-avanzar-con-aperturas\/\"},\"wordCount\":330,\"publisher\":{\"@id\":\"https:\/\/experienciadevida.com.ar\/portalurbano\/#organization\"},\"articleSection\":[\"Provincia\"],\"inLanguage\":\"es\"},{\"@type\":\"WebPage\",\"@id\":\"https:\/\/experienciadevida.com.ar\/portalurbano\/en-la-previa-al-anuncio-bianco-dijo-que-alcaldes-y-expertos-coinciden-en-no-avanzar-con-aperturas\/\",\"url\":\"https:\/\/experienciadevida.com.ar\/portalurbano\/en-la-previa-al-anuncio-bianco-dijo-que-alcaldes-y-expertos-coinciden-en-no-avanzar-con-aperturas\/\",\"name\":\"En la previa al anuncio, Bianco dijo que alcaldes y expertos coinciden en no avanzar con aperturas -\",\"isPartOf\":{\"@id\":\"https:\/\/experienciadevida.com.ar\/portalurbano\/#website\"},\"datePublished\":\"2020-08-14T15:48:41+00:00\",\"dateModified\":\"2020-08-14T15:48:59+00:00\",\"breadcrumb\":{\"@id\":\"https:\/\/experienciadevida.com.ar\/portalurbano\/en-la-previa-al-anuncio-bianco-dijo-que-alcaldes-y-expertos-coinciden-en-no-avanzar-con-aperturas\/#breadcrumb\"},\"inLanguage\":\"es\",\"potentialAction\":[{\"@type\":\"ReadAction\",\"target\":[\"https:\/\/experienciadevida.com.ar\/portalurbano\/en-la-previa-al-anuncio-bianco-dijo-que-alcaldes-y-expertos-coinciden-en-no-avanzar-con-aperturas\/\"]}]},{\"@type\":\"BreadcrumbList\",\"@id\":\"https:\/\/experienciadevida.com.ar\/portalurbano\/en-la-previa-al-anuncio-bianco-dijo-que-alcaldes-y-expertos-coinciden-en-no-avanzar-con-aperturas\/#breadcrumb\",\"itemListElement\":[{\"@type\":\"ListItem\",\"position\":1,\"name\":\"Portada\",\"item\":\"https:\/\/experienciadevida.com.ar\/portalurbano\/\"},{\"@type\":\"ListItem\",\"position\":2,\"name\":\"En la previa al anuncio, Bianco dijo que alcaldes y expertos coinciden en no avanzar con aperturas\"}]},{\"@type\":\"WebSite\",\"@id\":\"https:\/\/experienciadevida.com.ar\/portalurbano\/#website\",\"url\":\"https:\/\/experienciadevida.com.ar\/portalurbano\/\",\"name\":\"\",\"description\":\"\",\"publisher\":{\"@id\":\"https:\/\/experienciadevida.com.ar\/portalurbano\/#organization\"},\"potentialAction\":[{\"@type\":\"SearchAction\",\"target\":{\"@type\":\"EntryPoint\",\"urlTemplate\":\"https:\/\/experienciadevida.com.ar\/portalurbano\/?s={search_term_string}\"},\"query-input\":\"required name=search_term_string\"}],\"inLanguage\":\"es\"},{\"@type\":\"Organization\",\"@id\":\"https:\/\/experienciadevida.com.ar\/portalurbano\/#organization\",\"name\":\"Portal Urbano\",\"url\":\"https:\/\/experienciadevida.com.ar\/portalurbano\/\",\"logo\":{\"@type\":\"ImageObject\",\"inLanguage\":\"es\",\"@id\":\"https:\/\/experienciadevida.com.ar\/portalurbano\/#\/schema\/logo\/image\/\",\"url\":\"https:\/\/experienciadevida.com.ar\/portalurbano\/wp-content\/uploads\/2019\/09\/Logo-Original.png\",\"contentUrl\":\"https:\/\/experienciadevida.com.ar\/portalurbano\/wp-content\/uploads\/2019\/09\/Logo-Original.png\",\"width\":2236,\"height\":1216,\"caption\":\"Portal Urbano\"},\"image\":{\"@id\":\"https:\/\/experienciadevida.com.ar\/portalurbano\/#\/schema\/logo\/image\/\"},\"sameAs\":[\"https:\/\/www.facebook.com\/Portal-Urbano-171542830093757\/\",\"https:\/\/twitter.com\/portalurbanook\",\"https:\/\/www.instagram.com\/_portalurbano\/\",\"https:\/\/www.youtube.com\/channel\/UCXhagIfszH8KxFiOok79zbA?view_as=subscriber\"]},{\"@type\":\"Person\",\"@id\":\"https:\/\/experienciadevida.com.ar\/portalurbano\/#\/schema\/person\/02dd326b1c4b056e9cc972486934a3a7\",\"name\":\"admpu17wp\",\"image\":{\"@type\":\"ImageObject\",\"inLanguage\":\"es\",\"@id\":\"https:\/\/experienciadevida.com.ar\/portalurbano\/#\/schema\/person\/image\/\",\"url\":\"https:\/\/secure.gravatar.com\/avatar\/830d4c57adaae6630765e449a6908047?s=96&d=mm&r=g\",\"contentUrl\":\"https:\/\/secure.gravatar.com\/avatar\/830d4c57adaae6630765e449a6908047?s=96&d=mm&r=g\",\"caption\":\"admpu17wp\"}}]}<\/script>\n<!-- \/ Yoast SEO plugin. -->","yoast_head_json":{"title":"En la previa al anuncio, Bianco dijo que alcaldes y expertos coinciden en no avanzar con aperturas -","robots":{"index":"index","follow":"follow","max-snippet":"max-snippet:-1","max-image-preview":"max-image-preview:large","max-video-preview":"max-video-preview:-1"},"canonical":"https:\/\/experienciadevida.com.ar\/portalurbano\/en-la-previa-al-anuncio-bianco-dijo-que-alcaldes-y-expertos-coinciden-en-no-avanzar-con-aperturas\/","og_locale":"es_ES","og_type":"article","og_title":"En la previa al anuncio, Bianco dijo que alcaldes y expertos coinciden en no avanzar con aperturas -","og_description":"Pidi\u00f3 que la noticia de la vacuna \u201cno relaje\u201d los cuidados. Sostuvo que la movilidad...","og_url":"https:\/\/experienciadevida.com.ar\/portalurbano\/en-la-previa-al-anuncio-bianco-dijo-que-alcaldes-y-expertos-coinciden-en-no-avanzar-con-aperturas\/","article_publisher":"https:\/\/www.facebook.com\/Portal-Urbano-171542830093757\/","article_published_time":"2020-08-14T15:48:41+00:00","article_modified_time":"2020-08-14T15:48:59+00:00","og_image":[{"width":750,"height":420,"url":"https:\/\/experienciadevida.com.ar\/portalurbano\/wp-content\/uploads\/2020\/06\/CARLOSBIANCO-e1599735656610.jpg","type":"image\/jpeg"}],"author":"admpu17wp","twitter_card":"summary_large_image","twitter_creator":"@portalurbanook","twitter_site":"@portalurbanook","twitter_misc":{"Escrito por":"admpu17wp","Tiempo de lectura":"2 minutos"},"schema":{"@context":"https:\/\/schema.org","@graph":[{"@type":"Article","@id":"https:\/\/experienciadevida.com.ar\/portalurbano\/en-la-previa-al-anuncio-bianco-dijo-que-alcaldes-y-expertos-coinciden-en-no-avanzar-con-aperturas\/#article","isPartOf":{"@id":"https:\/\/experienciadevida.com.ar\/portalurbano\/en-la-previa-al-anuncio-bianco-dijo-que-alcaldes-y-expertos-coinciden-en-no-avanzar-con-aperturas\/"},"author":{"name":"admpu17wp","@id":"https:\/\/experienciadevida.com.ar\/portalurbano\/#\/schema\/person\/02dd326b1c4b056e9cc972486934a3a7"},"headline":"En la previa al anuncio, Bianco dijo que alcaldes y expertos coinciden en no avanzar con aperturas","datePublished":"2020-08-14T15:48:41+00:00","dateModified":"2020-08-14T15:48:59+00:00","mainEntityOfPage":{"@id":"https:\/\/experienciadevida.com.ar\/portalurbano\/en-la-previa-al-anuncio-bianco-dijo-que-alcaldes-y-expertos-coinciden-en-no-avanzar-con-aperturas\/"},"wordCount":330,"publisher":{"@id":"https:\/\/experienciadevida.com.ar\/portalurbano\/#organization"},"articleSection":["Provincia"],"inLanguage":"es"},{"@type":"WebPage","@id":"https:\/\/experienciadevida.com.ar\/portalurbano\/en-la-previa-al-anuncio-bianco-dijo-que-alcaldes-y-expertos-coinciden-en-no-avanzar-con-aperturas\/","url":"https:\/\/experienciadevida.com.ar\/portalurbano\/en-la-previa-al-anuncio-bianco-dijo-que-alcaldes-y-expertos-coinciden-en-no-avanzar-con-aperturas\/","name":"En la previa al anuncio, Bianco dijo que alcaldes y expertos coinciden en no avanzar con aperturas -","isPartOf":{"@id":"https:\/\/experienciadevida.com.ar\/portalurbano\/#website"},"datePublished":"2020-08-14T15:48:41+00:00","dateModified":"2020-08-14T15:48:59+00:00","breadcrumb":{"@id":"https:\/\/experienciadevida.com.ar\/portalurbano\/en-la-previa-al-anuncio-bianco-dijo-que-alcaldes-y-expertos-coinciden-en-no-avanzar-con-aperturas\/#breadcrumb"},"inLanguage":"es","potentialAction":[{"@type":"ReadAction","target":["https:\/\/experienciadevida.com.ar\/portalurbano\/en-la-previa-al-anuncio-bianco-dijo-que-alcaldes-y-expertos-coinciden-en-no-avanzar-con-aperturas\/"]}]},{"@type":"BreadcrumbList","@id":"https:\/\/experienciadevida.com.ar\/portalurbano\/en-la-previa-al-anuncio-bianco-dijo-que-alcaldes-y-expertos-coinciden-en-no-avanzar-con-aperturas\/#breadcrumb","itemListElement":[{"@type":"ListItem","position":1,"name":"Portada","item":"https:\/\/experienciadevida.com.ar\/portalurbano\/"},{"@type":"ListItem","position":2,"name":"En la previa al anuncio, Bianco dijo que alcaldes y expertos coinciden en no avanzar con aperturas"}]},{"@type":"WebSite","@id":"https:\/\/experienciadevida.com.ar\/portalurbano\/#website","url":"https:\/\/experienciadevida.com.ar\/portalurbano\/","name":"","description":"","publisher":{"@id":"https:\/\/experienciadevida.com.ar\/portalurbano\/#organization"},"potentialAction":[{"@type":"SearchAction","target":{"@type":"EntryPoint","urlTemplate":"https:\/\/experienciadevida.com.ar\/portalurbano\/?s={search_term_string}"},"query-input":"required name=search_term_string"}],"inLanguage":"es"},{"@type":"Organization","@id":"https:\/\/experienciadevida.com.ar\/portalurbano\/#organization","name":"Portal Urbano","url":"https:\/\/experienciadevida.com.ar\/portalurbano\/","logo":{"@type":"ImageObject","inLanguage":"es","@id":"https:\/\/experienciadevida.com.ar\/portalurbano\/#\/schema\/logo\/image\/","url":"https:\/\/experienciadevida.com.ar\/portalurbano\/wp-content\/uploads\/2019\/09\/Logo-Original.png","contentUrl":"https:\/\/experienciadevida.com.ar\/portalurbano\/wp-content\/uploads\/2019\/09\/Logo-Original.png","width":2236,"height":1216,"caption":"Portal Urbano"},"image":{"@id":"https:\/\/experienciadevida.com.ar\/portalurbano\/#\/schema\/logo\/image\/"},"sameAs":["https:\/\/www.facebook.com\/Portal-Urbano-171542830093757\/","https:\/\/twitter.com\/portalurbanook","https:\/\/www.instagram.com\/_portalurbano\/","https:\/\/www.youtube.com\/channel\/UCXhagIfszH8KxFiOok79zbA?view_as=subscriber"]},{"@type":"Person","@id":"https:\/\/experienciadevida.com.ar\/portalurbano\/#\/schema\/person\/02dd326b1c4b056e9cc972486934a3a7","name":"admpu17wp","image":{"@type":"ImageObject","inLanguage":"es","@id":"https:\/\/experienciadevida.com.ar\/portalurbano\/#\/schema\/person\/image\/","url":"https:\/\/secure.gravatar.com\/avatar\/830d4c57adaae6630765e449a6908047?s=96&d=mm&r=g","contentUrl":"https:\/\/secure.gravatar.com\/avatar\/830d4c57adaae6630765e449a6908047?s=96&d=mm&r=g","caption":"admpu17wp"}}]}},"featured_image_urls":{"full":["https:\/\/experienciadevida.com.ar\/portalurbano\/wp-content\/uploads\/2020\/06\/CARLOSBIANCO-e1599735656610.jpg",750,420,false],"thumbnail":["https:\/\/experienciadevida.com.ar\/portalurbano\/wp-content\/uploads\/2020\/06\/CARLOSBIANCO-150x150.jpg",150,150,true],"medium":["https:\/\/experienciadevida.com.ar\/portalurbano\/wp-content\/uploads\/2020\/06\/CARLOSBIANCO-300x168.jpg",300,168,true],"medium_large":["https:\/\/experienciadevida.com.ar\/portalurbano\/wp-content\/uploads\/2020\/06\/CARLOSBIANCO-768x430.jpg",640,358,true],"large":["https:\/\/experienciadevida.com.ar\/portalurbano\/wp-content\/uploads\/2020\/06\/CARLOSBIANCO-e1599735656610.jpg",640,358,false],"ug_big":["https:\/\/experienciadevida.com.ar\/portalurbano\/wp-content\/uploads\/2020\/06\/CARLOSBIANCO-768x430.jpg",768,430,true],"1536x1536":["https:\/\/experienciadevida.com.ar\/portalurbano\/wp-content\/uploads\/2020\/06\/CARLOSBIANCO-e1599735656610.jpg",750,420,false],"2048x2048":["https:\/\/experienciadevida.com.ar\/portalurbano\/wp-content\/uploads\/2020\/06\/CARLOSBIANCO-e1599735656610.jpg",750,420,false],"newsever-slider-full":["https:\/\/experienciadevida.com.ar\/portalurbano\/wp-content\/uploads\/2020\/06\/CARLOSBIANCO-e1599735656610.jpg",750,420,false],"newsever-featured":["https:\/\/experienciadevida.com.ar\/portalurbano\/wp-content\/uploads\/2020\/06\/CARLOSBIANCO-e1599735656610.jpg",750,420,false],"newsever-medium":["https:\/\/experienciadevida.com.ar\/portalurbano\/wp-content\/uploads\/2020\/06\/CARLOSBIANCO-e1599735656610.jpg",720,403,false],"web-stories-poster-portrait":["https:\/\/experienciadevida.com.ar\/portalurbano\/wp-content\/uploads\/2020\/06\/CARLOSBIANCO-e1599735656610.jpg",640,358,false],"web-stories-publisher-logo":["https:\/\/experienciadevida.com.ar\/portalurbano\/wp-content\/uploads\/2020\/06\/CARLOSBIANCO-e1599735656610.jpg",96,54,false],"web-stories-thumbnail":["https:\/\/experienciadevida.com.ar\/portalurbano\/wp-content\/uploads\/2020\/06\/CARLOSBIANCO-e1599735656610.jpg",150,84,false]},"author_info":{"display_name":"admpu17wp","author_link":"https:\/\/experienciadevida.com.ar\/portalurbano\/author\/admpu17wp\/"},"category_info":"<a href=\"https:\/\/experienciadevida.com.ar\/portalurbano\/category\/provincia\/\" rel=\"category tag\">Provincia<\/a>","tag_info":"Provincia","comment_count":"0","amp_enabled":true,"_links":{"self":[{"href":"https:\/\/experienciadevida.com.ar\/portalurbano\/wp-json\/wp\/v2\/posts\/118079"}],"collection":[{"href":"https:\/\/experienciadevida.com.ar\/portalurbano\/wp-json\/wp\/v2\/posts"}],"about":[{"href":"https:\/\/experienciadevida.com.ar\/portalurbano\/wp-json\/wp\/v2\/types\/post"}],"author":[{"embeddable":true,"href":"https:\/\/experienciadevida.com.ar\/portalurbano\/wp-json\/wp\/v2\/users\/1"}],"replies":[{"embeddable":true,"href":"https:\/\/experienciadevida.com.ar\/portalurbano\/wp-json\/wp\/v2\/comments?post=118079"}],"version-history":[{"count":1,"href":"https:\/\/experienciadevida.com.ar\/portalurbano\/wp-json\/wp\/v2\/posts\/118079\/revisions"}],"predecessor-version":[{"id":118080,"href":"https:\/\/experienciadevida.com.ar\/portalurbano\/wp-json\/wp\/v2\/posts\/118079\/revisions\/118080"}],"wp:featuredmedia":[{"embeddable":true,"href":"https:\/\/experienciadevida.com.ar\/portalurbano\/wp-json\/wp\/v2\/media\/111152"}],"wp:attachment":[{"href":"https:\/\/experienciadevida.com.ar\/portalurbano\/wp-json\/wp\/v2\/media?parent=118079"}],"wp:term":[{"taxonomy":"category","embeddable":true,"href":"https:\/\/experienciadevida.com.ar\/portalurbano\/wp-json\/wp\/v2\/categories?post=118079"},{"taxonomy":"post_tag","embeddable":true,"href":"https:\/\/experienciadevida.com.ar\/portalurbano\/wp-json\/wp\/v2\/tags?post=118079"}],"curies":[{"name":"wp","href":"https:\/\/api.w.org\/{rel}","templated":true}]}}