{"id":117775,"date":"2020-08-12T14:56:19","date_gmt":"2020-08-12T17:56:19","guid":{"rendered":"https:\/\/experienciadevida.com.ar\/portalurbano\/?p=117775"},"modified":"2020-08-12T14:56:39","modified_gmt":"2020-08-12T17:56:39","slug":"lunghi-yo-hago-lo-que-tengo-que-hacer-que-olavarria-y-azul-digan-lo-que-quieran","status":"publish","type":"post","link":"https:\/\/experienciadevida.com.ar\/portalurbano\/lunghi-yo-hago-lo-que-tengo-que-hacer-que-olavarria-y-azul-digan-lo-que-quieran\/","title":{"rendered":"Lunghi: &#8220;Yo hago lo que tengo que hacer, que Olavarr\u00eda y Azul digan lo que quieran&#8221;"},"content":{"rendered":"<p>El Intendente se refiri\u00f3 a la situaci\u00f3n sanitaria de Tandil y opin\u00f3 sobre las cr\u00edticas que funcionarios de otras ciudades han esgrimido por la directiva de solicitar que sus residentes cumplan cuarentena en la ciudad mencionada, al considerar que provienen de zona de brote epid\u00e9mico. Tambi\u00e9n pidi\u00f3 a la comunidad seguir respetando los cuidados y &#8220;no llenar los paseos p\u00fablicos de golpe&#8221;.<\/p>\n<p>El Intendente de Tandil, sostuvo que &#8220;<em>no dir\u00eda que estamos en el peor momento, hemos tenido casos que se han producido en lugares de bastante gente, indudablemente en zonas donde est\u00e1 todo el manejo de la salud, como la Cl\u00ednica y el Sanatorio. Un caso fue un polic\u00eda despu\u00e9s de hacer su trabajo en otro lugar y se atendi\u00f3 en la Cl\u00ednica. Se hisop\u00f3 a mucha gente que trabaja en la Cl\u00ednica, que dieron negativo. Despu\u00e9s tuvimos a la novia del polic\u00eda, que trabaja en el Sanatorio y dio positivo. Se hisop\u00f3 a muchos contactos, que tambi\u00e9n salieron negativo. En esto dir\u00eda que hemos tenido suerte, se ha manejado todo el mundo bien, la Cl\u00ednica y el Sanatorio son lugares de mucha contaminaci\u00f3n y hemos salido bien\u201d.<\/em><\/p>\n<p>\u201c<em>Y tenemos otros tres casos por irresponsabilidad. Una persona con un certificado de productor agrario se junt\u00f3 en Ayacucho a comer un asado con gente de Buenos Aires y de Mar del Plata, que son los que estaban con Covid. En ese caso, los contactos de Tandil est\u00e1n todos controlados\u201d,<\/em> asever\u00f3. En ese punto confirm\u00f3 que tanto Ayacucho como Tandil iniciaron una acci\u00f3n penal por esa reuni\u00f3n. \u201c<em>Creo que corresponder\u00eda una multa<\/em>\u201d, anticip\u00f3 Lunghi.<\/p>\n<p><em>\u201cNo podemos decir que Tandil se comporta mal, pero hay hartazgo de estar encerrados, es dif\u00edcil despu\u00e9s de cinco meses, tuvimos que hacer esto y lo vamos a seguir haciendo\u201d,<\/em> advirti\u00f3.<\/p>\n<p>Lunghi refiri\u00f3 que \u201c<em>hemos mandado cartas, nosotros y desde el Foro de Intendentes de la UCR, para no exista traslado de los efectivos policiales, porque traen contaminaci\u00f3n. Nosotros ya tuvimos dos Covid de polic\u00edas, que los aislamos en caba\u00f1as. Y ahora se sumo el caso de este que estuvo en la Chacabuco, con s\u00edntomas. Con esto no tenemos m\u00e1s remedio que decir que todos los que vengan de Azul, ahora van a ir a cuarentena de 14 d\u00edas, sea quien sea\u201d.<\/em><\/p>\n<p>Sobre las afirmaciones de un funcionario azule\u00f1o, respecto de que en el servicio penitenciario de aquella ciudad, el virus lleg\u00f3 desde el efectivo de Tandil, el Intendente lo cuestion\u00f3 y repas\u00f3 que \u201c<em>en Tandil no tenemos circulaci\u00f3n viral, eso es claro. Llevamos cinco meses, no tengo ninguno en terapia, el hombre de 81 a\u00f1os ya est\u00e1 en su casa, no tenemos pr\u00e1cticamente internados, no tenemos un solo fallecido. Son cinco meses. Me parece que de ac\u00e1 no sali\u00f3 el virus. Si tengo que hablar (con el Intendente de Azul), con mucho gusto, no tengo inconvenientes, pero yo cuido a los tandilenses, con todos los aciertos y los errores\u201d.<\/em><\/p>\n<p>\u201c<em>Me manejo mucho con el comit\u00e9 cient\u00edfico que me da las pautas. Yo hago lo que tengo que hacer, ellos que piensen lo que quieran. Est\u00e1 demostrado con estad\u00edsticas, tenemos la Fase 5 hace casi dos meses, hemos movido la econom\u00eda, la producci\u00f3n y tenemos un estado sanitario bueno. Que Azul y Olavarr\u00eda digan lo que quieran, no tengo ning\u00fan problema con ninguno de los intendentes\u201d<\/em>, apunt\u00f3.<\/p>\n<p>Sobre la situaci\u00f3n econ\u00f3mica del sector privado, a causa de la pandemia, refiri\u00f3 que \u201c<em>el problema mayor es el turismo y la hoteler\u00eda. El turismo de cercan\u00eda est\u00e1 funcionando, pero para las caba\u00f1as, para la hoteler\u00eda es m\u00e1s dif\u00edcil. Pero nosotros estamos poniendo el hombro y no estamos diciendo frases que metan p\u00e1nico como hizo el Ministro de Salud de la provincia (Daniel Goll\u00e1n). Crear un ambiente de que no va a haber veraneo, no se justifica, la gente hoy esta angustiada. Puede ser que pase, pero no es momento de estar hablando, en agosto, de qu\u00e9 va a pasar en diciembre\u201d.<\/em><\/p>\n<p>\u201c<em>Al virus hay que respetarlo. Nosotros repartimos mas de 1500 barbijos el s\u00e1bado, cosa que no tendr\u00eda que ser, porque despu\u00e9s de 5 meses, todo el mundo tend\u00eda que estar con barbijo\u201d<\/em>, critic\u00f3 el Intendente, quien admiti\u00f3 que observa <em>\u201cun relajamiento, porque la gente se agot\u00f3, esto es cierto. Hay que tener en cuenta que estamos desde el 20 de marzo. Aparte hay angustia con el trabajo. Ac\u00e1 por suerte pudimos abrir casi todo\u201d.<\/em><\/p>\n<p>Por \u00faltimo dijo, \u201cEstamos<em> pasando la pandemia, en general, bien. Hay que ir a las estad\u00edsticas. Entre todos lo hemos podido llevar a delante\u201d,<\/em> subray\u00f3.<\/p>\n<p>Fuente: ABCHOY<\/p>\n","protected":false},"excerpt":{"rendered":"<p>El Intendente se refiri\u00f3 a la situaci\u00f3n sanitaria de Tandil y opin\u00f3 sobre las cr\u00edticas&#8230;<\/p>\n","protected":false},"author":1,"featured_media":117777,"comment_status":"closed","ping_status":"closed","sticky":false,"template":"","format":"standard","meta":{"content-type":""},"categories":[51,41],"tags":[],"nelio_content":{"isAutoShareEnabled":false,"autoShareEndMode":"default","automationSources":{"useContentSentences":true,"useSocialTemplates":true,"useCustomSentences":false,"customSentences":[]},"followers":[1],"suggestedReferences":[],"includedReferences":[],"efiUrl":"","efiAlt":"","highlights":[]},"yoast_head":"<!-- This site is optimized with the Yoast SEO plugin v20.7 - https:\/\/yoast.com\/wordpress\/plugins\/seo\/ -->\n<title>Lunghi: &quot;Yo hago lo que tengo que hacer, que Olavarr\u00eda y Azul digan lo que quieran&quot; -<\/title>\n<meta name=\"robots\" content=\"index, follow, max-snippet:-1, max-image-preview:large, max-video-preview:-1\" \/>\n<link rel=\"canonical\" href=\"https:\/\/experienciadevida.com.ar\/portalurbano\/lunghi-yo-hago-lo-que-tengo-que-hacer-que-olavarria-y-azul-digan-lo-que-quieran\/\" \/>\n<meta property=\"og:locale\" content=\"es_ES\" \/>\n<meta property=\"og:type\" content=\"article\" \/>\n<meta property=\"og:title\" content=\"Lunghi: &quot;Yo hago lo que tengo que hacer, que Olavarr\u00eda y Azul digan lo que quieran&quot; -\" \/>\n<meta property=\"og:description\" content=\"El Intendente se refiri\u00f3 a la situaci\u00f3n sanitaria de Tandil y opin\u00f3 sobre las cr\u00edticas...\" \/>\n<meta property=\"og:url\" content=\"https:\/\/experienciadevida.com.ar\/portalurbano\/lunghi-yo-hago-lo-que-tengo-que-hacer-que-olavarria-y-azul-digan-lo-que-quieran\/\" \/>\n<meta property=\"article:publisher\" content=\"https:\/\/www.facebook.com\/Portal-Urbano-171542830093757\/\" \/>\n<meta property=\"article:published_time\" content=\"2020-08-12T17:56:19+00:00\" \/>\n<meta property=\"article:modified_time\" content=\"2020-08-12T17:56:39+00:00\" \/>\n<meta property=\"og:image\" content=\"https:\/\/experienciadevida.com.ar\/portalurbano\/wp-content\/uploads\/2020\/08\/LUNGHI.jpg\" \/>\n\t<meta property=\"og:image:width\" content=\"2345\" \/>\n\t<meta property=\"og:image:height\" content=\"1500\" \/>\n\t<meta property=\"og:image:type\" content=\"image\/jpeg\" \/>\n<meta name=\"author\" content=\"admpu17wp\" \/>\n<meta name=\"twitter:card\" content=\"summary_large_image\" \/>\n<meta name=\"twitter:creator\" content=\"@portalurbanook\" \/>\n<meta name=\"twitter:site\" content=\"@portalurbanook\" \/>\n<meta name=\"twitter:label1\" content=\"Escrito por\" \/>\n\t<meta name=\"twitter:data1\" content=\"admpu17wp\" \/>\n\t<meta name=\"twitter:label2\" content=\"Tiempo de lectura\" \/>\n\t<meta name=\"twitter:data2\" content=\"4 minutos\" \/>\n<script type=\"application\/ld+json\" class=\"yoast-schema-graph\">{\"@context\":\"https:\/\/schema.org\",\"@graph\":[{\"@type\":\"Article\",\"@id\":\"https:\/\/experienciadevida.com.ar\/portalurbano\/lunghi-yo-hago-lo-que-tengo-que-hacer-que-olavarria-y-azul-digan-lo-que-quieran\/#article\",\"isPartOf\":{\"@id\":\"https:\/\/experienciadevida.com.ar\/portalurbano\/lunghi-yo-hago-lo-que-tengo-que-hacer-que-olavarria-y-azul-digan-lo-que-quieran\/\"},\"author\":{\"name\":\"admpu17wp\",\"@id\":\"https:\/\/experienciadevida.com.ar\/portalurbano\/#\/schema\/person\/02dd326b1c4b056e9cc972486934a3a7\"},\"headline\":\"Lunghi: &#8220;Yo hago lo que tengo que hacer, que Olavarr\u00eda y Azul digan lo que quieran&#8221;\",\"datePublished\":\"2020-08-12T17:56:19+00:00\",\"dateModified\":\"2020-08-12T17:56:39+00:00\",\"mainEntityOfPage\":{\"@id\":\"https:\/\/experienciadevida.com.ar\/portalurbano\/lunghi-yo-hago-lo-que-tengo-que-hacer-que-olavarria-y-azul-digan-lo-que-quieran\/\"},\"wordCount\":818,\"publisher\":{\"@id\":\"https:\/\/experienciadevida.com.ar\/portalurbano\/#organization\"},\"articleSection\":[\"Destacadas\",\"Regi\u00f3n\"],\"inLanguage\":\"es\"},{\"@type\":\"WebPage\",\"@id\":\"https:\/\/experienciadevida.com.ar\/portalurbano\/lunghi-yo-hago-lo-que-tengo-que-hacer-que-olavarria-y-azul-digan-lo-que-quieran\/\",\"url\":\"https:\/\/experienciadevida.com.ar\/portalurbano\/lunghi-yo-hago-lo-que-tengo-que-hacer-que-olavarria-y-azul-digan-lo-que-quieran\/\",\"name\":\"Lunghi: \\\"Yo hago lo que tengo que hacer, que Olavarr\u00eda y Azul digan lo que quieran\\\" -\",\"isPartOf\":{\"@id\":\"https:\/\/experienciadevida.com.ar\/portalurbano\/#website\"},\"datePublished\":\"2020-08-12T17:56:19+00:00\",\"dateModified\":\"2020-08-12T17:56:39+00:00\",\"breadcrumb\":{\"@id\":\"https:\/\/experienciadevida.com.ar\/portalurbano\/lunghi-yo-hago-lo-que-tengo-que-hacer-que-olavarria-y-azul-digan-lo-que-quieran\/#breadcrumb\"},\"inLanguage\":\"es\",\"potentialAction\":[{\"@type\":\"ReadAction\",\"target\":[\"https:\/\/experienciadevida.com.ar\/portalurbano\/lunghi-yo-hago-lo-que-tengo-que-hacer-que-olavarria-y-azul-digan-lo-que-quieran\/\"]}]},{\"@type\":\"BreadcrumbList\",\"@id\":\"https:\/\/experienciadevida.com.ar\/portalurbano\/lunghi-yo-hago-lo-que-tengo-que-hacer-que-olavarria-y-azul-digan-lo-que-quieran\/#breadcrumb\",\"itemListElement\":[{\"@type\":\"ListItem\",\"position\":1,\"name\":\"Portada\",\"item\":\"https:\/\/experienciadevida.com.ar\/portalurbano\/\"},{\"@type\":\"ListItem\",\"position\":2,\"name\":\"Lunghi: \u00abYo hago lo que tengo que hacer, que Olavarr\u00eda y Azul digan lo que quieran\u00bb\"}]},{\"@type\":\"WebSite\",\"@id\":\"https:\/\/experienciadevida.com.ar\/portalurbano\/#website\",\"url\":\"https:\/\/experienciadevida.com.ar\/portalurbano\/\",\"name\":\"\",\"description\":\"\",\"publisher\":{\"@id\":\"https:\/\/experienciadevida.com.ar\/portalurbano\/#organization\"},\"potentialAction\":[{\"@type\":\"SearchAction\",\"target\":{\"@type\":\"EntryPoint\",\"urlTemplate\":\"https:\/\/experienciadevida.com.ar\/portalurbano\/?s={search_term_string}\"},\"query-input\":\"required name=search_term_string\"}],\"inLanguage\":\"es\"},{\"@type\":\"Organization\",\"@id\":\"https:\/\/experienciadevida.com.ar\/portalurbano\/#organization\",\"name\":\"Portal Urbano\",\"url\":\"https:\/\/experienciadevida.com.ar\/portalurbano\/\",\"logo\":{\"@type\":\"ImageObject\",\"inLanguage\":\"es\",\"@id\":\"https:\/\/experienciadevida.com.ar\/portalurbano\/#\/schema\/logo\/image\/\",\"url\":\"https:\/\/experienciadevida.com.ar\/portalurbano\/wp-content\/uploads\/2019\/09\/Logo-Original.png\",\"contentUrl\":\"https:\/\/experienciadevida.com.ar\/portalurbano\/wp-content\/uploads\/2019\/09\/Logo-Original.png\",\"width\":2236,\"height\":1216,\"caption\":\"Portal Urbano\"},\"image\":{\"@id\":\"https:\/\/experienciadevida.com.ar\/portalurbano\/#\/schema\/logo\/image\/\"},\"sameAs\":[\"https:\/\/www.facebook.com\/Portal-Urbano-171542830093757\/\",\"https:\/\/twitter.com\/portalurbanook\",\"https:\/\/www.instagram.com\/_portalurbano\/\",\"https:\/\/www.youtube.com\/channel\/UCXhagIfszH8KxFiOok79zbA?view_as=subscriber\"]},{\"@type\":\"Person\",\"@id\":\"https:\/\/experienciadevida.com.ar\/portalurbano\/#\/schema\/person\/02dd326b1c4b056e9cc972486934a3a7\",\"name\":\"admpu17wp\",\"image\":{\"@type\":\"ImageObject\",\"inLanguage\":\"es\",\"@id\":\"https:\/\/experienciadevida.com.ar\/portalurbano\/#\/schema\/person\/image\/\",\"url\":\"https:\/\/secure.gravatar.com\/avatar\/830d4c57adaae6630765e449a6908047?s=96&d=mm&r=g\",\"contentUrl\":\"https:\/\/secure.gravatar.com\/avatar\/830d4c57adaae6630765e449a6908047?s=96&d=mm&r=g\",\"caption\":\"admpu17wp\"}}]}<\/script>\n<!-- \/ Yoast SEO plugin. -->","yoast_head_json":{"title":"Lunghi: \"Yo hago lo que tengo que hacer, que Olavarr\u00eda y Azul digan lo que quieran\" -","robots":{"index":"index","follow":"follow","max-snippet":"max-snippet:-1","max-image-preview":"max-image-preview:large","max-video-preview":"max-video-preview:-1"},"canonical":"https:\/\/experienciadevida.com.ar\/portalurbano\/lunghi-yo-hago-lo-que-tengo-que-hacer-que-olavarria-y-azul-digan-lo-que-quieran\/","og_locale":"es_ES","og_type":"article","og_title":"Lunghi: \"Yo hago lo que tengo que hacer, que Olavarr\u00eda y Azul digan lo que quieran\" -","og_description":"El Intendente se refiri\u00f3 a la situaci\u00f3n sanitaria de Tandil y opin\u00f3 sobre las cr\u00edticas...","og_url":"https:\/\/experienciadevida.com.ar\/portalurbano\/lunghi-yo-hago-lo-que-tengo-que-hacer-que-olavarria-y-azul-digan-lo-que-quieran\/","article_publisher":"https:\/\/www.facebook.com\/Portal-Urbano-171542830093757\/","article_published_time":"2020-08-12T17:56:19+00:00","article_modified_time":"2020-08-12T17:56:39+00:00","og_image":[{"width":2345,"height":1500,"url":"https:\/\/experienciadevida.com.ar\/portalurbano\/wp-content\/uploads\/2020\/08\/LUNGHI.jpg","type":"image\/jpeg"}],"author":"admpu17wp","twitter_card":"summary_large_image","twitter_creator":"@portalurbanook","twitter_site":"@portalurbanook","twitter_misc":{"Escrito por":"admpu17wp","Tiempo de lectura":"4 minutos"},"schema":{"@context":"https:\/\/schema.org","@graph":[{"@type":"Article","@id":"https:\/\/experienciadevida.com.ar\/portalurbano\/lunghi-yo-hago-lo-que-tengo-que-hacer-que-olavarria-y-azul-digan-lo-que-quieran\/#article","isPartOf":{"@id":"https:\/\/experienciadevida.com.ar\/portalurbano\/lunghi-yo-hago-lo-que-tengo-que-hacer-que-olavarria-y-azul-digan-lo-que-quieran\/"},"author":{"name":"admpu17wp","@id":"https:\/\/experienciadevida.com.ar\/portalurbano\/#\/schema\/person\/02dd326b1c4b056e9cc972486934a3a7"},"headline":"Lunghi: &#8220;Yo hago lo que tengo que hacer, que Olavarr\u00eda y Azul digan lo que quieran&#8221;","datePublished":"2020-08-12T17:56:19+00:00","dateModified":"2020-08-12T17:56:39+00:00","mainEntityOfPage":{"@id":"https:\/\/experienciadevida.com.ar\/portalurbano\/lunghi-yo-hago-lo-que-tengo-que-hacer-que-olavarria-y-azul-digan-lo-que-quieran\/"},"wordCount":818,"publisher":{"@id":"https:\/\/experienciadevida.com.ar\/portalurbano\/#organization"},"articleSection":["Destacadas","Regi\u00f3n"],"inLanguage":"es"},{"@type":"WebPage","@id":"https:\/\/experienciadevida.com.ar\/portalurbano\/lunghi-yo-hago-lo-que-tengo-que-hacer-que-olavarria-y-azul-digan-lo-que-quieran\/","url":"https:\/\/experienciadevida.com.ar\/portalurbano\/lunghi-yo-hago-lo-que-tengo-que-hacer-que-olavarria-y-azul-digan-lo-que-quieran\/","name":"Lunghi: \"Yo hago lo que tengo que hacer, que Olavarr\u00eda y Azul digan lo que quieran\" -","isPartOf":{"@id":"https:\/\/experienciadevida.com.ar\/portalurbano\/#website"},"datePublished":"2020-08-12T17:56:19+00:00","dateModified":"2020-08-12T17:56:39+00:00","breadcrumb":{"@id":"https:\/\/experienciadevida.com.ar\/portalurbano\/lunghi-yo-hago-lo-que-tengo-que-hacer-que-olavarria-y-azul-digan-lo-que-quieran\/#breadcrumb"},"inLanguage":"es","potentialAction":[{"@type":"ReadAction","target":["https:\/\/experienciadevida.com.ar\/portalurbano\/lunghi-yo-hago-lo-que-tengo-que-hacer-que-olavarria-y-azul-digan-lo-que-quieran\/"]}]},{"@type":"BreadcrumbList","@id":"https:\/\/experienciadevida.com.ar\/portalurbano\/lunghi-yo-hago-lo-que-tengo-que-hacer-que-olavarria-y-azul-digan-lo-que-quieran\/#breadcrumb","itemListElement":[{"@type":"ListItem","position":1,"name":"Portada","item":"https:\/\/experienciadevida.com.ar\/portalurbano\/"},{"@type":"ListItem","position":2,"name":"Lunghi: \u00abYo hago lo que tengo que hacer, que Olavarr\u00eda y Azul digan lo que quieran\u00bb"}]},{"@type":"WebSite","@id":"https:\/\/experienciadevida.com.ar\/portalurbano\/#website","url":"https:\/\/experienciadevida.com.ar\/portalurbano\/","name":"","description":"","publisher":{"@id":"https:\/\/experienciadevida.com.ar\/portalurbano\/#organization"},"potentialAction":[{"@type":"SearchAction","target":{"@type":"EntryPoint","urlTemplate":"https:\/\/experienciadevida.com.ar\/portalurbano\/?s={search_term_string}"},"query-input":"required name=search_term_string"}],"inLanguage":"es"},{"@type":"Organization","@id":"https:\/\/experienciadevida.com.ar\/portalurbano\/#organization","name":"Portal Urbano","url":"https:\/\/experienciadevida.com.ar\/portalurbano\/","logo":{"@type":"ImageObject","inLanguage":"es","@id":"https:\/\/experienciadevida.com.ar\/portalurbano\/#\/schema\/logo\/image\/","url":"https:\/\/experienciadevida.com.ar\/portalurbano\/wp-content\/uploads\/2019\/09\/Logo-Original.png","contentUrl":"https:\/\/experienciadevida.com.ar\/portalurbano\/wp-content\/uploads\/2019\/09\/Logo-Original.png","width":2236,"height":1216,"caption":"Portal Urbano"},"image":{"@id":"https:\/\/experienciadevida.com.ar\/portalurbano\/#\/schema\/logo\/image\/"},"sameAs":["https:\/\/www.facebook.com\/Portal-Urbano-171542830093757\/","https:\/\/twitter.com\/portalurbanook","https:\/\/www.instagram.com\/_portalurbano\/","https:\/\/www.youtube.com\/channel\/UCXhagIfszH8KxFiOok79zbA?view_as=subscriber"]},{"@type":"Person","@id":"https:\/\/experienciadevida.com.ar\/portalurbano\/#\/schema\/person\/02dd326b1c4b056e9cc972486934a3a7","name":"admpu17wp","image":{"@type":"ImageObject","inLanguage":"es","@id":"https:\/\/experienciadevida.com.ar\/portalurbano\/#\/schema\/person\/image\/","url":"https:\/\/secure.gravatar.com\/avatar\/830d4c57adaae6630765e449a6908047?s=96&d=mm&r=g","contentUrl":"https:\/\/secure.gravatar.com\/avatar\/830d4c57adaae6630765e449a6908047?s=96&d=mm&r=g","caption":"admpu17wp"}}]}},"featured_image_urls":{"full":["https:\/\/experienciadevida.com.ar\/portalurbano\/wp-content\/uploads\/2020\/08\/LUNGHI.jpg",2345,1500,false],"thumbnail":["https:\/\/experienciadevida.com.ar\/portalurbano\/wp-content\/uploads\/2020\/08\/LUNGHI-150x150.jpg",150,150,true],"medium":["https:\/\/experienciadevida.com.ar\/portalurbano\/wp-content\/uploads\/2020\/08\/LUNGHI-300x192.jpg",300,192,true],"medium_large":["https:\/\/experienciadevida.com.ar\/portalurbano\/wp-content\/uploads\/2020\/08\/LUNGHI-768x491.jpg",640,409,true],"large":["https:\/\/experienciadevida.com.ar\/portalurbano\/wp-content\/uploads\/2020\/08\/LUNGHI-1024x655.jpg",640,409,true],"ug_big":["https:\/\/experienciadevida.com.ar\/portalurbano\/wp-content\/uploads\/2020\/08\/LUNGHI-768x491.jpg",768,491,true],"1536x1536":["https:\/\/experienciadevida.com.ar\/portalurbano\/wp-content\/uploads\/2020\/08\/LUNGHI-1536x983.jpg",1536,983,true],"2048x2048":["https:\/\/experienciadevida.com.ar\/portalurbano\/wp-content\/uploads\/2020\/08\/LUNGHI-2048x1310.jpg",2048,1310,true],"newsever-slider-full":["https:\/\/experienciadevida.com.ar\/portalurbano\/wp-content\/uploads\/2020\/08\/LUNGHI.jpg",1280,819,false],"newsever-featured":["https:\/\/experienciadevida.com.ar\/portalurbano\/wp-content\/uploads\/2020\/08\/LUNGHI.jpg",1024,655,false],"newsever-medium":["https:\/\/experienciadevida.com.ar\/portalurbano\/wp-content\/uploads\/2020\/08\/LUNGHI.jpg",720,461,false],"web-stories-poster-portrait":["https:\/\/experienciadevida.com.ar\/portalurbano\/wp-content\/uploads\/2020\/08\/LUNGHI.jpg",640,409,false],"web-stories-publisher-logo":["https:\/\/experienciadevida.com.ar\/portalurbano\/wp-content\/uploads\/2020\/08\/LUNGHI.jpg",96,61,false],"web-stories-thumbnail":["https:\/\/experienciadevida.com.ar\/portalurbano\/wp-content\/uploads\/2020\/08\/LUNGHI.jpg",150,96,false]},"author_info":{"display_name":"admpu17wp","author_link":"https:\/\/experienciadevida.com.ar\/portalurbano\/author\/admpu17wp\/"},"category_info":"<a href=\"https:\/\/experienciadevida.com.ar\/portalurbano\/category\/destacadas\/\" rel=\"category tag\">Destacadas<\/a> <a href=\"https:\/\/experienciadevida.com.ar\/portalurbano\/category\/region\/\" rel=\"category tag\">Regi\u00f3n<\/a>","tag_info":"Regi\u00f3n","comment_count":"0","amp_enabled":true,"_links":{"self":[{"href":"https:\/\/experienciadevida.com.ar\/portalurbano\/wp-json\/wp\/v2\/posts\/117775"}],"collection":[{"href":"https:\/\/experienciadevida.com.ar\/portalurbano\/wp-json\/wp\/v2\/posts"}],"about":[{"href":"https:\/\/experienciadevida.com.ar\/portalurbano\/wp-json\/wp\/v2\/types\/post"}],"author":[{"embeddable":true,"href":"https:\/\/experienciadevida.com.ar\/portalurbano\/wp-json\/wp\/v2\/users\/1"}],"replies":[{"embeddable":true,"href":"https:\/\/experienciadevida.com.ar\/portalurbano\/wp-json\/wp\/v2\/comments?post=117775"}],"version-history":[{"count":2,"href":"https:\/\/experienciadevida.com.ar\/portalurbano\/wp-json\/wp\/v2\/posts\/117775\/revisions"}],"predecessor-version":[{"id":117778,"href":"https:\/\/experienciadevida.com.ar\/portalurbano\/wp-json\/wp\/v2\/posts\/117775\/revisions\/117778"}],"wp:featuredmedia":[{"embeddable":true,"href":"https:\/\/experienciadevida.com.ar\/portalurbano\/wp-json\/wp\/v2\/media\/117777"}],"wp:attachment":[{"href":"https:\/\/experienciadevida.com.ar\/portalurbano\/wp-json\/wp\/v2\/media?parent=117775"}],"wp:term":[{"taxonomy":"category","embeddable":true,"href":"https:\/\/experienciadevida.com.ar\/portalurbano\/wp-json\/wp\/v2\/categories?post=117775"},{"taxonomy":"post_tag","embeddable":true,"href":"https:\/\/experienciadevida.com.ar\/portalurbano\/wp-json\/wp\/v2\/tags?post=117775"}],"curies":[{"name":"wp","href":"https:\/\/api.w.org\/{rel}","templated":true}]}}