{"id":117368,"date":"2020-08-09T12:49:15","date_gmt":"2020-08-09T15:49:15","guid":{"rendered":"https:\/\/experienciadevida.com.ar\/portalurbano\/?p=117368"},"modified":"2020-08-09T12:49:15","modified_gmt":"2020-08-09T15:49:15","slug":"apertura-gradual-de-actividades-artisticas-y-culturales","status":"publish","type":"post","link":"https:\/\/experienciadevida.com.ar\/portalurbano\/apertura-gradual-de-actividades-artisticas-y-culturales\/","title":{"rendered":"Apertura gradual de actividades art\u00edsticas y culturales"},"content":{"rendered":"<p>Luego de los anuncios realizados este s\u00e1bado por el intendente Ezequiel Galli -y con este nuevo pase de fase- es que, desde la Secretar\u00eda de Desarrollo Humano y Calidad de Vida junto a la Subsecretar\u00eda de Cultura y Educaci\u00f3n se brindaron detalles sobre la apertura de actividades art\u00edsticas y culturales.<\/p>\n<p>De este modo, se inform\u00f3 que la apertura alcanza a los Centros Culturales Independientes, Ateliers de artistas, Salas de ensayos, Salas de grabaci\u00f3n y en lo que se refiere a espacios municipales se abrir\u00e1n el Teatro Municipal y la Casa del Bicentenario.<\/p>\n<p>Es importante resaltar que, en todos los casos, no se permitir\u00e1 la presencia de p\u00fablico sino que los espacios podr\u00e1n ser utilizados para realizar producci\u00f3n y\/o grabaci\u00f3n de contenido para transmisi\u00f3n y\/o reproducci\u00f3n a trav\u00e9s de medios digitales y\/o plataformas web (\u201cstreaming\u201d).<\/p>\n<p>Asimismo se permitir\u00e1 el ensayo de obras musicales, teatrales, etc. y la asistencia a estudios\/espacios culturales\/ateliers de parte de sus artistas. Ser\u00e1 en el horario de 8 a 20 horas.<\/p>\n<p>Con esto queda establecido que no se podr\u00e1n realizar espect\u00e1culos en vivo con p\u00fablico, ni talleres. Tampoco se podr\u00e1n realizar exposiciones y ferias.<\/p>\n<p>En el caso de las salas de ensayos y grabaci\u00f3n, se tendr\u00e1n en cuenta aquellas que cuenten con la habilitaci\u00f3n correspondiente a tal fin.<\/p>\n<p>Por lo cual, desde la Subsecretar\u00eda de Cultura y Educaci\u00f3n se ha puesto a disposici\u00f3n la Casa del Bicentenario con el fin de que, aquellas agrupaciones que no cuenten con un espacio donde poder ensayar, puedan hacerlo en dicho edificio municipal, previa consulta y reserva de turno.<\/p>\n<p>Con respecto al Teatro Municipal, este espacio estar\u00e1 tambi\u00e9n destinado para realizar producci\u00f3n y\/o grabaci\u00f3n de contenido para transmisi\u00f3n y\/o reproducci\u00f3n a trav\u00e9s de medios digitales y\/o plataformas web (\u201cstreaming\u201d).<\/p>\n<p>En una primera etapa se comenzar\u00e1 con transmisiones de recitales musicales con bandas locales y \u2013posteriormente- se incorporar\u00e1n otras disciplinas como la danza y el teatro. En este caso tambi\u00e9n se requiere a los interesados que se comuniquen al Teatro Municipal con el fin de poder anotarse para participar de estas transmisiones.<\/p>\n<p>En todos los casos anteriormente citados se deber\u00e1n respetar los protocolos de Higiene y Seguridad determinados por el Ministerio de Salud de la Naci\u00f3n y por el Gobierno de la Provincia de Buenos Aires que fueran confeccionados seg\u00fan las recomendaciones de la Organizaci\u00f3n Mundial de la Salud (OMS)<\/p>\n<p>Se destaca tambi\u00e9n que en esta Fase no se permite la apertura de los Museos Municipales, ni el Centro Cultural Municipal \u201cSan Jos\u00e9\u201d, ni el Bioparque Municipal \u201cLa M\u00e1xima\u201d, ni los Centros Culturales de las localidades.<\/p>\n<p><strong>Contactos para informaci\u00f3n y\/o reserva del espacio de ensayo<\/strong><\/p>\n<p>\uf0b7\u00a0<strong>Casa del Bicentenario:<\/strong>\u00a0Tel\u00e9fono: 418454 (De lunes a viernes de 13 a 18) \u2013 Mail: bicentenario@olavarria.gov.ar<\/p>\n<p>\uf0b7\u00a0<strong>Teatro Municipal:<\/strong>\u00a0Tel\u00e9fono: 431607 (De lunes a viernes de 9 a 13) \u2013 Mail: teatromunicipal@olavarria.gov.ar<\/p>\n<p>\uf0b7\u00a0<strong>Casa de la Cultura:<\/strong>\u00a0Mail: dircultura@olavarria.gov.ar<\/p>\n","protected":false},"excerpt":{"rendered":"<p>Luego de los anuncios realizados este s\u00e1bado por el intendente Ezequiel Galli -y con este&#8230;<\/p>\n","protected":false},"author":1,"featured_media":117369,"comment_status":"closed","ping_status":"closed","sticky":false,"template":"","format":"standard","meta":{"content-type":""},"categories":[27,51],"tags":[],"nelio_content":{"isAutoShareEnabled":false,"autoShareEndMode":"default","automationSources":{"useContentSentences":true,"useSocialTemplates":true,"useCustomSentences":false,"customSentences":[]},"followers":[1],"suggestedReferences":[],"includedReferences":[],"efiUrl":"","efiAlt":"","highlights":[]},"yoast_head":"<!-- This site is optimized with the Yoast SEO plugin v20.7 - https:\/\/yoast.com\/wordpress\/plugins\/seo\/ -->\n<title>Apertura gradual de actividades art\u00edsticas y culturales -<\/title>\n<meta name=\"robots\" content=\"index, follow, max-snippet:-1, max-image-preview:large, max-video-preview:-1\" \/>\n<link rel=\"canonical\" href=\"https:\/\/experienciadevida.com.ar\/portalurbano\/apertura-gradual-de-actividades-artisticas-y-culturales\/\" \/>\n<meta property=\"og:locale\" content=\"es_ES\" \/>\n<meta property=\"og:type\" content=\"article\" \/>\n<meta property=\"og:title\" content=\"Apertura gradual de actividades art\u00edsticas y culturales -\" \/>\n<meta property=\"og:description\" content=\"Luego de los anuncios realizados este s\u00e1bado por el intendente Ezequiel Galli -y con este...\" \/>\n<meta property=\"og:url\" content=\"https:\/\/experienciadevida.com.ar\/portalurbano\/apertura-gradual-de-actividades-artisticas-y-culturales\/\" \/>\n<meta property=\"article:publisher\" content=\"https:\/\/www.facebook.com\/Portal-Urbano-171542830093757\/\" \/>\n<meta property=\"article:published_time\" content=\"2020-08-09T15:49:15+00:00\" \/>\n<meta property=\"og:image\" content=\"https:\/\/experienciadevida.com.ar\/portalurbano\/wp-content\/uploads\/2020\/08\/Salud-Conf.Prensa-Fase-5-4-1024x683-1-e1596988122374.jpg\" \/>\n\t<meta property=\"og:image:width\" content=\"750\" \/>\n\t<meta property=\"og:image:height\" content=\"500\" \/>\n\t<meta property=\"og:image:type\" content=\"image\/jpeg\" \/>\n<meta name=\"author\" content=\"admpu17wp\" \/>\n<meta name=\"twitter:card\" content=\"summary_large_image\" \/>\n<meta name=\"twitter:creator\" content=\"@portalurbanook\" \/>\n<meta name=\"twitter:site\" content=\"@portalurbanook\" \/>\n<meta name=\"twitter:label1\" content=\"Escrito por\" \/>\n\t<meta name=\"twitter:data1\" content=\"admpu17wp\" \/>\n\t<meta name=\"twitter:label2\" content=\"Tiempo de lectura\" \/>\n\t<meta name=\"twitter:data2\" content=\"3 minutos\" \/>\n<script type=\"application\/ld+json\" class=\"yoast-schema-graph\">{\"@context\":\"https:\/\/schema.org\",\"@graph\":[{\"@type\":\"Article\",\"@id\":\"https:\/\/experienciadevida.com.ar\/portalurbano\/apertura-gradual-de-actividades-artisticas-y-culturales\/#article\",\"isPartOf\":{\"@id\":\"https:\/\/experienciadevida.com.ar\/portalurbano\/apertura-gradual-de-actividades-artisticas-y-culturales\/\"},\"author\":{\"name\":\"admpu17wp\",\"@id\":\"https:\/\/experienciadevida.com.ar\/portalurbano\/#\/schema\/person\/02dd326b1c4b056e9cc972486934a3a7\"},\"headline\":\"Apertura gradual de actividades art\u00edsticas y culturales\",\"datePublished\":\"2020-08-09T15:49:15+00:00\",\"dateModified\":\"2020-08-09T15:49:15+00:00\",\"mainEntityOfPage\":{\"@id\":\"https:\/\/experienciadevida.com.ar\/portalurbano\/apertura-gradual-de-actividades-artisticas-y-culturales\/\"},\"wordCount\":527,\"publisher\":{\"@id\":\"https:\/\/experienciadevida.com.ar\/portalurbano\/#organization\"},\"articleSection\":[\"Ciudad\",\"Destacadas\"],\"inLanguage\":\"es\"},{\"@type\":\"WebPage\",\"@id\":\"https:\/\/experienciadevida.com.ar\/portalurbano\/apertura-gradual-de-actividades-artisticas-y-culturales\/\",\"url\":\"https:\/\/experienciadevida.com.ar\/portalurbano\/apertura-gradual-de-actividades-artisticas-y-culturales\/\",\"name\":\"Apertura gradual de actividades art\u00edsticas y culturales -\",\"isPartOf\":{\"@id\":\"https:\/\/experienciadevida.com.ar\/portalurbano\/#website\"},\"datePublished\":\"2020-08-09T15:49:15+00:00\",\"dateModified\":\"2020-08-09T15:49:15+00:00\",\"breadcrumb\":{\"@id\":\"https:\/\/experienciadevida.com.ar\/portalurbano\/apertura-gradual-de-actividades-artisticas-y-culturales\/#breadcrumb\"},\"inLanguage\":\"es\",\"potentialAction\":[{\"@type\":\"ReadAction\",\"target\":[\"https:\/\/experienciadevida.com.ar\/portalurbano\/apertura-gradual-de-actividades-artisticas-y-culturales\/\"]}]},{\"@type\":\"BreadcrumbList\",\"@id\":\"https:\/\/experienciadevida.com.ar\/portalurbano\/apertura-gradual-de-actividades-artisticas-y-culturales\/#breadcrumb\",\"itemListElement\":[{\"@type\":\"ListItem\",\"position\":1,\"name\":\"Portada\",\"item\":\"https:\/\/experienciadevida.com.ar\/portalurbano\/\"},{\"@type\":\"ListItem\",\"position\":2,\"name\":\"Apertura gradual de actividades art\u00edsticas y culturales\"}]},{\"@type\":\"WebSite\",\"@id\":\"https:\/\/experienciadevida.com.ar\/portalurbano\/#website\",\"url\":\"https:\/\/experienciadevida.com.ar\/portalurbano\/\",\"name\":\"\",\"description\":\"\",\"publisher\":{\"@id\":\"https:\/\/experienciadevida.com.ar\/portalurbano\/#organization\"},\"potentialAction\":[{\"@type\":\"SearchAction\",\"target\":{\"@type\":\"EntryPoint\",\"urlTemplate\":\"https:\/\/experienciadevida.com.ar\/portalurbano\/?s={search_term_string}\"},\"query-input\":\"required name=search_term_string\"}],\"inLanguage\":\"es\"},{\"@type\":\"Organization\",\"@id\":\"https:\/\/experienciadevida.com.ar\/portalurbano\/#organization\",\"name\":\"Portal Urbano\",\"url\":\"https:\/\/experienciadevida.com.ar\/portalurbano\/\",\"logo\":{\"@type\":\"ImageObject\",\"inLanguage\":\"es\",\"@id\":\"https:\/\/experienciadevida.com.ar\/portalurbano\/#\/schema\/logo\/image\/\",\"url\":\"https:\/\/experienciadevida.com.ar\/portalurbano\/wp-content\/uploads\/2019\/09\/Logo-Original.png\",\"contentUrl\":\"https:\/\/experienciadevida.com.ar\/portalurbano\/wp-content\/uploads\/2019\/09\/Logo-Original.png\",\"width\":2236,\"height\":1216,\"caption\":\"Portal Urbano\"},\"image\":{\"@id\":\"https:\/\/experienciadevida.com.ar\/portalurbano\/#\/schema\/logo\/image\/\"},\"sameAs\":[\"https:\/\/www.facebook.com\/Portal-Urbano-171542830093757\/\",\"https:\/\/twitter.com\/portalurbanook\",\"https:\/\/www.instagram.com\/_portalurbano\/\",\"https:\/\/www.youtube.com\/channel\/UCXhagIfszH8KxFiOok79zbA?view_as=subscriber\"]},{\"@type\":\"Person\",\"@id\":\"https:\/\/experienciadevida.com.ar\/portalurbano\/#\/schema\/person\/02dd326b1c4b056e9cc972486934a3a7\",\"name\":\"admpu17wp\",\"image\":{\"@type\":\"ImageObject\",\"inLanguage\":\"es\",\"@id\":\"https:\/\/experienciadevida.com.ar\/portalurbano\/#\/schema\/person\/image\/\",\"url\":\"https:\/\/secure.gravatar.com\/avatar\/830d4c57adaae6630765e449a6908047?s=96&d=mm&r=g\",\"contentUrl\":\"https:\/\/secure.gravatar.com\/avatar\/830d4c57adaae6630765e449a6908047?s=96&d=mm&r=g\",\"caption\":\"admpu17wp\"}}]}<\/script>\n<!-- \/ Yoast SEO plugin. -->","yoast_head_json":{"title":"Apertura gradual de actividades art\u00edsticas y culturales -","robots":{"index":"index","follow":"follow","max-snippet":"max-snippet:-1","max-image-preview":"max-image-preview:large","max-video-preview":"max-video-preview:-1"},"canonical":"https:\/\/experienciadevida.com.ar\/portalurbano\/apertura-gradual-de-actividades-artisticas-y-culturales\/","og_locale":"es_ES","og_type":"article","og_title":"Apertura gradual de actividades art\u00edsticas y culturales -","og_description":"Luego de los anuncios realizados este s\u00e1bado por el intendente Ezequiel Galli -y con este...","og_url":"https:\/\/experienciadevida.com.ar\/portalurbano\/apertura-gradual-de-actividades-artisticas-y-culturales\/","article_publisher":"https:\/\/www.facebook.com\/Portal-Urbano-171542830093757\/","article_published_time":"2020-08-09T15:49:15+00:00","og_image":[{"width":750,"height":500,"url":"https:\/\/experienciadevida.com.ar\/portalurbano\/wp-content\/uploads\/2020\/08\/Salud-Conf.Prensa-Fase-5-4-1024x683-1-e1596988122374.jpg","type":"image\/jpeg"}],"author":"admpu17wp","twitter_card":"summary_large_image","twitter_creator":"@portalurbanook","twitter_site":"@portalurbanook","twitter_misc":{"Escrito por":"admpu17wp","Tiempo de lectura":"3 minutos"},"schema":{"@context":"https:\/\/schema.org","@graph":[{"@type":"Article","@id":"https:\/\/experienciadevida.com.ar\/portalurbano\/apertura-gradual-de-actividades-artisticas-y-culturales\/#article","isPartOf":{"@id":"https:\/\/experienciadevida.com.ar\/portalurbano\/apertura-gradual-de-actividades-artisticas-y-culturales\/"},"author":{"name":"admpu17wp","@id":"https:\/\/experienciadevida.com.ar\/portalurbano\/#\/schema\/person\/02dd326b1c4b056e9cc972486934a3a7"},"headline":"Apertura gradual de actividades art\u00edsticas y culturales","datePublished":"2020-08-09T15:49:15+00:00","dateModified":"2020-08-09T15:49:15+00:00","mainEntityOfPage":{"@id":"https:\/\/experienciadevida.com.ar\/portalurbano\/apertura-gradual-de-actividades-artisticas-y-culturales\/"},"wordCount":527,"publisher":{"@id":"https:\/\/experienciadevida.com.ar\/portalurbano\/#organization"},"articleSection":["Ciudad","Destacadas"],"inLanguage":"es"},{"@type":"WebPage","@id":"https:\/\/experienciadevida.com.ar\/portalurbano\/apertura-gradual-de-actividades-artisticas-y-culturales\/","url":"https:\/\/experienciadevida.com.ar\/portalurbano\/apertura-gradual-de-actividades-artisticas-y-culturales\/","name":"Apertura gradual de actividades art\u00edsticas y culturales -","isPartOf":{"@id":"https:\/\/experienciadevida.com.ar\/portalurbano\/#website"},"datePublished":"2020-08-09T15:49:15+00:00","dateModified":"2020-08-09T15:49:15+00:00","breadcrumb":{"@id":"https:\/\/experienciadevida.com.ar\/portalurbano\/apertura-gradual-de-actividades-artisticas-y-culturales\/#breadcrumb"},"inLanguage":"es","potentialAction":[{"@type":"ReadAction","target":["https:\/\/experienciadevida.com.ar\/portalurbano\/apertura-gradual-de-actividades-artisticas-y-culturales\/"]}]},{"@type":"BreadcrumbList","@id":"https:\/\/experienciadevida.com.ar\/portalurbano\/apertura-gradual-de-actividades-artisticas-y-culturales\/#breadcrumb","itemListElement":[{"@type":"ListItem","position":1,"name":"Portada","item":"https:\/\/experienciadevida.com.ar\/portalurbano\/"},{"@type":"ListItem","position":2,"name":"Apertura gradual de actividades art\u00edsticas y culturales"}]},{"@type":"WebSite","@id":"https:\/\/experienciadevida.com.ar\/portalurbano\/#website","url":"https:\/\/experienciadevida.com.ar\/portalurbano\/","name":"","description":"","publisher":{"@id":"https:\/\/experienciadevida.com.ar\/portalurbano\/#organization"},"potentialAction":[{"@type":"SearchAction","target":{"@type":"EntryPoint","urlTemplate":"https:\/\/experienciadevida.com.ar\/portalurbano\/?s={search_term_string}"},"query-input":"required name=search_term_string"}],"inLanguage":"es"},{"@type":"Organization","@id":"https:\/\/experienciadevida.com.ar\/portalurbano\/#organization","name":"Portal Urbano","url":"https:\/\/experienciadevida.com.ar\/portalurbano\/","logo":{"@type":"ImageObject","inLanguage":"es","@id":"https:\/\/experienciadevida.com.ar\/portalurbano\/#\/schema\/logo\/image\/","url":"https:\/\/experienciadevida.com.ar\/portalurbano\/wp-content\/uploads\/2019\/09\/Logo-Original.png","contentUrl":"https:\/\/experienciadevida.com.ar\/portalurbano\/wp-content\/uploads\/2019\/09\/Logo-Original.png","width":2236,"height":1216,"caption":"Portal Urbano"},"image":{"@id":"https:\/\/experienciadevida.com.ar\/portalurbano\/#\/schema\/logo\/image\/"},"sameAs":["https:\/\/www.facebook.com\/Portal-Urbano-171542830093757\/","https:\/\/twitter.com\/portalurbanook","https:\/\/www.instagram.com\/_portalurbano\/","https:\/\/www.youtube.com\/channel\/UCXhagIfszH8KxFiOok79zbA?view_as=subscriber"]},{"@type":"Person","@id":"https:\/\/experienciadevida.com.ar\/portalurbano\/#\/schema\/person\/02dd326b1c4b056e9cc972486934a3a7","name":"admpu17wp","image":{"@type":"ImageObject","inLanguage":"es","@id":"https:\/\/experienciadevida.com.ar\/portalurbano\/#\/schema\/person\/image\/","url":"https:\/\/secure.gravatar.com\/avatar\/830d4c57adaae6630765e449a6908047?s=96&d=mm&r=g","contentUrl":"https:\/\/secure.gravatar.com\/avatar\/830d4c57adaae6630765e449a6908047?s=96&d=mm&r=g","caption":"admpu17wp"}}]}},"featured_image_urls":{"full":["https:\/\/experienciadevida.com.ar\/portalurbano\/wp-content\/uploads\/2020\/08\/Salud-Conf.Prensa-Fase-5-4-1024x683-1-e1596988122374.jpg",750,500,false],"thumbnail":["https:\/\/experienciadevida.com.ar\/portalurbano\/wp-content\/uploads\/2020\/08\/Salud-Conf.Prensa-Fase-5-4-1024x683-1-150x150.jpg",150,150,true],"medium":["https:\/\/experienciadevida.com.ar\/portalurbano\/wp-content\/uploads\/2020\/08\/Salud-Conf.Prensa-Fase-5-4-1024x683-1-300x200.jpg",300,200,true],"medium_large":["https:\/\/experienciadevida.com.ar\/portalurbano\/wp-content\/uploads\/2020\/08\/Salud-Conf.Prensa-Fase-5-4-1024x683-1-768x512.jpg",640,427,true],"large":["https:\/\/experienciadevida.com.ar\/portalurbano\/wp-content\/uploads\/2020\/08\/Salud-Conf.Prensa-Fase-5-4-1024x683-1-e1596988122374.jpg",640,427,false],"ug_big":["https:\/\/experienciadevida.com.ar\/portalurbano\/wp-content\/uploads\/2020\/08\/Salud-Conf.Prensa-Fase-5-4-1024x683-1-768x512.jpg",768,512,true],"1536x1536":["https:\/\/experienciadevida.com.ar\/portalurbano\/wp-content\/uploads\/2020\/08\/Salud-Conf.Prensa-Fase-5-4-1024x683-1-e1596988122374.jpg",750,500,false],"2048x2048":["https:\/\/experienciadevida.com.ar\/portalurbano\/wp-content\/uploads\/2020\/08\/Salud-Conf.Prensa-Fase-5-4-1024x683-1-e1596988122374.jpg",750,500,false],"newsever-slider-full":["https:\/\/experienciadevida.com.ar\/portalurbano\/wp-content\/uploads\/2020\/08\/Salud-Conf.Prensa-Fase-5-4-1024x683-1-e1596988122374.jpg",750,500,false],"newsever-featured":["https:\/\/experienciadevida.com.ar\/portalurbano\/wp-content\/uploads\/2020\/08\/Salud-Conf.Prensa-Fase-5-4-1024x683-1-e1596988122374.jpg",750,500,false],"newsever-medium":["https:\/\/experienciadevida.com.ar\/portalurbano\/wp-content\/uploads\/2020\/08\/Salud-Conf.Prensa-Fase-5-4-1024x683-1-e1596988122374.jpg",713,475,false],"web-stories-poster-portrait":["https:\/\/experienciadevida.com.ar\/portalurbano\/wp-content\/uploads\/2020\/08\/Salud-Conf.Prensa-Fase-5-4-1024x683-1-e1596988122374.jpg",640,427,false],"web-stories-publisher-logo":["https:\/\/experienciadevida.com.ar\/portalurbano\/wp-content\/uploads\/2020\/08\/Salud-Conf.Prensa-Fase-5-4-1024x683-1-e1596988122374.jpg",96,64,false],"web-stories-thumbnail":["https:\/\/experienciadevida.com.ar\/portalurbano\/wp-content\/uploads\/2020\/08\/Salud-Conf.Prensa-Fase-5-4-1024x683-1-e1596988122374.jpg",150,100,false]},"author_info":{"display_name":"admpu17wp","author_link":"https:\/\/experienciadevida.com.ar\/portalurbano\/author\/admpu17wp\/"},"category_info":"<a href=\"https:\/\/experienciadevida.com.ar\/portalurbano\/category\/ciudad\/\" rel=\"category tag\">Ciudad<\/a> <a href=\"https:\/\/experienciadevida.com.ar\/portalurbano\/category\/destacadas\/\" rel=\"category tag\">Destacadas<\/a>","tag_info":"Destacadas","comment_count":"0","amp_enabled":true,"_links":{"self":[{"href":"https:\/\/experienciadevida.com.ar\/portalurbano\/wp-json\/wp\/v2\/posts\/117368"}],"collection":[{"href":"https:\/\/experienciadevida.com.ar\/portalurbano\/wp-json\/wp\/v2\/posts"}],"about":[{"href":"https:\/\/experienciadevida.com.ar\/portalurbano\/wp-json\/wp\/v2\/types\/post"}],"author":[{"embeddable":true,"href":"https:\/\/experienciadevida.com.ar\/portalurbano\/wp-json\/wp\/v2\/users\/1"}],"replies":[{"embeddable":true,"href":"https:\/\/experienciadevida.com.ar\/portalurbano\/wp-json\/wp\/v2\/comments?post=117368"}],"version-history":[{"count":1,"href":"https:\/\/experienciadevida.com.ar\/portalurbano\/wp-json\/wp\/v2\/posts\/117368\/revisions"}],"predecessor-version":[{"id":117370,"href":"https:\/\/experienciadevida.com.ar\/portalurbano\/wp-json\/wp\/v2\/posts\/117368\/revisions\/117370"}],"wp:featuredmedia":[{"embeddable":true,"href":"https:\/\/experienciadevida.com.ar\/portalurbano\/wp-json\/wp\/v2\/media\/117369"}],"wp:attachment":[{"href":"https:\/\/experienciadevida.com.ar\/portalurbano\/wp-json\/wp\/v2\/media?parent=117368"}],"wp:term":[{"taxonomy":"category","embeddable":true,"href":"https:\/\/experienciadevida.com.ar\/portalurbano\/wp-json\/wp\/v2\/categories?post=117368"},{"taxonomy":"post_tag","embeddable":true,"href":"https:\/\/experienciadevida.com.ar\/portalurbano\/wp-json\/wp\/v2\/tags?post=117368"}],"curies":[{"name":"wp","href":"https:\/\/api.w.org\/{rel}","templated":true}]}}