{"id":117183,"date":"2020-08-07T14:33:06","date_gmt":"2020-08-07T17:33:06","guid":{"rendered":"https:\/\/experienciadevida.com.ar\/portalurbano\/?p=117183"},"modified":"2020-08-07T14:33:30","modified_gmt":"2020-08-07T17:33:30","slug":"federico-aguilera-el-reinicio-de-las-obras-tendra-un-impacto-positivo-en-la-actividad-minera","status":"publish","type":"post","link":"https:\/\/experienciadevida.com.ar\/portalurbano\/federico-aguilera-el-reinicio-de-las-obras-tendra-un-impacto-positivo-en-la-actividad-minera\/","title":{"rendered":"Federico Aguilera: &#8220;El reinicio de las obras tendr\u00e1 un impacto positivo en la actividad minera&#8221;"},"content":{"rendered":"<p>As\u00ed lo dijo el Subsecretario de Miner\u00eda, Federico Aguilera, sobre el reinicio de las obras que se encontraban paralizadas para convertir en autov\u00eda al corredor atl\u00e1ntico sobre las rutas provinciales n\u00b011 y 56, con el objetivo de mejorar la transitabilidad y seguridad vial de la zona.<\/p>\n<p>En el anuncio oficial, el Gobernador, Axel Kicillof, dijo &#8220;<em>dimos reinicio a las obras que se encontraban paralizadas para convertir en autov\u00eda al corredor atl\u00e1ntico sobre las rutas provinciales n\u00b011 y 56 con el objetivo de mejorar la transitabilidad y seguridad vial de la zona. Junto\u00a0 al Presidente Alberto Fern\u00e1ndez y el Ministro Gabriel Katopodis anunciamos esta iniciativa de reactivaci\u00f3n econ\u00f3mica para poner a la argentina\u00a0 y a la provincia en marcha&#8221;.<\/em><\/p>\n<p>Por \u00faltimo, a ra\u00edz del anuncio oficial, Aguilera dijo &#8220;<em>eso tendr\u00e1 un impacto positivo en la actividad minera y la generaci\u00f3n de fuentes de trabajo.\u00a0 A pesar de las diversidades junto a Axel Kicillof y Alberto Fern\u00e1ndez se trabaja para poner a la Argentina y la Provincia en marcha&#8221;.<\/em><\/p>\n","protected":false},"excerpt":{"rendered":"<p>As\u00ed lo dijo el Subsecretario de Miner\u00eda, Federico Aguilera, sobre el reinicio de las obras&#8230;<\/p>\n","protected":false},"author":1,"featured_media":117184,"comment_status":"closed","ping_status":"closed","sticky":false,"template":"","format":"standard","meta":{"content-type":""},"categories":[27,51],"tags":[],"nelio_content":{"isAutoShareEnabled":false,"autoShareEndMode":"default","automationSources":{"useContentSentences":true,"useSocialTemplates":true,"useCustomSentences":false,"customSentences":[]},"followers":[1],"suggestedReferences":[],"includedReferences":[],"efiUrl":"","efiAlt":"","highlights":[]},"yoast_head":"<!-- This site is optimized with the Yoast SEO plugin v20.7 - https:\/\/yoast.com\/wordpress\/plugins\/seo\/ -->\n<title>Federico Aguilera: &quot;El reinicio de las obras tendr\u00e1 un impacto positivo en la actividad minera&quot; -<\/title>\n<meta name=\"robots\" content=\"index, follow, max-snippet:-1, max-image-preview:large, max-video-preview:-1\" \/>\n<link rel=\"canonical\" href=\"https:\/\/experienciadevida.com.ar\/portalurbano\/federico-aguilera-el-reinicio-de-las-obras-tendra-un-impacto-positivo-en-la-actividad-minera\/\" \/>\n<meta property=\"og:locale\" content=\"es_ES\" \/>\n<meta property=\"og:type\" content=\"article\" \/>\n<meta property=\"og:title\" content=\"Federico Aguilera: &quot;El reinicio de las obras tendr\u00e1 un impacto positivo en la actividad minera&quot; -\" \/>\n<meta property=\"og:description\" content=\"As\u00ed lo dijo el Subsecretario de Miner\u00eda, Federico Aguilera, sobre el reinicio de las obras...\" \/>\n<meta property=\"og:url\" content=\"https:\/\/experienciadevida.com.ar\/portalurbano\/federico-aguilera-el-reinicio-de-las-obras-tendra-un-impacto-positivo-en-la-actividad-minera\/\" \/>\n<meta property=\"article:publisher\" content=\"https:\/\/www.facebook.com\/Portal-Urbano-171542830093757\/\" \/>\n<meta property=\"article:published_time\" content=\"2020-08-07T17:33:06+00:00\" \/>\n<meta property=\"article:modified_time\" content=\"2020-08-07T17:33:30+00:00\" \/>\n<meta property=\"og:image\" content=\"https:\/\/experienciadevida.com.ar\/portalurbano\/wp-content\/uploads\/2020\/08\/OBRAS.jpg\" \/>\n\t<meta property=\"og:image:width\" content=\"960\" \/>\n\t<meta property=\"og:image:height\" content=\"640\" \/>\n\t<meta property=\"og:image:type\" content=\"image\/jpeg\" \/>\n<meta name=\"author\" content=\"admpu17wp\" \/>\n<meta name=\"twitter:card\" content=\"summary_large_image\" \/>\n<meta name=\"twitter:creator\" content=\"@portalurbanook\" \/>\n<meta name=\"twitter:site\" content=\"@portalurbanook\" \/>\n<meta name=\"twitter:label1\" content=\"Escrito por\" \/>\n\t<meta name=\"twitter:data1\" content=\"admpu17wp\" \/>\n\t<meta name=\"twitter:label2\" content=\"Tiempo de lectura\" \/>\n\t<meta name=\"twitter:data2\" content=\"1 minuto\" \/>\n<script type=\"application\/ld+json\" class=\"yoast-schema-graph\">{\"@context\":\"https:\/\/schema.org\",\"@graph\":[{\"@type\":\"Article\",\"@id\":\"https:\/\/experienciadevida.com.ar\/portalurbano\/federico-aguilera-el-reinicio-de-las-obras-tendra-un-impacto-positivo-en-la-actividad-minera\/#article\",\"isPartOf\":{\"@id\":\"https:\/\/experienciadevida.com.ar\/portalurbano\/federico-aguilera-el-reinicio-de-las-obras-tendra-un-impacto-positivo-en-la-actividad-minera\/\"},\"author\":{\"name\":\"admpu17wp\",\"@id\":\"https:\/\/experienciadevida.com.ar\/portalurbano\/#\/schema\/person\/02dd326b1c4b056e9cc972486934a3a7\"},\"headline\":\"Federico Aguilera: &#8220;El reinicio de las obras tendr\u00e1 un impacto positivo en la actividad minera&#8221;\",\"datePublished\":\"2020-08-07T17:33:06+00:00\",\"dateModified\":\"2020-08-07T17:33:30+00:00\",\"mainEntityOfPage\":{\"@id\":\"https:\/\/experienciadevida.com.ar\/portalurbano\/federico-aguilera-el-reinicio-de-las-obras-tendra-un-impacto-positivo-en-la-actividad-minera\/\"},\"wordCount\":191,\"publisher\":{\"@id\":\"https:\/\/experienciadevida.com.ar\/portalurbano\/#organization\"},\"articleSection\":[\"Ciudad\",\"Destacadas\"],\"inLanguage\":\"es\"},{\"@type\":\"WebPage\",\"@id\":\"https:\/\/experienciadevida.com.ar\/portalurbano\/federico-aguilera-el-reinicio-de-las-obras-tendra-un-impacto-positivo-en-la-actividad-minera\/\",\"url\":\"https:\/\/experienciadevida.com.ar\/portalurbano\/federico-aguilera-el-reinicio-de-las-obras-tendra-un-impacto-positivo-en-la-actividad-minera\/\",\"name\":\"Federico Aguilera: \\\"El reinicio de las obras tendr\u00e1 un impacto positivo en la actividad minera\\\" -\",\"isPartOf\":{\"@id\":\"https:\/\/experienciadevida.com.ar\/portalurbano\/#website\"},\"datePublished\":\"2020-08-07T17:33:06+00:00\",\"dateModified\":\"2020-08-07T17:33:30+00:00\",\"breadcrumb\":{\"@id\":\"https:\/\/experienciadevida.com.ar\/portalurbano\/federico-aguilera-el-reinicio-de-las-obras-tendra-un-impacto-positivo-en-la-actividad-minera\/#breadcrumb\"},\"inLanguage\":\"es\",\"potentialAction\":[{\"@type\":\"ReadAction\",\"target\":[\"https:\/\/experienciadevida.com.ar\/portalurbano\/federico-aguilera-el-reinicio-de-las-obras-tendra-un-impacto-positivo-en-la-actividad-minera\/\"]}]},{\"@type\":\"BreadcrumbList\",\"@id\":\"https:\/\/experienciadevida.com.ar\/portalurbano\/federico-aguilera-el-reinicio-de-las-obras-tendra-un-impacto-positivo-en-la-actividad-minera\/#breadcrumb\",\"itemListElement\":[{\"@type\":\"ListItem\",\"position\":1,\"name\":\"Portada\",\"item\":\"https:\/\/experienciadevida.com.ar\/portalurbano\/\"},{\"@type\":\"ListItem\",\"position\":2,\"name\":\"Federico Aguilera: \u00abEl reinicio de las obras tendr\u00e1 un impacto positivo en la actividad minera\u00bb\"}]},{\"@type\":\"WebSite\",\"@id\":\"https:\/\/experienciadevida.com.ar\/portalurbano\/#website\",\"url\":\"https:\/\/experienciadevida.com.ar\/portalurbano\/\",\"name\":\"\",\"description\":\"\",\"publisher\":{\"@id\":\"https:\/\/experienciadevida.com.ar\/portalurbano\/#organization\"},\"potentialAction\":[{\"@type\":\"SearchAction\",\"target\":{\"@type\":\"EntryPoint\",\"urlTemplate\":\"https:\/\/experienciadevida.com.ar\/portalurbano\/?s={search_term_string}\"},\"query-input\":\"required name=search_term_string\"}],\"inLanguage\":\"es\"},{\"@type\":\"Organization\",\"@id\":\"https:\/\/experienciadevida.com.ar\/portalurbano\/#organization\",\"name\":\"Portal Urbano\",\"url\":\"https:\/\/experienciadevida.com.ar\/portalurbano\/\",\"logo\":{\"@type\":\"ImageObject\",\"inLanguage\":\"es\",\"@id\":\"https:\/\/experienciadevida.com.ar\/portalurbano\/#\/schema\/logo\/image\/\",\"url\":\"https:\/\/experienciadevida.com.ar\/portalurbano\/wp-content\/uploads\/2019\/09\/Logo-Original.png\",\"contentUrl\":\"https:\/\/experienciadevida.com.ar\/portalurbano\/wp-content\/uploads\/2019\/09\/Logo-Original.png\",\"width\":2236,\"height\":1216,\"caption\":\"Portal Urbano\"},\"image\":{\"@id\":\"https:\/\/experienciadevida.com.ar\/portalurbano\/#\/schema\/logo\/image\/\"},\"sameAs\":[\"https:\/\/www.facebook.com\/Portal-Urbano-171542830093757\/\",\"https:\/\/twitter.com\/portalurbanook\",\"https:\/\/www.instagram.com\/_portalurbano\/\",\"https:\/\/www.youtube.com\/channel\/UCXhagIfszH8KxFiOok79zbA?view_as=subscriber\"]},{\"@type\":\"Person\",\"@id\":\"https:\/\/experienciadevida.com.ar\/portalurbano\/#\/schema\/person\/02dd326b1c4b056e9cc972486934a3a7\",\"name\":\"admpu17wp\",\"image\":{\"@type\":\"ImageObject\",\"inLanguage\":\"es\",\"@id\":\"https:\/\/experienciadevida.com.ar\/portalurbano\/#\/schema\/person\/image\/\",\"url\":\"https:\/\/secure.gravatar.com\/avatar\/830d4c57adaae6630765e449a6908047?s=96&d=mm&r=g\",\"contentUrl\":\"https:\/\/secure.gravatar.com\/avatar\/830d4c57adaae6630765e449a6908047?s=96&d=mm&r=g\",\"caption\":\"admpu17wp\"}}]}<\/script>\n<!-- \/ Yoast SEO plugin. -->","yoast_head_json":{"title":"Federico Aguilera: \"El reinicio de las obras tendr\u00e1 un impacto positivo en la actividad minera\" -","robots":{"index":"index","follow":"follow","max-snippet":"max-snippet:-1","max-image-preview":"max-image-preview:large","max-video-preview":"max-video-preview:-1"},"canonical":"https:\/\/experienciadevida.com.ar\/portalurbano\/federico-aguilera-el-reinicio-de-las-obras-tendra-un-impacto-positivo-en-la-actividad-minera\/","og_locale":"es_ES","og_type":"article","og_title":"Federico Aguilera: \"El reinicio de las obras tendr\u00e1 un impacto positivo en la actividad minera\" -","og_description":"As\u00ed lo dijo el Subsecretario de Miner\u00eda, Federico Aguilera, sobre el reinicio de las obras...","og_url":"https:\/\/experienciadevida.com.ar\/portalurbano\/federico-aguilera-el-reinicio-de-las-obras-tendra-un-impacto-positivo-en-la-actividad-minera\/","article_publisher":"https:\/\/www.facebook.com\/Portal-Urbano-171542830093757\/","article_published_time":"2020-08-07T17:33:06+00:00","article_modified_time":"2020-08-07T17:33:30+00:00","og_image":[{"width":960,"height":640,"url":"https:\/\/experienciadevida.com.ar\/portalurbano\/wp-content\/uploads\/2020\/08\/OBRAS.jpg","type":"image\/jpeg"}],"author":"admpu17wp","twitter_card":"summary_large_image","twitter_creator":"@portalurbanook","twitter_site":"@portalurbanook","twitter_misc":{"Escrito por":"admpu17wp","Tiempo de lectura":"1 minuto"},"schema":{"@context":"https:\/\/schema.org","@graph":[{"@type":"Article","@id":"https:\/\/experienciadevida.com.ar\/portalurbano\/federico-aguilera-el-reinicio-de-las-obras-tendra-un-impacto-positivo-en-la-actividad-minera\/#article","isPartOf":{"@id":"https:\/\/experienciadevida.com.ar\/portalurbano\/federico-aguilera-el-reinicio-de-las-obras-tendra-un-impacto-positivo-en-la-actividad-minera\/"},"author":{"name":"admpu17wp","@id":"https:\/\/experienciadevida.com.ar\/portalurbano\/#\/schema\/person\/02dd326b1c4b056e9cc972486934a3a7"},"headline":"Federico Aguilera: &#8220;El reinicio de las obras tendr\u00e1 un impacto positivo en la actividad minera&#8221;","datePublished":"2020-08-07T17:33:06+00:00","dateModified":"2020-08-07T17:33:30+00:00","mainEntityOfPage":{"@id":"https:\/\/experienciadevida.com.ar\/portalurbano\/federico-aguilera-el-reinicio-de-las-obras-tendra-un-impacto-positivo-en-la-actividad-minera\/"},"wordCount":191,"publisher":{"@id":"https:\/\/experienciadevida.com.ar\/portalurbano\/#organization"},"articleSection":["Ciudad","Destacadas"],"inLanguage":"es"},{"@type":"WebPage","@id":"https:\/\/experienciadevida.com.ar\/portalurbano\/federico-aguilera-el-reinicio-de-las-obras-tendra-un-impacto-positivo-en-la-actividad-minera\/","url":"https:\/\/experienciadevida.com.ar\/portalurbano\/federico-aguilera-el-reinicio-de-las-obras-tendra-un-impacto-positivo-en-la-actividad-minera\/","name":"Federico Aguilera: \"El reinicio de las obras tendr\u00e1 un impacto positivo en la actividad minera\" -","isPartOf":{"@id":"https:\/\/experienciadevida.com.ar\/portalurbano\/#website"},"datePublished":"2020-08-07T17:33:06+00:00","dateModified":"2020-08-07T17:33:30+00:00","breadcrumb":{"@id":"https:\/\/experienciadevida.com.ar\/portalurbano\/federico-aguilera-el-reinicio-de-las-obras-tendra-un-impacto-positivo-en-la-actividad-minera\/#breadcrumb"},"inLanguage":"es","potentialAction":[{"@type":"ReadAction","target":["https:\/\/experienciadevida.com.ar\/portalurbano\/federico-aguilera-el-reinicio-de-las-obras-tendra-un-impacto-positivo-en-la-actividad-minera\/"]}]},{"@type":"BreadcrumbList","@id":"https:\/\/experienciadevida.com.ar\/portalurbano\/federico-aguilera-el-reinicio-de-las-obras-tendra-un-impacto-positivo-en-la-actividad-minera\/#breadcrumb","itemListElement":[{"@type":"ListItem","position":1,"name":"Portada","item":"https:\/\/experienciadevida.com.ar\/portalurbano\/"},{"@type":"ListItem","position":2,"name":"Federico Aguilera: \u00abEl reinicio de las obras tendr\u00e1 un impacto positivo en la actividad minera\u00bb"}]},{"@type":"WebSite","@id":"https:\/\/experienciadevida.com.ar\/portalurbano\/#website","url":"https:\/\/experienciadevida.com.ar\/portalurbano\/","name":"","description":"","publisher":{"@id":"https:\/\/experienciadevida.com.ar\/portalurbano\/#organization"},"potentialAction":[{"@type":"SearchAction","target":{"@type":"EntryPoint","urlTemplate":"https:\/\/experienciadevida.com.ar\/portalurbano\/?s={search_term_string}"},"query-input":"required name=search_term_string"}],"inLanguage":"es"},{"@type":"Organization","@id":"https:\/\/experienciadevida.com.ar\/portalurbano\/#organization","name":"Portal Urbano","url":"https:\/\/experienciadevida.com.ar\/portalurbano\/","logo":{"@type":"ImageObject","inLanguage":"es","@id":"https:\/\/experienciadevida.com.ar\/portalurbano\/#\/schema\/logo\/image\/","url":"https:\/\/experienciadevida.com.ar\/portalurbano\/wp-content\/uploads\/2019\/09\/Logo-Original.png","contentUrl":"https:\/\/experienciadevida.com.ar\/portalurbano\/wp-content\/uploads\/2019\/09\/Logo-Original.png","width":2236,"height":1216,"caption":"Portal Urbano"},"image":{"@id":"https:\/\/experienciadevida.com.ar\/portalurbano\/#\/schema\/logo\/image\/"},"sameAs":["https:\/\/www.facebook.com\/Portal-Urbano-171542830093757\/","https:\/\/twitter.com\/portalurbanook","https:\/\/www.instagram.com\/_portalurbano\/","https:\/\/www.youtube.com\/channel\/UCXhagIfszH8KxFiOok79zbA?view_as=subscriber"]},{"@type":"Person","@id":"https:\/\/experienciadevida.com.ar\/portalurbano\/#\/schema\/person\/02dd326b1c4b056e9cc972486934a3a7","name":"admpu17wp","image":{"@type":"ImageObject","inLanguage":"es","@id":"https:\/\/experienciadevida.com.ar\/portalurbano\/#\/schema\/person\/image\/","url":"https:\/\/secure.gravatar.com\/avatar\/830d4c57adaae6630765e449a6908047?s=96&d=mm&r=g","contentUrl":"https:\/\/secure.gravatar.com\/avatar\/830d4c57adaae6630765e449a6908047?s=96&d=mm&r=g","caption":"admpu17wp"}}]}},"featured_image_urls":{"full":["https:\/\/experienciadevida.com.ar\/portalurbano\/wp-content\/uploads\/2020\/08\/OBRAS.jpg",960,640,false],"thumbnail":["https:\/\/experienciadevida.com.ar\/portalurbano\/wp-content\/uploads\/2020\/08\/OBRAS-150x150.jpg",150,150,true],"medium":["https:\/\/experienciadevida.com.ar\/portalurbano\/wp-content\/uploads\/2020\/08\/OBRAS-300x200.jpg",300,200,true],"medium_large":["https:\/\/experienciadevida.com.ar\/portalurbano\/wp-content\/uploads\/2020\/08\/OBRAS-768x512.jpg",640,427,true],"large":["https:\/\/experienciadevida.com.ar\/portalurbano\/wp-content\/uploads\/2020\/08\/OBRAS.jpg",640,427,false],"ug_big":["https:\/\/experienciadevida.com.ar\/portalurbano\/wp-content\/uploads\/2020\/08\/OBRAS-768x512.jpg",768,512,true],"1536x1536":["https:\/\/experienciadevida.com.ar\/portalurbano\/wp-content\/uploads\/2020\/08\/OBRAS.jpg",960,640,false],"2048x2048":["https:\/\/experienciadevida.com.ar\/portalurbano\/wp-content\/uploads\/2020\/08\/OBRAS.jpg",960,640,false],"newsever-slider-full":["https:\/\/experienciadevida.com.ar\/portalurbano\/wp-content\/uploads\/2020\/08\/OBRAS.jpg",960,640,false],"newsever-featured":["https:\/\/experienciadevida.com.ar\/portalurbano\/wp-content\/uploads\/2020\/08\/OBRAS.jpg",960,640,false],"newsever-medium":["https:\/\/experienciadevida.com.ar\/portalurbano\/wp-content\/uploads\/2020\/08\/OBRAS.jpg",713,475,false],"web-stories-poster-portrait":["https:\/\/experienciadevida.com.ar\/portalurbano\/wp-content\/uploads\/2020\/08\/OBRAS.jpg",640,427,false],"web-stories-publisher-logo":["https:\/\/experienciadevida.com.ar\/portalurbano\/wp-content\/uploads\/2020\/08\/OBRAS.jpg",96,64,false],"web-stories-thumbnail":["https:\/\/experienciadevida.com.ar\/portalurbano\/wp-content\/uploads\/2020\/08\/OBRAS.jpg",150,100,false]},"author_info":{"display_name":"admpu17wp","author_link":"https:\/\/experienciadevida.com.ar\/portalurbano\/author\/admpu17wp\/"},"category_info":"<a href=\"https:\/\/experienciadevida.com.ar\/portalurbano\/category\/ciudad\/\" rel=\"category tag\">Ciudad<\/a> <a href=\"https:\/\/experienciadevida.com.ar\/portalurbano\/category\/destacadas\/\" rel=\"category tag\">Destacadas<\/a>","tag_info":"Destacadas","comment_count":"0","amp_enabled":true,"_links":{"self":[{"href":"https:\/\/experienciadevida.com.ar\/portalurbano\/wp-json\/wp\/v2\/posts\/117183"}],"collection":[{"href":"https:\/\/experienciadevida.com.ar\/portalurbano\/wp-json\/wp\/v2\/posts"}],"about":[{"href":"https:\/\/experienciadevida.com.ar\/portalurbano\/wp-json\/wp\/v2\/types\/post"}],"author":[{"embeddable":true,"href":"https:\/\/experienciadevida.com.ar\/portalurbano\/wp-json\/wp\/v2\/users\/1"}],"replies":[{"embeddable":true,"href":"https:\/\/experienciadevida.com.ar\/portalurbano\/wp-json\/wp\/v2\/comments?post=117183"}],"version-history":[{"count":1,"href":"https:\/\/experienciadevida.com.ar\/portalurbano\/wp-json\/wp\/v2\/posts\/117183\/revisions"}],"predecessor-version":[{"id":117185,"href":"https:\/\/experienciadevida.com.ar\/portalurbano\/wp-json\/wp\/v2\/posts\/117183\/revisions\/117185"}],"wp:featuredmedia":[{"embeddable":true,"href":"https:\/\/experienciadevida.com.ar\/portalurbano\/wp-json\/wp\/v2\/media\/117184"}],"wp:attachment":[{"href":"https:\/\/experienciadevida.com.ar\/portalurbano\/wp-json\/wp\/v2\/media?parent=117183"}],"wp:term":[{"taxonomy":"category","embeddable":true,"href":"https:\/\/experienciadevida.com.ar\/portalurbano\/wp-json\/wp\/v2\/categories?post=117183"},{"taxonomy":"post_tag","embeddable":true,"href":"https:\/\/experienciadevida.com.ar\/portalurbano\/wp-json\/wp\/v2\/tags?post=117183"}],"curies":[{"name":"wp","href":"https:\/\/api.w.org\/{rel}","templated":true}]}}