{"id":117070,"date":"2020-08-06T16:34:09","date_gmt":"2020-08-06T19:34:09","guid":{"rendered":"https:\/\/experienciadevida.com.ar\/portalurbano\/?p=117070"},"modified":"2020-08-06T16:34:38","modified_gmt":"2020-08-06T19:34:38","slug":"compartimos-la-intencion-de-bajar-el-costo-de-la-factura-electrica-pero-no-podemos-enganar-a-la-gente","status":"publish","type":"post","link":"https:\/\/experienciadevida.com.ar\/portalurbano\/compartimos-la-intencion-de-bajar-el-costo-de-la-factura-electrica-pero-no-podemos-enganar-a-la-gente\/","title":{"rendered":"&#8220;Compartimos la intenci\u00f3n de bajar el costo de la factura el\u00e9ctrica, pero no podemos enga\u00f1ar a la gente&#8221;"},"content":{"rendered":"<p>D\u00edas atr\u00e1s, un abogado que integra una Asociaci\u00f3n de Usuarios, mencion\u00f3 que es posible bajar la tarifa de luz. Ante ello, el presidente del Consejo de Administraci\u00f3n de Coopelectric Dr. Ignacio Aramburu aclar\u00f3 \u201c<em>por supuesto que todos compartimos la intenci\u00f3n de bajar el costo de la factura el\u00e9ctrica, pero en pos de ese objetivo no podemos enga\u00f1ar a la gente. Los conceptos vinculados a la tarifa el\u00e9ctrica no pertenecen a la \u00f3rbita de la Cooperativa&#8221;.<\/em><\/p>\n<p>Los dichos vertidos por este usuario fueron calificados por el Dr. Aramburu como<em> &#8220;un desconocimiento total sobre el mercado el\u00e9ctrico y los conceptos regulatorios en la materia. El precio del kilowatt (Kw) surge de la Ley Provincial N 11.769 la cual especifica la metodolog\u00eda del c\u00e1lculo de la tarifa a los usuarios y el organismo que realiza dicha tarea es la Direcci\u00f3n Provincial de Energ\u00eda. Ese valor del Kw tiene dos componentes principales -explic\u00f3-, el costo de la energ\u00eda el\u00e9ctrica que la Cooperativa adquiere en el mercado mayorista al \u00fanico proveedor que es la Compa\u00f1\u00eda Administradora del Mercado Mayorista El\u00e9ctrico (CAMMESA), encargada de administrar ese mercado y fijar el valor a pagar por el producto. El costo de la energ\u00eda adquirida es la misma para todo el pa\u00eds agreg\u00e1ndose, en el caso de <\/em><em>Olavarria, el costo del Transporte hasta la Estaci\u00f3n Transformadora ubicada en la Ruta 51&#8243;.<\/em><\/p>\n<p>Adem\u00e1s, se\u00f1al\u00f3 que &#8220;<em>el otro componente de la tarifa es el VAD (Valor Agregado de Distribuci\u00f3n) que no es un \u00edndice como dice este abogado, sino que es el valor de la retribuci\u00f3n que por Ley le corresponde a la distribuidora (Coopelectric) por los costos de operaci\u00f3n y mantenimiento que incurre para la prestaci\u00f3n del servicio&#8221;.<\/em><\/p>\n<p>&#8220;<em>En el caso de la provincia de Buenos Aires, la Direcci\u00f3n Provincial de Energ\u00eda calcula el VAD de las tres zonas en que est\u00e1 dividida la provincia. Olavarria se encuentra en la zona Atl\u00e1ntica integrada por las distribuidoras de Mar del Plata, Tandil, Azul, Las Flores, entre otras. Todas estas ciudades tienen la misma tarifa que Olavarria, tanto en el cargo fijo como variable por ello es una gran falsedad que el Kw. en Olavarria salga m\u00e1s caro que en otros partidos de la Provincia. Por lo tanto, lo que se pretende es confundir y hacer creer que la tarifa de Coopelectric es la m\u00e1s cara y <\/em><em>que por ende se podr\u00eda bajar&#8221;<\/em>, sostuvo.<\/p>\n<p>Sobre el Servicio de Alumbrado P\u00fablico, el abogado mencion\u00f3 una doble imposici\u00f3n tributaria. Sin embargo, el Dr. Aramburu aclar\u00f3 que &#8220;<em>se trata de una tasa y no de impuestos. Se ha definido a la doble imposici\u00f3n tributaria como al hecho de que sobre una misma manifestaci\u00f3n de riqueza incidan varios impuestos lo que no incluye al caso del Alumbrado P\u00fablico. Y no es un concepto incluido como tal en el cobro de la tasa de Servicios Urbanos&#8221;.<\/em><\/p>\n<p>Al mismo tiempo explic\u00f3 que &#8220;<em>el alumbrado p\u00fablico se cobra por la Ordenanza Municipal 103\/74 como concepto incluido en la factura del servicio el\u00e9ctrico fijando un porcentaje sobre el monto del consumo el\u00e9ctrico seg\u00fan la<\/em><br \/>\n<em>categor\u00eda de usuario. El monto recaudado se transfiere mensualmente a la Municipalidad. El costo de las obras de ampliaci\u00f3n, renovaci\u00f3n y del mantenimiento del Alumbrado P\u00fablico es solventado por el Municipio quien<\/em><br \/>\n<em>contrata a Coopelectric para su ejecuci\u00f3n&#8221;. Finalmente agreg\u00f3 que &#8220;tanto el consumo Municipal de reparticiones como el del Alumbrado P\u00fablico son facturados por Coopelectric a la tarifa fijada por la provincia seg\u00fan el Marco Regulatorio vigente para consumos Municipales&#8221;.<\/em><\/p>\n","protected":false},"excerpt":{"rendered":"<p>D\u00edas atr\u00e1s, un abogado que integra una Asociaci\u00f3n de Usuarios, mencion\u00f3 que es posible bajar&#8230;<\/p>\n","protected":false},"author":1,"featured_media":0,"comment_status":"closed","ping_status":"closed","sticky":false,"template":"","format":"standard","meta":{"content-type":""},"categories":[27,51],"tags":[],"nelio_content":{"isAutoShareEnabled":false,"autoShareEndMode":"default","automationSources":{"useContentSentences":true,"useSocialTemplates":true,"useCustomSentences":false,"customSentences":[]},"followers":[1],"suggestedReferences":[],"includedReferences":[],"efiUrl":"","efiAlt":"","highlights":[]},"yoast_head":"<!-- This site is optimized with the Yoast SEO plugin v20.7 - https:\/\/yoast.com\/wordpress\/plugins\/seo\/ -->\n<title>&quot;Compartimos la intenci\u00f3n de bajar el costo de la factura el\u00e9ctrica, pero no podemos enga\u00f1ar a la gente&quot; -<\/title>\n<meta name=\"robots\" content=\"index, follow, max-snippet:-1, max-image-preview:large, max-video-preview:-1\" \/>\n<link rel=\"canonical\" href=\"https:\/\/experienciadevida.com.ar\/portalurbano\/compartimos-la-intencion-de-bajar-el-costo-de-la-factura-electrica-pero-no-podemos-enganar-a-la-gente\/\" \/>\n<meta property=\"og:locale\" content=\"es_ES\" \/>\n<meta property=\"og:type\" content=\"article\" \/>\n<meta property=\"og:title\" content=\"&quot;Compartimos la intenci\u00f3n de bajar el costo de la factura el\u00e9ctrica, pero no podemos enga\u00f1ar a la gente&quot; -\" \/>\n<meta property=\"og:description\" content=\"D\u00edas atr\u00e1s, un abogado que integra una Asociaci\u00f3n de Usuarios, mencion\u00f3 que es posible bajar...\" \/>\n<meta property=\"og:url\" content=\"https:\/\/experienciadevida.com.ar\/portalurbano\/compartimos-la-intencion-de-bajar-el-costo-de-la-factura-electrica-pero-no-podemos-enganar-a-la-gente\/\" \/>\n<meta property=\"article:publisher\" content=\"https:\/\/www.facebook.com\/Portal-Urbano-171542830093757\/\" \/>\n<meta property=\"article:published_time\" content=\"2020-08-06T19:34:09+00:00\" \/>\n<meta property=\"article:modified_time\" content=\"2020-08-06T19:34:38+00:00\" \/>\n<meta property=\"og:image\" content=\"https:\/\/experienciadevida.com.ar\/portalurbano\/wp-content\/uploads\/2018\/09\/PARO2-1-6.jpg\" \/>\n\t<meta property=\"og:image:width\" content=\"667\" \/>\n\t<meta property=\"og:image:height\" content=\"445\" \/>\n\t<meta property=\"og:image:type\" content=\"image\/jpeg\" \/>\n<meta name=\"author\" content=\"admpu17wp\" \/>\n<meta name=\"twitter:card\" content=\"summary_large_image\" \/>\n<meta name=\"twitter:creator\" content=\"@portalurbanook\" \/>\n<meta name=\"twitter:site\" content=\"@portalurbanook\" \/>\n<meta name=\"twitter:label1\" content=\"Escrito por\" \/>\n\t<meta name=\"twitter:data1\" content=\"admpu17wp\" \/>\n\t<meta name=\"twitter:label2\" content=\"Tiempo de lectura\" \/>\n\t<meta name=\"twitter:data2\" content=\"3 minutos\" \/>\n<script type=\"application\/ld+json\" class=\"yoast-schema-graph\">{\"@context\":\"https:\/\/schema.org\",\"@graph\":[{\"@type\":\"Article\",\"@id\":\"https:\/\/experienciadevida.com.ar\/portalurbano\/compartimos-la-intencion-de-bajar-el-costo-de-la-factura-electrica-pero-no-podemos-enganar-a-la-gente\/#article\",\"isPartOf\":{\"@id\":\"https:\/\/experienciadevida.com.ar\/portalurbano\/compartimos-la-intencion-de-bajar-el-costo-de-la-factura-electrica-pero-no-podemos-enganar-a-la-gente\/\"},\"author\":{\"name\":\"admpu17wp\",\"@id\":\"https:\/\/experienciadevida.com.ar\/portalurbano\/#\/schema\/person\/02dd326b1c4b056e9cc972486934a3a7\"},\"headline\":\"&#8220;Compartimos la intenci\u00f3n de bajar el costo de la factura el\u00e9ctrica, pero no podemos enga\u00f1ar a la gente&#8221;\",\"datePublished\":\"2020-08-06T19:34:09+00:00\",\"dateModified\":\"2020-08-06T19:34:38+00:00\",\"mainEntityOfPage\":{\"@id\":\"https:\/\/experienciadevida.com.ar\/portalurbano\/compartimos-la-intencion-de-bajar-el-costo-de-la-factura-electrica-pero-no-podemos-enganar-a-la-gente\/\"},\"wordCount\":643,\"publisher\":{\"@id\":\"https:\/\/experienciadevida.com.ar\/portalurbano\/#organization\"},\"articleSection\":[\"Ciudad\",\"Destacadas\"],\"inLanguage\":\"es\"},{\"@type\":\"WebPage\",\"@id\":\"https:\/\/experienciadevida.com.ar\/portalurbano\/compartimos-la-intencion-de-bajar-el-costo-de-la-factura-electrica-pero-no-podemos-enganar-a-la-gente\/\",\"url\":\"https:\/\/experienciadevida.com.ar\/portalurbano\/compartimos-la-intencion-de-bajar-el-costo-de-la-factura-electrica-pero-no-podemos-enganar-a-la-gente\/\",\"name\":\"\\\"Compartimos la intenci\u00f3n de bajar el costo de la factura el\u00e9ctrica, pero no podemos enga\u00f1ar a la gente\\\" -\",\"isPartOf\":{\"@id\":\"https:\/\/experienciadevida.com.ar\/portalurbano\/#website\"},\"datePublished\":\"2020-08-06T19:34:09+00:00\",\"dateModified\":\"2020-08-06T19:34:38+00:00\",\"breadcrumb\":{\"@id\":\"https:\/\/experienciadevida.com.ar\/portalurbano\/compartimos-la-intencion-de-bajar-el-costo-de-la-factura-electrica-pero-no-podemos-enganar-a-la-gente\/#breadcrumb\"},\"inLanguage\":\"es\",\"potentialAction\":[{\"@type\":\"ReadAction\",\"target\":[\"https:\/\/experienciadevida.com.ar\/portalurbano\/compartimos-la-intencion-de-bajar-el-costo-de-la-factura-electrica-pero-no-podemos-enganar-a-la-gente\/\"]}]},{\"@type\":\"BreadcrumbList\",\"@id\":\"https:\/\/experienciadevida.com.ar\/portalurbano\/compartimos-la-intencion-de-bajar-el-costo-de-la-factura-electrica-pero-no-podemos-enganar-a-la-gente\/#breadcrumb\",\"itemListElement\":[{\"@type\":\"ListItem\",\"position\":1,\"name\":\"Portada\",\"item\":\"https:\/\/experienciadevida.com.ar\/portalurbano\/\"},{\"@type\":\"ListItem\",\"position\":2,\"name\":\"\u00abCompartimos la intenci\u00f3n de bajar el costo de la factura el\u00e9ctrica, pero no podemos enga\u00f1ar a la gente\u00bb\"}]},{\"@type\":\"WebSite\",\"@id\":\"https:\/\/experienciadevida.com.ar\/portalurbano\/#website\",\"url\":\"https:\/\/experienciadevida.com.ar\/portalurbano\/\",\"name\":\"\",\"description\":\"\",\"publisher\":{\"@id\":\"https:\/\/experienciadevida.com.ar\/portalurbano\/#organization\"},\"potentialAction\":[{\"@type\":\"SearchAction\",\"target\":{\"@type\":\"EntryPoint\",\"urlTemplate\":\"https:\/\/experienciadevida.com.ar\/portalurbano\/?s={search_term_string}\"},\"query-input\":\"required name=search_term_string\"}],\"inLanguage\":\"es\"},{\"@type\":\"Organization\",\"@id\":\"https:\/\/experienciadevida.com.ar\/portalurbano\/#organization\",\"name\":\"Portal Urbano\",\"url\":\"https:\/\/experienciadevida.com.ar\/portalurbano\/\",\"logo\":{\"@type\":\"ImageObject\",\"inLanguage\":\"es\",\"@id\":\"https:\/\/experienciadevida.com.ar\/portalurbano\/#\/schema\/logo\/image\/\",\"url\":\"https:\/\/experienciadevida.com.ar\/portalurbano\/wp-content\/uploads\/2019\/09\/Logo-Original.png\",\"contentUrl\":\"https:\/\/experienciadevida.com.ar\/portalurbano\/wp-content\/uploads\/2019\/09\/Logo-Original.png\",\"width\":2236,\"height\":1216,\"caption\":\"Portal Urbano\"},\"image\":{\"@id\":\"https:\/\/experienciadevida.com.ar\/portalurbano\/#\/schema\/logo\/image\/\"},\"sameAs\":[\"https:\/\/www.facebook.com\/Portal-Urbano-171542830093757\/\",\"https:\/\/twitter.com\/portalurbanook\",\"https:\/\/www.instagram.com\/_portalurbano\/\",\"https:\/\/www.youtube.com\/channel\/UCXhagIfszH8KxFiOok79zbA?view_as=subscriber\"]},{\"@type\":\"Person\",\"@id\":\"https:\/\/experienciadevida.com.ar\/portalurbano\/#\/schema\/person\/02dd326b1c4b056e9cc972486934a3a7\",\"name\":\"admpu17wp\",\"image\":{\"@type\":\"ImageObject\",\"inLanguage\":\"es\",\"@id\":\"https:\/\/experienciadevida.com.ar\/portalurbano\/#\/schema\/person\/image\/\",\"url\":\"https:\/\/secure.gravatar.com\/avatar\/830d4c57adaae6630765e449a6908047?s=96&d=mm&r=g\",\"contentUrl\":\"https:\/\/secure.gravatar.com\/avatar\/830d4c57adaae6630765e449a6908047?s=96&d=mm&r=g\",\"caption\":\"admpu17wp\"}}]}<\/script>\n<!-- \/ Yoast SEO plugin. -->","yoast_head_json":{"title":"\"Compartimos la intenci\u00f3n de bajar el costo de la factura el\u00e9ctrica, pero no podemos enga\u00f1ar a la gente\" -","robots":{"index":"index","follow":"follow","max-snippet":"max-snippet:-1","max-image-preview":"max-image-preview:large","max-video-preview":"max-video-preview:-1"},"canonical":"https:\/\/experienciadevida.com.ar\/portalurbano\/compartimos-la-intencion-de-bajar-el-costo-de-la-factura-electrica-pero-no-podemos-enganar-a-la-gente\/","og_locale":"es_ES","og_type":"article","og_title":"\"Compartimos la intenci\u00f3n de bajar el costo de la factura el\u00e9ctrica, pero no podemos enga\u00f1ar a la gente\" -","og_description":"D\u00edas atr\u00e1s, un abogado que integra una Asociaci\u00f3n de Usuarios, mencion\u00f3 que es posible bajar...","og_url":"https:\/\/experienciadevida.com.ar\/portalurbano\/compartimos-la-intencion-de-bajar-el-costo-de-la-factura-electrica-pero-no-podemos-enganar-a-la-gente\/","article_publisher":"https:\/\/www.facebook.com\/Portal-Urbano-171542830093757\/","article_published_time":"2020-08-06T19:34:09+00:00","article_modified_time":"2020-08-06T19:34:38+00:00","og_image":[{"width":667,"height":445,"url":"https:\/\/experienciadevida.com.ar\/portalurbano\/wp-content\/uploads\/2018\/09\/PARO2-1-6.jpg","type":"image\/jpeg"}],"author":"admpu17wp","twitter_card":"summary_large_image","twitter_creator":"@portalurbanook","twitter_site":"@portalurbanook","twitter_misc":{"Escrito por":"admpu17wp","Tiempo de lectura":"3 minutos"},"schema":{"@context":"https:\/\/schema.org","@graph":[{"@type":"Article","@id":"https:\/\/experienciadevida.com.ar\/portalurbano\/compartimos-la-intencion-de-bajar-el-costo-de-la-factura-electrica-pero-no-podemos-enganar-a-la-gente\/#article","isPartOf":{"@id":"https:\/\/experienciadevida.com.ar\/portalurbano\/compartimos-la-intencion-de-bajar-el-costo-de-la-factura-electrica-pero-no-podemos-enganar-a-la-gente\/"},"author":{"name":"admpu17wp","@id":"https:\/\/experienciadevida.com.ar\/portalurbano\/#\/schema\/person\/02dd326b1c4b056e9cc972486934a3a7"},"headline":"&#8220;Compartimos la intenci\u00f3n de bajar el costo de la factura el\u00e9ctrica, pero no podemos enga\u00f1ar a la gente&#8221;","datePublished":"2020-08-06T19:34:09+00:00","dateModified":"2020-08-06T19:34:38+00:00","mainEntityOfPage":{"@id":"https:\/\/experienciadevida.com.ar\/portalurbano\/compartimos-la-intencion-de-bajar-el-costo-de-la-factura-electrica-pero-no-podemos-enganar-a-la-gente\/"},"wordCount":643,"publisher":{"@id":"https:\/\/experienciadevida.com.ar\/portalurbano\/#organization"},"articleSection":["Ciudad","Destacadas"],"inLanguage":"es"},{"@type":"WebPage","@id":"https:\/\/experienciadevida.com.ar\/portalurbano\/compartimos-la-intencion-de-bajar-el-costo-de-la-factura-electrica-pero-no-podemos-enganar-a-la-gente\/","url":"https:\/\/experienciadevida.com.ar\/portalurbano\/compartimos-la-intencion-de-bajar-el-costo-de-la-factura-electrica-pero-no-podemos-enganar-a-la-gente\/","name":"\"Compartimos la intenci\u00f3n de bajar el costo de la factura el\u00e9ctrica, pero no podemos enga\u00f1ar a la gente\" -","isPartOf":{"@id":"https:\/\/experienciadevida.com.ar\/portalurbano\/#website"},"datePublished":"2020-08-06T19:34:09+00:00","dateModified":"2020-08-06T19:34:38+00:00","breadcrumb":{"@id":"https:\/\/experienciadevida.com.ar\/portalurbano\/compartimos-la-intencion-de-bajar-el-costo-de-la-factura-electrica-pero-no-podemos-enganar-a-la-gente\/#breadcrumb"},"inLanguage":"es","potentialAction":[{"@type":"ReadAction","target":["https:\/\/experienciadevida.com.ar\/portalurbano\/compartimos-la-intencion-de-bajar-el-costo-de-la-factura-electrica-pero-no-podemos-enganar-a-la-gente\/"]}]},{"@type":"BreadcrumbList","@id":"https:\/\/experienciadevida.com.ar\/portalurbano\/compartimos-la-intencion-de-bajar-el-costo-de-la-factura-electrica-pero-no-podemos-enganar-a-la-gente\/#breadcrumb","itemListElement":[{"@type":"ListItem","position":1,"name":"Portada","item":"https:\/\/experienciadevida.com.ar\/portalurbano\/"},{"@type":"ListItem","position":2,"name":"\u00abCompartimos la intenci\u00f3n de bajar el costo de la factura el\u00e9ctrica, pero no podemos enga\u00f1ar a la gente\u00bb"}]},{"@type":"WebSite","@id":"https:\/\/experienciadevida.com.ar\/portalurbano\/#website","url":"https:\/\/experienciadevida.com.ar\/portalurbano\/","name":"","description":"","publisher":{"@id":"https:\/\/experienciadevida.com.ar\/portalurbano\/#organization"},"potentialAction":[{"@type":"SearchAction","target":{"@type":"EntryPoint","urlTemplate":"https:\/\/experienciadevida.com.ar\/portalurbano\/?s={search_term_string}"},"query-input":"required name=search_term_string"}],"inLanguage":"es"},{"@type":"Organization","@id":"https:\/\/experienciadevida.com.ar\/portalurbano\/#organization","name":"Portal Urbano","url":"https:\/\/experienciadevida.com.ar\/portalurbano\/","logo":{"@type":"ImageObject","inLanguage":"es","@id":"https:\/\/experienciadevida.com.ar\/portalurbano\/#\/schema\/logo\/image\/","url":"https:\/\/experienciadevida.com.ar\/portalurbano\/wp-content\/uploads\/2019\/09\/Logo-Original.png","contentUrl":"https:\/\/experienciadevida.com.ar\/portalurbano\/wp-content\/uploads\/2019\/09\/Logo-Original.png","width":2236,"height":1216,"caption":"Portal Urbano"},"image":{"@id":"https:\/\/experienciadevida.com.ar\/portalurbano\/#\/schema\/logo\/image\/"},"sameAs":["https:\/\/www.facebook.com\/Portal-Urbano-171542830093757\/","https:\/\/twitter.com\/portalurbanook","https:\/\/www.instagram.com\/_portalurbano\/","https:\/\/www.youtube.com\/channel\/UCXhagIfszH8KxFiOok79zbA?view_as=subscriber"]},{"@type":"Person","@id":"https:\/\/experienciadevida.com.ar\/portalurbano\/#\/schema\/person\/02dd326b1c4b056e9cc972486934a3a7","name":"admpu17wp","image":{"@type":"ImageObject","inLanguage":"es","@id":"https:\/\/experienciadevida.com.ar\/portalurbano\/#\/schema\/person\/image\/","url":"https:\/\/secure.gravatar.com\/avatar\/830d4c57adaae6630765e449a6908047?s=96&d=mm&r=g","contentUrl":"https:\/\/secure.gravatar.com\/avatar\/830d4c57adaae6630765e449a6908047?s=96&d=mm&r=g","caption":"admpu17wp"}}]}},"featured_image_urls":{"full":"","thumbnail":"","medium":"","medium_large":"","large":"","ug_big":"","1536x1536":"","2048x2048":"","newsever-slider-full":"","newsever-featured":"","newsever-medium":"","web-stories-poster-portrait":"","web-stories-publisher-logo":"","web-stories-thumbnail":""},"author_info":{"display_name":"admpu17wp","author_link":"https:\/\/experienciadevida.com.ar\/portalurbano\/author\/admpu17wp\/"},"category_info":"<a href=\"https:\/\/experienciadevida.com.ar\/portalurbano\/category\/ciudad\/\" rel=\"category tag\">Ciudad<\/a> <a href=\"https:\/\/experienciadevida.com.ar\/portalurbano\/category\/destacadas\/\" rel=\"category tag\">Destacadas<\/a>","tag_info":"Destacadas","comment_count":"0","amp_enabled":true,"_links":{"self":[{"href":"https:\/\/experienciadevida.com.ar\/portalurbano\/wp-json\/wp\/v2\/posts\/117070"}],"collection":[{"href":"https:\/\/experienciadevida.com.ar\/portalurbano\/wp-json\/wp\/v2\/posts"}],"about":[{"href":"https:\/\/experienciadevida.com.ar\/portalurbano\/wp-json\/wp\/v2\/types\/post"}],"author":[{"embeddable":true,"href":"https:\/\/experienciadevida.com.ar\/portalurbano\/wp-json\/wp\/v2\/users\/1"}],"replies":[{"embeddable":true,"href":"https:\/\/experienciadevida.com.ar\/portalurbano\/wp-json\/wp\/v2\/comments?post=117070"}],"version-history":[{"count":2,"href":"https:\/\/experienciadevida.com.ar\/portalurbano\/wp-json\/wp\/v2\/posts\/117070\/revisions"}],"predecessor-version":[{"id":117074,"href":"https:\/\/experienciadevida.com.ar\/portalurbano\/wp-json\/wp\/v2\/posts\/117070\/revisions\/117074"}],"wp:attachment":[{"href":"https:\/\/experienciadevida.com.ar\/portalurbano\/wp-json\/wp\/v2\/media?parent=117070"}],"wp:term":[{"taxonomy":"category","embeddable":true,"href":"https:\/\/experienciadevida.com.ar\/portalurbano\/wp-json\/wp\/v2\/categories?post=117070"},{"taxonomy":"post_tag","embeddable":true,"href":"https:\/\/experienciadevida.com.ar\/portalurbano\/wp-json\/wp\/v2\/tags?post=117070"}],"curies":[{"name":"wp","href":"https:\/\/api.w.org\/{rel}","templated":true}]}}