{"id":116926,"date":"2020-08-05T10:15:34","date_gmt":"2020-08-05T13:15:34","guid":{"rendered":"https:\/\/experienciadevida.com.ar\/portalurbano\/?p=116926"},"modified":"2020-08-05T10:16:03","modified_gmt":"2020-08-05T13:16:03","slug":"aspiroz-dejo-de-ser-director-del-area-de-discapacidad","status":"publish","type":"post","link":"https:\/\/experienciadevida.com.ar\/portalurbano\/aspiroz-dejo-de-ser-director-del-area-de-discapacidad\/","title":{"rendered":"Aspiroz dej\u00f3 de ser Director del \u00e1rea de discapacidad"},"content":{"rendered":"<p>As\u00ed lo inform\u00f3 a trav\u00e9s de su perfil de Facebook, &#8220;<em>quiero contarles que oficialmente he dejado mi cargo como Director de Discapacidad de Olavarr\u00eda luego de 5 a\u00f1os de estar al frente de esta. Los motivos? Un l\u00f3gico &#8220;desgaste&#8221; personal&#8221;.<\/em><\/p>\n<p>Menciono que pas\u00f3 por muchos momentos durante su gesti\u00f3n lindos, malos, intensos y tranquilos. &#8220;<em>He sido difamado, abrazado, ignorado&#8230; Pero creo que es el costo que se debe &#8220;pagar&#8221; por cumplir una funci\u00f3n p\u00fablica. Tambi\u00e9n aprend\u00ed a disfrutar mucho de trabajar con la discapacidad, es sumamente atrapante&#8221;.<\/em><\/p>\n<p>Por otro lado, &#8220;<em>duarante estos a\u00f1os mi sueldo me lo ha pagado el y la vecina de Olavarria, por eso creo que debo informar y aprovechar para agradecer esta situaci\u00f3n. En este camino recorrido me cruce con personas muy malas, tambi\u00e9n muy buenas, pero decido recordar a las buenas y desearle mucha paz a las malas. Tambi\u00e9n agradecer a nuestro intendente el dr. Ezequiel Galli por la oportunidad que me dio para crecer y por su confianza, eternamente agradecido&#8221;.<\/em><\/p>\n<p>A su vez anunci\u00f3 que retomar\u00e1 con los entrenamientos y preparaci\u00f3n para los juegos de Tokio 2021 ya que podr\u00edan ser los \u00faltimos en los que participe coment\u00f3 Aspiroz.<\/p>\n<p><em>&#8220;Recuerden que mas all\u00e1 del trabajo, de la pol\u00edtica, etc, hay una vida, en la cual pueden encontrarme cuando gusten. No tengo muchos amigos, soy un ser solitario, y jamas traicionar\u00eda mis principios. &#8220;Se amable con la gente, todos tenemos nuestras propias batallas&#8230; Y si de verdad queres ver lo que es la gente, solo debes mirar&#8230;&#8221;<\/em><\/p>\n<p>Hizo un recorrido por su gesti\u00f3n donde se llev\u00f3 a cabo ordenanzas, rampas y vados peatonales, se\u00f1alizaci\u00f3n del estacionamiento para pcd\u00b4s, gesti\u00f3n de ayuda t\u00e9cnica as\u00ed como tambi\u00e9n campa\u00f1as informativas, capacitaciones, se duplic\u00f3 la junta evaluadora de discapacidad, charlas informativas, parte del programa municipal &#8220;juntos&#8221;, lograr tener un 100% de accesibilidad al transporte p\u00fablico.<\/p>\n<p>Por \u00faltimo expres\u00f3 <em>&#8220;falta mucho?siempre falta, mucha luz para todos y buena vida&#8221;.<\/em><\/p>\n","protected":false},"excerpt":{"rendered":"<p>As\u00ed lo inform\u00f3 a trav\u00e9s de su perfil de Facebook, &#8220;quiero contarles que oficialmente he&#8230;<\/p>\n","protected":false},"author":1,"featured_media":116927,"comment_status":"closed","ping_status":"closed","sticky":false,"template":"","format":"standard","meta":{"content-type":""},"categories":[27,51],"tags":[],"nelio_content":{"isAutoShareEnabled":false,"autoShareEndMode":"default","automationSources":{"useContentSentences":true,"useSocialTemplates":true,"useCustomSentences":false,"customSentences":[]},"followers":[1],"suggestedReferences":[],"includedReferences":[],"efiUrl":"","efiAlt":"","highlights":[]},"yoast_head":"<!-- This site is optimized with the Yoast SEO plugin v20.7 - https:\/\/yoast.com\/wordpress\/plugins\/seo\/ -->\n<title>Aspiroz dej\u00f3 de ser Director del \u00e1rea de discapacidad -<\/title>\n<meta name=\"robots\" content=\"index, follow, max-snippet:-1, max-image-preview:large, max-video-preview:-1\" \/>\n<link rel=\"canonical\" href=\"https:\/\/experienciadevida.com.ar\/portalurbano\/aspiroz-dejo-de-ser-director-del-area-de-discapacidad\/\" \/>\n<meta property=\"og:locale\" content=\"es_ES\" \/>\n<meta property=\"og:type\" content=\"article\" \/>\n<meta property=\"og:title\" content=\"Aspiroz dej\u00f3 de ser Director del \u00e1rea de discapacidad -\" \/>\n<meta property=\"og:description\" content=\"As\u00ed lo inform\u00f3 a trav\u00e9s de su perfil de Facebook, &#8220;quiero contarles que oficialmente he...\" \/>\n<meta property=\"og:url\" content=\"https:\/\/experienciadevida.com.ar\/portalurbano\/aspiroz-dejo-de-ser-director-del-area-de-discapacidad\/\" \/>\n<meta property=\"article:publisher\" content=\"https:\/\/www.facebook.com\/Portal-Urbano-171542830093757\/\" \/>\n<meta property=\"article:published_time\" content=\"2020-08-05T13:15:34+00:00\" \/>\n<meta property=\"article:modified_time\" content=\"2020-08-05T13:16:03+00:00\" \/>\n<meta property=\"og:image\" content=\"https:\/\/experienciadevida.com.ar\/portalurbano\/wp-content\/uploads\/2020\/08\/ASPIROZ-e1596633315936.jpg\" \/>\n\t<meta property=\"og:image:width\" content=\"765\" \/>\n\t<meta property=\"og:image:height\" content=\"765\" \/>\n\t<meta property=\"og:image:type\" content=\"image\/jpeg\" \/>\n<meta name=\"author\" content=\"admpu17wp\" \/>\n<meta name=\"twitter:card\" content=\"summary_large_image\" \/>\n<meta name=\"twitter:creator\" content=\"@portalurbanook\" \/>\n<meta name=\"twitter:site\" content=\"@portalurbanook\" \/>\n<meta name=\"twitter:label1\" content=\"Escrito por\" \/>\n\t<meta name=\"twitter:data1\" content=\"admpu17wp\" \/>\n\t<meta name=\"twitter:label2\" content=\"Tiempo de lectura\" \/>\n\t<meta name=\"twitter:data2\" content=\"2 minutos\" \/>\n<script type=\"application\/ld+json\" class=\"yoast-schema-graph\">{\"@context\":\"https:\/\/schema.org\",\"@graph\":[{\"@type\":\"Article\",\"@id\":\"https:\/\/experienciadevida.com.ar\/portalurbano\/aspiroz-dejo-de-ser-director-del-area-de-discapacidad\/#article\",\"isPartOf\":{\"@id\":\"https:\/\/experienciadevida.com.ar\/portalurbano\/aspiroz-dejo-de-ser-director-del-area-de-discapacidad\/\"},\"author\":{\"name\":\"admpu17wp\",\"@id\":\"https:\/\/experienciadevida.com.ar\/portalurbano\/#\/schema\/person\/02dd326b1c4b056e9cc972486934a3a7\"},\"headline\":\"Aspiroz dej\u00f3 de ser Director del \u00e1rea de discapacidad\",\"datePublished\":\"2020-08-05T13:15:34+00:00\",\"dateModified\":\"2020-08-05T13:16:03+00:00\",\"mainEntityOfPage\":{\"@id\":\"https:\/\/experienciadevida.com.ar\/portalurbano\/aspiroz-dejo-de-ser-director-del-area-de-discapacidad\/\"},\"wordCount\":351,\"publisher\":{\"@id\":\"https:\/\/experienciadevida.com.ar\/portalurbano\/#organization\"},\"articleSection\":[\"Ciudad\",\"Destacadas\"],\"inLanguage\":\"es\"},{\"@type\":\"WebPage\",\"@id\":\"https:\/\/experienciadevida.com.ar\/portalurbano\/aspiroz-dejo-de-ser-director-del-area-de-discapacidad\/\",\"url\":\"https:\/\/experienciadevida.com.ar\/portalurbano\/aspiroz-dejo-de-ser-director-del-area-de-discapacidad\/\",\"name\":\"Aspiroz dej\u00f3 de ser Director del \u00e1rea de discapacidad -\",\"isPartOf\":{\"@id\":\"https:\/\/experienciadevida.com.ar\/portalurbano\/#website\"},\"datePublished\":\"2020-08-05T13:15:34+00:00\",\"dateModified\":\"2020-08-05T13:16:03+00:00\",\"breadcrumb\":{\"@id\":\"https:\/\/experienciadevida.com.ar\/portalurbano\/aspiroz-dejo-de-ser-director-del-area-de-discapacidad\/#breadcrumb\"},\"inLanguage\":\"es\",\"potentialAction\":[{\"@type\":\"ReadAction\",\"target\":[\"https:\/\/experienciadevida.com.ar\/portalurbano\/aspiroz-dejo-de-ser-director-del-area-de-discapacidad\/\"]}]},{\"@type\":\"BreadcrumbList\",\"@id\":\"https:\/\/experienciadevida.com.ar\/portalurbano\/aspiroz-dejo-de-ser-director-del-area-de-discapacidad\/#breadcrumb\",\"itemListElement\":[{\"@type\":\"ListItem\",\"position\":1,\"name\":\"Portada\",\"item\":\"https:\/\/experienciadevida.com.ar\/portalurbano\/\"},{\"@type\":\"ListItem\",\"position\":2,\"name\":\"Aspiroz dej\u00f3 de ser Director del \u00e1rea de discapacidad\"}]},{\"@type\":\"WebSite\",\"@id\":\"https:\/\/experienciadevida.com.ar\/portalurbano\/#website\",\"url\":\"https:\/\/experienciadevida.com.ar\/portalurbano\/\",\"name\":\"\",\"description\":\"\",\"publisher\":{\"@id\":\"https:\/\/experienciadevida.com.ar\/portalurbano\/#organization\"},\"potentialAction\":[{\"@type\":\"SearchAction\",\"target\":{\"@type\":\"EntryPoint\",\"urlTemplate\":\"https:\/\/experienciadevida.com.ar\/portalurbano\/?s={search_term_string}\"},\"query-input\":\"required name=search_term_string\"}],\"inLanguage\":\"es\"},{\"@type\":\"Organization\",\"@id\":\"https:\/\/experienciadevida.com.ar\/portalurbano\/#organization\",\"name\":\"Portal Urbano\",\"url\":\"https:\/\/experienciadevida.com.ar\/portalurbano\/\",\"logo\":{\"@type\":\"ImageObject\",\"inLanguage\":\"es\",\"@id\":\"https:\/\/experienciadevida.com.ar\/portalurbano\/#\/schema\/logo\/image\/\",\"url\":\"https:\/\/experienciadevida.com.ar\/portalurbano\/wp-content\/uploads\/2019\/09\/Logo-Original.png\",\"contentUrl\":\"https:\/\/experienciadevida.com.ar\/portalurbano\/wp-content\/uploads\/2019\/09\/Logo-Original.png\",\"width\":2236,\"height\":1216,\"caption\":\"Portal Urbano\"},\"image\":{\"@id\":\"https:\/\/experienciadevida.com.ar\/portalurbano\/#\/schema\/logo\/image\/\"},\"sameAs\":[\"https:\/\/www.facebook.com\/Portal-Urbano-171542830093757\/\",\"https:\/\/twitter.com\/portalurbanook\",\"https:\/\/www.instagram.com\/_portalurbano\/\",\"https:\/\/www.youtube.com\/channel\/UCXhagIfszH8KxFiOok79zbA?view_as=subscriber\"]},{\"@type\":\"Person\",\"@id\":\"https:\/\/experienciadevida.com.ar\/portalurbano\/#\/schema\/person\/02dd326b1c4b056e9cc972486934a3a7\",\"name\":\"admpu17wp\",\"image\":{\"@type\":\"ImageObject\",\"inLanguage\":\"es\",\"@id\":\"https:\/\/experienciadevida.com.ar\/portalurbano\/#\/schema\/person\/image\/\",\"url\":\"https:\/\/secure.gravatar.com\/avatar\/830d4c57adaae6630765e449a6908047?s=96&d=mm&r=g\",\"contentUrl\":\"https:\/\/secure.gravatar.com\/avatar\/830d4c57adaae6630765e449a6908047?s=96&d=mm&r=g\",\"caption\":\"admpu17wp\"}}]}<\/script>\n<!-- \/ Yoast SEO plugin. -->","yoast_head_json":{"title":"Aspiroz dej\u00f3 de ser Director del \u00e1rea de discapacidad -","robots":{"index":"index","follow":"follow","max-snippet":"max-snippet:-1","max-image-preview":"max-image-preview:large","max-video-preview":"max-video-preview:-1"},"canonical":"https:\/\/experienciadevida.com.ar\/portalurbano\/aspiroz-dejo-de-ser-director-del-area-de-discapacidad\/","og_locale":"es_ES","og_type":"article","og_title":"Aspiroz dej\u00f3 de ser Director del \u00e1rea de discapacidad -","og_description":"As\u00ed lo inform\u00f3 a trav\u00e9s de su perfil de Facebook, &#8220;quiero contarles que oficialmente he...","og_url":"https:\/\/experienciadevida.com.ar\/portalurbano\/aspiroz-dejo-de-ser-director-del-area-de-discapacidad\/","article_publisher":"https:\/\/www.facebook.com\/Portal-Urbano-171542830093757\/","article_published_time":"2020-08-05T13:15:34+00:00","article_modified_time":"2020-08-05T13:16:03+00:00","og_image":[{"width":765,"height":765,"url":"https:\/\/experienciadevida.com.ar\/portalurbano\/wp-content\/uploads\/2020\/08\/ASPIROZ-e1596633315936.jpg","type":"image\/jpeg"}],"author":"admpu17wp","twitter_card":"summary_large_image","twitter_creator":"@portalurbanook","twitter_site":"@portalurbanook","twitter_misc":{"Escrito por":"admpu17wp","Tiempo de lectura":"2 minutos"},"schema":{"@context":"https:\/\/schema.org","@graph":[{"@type":"Article","@id":"https:\/\/experienciadevida.com.ar\/portalurbano\/aspiroz-dejo-de-ser-director-del-area-de-discapacidad\/#article","isPartOf":{"@id":"https:\/\/experienciadevida.com.ar\/portalurbano\/aspiroz-dejo-de-ser-director-del-area-de-discapacidad\/"},"author":{"name":"admpu17wp","@id":"https:\/\/experienciadevida.com.ar\/portalurbano\/#\/schema\/person\/02dd326b1c4b056e9cc972486934a3a7"},"headline":"Aspiroz dej\u00f3 de ser Director del \u00e1rea de discapacidad","datePublished":"2020-08-05T13:15:34+00:00","dateModified":"2020-08-05T13:16:03+00:00","mainEntityOfPage":{"@id":"https:\/\/experienciadevida.com.ar\/portalurbano\/aspiroz-dejo-de-ser-director-del-area-de-discapacidad\/"},"wordCount":351,"publisher":{"@id":"https:\/\/experienciadevida.com.ar\/portalurbano\/#organization"},"articleSection":["Ciudad","Destacadas"],"inLanguage":"es"},{"@type":"WebPage","@id":"https:\/\/experienciadevida.com.ar\/portalurbano\/aspiroz-dejo-de-ser-director-del-area-de-discapacidad\/","url":"https:\/\/experienciadevida.com.ar\/portalurbano\/aspiroz-dejo-de-ser-director-del-area-de-discapacidad\/","name":"Aspiroz dej\u00f3 de ser Director del \u00e1rea de discapacidad -","isPartOf":{"@id":"https:\/\/experienciadevida.com.ar\/portalurbano\/#website"},"datePublished":"2020-08-05T13:15:34+00:00","dateModified":"2020-08-05T13:16:03+00:00","breadcrumb":{"@id":"https:\/\/experienciadevida.com.ar\/portalurbano\/aspiroz-dejo-de-ser-director-del-area-de-discapacidad\/#breadcrumb"},"inLanguage":"es","potentialAction":[{"@type":"ReadAction","target":["https:\/\/experienciadevida.com.ar\/portalurbano\/aspiroz-dejo-de-ser-director-del-area-de-discapacidad\/"]}]},{"@type":"BreadcrumbList","@id":"https:\/\/experienciadevida.com.ar\/portalurbano\/aspiroz-dejo-de-ser-director-del-area-de-discapacidad\/#breadcrumb","itemListElement":[{"@type":"ListItem","position":1,"name":"Portada","item":"https:\/\/experienciadevida.com.ar\/portalurbano\/"},{"@type":"ListItem","position":2,"name":"Aspiroz dej\u00f3 de ser Director del \u00e1rea de discapacidad"}]},{"@type":"WebSite","@id":"https:\/\/experienciadevida.com.ar\/portalurbano\/#website","url":"https:\/\/experienciadevida.com.ar\/portalurbano\/","name":"","description":"","publisher":{"@id":"https:\/\/experienciadevida.com.ar\/portalurbano\/#organization"},"potentialAction":[{"@type":"SearchAction","target":{"@type":"EntryPoint","urlTemplate":"https:\/\/experienciadevida.com.ar\/portalurbano\/?s={search_term_string}"},"query-input":"required name=search_term_string"}],"inLanguage":"es"},{"@type":"Organization","@id":"https:\/\/experienciadevida.com.ar\/portalurbano\/#organization","name":"Portal Urbano","url":"https:\/\/experienciadevida.com.ar\/portalurbano\/","logo":{"@type":"ImageObject","inLanguage":"es","@id":"https:\/\/experienciadevida.com.ar\/portalurbano\/#\/schema\/logo\/image\/","url":"https:\/\/experienciadevida.com.ar\/portalurbano\/wp-content\/uploads\/2019\/09\/Logo-Original.png","contentUrl":"https:\/\/experienciadevida.com.ar\/portalurbano\/wp-content\/uploads\/2019\/09\/Logo-Original.png","width":2236,"height":1216,"caption":"Portal Urbano"},"image":{"@id":"https:\/\/experienciadevida.com.ar\/portalurbano\/#\/schema\/logo\/image\/"},"sameAs":["https:\/\/www.facebook.com\/Portal-Urbano-171542830093757\/","https:\/\/twitter.com\/portalurbanook","https:\/\/www.instagram.com\/_portalurbano\/","https:\/\/www.youtube.com\/channel\/UCXhagIfszH8KxFiOok79zbA?view_as=subscriber"]},{"@type":"Person","@id":"https:\/\/experienciadevida.com.ar\/portalurbano\/#\/schema\/person\/02dd326b1c4b056e9cc972486934a3a7","name":"admpu17wp","image":{"@type":"ImageObject","inLanguage":"es","@id":"https:\/\/experienciadevida.com.ar\/portalurbano\/#\/schema\/person\/image\/","url":"https:\/\/secure.gravatar.com\/avatar\/830d4c57adaae6630765e449a6908047?s=96&d=mm&r=g","contentUrl":"https:\/\/secure.gravatar.com\/avatar\/830d4c57adaae6630765e449a6908047?s=96&d=mm&r=g","caption":"admpu17wp"}}]}},"featured_image_urls":{"full":["https:\/\/experienciadevida.com.ar\/portalurbano\/wp-content\/uploads\/2020\/08\/ASPIROZ-e1596633315936.jpg",765,765,false],"thumbnail":["https:\/\/experienciadevida.com.ar\/portalurbano\/wp-content\/uploads\/2020\/08\/ASPIROZ-150x150.jpg",150,150,true],"medium":["https:\/\/experienciadevida.com.ar\/portalurbano\/wp-content\/uploads\/2020\/08\/ASPIROZ-300x300.jpg",300,300,true],"medium_large":["https:\/\/experienciadevida.com.ar\/portalurbano\/wp-content\/uploads\/2020\/08\/ASPIROZ-768x768.jpg",640,640,true],"large":["https:\/\/experienciadevida.com.ar\/portalurbano\/wp-content\/uploads\/2020\/08\/ASPIROZ-1024x1024.jpg",640,640,true],"ug_big":["https:\/\/experienciadevida.com.ar\/portalurbano\/wp-content\/uploads\/2020\/08\/ASPIROZ-768x768.jpg",768,768,true],"1536x1536":["https:\/\/experienciadevida.com.ar\/portalurbano\/wp-content\/uploads\/2020\/08\/ASPIROZ-e1596633315936.jpg",765,765,false],"2048x2048":["https:\/\/experienciadevida.com.ar\/portalurbano\/wp-content\/uploads\/2020\/08\/ASPIROZ-e1596633315936.jpg",765,765,false],"newsever-slider-full":["https:\/\/experienciadevida.com.ar\/portalurbano\/wp-content\/uploads\/2020\/08\/ASPIROZ-e1596633315936.jpg",765,765,false],"newsever-featured":["https:\/\/experienciadevida.com.ar\/portalurbano\/wp-content\/uploads\/2020\/08\/ASPIROZ-e1596633315936.jpg",765,765,false],"newsever-medium":["https:\/\/experienciadevida.com.ar\/portalurbano\/wp-content\/uploads\/2020\/08\/ASPIROZ-e1596633315936.jpg",475,475,false],"web-stories-poster-portrait":["https:\/\/experienciadevida.com.ar\/portalurbano\/wp-content\/uploads\/2020\/08\/ASPIROZ-e1596633315936.jpg",640,640,false],"web-stories-publisher-logo":["https:\/\/experienciadevida.com.ar\/portalurbano\/wp-content\/uploads\/2020\/08\/ASPIROZ-e1596633315936.jpg",96,96,false],"web-stories-thumbnail":["https:\/\/experienciadevida.com.ar\/portalurbano\/wp-content\/uploads\/2020\/08\/ASPIROZ-e1596633315936.jpg",150,150,false]},"author_info":{"display_name":"admpu17wp","author_link":"https:\/\/experienciadevida.com.ar\/portalurbano\/author\/admpu17wp\/"},"category_info":"<a href=\"https:\/\/experienciadevida.com.ar\/portalurbano\/category\/ciudad\/\" rel=\"category tag\">Ciudad<\/a> <a href=\"https:\/\/experienciadevida.com.ar\/portalurbano\/category\/destacadas\/\" rel=\"category tag\">Destacadas<\/a>","tag_info":"Destacadas","comment_count":"0","amp_enabled":true,"_links":{"self":[{"href":"https:\/\/experienciadevida.com.ar\/portalurbano\/wp-json\/wp\/v2\/posts\/116926"}],"collection":[{"href":"https:\/\/experienciadevida.com.ar\/portalurbano\/wp-json\/wp\/v2\/posts"}],"about":[{"href":"https:\/\/experienciadevida.com.ar\/portalurbano\/wp-json\/wp\/v2\/types\/post"}],"author":[{"embeddable":true,"href":"https:\/\/experienciadevida.com.ar\/portalurbano\/wp-json\/wp\/v2\/users\/1"}],"replies":[{"embeddable":true,"href":"https:\/\/experienciadevida.com.ar\/portalurbano\/wp-json\/wp\/v2\/comments?post=116926"}],"version-history":[{"count":1,"href":"https:\/\/experienciadevida.com.ar\/portalurbano\/wp-json\/wp\/v2\/posts\/116926\/revisions"}],"predecessor-version":[{"id":116928,"href":"https:\/\/experienciadevida.com.ar\/portalurbano\/wp-json\/wp\/v2\/posts\/116926\/revisions\/116928"}],"wp:featuredmedia":[{"embeddable":true,"href":"https:\/\/experienciadevida.com.ar\/portalurbano\/wp-json\/wp\/v2\/media\/116927"}],"wp:attachment":[{"href":"https:\/\/experienciadevida.com.ar\/portalurbano\/wp-json\/wp\/v2\/media?parent=116926"}],"wp:term":[{"taxonomy":"category","embeddable":true,"href":"https:\/\/experienciadevida.com.ar\/portalurbano\/wp-json\/wp\/v2\/categories?post=116926"},{"taxonomy":"post_tag","embeddable":true,"href":"https:\/\/experienciadevida.com.ar\/portalurbano\/wp-json\/wp\/v2\/tags?post=116926"}],"curies":[{"name":"wp","href":"https:\/\/api.w.org\/{rel}","templated":true}]}}