{"id":116734,"date":"2020-08-03T10:05:29","date_gmt":"2020-08-03T13:05:29","guid":{"rendered":"https:\/\/experienciadevida.com.ar\/portalurbano\/?p=116734"},"modified":"2020-08-03T10:06:21","modified_gmt":"2020-08-03T13:06:21","slug":"encuesta-de-comerciantes-unidos-el-91-elige-el-horario-corrido","status":"publish","type":"post","link":"https:\/\/experienciadevida.com.ar\/portalurbano\/encuesta-de-comerciantes-unidos-el-91-elige-el-horario-corrido\/","title":{"rendered":"Encuesta de Comerciantes Unidos: el 91% elige el Horario Corrido"},"content":{"rendered":"<p>Desde Comerciantes Unidos emitieron un comunicado sobre la encuesta que lanzaron d\u00edas atr\u00e1s a trrav\u00e9s de su perfil de Facebook sobre el horario corrido en los comercios. De la misma transcurri\u00f3 una semana, la misma estaba destinada\u00a0 a empleados mercantiles y a la ciudadan\u00eda en general.<\/p>\n<p>El testeo se llev\u00f3 a cabo por diferentes redes, los grupos de WhatsApp que componen parte de la Agrupaci\u00f3n, Facebook e Instagram. Cada respuesta deb\u00eda ser avalada por un mail identificatorio para evitar posibles votaciones falsas.<\/p>\n<p>En total lograron tener un recorte de casi 1700 respuestas, que arrojaron como resultado un 91% de<br \/>\naprobaci\u00f3n al Horario Corrido.<\/p>\n<p>&#8220;<em>El comercio es un mundo muy amplio en el que hay que tener en cuenta, principalmente, las diferentes zonas de la ciudad, los variados rubros comerciales, las personas que trabajan en los locales (sean como propietarios\/as o como empleados\/as), y a la ciudadan\u00eda en general que es, en definitiva, nuestra clientela. Por \u00e9stos motivos, es que consideramos que, algunas decisiones, pueden tomarse como comunidad. Bajo \u00e9sta premisa es que nuestra encuesta fue abierta, porque nos parece importante darle voz a la gente en un tema que nos compete como localidad&#8221;,<\/em> expresaron.<\/p>\n<p>A su vez &#8220;<em>la experiencia real de ser comerciantes frente a locales en actividad, nos permite conocer fidedignamente las ventajas y desventajas que se tienen al trabajar de corrido o cortado. Por lo que hemos debatido intensamente<\/em><br \/>\n<em>tirando sobre la mesa muchos argumentos como, por ejemplo, la organizaci\u00f3n de la vida diaria, la posibilidad de estudiar, el pasar m\u00e1s tiempo con las familias, el impulso de nuevas actividades (como el after office), el crecimiento demogr\u00e1fico y cultural de Olavarr\u00eda que ya no es la misma que hace 100 a\u00f1os atr\u00e1s, la siesta, el calor, las ventas en baja, la competencia desleal con los Hipermercados, los comercios barriales, el costo del transporte as\u00ed como las idas y venidas&#8221;.<\/em><\/p>\n<p>Por otro lado, <em>&#8220;entendemos perfectamente que la decisi\u00f3n que tomemos debe ser un\u00e1nime entre todas las<\/em><br \/>\n<em>partes, comerciantes, empleados\/as, ciudadan\u00eda, sindicato, pol\u00edticos\/as, porque de ello depender\u00e1 el \u00e9xito o el fracaso de cualquier camino que tomemos&#8221;.<\/em><\/p>\n<p><em>&#8220;Los porcentajes hablan por s\u00ed solos, y esperamos fervientemente que \u00e9ste debate nos lleve a un beneficio generalizad&#8221;.<\/em><\/p>\n<p>Por \u00faltimo mencionaron &#8220;<em>invitamos a los comercios a que contin\u00faen sum\u00e1ndose a \u00e9sta gran Agrupaci\u00f3n que venimos construyendo con la participaci\u00f3n de todos los rubros que conforman nuestro gran sector. \u00c9ste grupo que naci\u00f3 sintiendo que deb\u00edamos buscar una representaci\u00f3n y que hoy somos cada d\u00eda m\u00e1s&#8221;.\u00a0<\/em><\/p>\n","protected":false},"excerpt":{"rendered":"<p>Desde Comerciantes Unidos emitieron un comunicado sobre la encuesta que lanzaron d\u00edas atr\u00e1s a trrav\u00e9s&#8230;<\/p>\n","protected":false},"author":1,"featured_media":104704,"comment_status":"closed","ping_status":"closed","sticky":false,"template":"","format":"standard","meta":{"content-type":""},"categories":[27,51],"tags":[],"nelio_content":{"isAutoShareEnabled":false,"autoShareEndMode":"default","automationSources":{"useContentSentences":true,"useSocialTemplates":true,"useCustomSentences":false,"customSentences":[]},"followers":[1],"suggestedReferences":[],"includedReferences":[],"efiUrl":"","efiAlt":"","highlights":[]},"yoast_head":"<!-- This site is optimized with the Yoast SEO plugin v20.7 - https:\/\/yoast.com\/wordpress\/plugins\/seo\/ -->\n<title>Encuesta de Comerciantes Unidos: el 91% elige el Horario Corrido -<\/title>\n<meta name=\"robots\" content=\"index, follow, max-snippet:-1, max-image-preview:large, max-video-preview:-1\" \/>\n<link rel=\"canonical\" href=\"https:\/\/experienciadevida.com.ar\/portalurbano\/encuesta-de-comerciantes-unidos-el-91-elige-el-horario-corrido\/\" \/>\n<meta property=\"og:locale\" content=\"es_ES\" \/>\n<meta property=\"og:type\" content=\"article\" \/>\n<meta property=\"og:title\" content=\"Encuesta de Comerciantes Unidos: el 91% elige el Horario Corrido -\" \/>\n<meta property=\"og:description\" content=\"Desde Comerciantes Unidos emitieron un comunicado sobre la encuesta que lanzaron d\u00edas atr\u00e1s a trrav\u00e9s...\" \/>\n<meta property=\"og:url\" content=\"https:\/\/experienciadevida.com.ar\/portalurbano\/encuesta-de-comerciantes-unidos-el-91-elige-el-horario-corrido\/\" \/>\n<meta property=\"article:publisher\" content=\"https:\/\/www.facebook.com\/Portal-Urbano-171542830093757\/\" \/>\n<meta property=\"article:published_time\" content=\"2020-08-03T13:05:29+00:00\" \/>\n<meta property=\"article:modified_time\" content=\"2020-08-03T13:06:21+00:00\" \/>\n<meta property=\"og:image\" content=\"https:\/\/experienciadevida.com.ar\/portalurbano\/wp-content\/uploads\/2020\/03\/CUARENTENA9.jpg\" \/>\n\t<meta property=\"og:image:width\" content=\"765\" \/>\n\t<meta property=\"og:image:height\" content=\"510\" \/>\n\t<meta property=\"og:image:type\" content=\"image\/jpeg\" \/>\n<meta name=\"author\" content=\"admpu17wp\" \/>\n<meta name=\"twitter:card\" content=\"summary_large_image\" \/>\n<meta name=\"twitter:creator\" content=\"@portalurbanook\" \/>\n<meta name=\"twitter:site\" content=\"@portalurbanook\" \/>\n<meta name=\"twitter:label1\" content=\"Escrito por\" \/>\n\t<meta name=\"twitter:data1\" content=\"admpu17wp\" \/>\n\t<meta name=\"twitter:label2\" content=\"Tiempo de lectura\" \/>\n\t<meta name=\"twitter:data2\" content=\"2 minutos\" \/>\n<script type=\"application\/ld+json\" class=\"yoast-schema-graph\">{\"@context\":\"https:\/\/schema.org\",\"@graph\":[{\"@type\":\"Article\",\"@id\":\"https:\/\/experienciadevida.com.ar\/portalurbano\/encuesta-de-comerciantes-unidos-el-91-elige-el-horario-corrido\/#article\",\"isPartOf\":{\"@id\":\"https:\/\/experienciadevida.com.ar\/portalurbano\/encuesta-de-comerciantes-unidos-el-91-elige-el-horario-corrido\/\"},\"author\":{\"name\":\"admpu17wp\",\"@id\":\"https:\/\/experienciadevida.com.ar\/portalurbano\/#\/schema\/person\/02dd326b1c4b056e9cc972486934a3a7\"},\"headline\":\"Encuesta de Comerciantes Unidos: el 91% elige el Horario Corrido\",\"datePublished\":\"2020-08-03T13:05:29+00:00\",\"dateModified\":\"2020-08-03T13:06:21+00:00\",\"mainEntityOfPage\":{\"@id\":\"https:\/\/experienciadevida.com.ar\/portalurbano\/encuesta-de-comerciantes-unidos-el-91-elige-el-horario-corrido\/\"},\"wordCount\":448,\"publisher\":{\"@id\":\"https:\/\/experienciadevida.com.ar\/portalurbano\/#organization\"},\"articleSection\":[\"Ciudad\",\"Destacadas\"],\"inLanguage\":\"es\"},{\"@type\":\"WebPage\",\"@id\":\"https:\/\/experienciadevida.com.ar\/portalurbano\/encuesta-de-comerciantes-unidos-el-91-elige-el-horario-corrido\/\",\"url\":\"https:\/\/experienciadevida.com.ar\/portalurbano\/encuesta-de-comerciantes-unidos-el-91-elige-el-horario-corrido\/\",\"name\":\"Encuesta de Comerciantes Unidos: el 91% elige el Horario Corrido -\",\"isPartOf\":{\"@id\":\"https:\/\/experienciadevida.com.ar\/portalurbano\/#website\"},\"datePublished\":\"2020-08-03T13:05:29+00:00\",\"dateModified\":\"2020-08-03T13:06:21+00:00\",\"breadcrumb\":{\"@id\":\"https:\/\/experienciadevida.com.ar\/portalurbano\/encuesta-de-comerciantes-unidos-el-91-elige-el-horario-corrido\/#breadcrumb\"},\"inLanguage\":\"es\",\"potentialAction\":[{\"@type\":\"ReadAction\",\"target\":[\"https:\/\/experienciadevida.com.ar\/portalurbano\/encuesta-de-comerciantes-unidos-el-91-elige-el-horario-corrido\/\"]}]},{\"@type\":\"BreadcrumbList\",\"@id\":\"https:\/\/experienciadevida.com.ar\/portalurbano\/encuesta-de-comerciantes-unidos-el-91-elige-el-horario-corrido\/#breadcrumb\",\"itemListElement\":[{\"@type\":\"ListItem\",\"position\":1,\"name\":\"Portada\",\"item\":\"https:\/\/experienciadevida.com.ar\/portalurbano\/\"},{\"@type\":\"ListItem\",\"position\":2,\"name\":\"Encuesta de Comerciantes Unidos: el 91% elige el Horario Corrido\"}]},{\"@type\":\"WebSite\",\"@id\":\"https:\/\/experienciadevida.com.ar\/portalurbano\/#website\",\"url\":\"https:\/\/experienciadevida.com.ar\/portalurbano\/\",\"name\":\"\",\"description\":\"\",\"publisher\":{\"@id\":\"https:\/\/experienciadevida.com.ar\/portalurbano\/#organization\"},\"potentialAction\":[{\"@type\":\"SearchAction\",\"target\":{\"@type\":\"EntryPoint\",\"urlTemplate\":\"https:\/\/experienciadevida.com.ar\/portalurbano\/?s={search_term_string}\"},\"query-input\":\"required name=search_term_string\"}],\"inLanguage\":\"es\"},{\"@type\":\"Organization\",\"@id\":\"https:\/\/experienciadevida.com.ar\/portalurbano\/#organization\",\"name\":\"Portal Urbano\",\"url\":\"https:\/\/experienciadevida.com.ar\/portalurbano\/\",\"logo\":{\"@type\":\"ImageObject\",\"inLanguage\":\"es\",\"@id\":\"https:\/\/experienciadevida.com.ar\/portalurbano\/#\/schema\/logo\/image\/\",\"url\":\"https:\/\/experienciadevida.com.ar\/portalurbano\/wp-content\/uploads\/2019\/09\/Logo-Original.png\",\"contentUrl\":\"https:\/\/experienciadevida.com.ar\/portalurbano\/wp-content\/uploads\/2019\/09\/Logo-Original.png\",\"width\":2236,\"height\":1216,\"caption\":\"Portal Urbano\"},\"image\":{\"@id\":\"https:\/\/experienciadevida.com.ar\/portalurbano\/#\/schema\/logo\/image\/\"},\"sameAs\":[\"https:\/\/www.facebook.com\/Portal-Urbano-171542830093757\/\",\"https:\/\/twitter.com\/portalurbanook\",\"https:\/\/www.instagram.com\/_portalurbano\/\",\"https:\/\/www.youtube.com\/channel\/UCXhagIfszH8KxFiOok79zbA?view_as=subscriber\"]},{\"@type\":\"Person\",\"@id\":\"https:\/\/experienciadevida.com.ar\/portalurbano\/#\/schema\/person\/02dd326b1c4b056e9cc972486934a3a7\",\"name\":\"admpu17wp\",\"image\":{\"@type\":\"ImageObject\",\"inLanguage\":\"es\",\"@id\":\"https:\/\/experienciadevida.com.ar\/portalurbano\/#\/schema\/person\/image\/\",\"url\":\"https:\/\/secure.gravatar.com\/avatar\/830d4c57adaae6630765e449a6908047?s=96&d=mm&r=g\",\"contentUrl\":\"https:\/\/secure.gravatar.com\/avatar\/830d4c57adaae6630765e449a6908047?s=96&d=mm&r=g\",\"caption\":\"admpu17wp\"}}]}<\/script>\n<!-- \/ Yoast SEO plugin. -->","yoast_head_json":{"title":"Encuesta de Comerciantes Unidos: el 91% elige el Horario Corrido -","robots":{"index":"index","follow":"follow","max-snippet":"max-snippet:-1","max-image-preview":"max-image-preview:large","max-video-preview":"max-video-preview:-1"},"canonical":"https:\/\/experienciadevida.com.ar\/portalurbano\/encuesta-de-comerciantes-unidos-el-91-elige-el-horario-corrido\/","og_locale":"es_ES","og_type":"article","og_title":"Encuesta de Comerciantes Unidos: el 91% elige el Horario Corrido -","og_description":"Desde Comerciantes Unidos emitieron un comunicado sobre la encuesta que lanzaron d\u00edas atr\u00e1s a trrav\u00e9s...","og_url":"https:\/\/experienciadevida.com.ar\/portalurbano\/encuesta-de-comerciantes-unidos-el-91-elige-el-horario-corrido\/","article_publisher":"https:\/\/www.facebook.com\/Portal-Urbano-171542830093757\/","article_published_time":"2020-08-03T13:05:29+00:00","article_modified_time":"2020-08-03T13:06:21+00:00","og_image":[{"width":765,"height":510,"url":"https:\/\/experienciadevida.com.ar\/portalurbano\/wp-content\/uploads\/2020\/03\/CUARENTENA9.jpg","type":"image\/jpeg"}],"author":"admpu17wp","twitter_card":"summary_large_image","twitter_creator":"@portalurbanook","twitter_site":"@portalurbanook","twitter_misc":{"Escrito por":"admpu17wp","Tiempo de lectura":"2 minutos"},"schema":{"@context":"https:\/\/schema.org","@graph":[{"@type":"Article","@id":"https:\/\/experienciadevida.com.ar\/portalurbano\/encuesta-de-comerciantes-unidos-el-91-elige-el-horario-corrido\/#article","isPartOf":{"@id":"https:\/\/experienciadevida.com.ar\/portalurbano\/encuesta-de-comerciantes-unidos-el-91-elige-el-horario-corrido\/"},"author":{"name":"admpu17wp","@id":"https:\/\/experienciadevida.com.ar\/portalurbano\/#\/schema\/person\/02dd326b1c4b056e9cc972486934a3a7"},"headline":"Encuesta de Comerciantes Unidos: el 91% elige el Horario Corrido","datePublished":"2020-08-03T13:05:29+00:00","dateModified":"2020-08-03T13:06:21+00:00","mainEntityOfPage":{"@id":"https:\/\/experienciadevida.com.ar\/portalurbano\/encuesta-de-comerciantes-unidos-el-91-elige-el-horario-corrido\/"},"wordCount":448,"publisher":{"@id":"https:\/\/experienciadevida.com.ar\/portalurbano\/#organization"},"articleSection":["Ciudad","Destacadas"],"inLanguage":"es"},{"@type":"WebPage","@id":"https:\/\/experienciadevida.com.ar\/portalurbano\/encuesta-de-comerciantes-unidos-el-91-elige-el-horario-corrido\/","url":"https:\/\/experienciadevida.com.ar\/portalurbano\/encuesta-de-comerciantes-unidos-el-91-elige-el-horario-corrido\/","name":"Encuesta de Comerciantes Unidos: el 91% elige el Horario Corrido -","isPartOf":{"@id":"https:\/\/experienciadevida.com.ar\/portalurbano\/#website"},"datePublished":"2020-08-03T13:05:29+00:00","dateModified":"2020-08-03T13:06:21+00:00","breadcrumb":{"@id":"https:\/\/experienciadevida.com.ar\/portalurbano\/encuesta-de-comerciantes-unidos-el-91-elige-el-horario-corrido\/#breadcrumb"},"inLanguage":"es","potentialAction":[{"@type":"ReadAction","target":["https:\/\/experienciadevida.com.ar\/portalurbano\/encuesta-de-comerciantes-unidos-el-91-elige-el-horario-corrido\/"]}]},{"@type":"BreadcrumbList","@id":"https:\/\/experienciadevida.com.ar\/portalurbano\/encuesta-de-comerciantes-unidos-el-91-elige-el-horario-corrido\/#breadcrumb","itemListElement":[{"@type":"ListItem","position":1,"name":"Portada","item":"https:\/\/experienciadevida.com.ar\/portalurbano\/"},{"@type":"ListItem","position":2,"name":"Encuesta de Comerciantes Unidos: el 91% elige el Horario Corrido"}]},{"@type":"WebSite","@id":"https:\/\/experienciadevida.com.ar\/portalurbano\/#website","url":"https:\/\/experienciadevida.com.ar\/portalurbano\/","name":"","description":"","publisher":{"@id":"https:\/\/experienciadevida.com.ar\/portalurbano\/#organization"},"potentialAction":[{"@type":"SearchAction","target":{"@type":"EntryPoint","urlTemplate":"https:\/\/experienciadevida.com.ar\/portalurbano\/?s={search_term_string}"},"query-input":"required name=search_term_string"}],"inLanguage":"es"},{"@type":"Organization","@id":"https:\/\/experienciadevida.com.ar\/portalurbano\/#organization","name":"Portal Urbano","url":"https:\/\/experienciadevida.com.ar\/portalurbano\/","logo":{"@type":"ImageObject","inLanguage":"es","@id":"https:\/\/experienciadevida.com.ar\/portalurbano\/#\/schema\/logo\/image\/","url":"https:\/\/experienciadevida.com.ar\/portalurbano\/wp-content\/uploads\/2019\/09\/Logo-Original.png","contentUrl":"https:\/\/experienciadevida.com.ar\/portalurbano\/wp-content\/uploads\/2019\/09\/Logo-Original.png","width":2236,"height":1216,"caption":"Portal Urbano"},"image":{"@id":"https:\/\/experienciadevida.com.ar\/portalurbano\/#\/schema\/logo\/image\/"},"sameAs":["https:\/\/www.facebook.com\/Portal-Urbano-171542830093757\/","https:\/\/twitter.com\/portalurbanook","https:\/\/www.instagram.com\/_portalurbano\/","https:\/\/www.youtube.com\/channel\/UCXhagIfszH8KxFiOok79zbA?view_as=subscriber"]},{"@type":"Person","@id":"https:\/\/experienciadevida.com.ar\/portalurbano\/#\/schema\/person\/02dd326b1c4b056e9cc972486934a3a7","name":"admpu17wp","image":{"@type":"ImageObject","inLanguage":"es","@id":"https:\/\/experienciadevida.com.ar\/portalurbano\/#\/schema\/person\/image\/","url":"https:\/\/secure.gravatar.com\/avatar\/830d4c57adaae6630765e449a6908047?s=96&d=mm&r=g","contentUrl":"https:\/\/secure.gravatar.com\/avatar\/830d4c57adaae6630765e449a6908047?s=96&d=mm&r=g","caption":"admpu17wp"}}]}},"featured_image_urls":{"full":["https:\/\/experienciadevida.com.ar\/portalurbano\/wp-content\/uploads\/2020\/03\/CUARENTENA9.jpg",765,510,false],"thumbnail":["https:\/\/experienciadevida.com.ar\/portalurbano\/wp-content\/uploads\/2020\/03\/CUARENTENA9-150x150.jpg",150,150,true],"medium":["https:\/\/experienciadevida.com.ar\/portalurbano\/wp-content\/uploads\/2020\/03\/CUARENTENA9-300x200.jpg",300,200,true],"medium_large":["https:\/\/experienciadevida.com.ar\/portalurbano\/wp-content\/uploads\/2020\/03\/CUARENTENA9.jpg",640,427,false],"large":["https:\/\/experienciadevida.com.ar\/portalurbano\/wp-content\/uploads\/2020\/03\/CUARENTENA9.jpg",640,427,false],"ug_big":["https:\/\/experienciadevida.com.ar\/portalurbano\/wp-content\/uploads\/2020\/03\/CUARENTENA9.jpg",765,510,false],"1536x1536":["https:\/\/experienciadevida.com.ar\/portalurbano\/wp-content\/uploads\/2020\/03\/CUARENTENA9.jpg",765,510,false],"2048x2048":["https:\/\/experienciadevida.com.ar\/portalurbano\/wp-content\/uploads\/2020\/03\/CUARENTENA9.jpg",765,510,false],"newsever-slider-full":["https:\/\/experienciadevida.com.ar\/portalurbano\/wp-content\/uploads\/2020\/03\/CUARENTENA9.jpg",765,510,false],"newsever-featured":["https:\/\/experienciadevida.com.ar\/portalurbano\/wp-content\/uploads\/2020\/03\/CUARENTENA9.jpg",765,510,false],"newsever-medium":["https:\/\/experienciadevida.com.ar\/portalurbano\/wp-content\/uploads\/2020\/03\/CUARENTENA9.jpg",713,475,false],"web-stories-poster-portrait":["https:\/\/experienciadevida.com.ar\/portalurbano\/wp-content\/uploads\/2020\/03\/CUARENTENA9.jpg",640,427,false],"web-stories-publisher-logo":["https:\/\/experienciadevida.com.ar\/portalurbano\/wp-content\/uploads\/2020\/03\/CUARENTENA9.jpg",96,64,false],"web-stories-thumbnail":["https:\/\/experienciadevida.com.ar\/portalurbano\/wp-content\/uploads\/2020\/03\/CUARENTENA9.jpg",150,100,false]},"author_info":{"display_name":"admpu17wp","author_link":"https:\/\/experienciadevida.com.ar\/portalurbano\/author\/admpu17wp\/"},"category_info":"<a href=\"https:\/\/experienciadevida.com.ar\/portalurbano\/category\/ciudad\/\" rel=\"category tag\">Ciudad<\/a> <a href=\"https:\/\/experienciadevida.com.ar\/portalurbano\/category\/destacadas\/\" rel=\"category tag\">Destacadas<\/a>","tag_info":"Destacadas","comment_count":"0","amp_enabled":true,"_links":{"self":[{"href":"https:\/\/experienciadevida.com.ar\/portalurbano\/wp-json\/wp\/v2\/posts\/116734"}],"collection":[{"href":"https:\/\/experienciadevida.com.ar\/portalurbano\/wp-json\/wp\/v2\/posts"}],"about":[{"href":"https:\/\/experienciadevida.com.ar\/portalurbano\/wp-json\/wp\/v2\/types\/post"}],"author":[{"embeddable":true,"href":"https:\/\/experienciadevida.com.ar\/portalurbano\/wp-json\/wp\/v2\/users\/1"}],"replies":[{"embeddable":true,"href":"https:\/\/experienciadevida.com.ar\/portalurbano\/wp-json\/wp\/v2\/comments?post=116734"}],"version-history":[{"count":1,"href":"https:\/\/experienciadevida.com.ar\/portalurbano\/wp-json\/wp\/v2\/posts\/116734\/revisions"}],"predecessor-version":[{"id":116735,"href":"https:\/\/experienciadevida.com.ar\/portalurbano\/wp-json\/wp\/v2\/posts\/116734\/revisions\/116735"}],"wp:featuredmedia":[{"embeddable":true,"href":"https:\/\/experienciadevida.com.ar\/portalurbano\/wp-json\/wp\/v2\/media\/104704"}],"wp:attachment":[{"href":"https:\/\/experienciadevida.com.ar\/portalurbano\/wp-json\/wp\/v2\/media?parent=116734"}],"wp:term":[{"taxonomy":"category","embeddable":true,"href":"https:\/\/experienciadevida.com.ar\/portalurbano\/wp-json\/wp\/v2\/categories?post=116734"},{"taxonomy":"post_tag","embeddable":true,"href":"https:\/\/experienciadevida.com.ar\/portalurbano\/wp-json\/wp\/v2\/tags?post=116734"}],"curies":[{"name":"wp","href":"https:\/\/api.w.org\/{rel}","templated":true}]}}