{"id":116660,"date":"2020-08-02T10:54:15","date_gmt":"2020-08-02T13:54:15","guid":{"rendered":"https:\/\/experienciadevida.com.ar\/portalurbano\/?p=116660"},"modified":"2020-08-02T10:54:15","modified_gmt":"2020-08-02T13:54:15","slug":"mariana-diamanti-hay-gente-que-esta-dando-la-vida-en-esto-con-una-pasion-admirable","status":"publish","type":"post","link":"https:\/\/experienciadevida.com.ar\/portalurbano\/mariana-diamanti-hay-gente-que-esta-dando-la-vida-en-esto-con-una-pasion-admirable\/","title":{"rendered":"Mariana Diamanti : \u201cHay gente que est\u00e1 dando la vida en esto con una pasi\u00f3n admirable\u201d"},"content":{"rendered":"<p>A mediados de marzo de este a\u00f1o, el intendente Ezequiel Galli decret\u00f3 la Emergencia Sanitaria en Olavarr\u00eda. Tras un an\u00e1lisis del Comit\u00e9 de Crisis \u2013y en vistas a la pandemia del Covid-19 que comenzaba a presentarse en nuestro pa\u00eds\u2013 todo el personal de la Secretar\u00eda de Salud comenz\u00f3 un arduo trabajo que hoy, cinco meses despu\u00e9s, contin\u00faa incansablemente para brindar respuestas y cuidar la salud de cada uno de los vecinos del Partido.<\/p>\n<p>La asesora en Salud del Municipio, Mariana Diamanti, valor\u00f3 que\u00a0<em>\u201chay mucho compromiso de todos: m\u00e9dicos, enfermeros, choferes, alumnos de la Facultad, residentes, personal de limpieza, administrativos\u2026 hay gente que est\u00e1 dando la vida en esto con una pasi\u00f3n admirable. Nosotros estamos haciendo una especie de Programa Detectar permanente con recursos econ\u00f3micos y humanos del Hospital Municipal. Tenemos una red de trabajo que es impresionante\u201d.<\/em><\/p>\n<p><img decoding=\"async\" class=\"aligncenter wp-image-116675 size-full\" src=\"https:\/\/experienciadevida.com.ar\/portalurbano\/wp-content\/uploads\/2020\/08\/Salud-Mariana-Diamanti-2.jpg\" alt=\"\" width=\"750\" height=\"500\" srcset=\"https:\/\/experienciadevida.com.ar\/portalurbano\/wp-content\/uploads\/2020\/08\/Salud-Mariana-Diamanti-2.jpg 750w, https:\/\/experienciadevida.com.ar\/portalurbano\/wp-content\/uploads\/2020\/08\/Salud-Mariana-Diamanti-2-300x200.jpg 300w\" sizes=\"(max-width: 750px) 100vw, 750px\" \/><\/p>\n<p>Desde el plan de descentralizaci\u00f3n en la atenci\u00f3n del Hospital Municipal \u201cDr. H\u00e9ctor M.Cura\u201d (para evitar la circulaci\u00f3n masiva de personas), hasta la atenci\u00f3n telef\u00f3nica de los pacientes, la Dra. Mariana Diamanti detall\u00f3 cada una de las acciones que se llevan adelante desde la Secretar\u00eda de Salud, m\u00e1s all\u00e1 de la mirada puesta en la atenci\u00f3n propia del contexto de la pandemia:\u00a0<em>\u201ctodo el equipo de salud est\u00e1 armado y coordinado, trabajando el doble o quiz\u00e1 el triple\u201d.<\/em><\/p>\n<p><img decoding=\"async\" class=\"aligncenter wp-image-116674 size-full\" src=\"https:\/\/experienciadevida.com.ar\/portalurbano\/wp-content\/uploads\/2020\/08\/Salud-Equipo-Salud6.jpg\" alt=\"\" width=\"750\" height=\"500\" srcset=\"https:\/\/experienciadevida.com.ar\/portalurbano\/wp-content\/uploads\/2020\/08\/Salud-Equipo-Salud6.jpg 750w, https:\/\/experienciadevida.com.ar\/portalurbano\/wp-content\/uploads\/2020\/08\/Salud-Equipo-Salud6-300x200.jpg 300w\" sizes=\"(max-width: 750px) 100vw, 750px\" \/><\/p>\n<p><em>\u201cA partir de que un paciente siente alg\u00fan s\u00edntoma, se puede comunicar a los tel\u00e9fonos de Epidemiolog\u00eda (419910 y whatsapp: 2284544821), en donde lo atienden los m\u00e9dicos todos los d\u00edas y autom\u00e1ticamente con el llamado le brindan una primera soluci\u00f3n: si tiene que hacer certificado, tambi\u00e9n de ser necesario se le hace la ficha e incluso si lo nota agitado (por ejemplo) llama al 107 directamente y va un m\u00e9dico al domicilio\u201d,<\/em>\u00a0enunci\u00f3 la Dra. Diamanti.<\/p>\n<p><img decoding=\"async\" class=\"aligncenter wp-image-116673 size-full\" src=\"https:\/\/experienciadevida.com.ar\/portalurbano\/wp-content\/uploads\/2020\/08\/Salud-Equipo-Salud-5.jpg\" alt=\"\" width=\"750\" height=\"500\" srcset=\"https:\/\/experienciadevida.com.ar\/portalurbano\/wp-content\/uploads\/2020\/08\/Salud-Equipo-Salud-5.jpg 750w, https:\/\/experienciadevida.com.ar\/portalurbano\/wp-content\/uploads\/2020\/08\/Salud-Equipo-Salud-5-300x200.jpg 300w\" sizes=\"(max-width: 750px) 100vw, 750px\" \/><\/p>\n<p>Son una decena de m\u00e9dicos y m\u00e9dicas, de diferentes especialidades, que est\u00e1n a disposici\u00f3n en esta situaci\u00f3n y m\u00e1s all\u00e1 de esto siguen con su tarea habitual. Son quienes brindan esta primera atenci\u00f3n al paciente a partir del llamado telef\u00f3nico: Celeste Borzi, Jorgelina Montenegro, Juan Chamorro, Magdalena Miretzky, Mariana Alcain, Maximiliano Zuliani, Nora Zeberio, Paula Berney, Pedro Abbate y Sandra Butin.<\/p>\n<p><img decoding=\"async\" class=\"aligncenter wp-image-116672 size-full\" src=\"https:\/\/experienciadevida.com.ar\/portalurbano\/wp-content\/uploads\/2020\/08\/Salud-Equipo-Salud4.jpg\" alt=\"\" width=\"750\" height=\"500\" srcset=\"https:\/\/experienciadevida.com.ar\/portalurbano\/wp-content\/uploads\/2020\/08\/Salud-Equipo-Salud4.jpg 750w, https:\/\/experienciadevida.com.ar\/portalurbano\/wp-content\/uploads\/2020\/08\/Salud-Equipo-Salud4-300x200.jpg 300w\" sizes=\"(max-width: 750px) 100vw, 750px\" \/><\/p>\n<p>La asesora en Salud del Municipio explic\u00f3 que\u00a0<em>\u201csi el paciente tiene s\u00edntomas -y si no se acerca a consultar a un Centro de Atenci\u00f3n Primaria de Salud o alguna cl\u00ednica del \u00e1mbito privado o al Hospital- telef\u00f3nicamente el m\u00e9dico le brinda las recomendaciones y si es necesario le hace la ficha para hisopar\u201d.<\/em><\/p>\n<p><img decoding=\"async\" class=\"aligncenter wp-image-116671 size-full\" src=\"https:\/\/experienciadevida.com.ar\/portalurbano\/wp-content\/uploads\/2020\/08\/Salud-Equipo-Salud-3.jpg\" alt=\"\" width=\"750\" height=\"500\" srcset=\"https:\/\/experienciadevida.com.ar\/portalurbano\/wp-content\/uploads\/2020\/08\/Salud-Equipo-Salud-3.jpg 750w, https:\/\/experienciadevida.com.ar\/portalurbano\/wp-content\/uploads\/2020\/08\/Salud-Equipo-Salud-3-300x200.jpg 300w\" sizes=\"(max-width: 750px) 100vw, 750px\" \/><\/p>\n<p>En el circuito, esa ficha que emite el m\u00e9dico que atendi\u00f3 el tel\u00e9fono se deriva a la Direcci\u00f3n del Hospital Municipal, en donde se confecciona un cronograma de d\u00edas y horarios en el que se realizar\u00e1n los diferentes hisopados. Un equipo de dos \u201chisopadoras\u201d concurre al domicilio en ambulancia y tras llevar a cabo el correspondiente estudio se deriva la muestra al Laboratorio de Biolog\u00eda Molecular que se emplaza en el nosocomio local. Una vez conocido el resultado, personal del \u00e1rea de salud se comunica telef\u00f3nicamente con la persona a la que se le realiz\u00f3 el hisopado para indicar si el testeo fue positivo o negativo, con las recomendaciones de aislamiento y cuidado en caso de que lo requiriera.<\/p>\n<p><img decoding=\"async\" class=\"aligncenter wp-image-116670 size-full\" src=\"https:\/\/experienciadevida.com.ar\/portalurbano\/wp-content\/uploads\/2020\/08\/Salud-Equipo-Salud-2.jpg\" alt=\"\" width=\"750\" height=\"500\" srcset=\"https:\/\/experienciadevida.com.ar\/portalurbano\/wp-content\/uploads\/2020\/08\/Salud-Equipo-Salud-2.jpg 750w, https:\/\/experienciadevida.com.ar\/portalurbano\/wp-content\/uploads\/2020\/08\/Salud-Equipo-Salud-2-300x200.jpg 300w\" sizes=\"(max-width: 750px) 100vw, 750px\" \/><\/p>\n<p><em>\u201cTenemos ambulancias disponibles todos los d\u00edas -desde el d\u00eda 1- con dos equipos de dos personas m\u00e1s los choferes, con todo lo que implica el trabajo domiciliario. Son dos enfermeras por turno, est\u00e1n todos los d\u00edas a toda hora para ir a hisopar a los domicilios en todos los sectores de la ciudad. Luego Gabriela Schumacher, una de nuestras m\u00e9dicas, llama todos los d\u00edas llama a todas las personas que tienen Covid-19 y les lleva adelante un seguimiento que las acompa\u00f1a hasta el \u00faltimo d\u00eda del alta. Porque si ten\u00e9s miedo, si necesit\u00e1s contenci\u00f3n o acompa\u00f1amiento, si ten\u00e9s dudas o te sent\u00eds mal, te llama la doctora todos los d\u00edas. Cuando el resultado del hisopado de un paciente es positivo, \u00a0tiene el seguimiento de una m\u00e9dica hasta el \u00faltimo d\u00eda y tambi\u00e9n el seguimiento de una psic\u00f3loga, en caso de necesitarlo\u201d,<\/em>\u00a0asegur\u00f3 Diamanti.<\/p>\n<p><img decoding=\"async\" class=\"aligncenter wp-image-116669 size-full\" src=\"https:\/\/experienciadevida.com.ar\/portalurbano\/wp-content\/uploads\/2020\/08\/Salud-Equipo-Salud1.jpg\" alt=\"\" width=\"750\" height=\"500\" srcset=\"https:\/\/experienciadevida.com.ar\/portalurbano\/wp-content\/uploads\/2020\/08\/Salud-Equipo-Salud1.jpg 750w, https:\/\/experienciadevida.com.ar\/portalurbano\/wp-content\/uploads\/2020\/08\/Salud-Equipo-Salud1-300x200.jpg 300w\" sizes=\"(max-width: 750px) 100vw, 750px\" \/><\/p>\n<p>Por otra parte, la funcionaria refiri\u00f3 al equipo de trabajo de aquellos profesionales que est\u00e1n de licencia \u2013porque pertenecen al grupo con factores de riesgo\u2013 pero que son quienes atienden los llamados telef\u00f3nicos que se realizan al 107. En el plantel de m\u00e1s de una docena de doctores, est\u00e1n Alejandro Vitale, Andrea Chiodi, Mar\u00eda Ignacia Dufou, Mirta Rodr\u00edguez, Pablo Mattaini, Petrone, In\u00e9s Paredes, Vivian Cazabet, Rosana Foquis, Alicia Messina, Cecilia Romero, Florencia Fernandez, Luz Noceda, Mar\u00eda de Rossi, Melisa Chillon, Natalia Sardi, Rosana Dacunto y Gabriela Schumacher, entre otros. Dijo Diamanti:\u00a0<em>\u201clos m\u00e9dicos que est\u00e1n de licencia atienden el tel\u00e9fono 107. En el grupo tenemos tambi\u00e9n pediatras licenciados, porque mantenemos guardias pedi\u00e1tricas en caso de que se presente la enfermedad en los ni\u00f1os y ni\u00f1as. M\u00e1s all\u00e1 que los chicos son los que menos se contagian, hay muchos casos de padres que presentan la enfermedad, entonces para nosotros es importante tener esta guardia\u201d.<\/em><\/p>\n<p>En otra de las acciones que se realizan desde la Secretar\u00eda de Salud,\u00a0<em>\u201chay cuatro m\u00e9dicas -que est\u00e1n desde el d\u00eda uno- que son de Atenci\u00f3n Primaria de la Salud que van hasta los domicilios de las personas para ver si tienen s\u00edntomas que no resulten de emergencia,\u00a0 los que nosotros le llamamos \u2018c\u00f3digo verde\u2019. No s\u00f3lo concurren para controlar su estado de salud, estas m\u00e9dicas los contienen, tienen un perfil social para acompa\u00f1ar a quienes no se pueden internar y los visitan todos los d\u00edas\u201d,<\/em>\u00a0garantiz\u00f3 Mariana Diamanti.<\/p>\n<p>En este sentido, adem\u00e1s, precis\u00f3 en el trabajo conjunto con la Subsecretar\u00eda de Desarrollo Social del Municipio y sostuvo que\u00a0<em>\u201ctenemos un grupo de trabajadoras sociales que llevan medicamentos a la casa y tambi\u00e9n en coordinaci\u00f3n con la Subsecretar\u00eda de Desarrollo Social se les lleva alimentos, porque tenemos situaciones en las que toda una familia que se encuentra aislada y por protocolo tienen que cumplir aislamiento de 10 o 14 d\u00edas\u201d.<\/em><\/p>\n<p>&nbsp;<\/p>\n","protected":false},"excerpt":{"rendered":"<p>A mediados de marzo de este a\u00f1o, el intendente Ezequiel Galli decret\u00f3 la Emergencia Sanitaria&#8230;<\/p>\n","protected":false},"author":1,"featured_media":116669,"comment_status":"closed","ping_status":"closed","sticky":false,"template":"","format":"standard","meta":{"content-type":""},"categories":[27,64],"tags":[],"nelio_content":{"isAutoShareEnabled":false,"autoShareEndMode":"default","automationSources":{"useContentSentences":true,"useSocialTemplates":true,"useCustomSentences":false,"customSentences":[]},"followers":[1],"suggestedReferences":[],"includedReferences":[],"efiUrl":"","efiAlt":"","highlights":[]},"yoast_head":"<!-- This site is optimized with the Yoast SEO plugin v20.7 - https:\/\/yoast.com\/wordpress\/plugins\/seo\/ -->\n<title>Mariana Diamanti : \u201cHay gente que est\u00e1 dando la vida en esto con una pasi\u00f3n admirable\u201d -<\/title>\n<meta name=\"robots\" content=\"index, follow, max-snippet:-1, max-image-preview:large, max-video-preview:-1\" \/>\n<link rel=\"canonical\" href=\"https:\/\/experienciadevida.com.ar\/portalurbano\/mariana-diamanti-hay-gente-que-esta-dando-la-vida-en-esto-con-una-pasion-admirable\/\" \/>\n<meta property=\"og:locale\" content=\"es_ES\" \/>\n<meta property=\"og:type\" content=\"article\" \/>\n<meta property=\"og:title\" content=\"Mariana Diamanti : \u201cHay gente que est\u00e1 dando la vida en esto con una pasi\u00f3n admirable\u201d -\" \/>\n<meta property=\"og:description\" content=\"A mediados de marzo de este a\u00f1o, el intendente Ezequiel Galli decret\u00f3 la Emergencia Sanitaria...\" \/>\n<meta property=\"og:url\" content=\"https:\/\/experienciadevida.com.ar\/portalurbano\/mariana-diamanti-hay-gente-que-esta-dando-la-vida-en-esto-con-una-pasion-admirable\/\" \/>\n<meta property=\"article:publisher\" content=\"https:\/\/www.facebook.com\/Portal-Urbano-171542830093757\/\" \/>\n<meta property=\"article:published_time\" content=\"2020-08-02T13:54:15+00:00\" \/>\n<meta property=\"og:image\" content=\"https:\/\/experienciadevida.com.ar\/portalurbano\/wp-content\/uploads\/2020\/08\/Salud-Equipo-Salud1.jpg\" \/>\n\t<meta property=\"og:image:width\" content=\"750\" \/>\n\t<meta property=\"og:image:height\" content=\"500\" \/>\n\t<meta property=\"og:image:type\" content=\"image\/jpeg\" \/>\n<meta name=\"author\" content=\"admpu17wp\" \/>\n<meta name=\"twitter:card\" content=\"summary_large_image\" \/>\n<meta name=\"twitter:creator\" content=\"@portalurbanook\" \/>\n<meta name=\"twitter:site\" content=\"@portalurbanook\" \/>\n<meta name=\"twitter:label1\" content=\"Escrito por\" \/>\n\t<meta name=\"twitter:data1\" content=\"admpu17wp\" \/>\n\t<meta name=\"twitter:label2\" content=\"Tiempo de lectura\" \/>\n\t<meta name=\"twitter:data2\" content=\"5 minutos\" \/>\n<script type=\"application\/ld+json\" class=\"yoast-schema-graph\">{\"@context\":\"https:\/\/schema.org\",\"@graph\":[{\"@type\":\"Article\",\"@id\":\"https:\/\/experienciadevida.com.ar\/portalurbano\/mariana-diamanti-hay-gente-que-esta-dando-la-vida-en-esto-con-una-pasion-admirable\/#article\",\"isPartOf\":{\"@id\":\"https:\/\/experienciadevida.com.ar\/portalurbano\/mariana-diamanti-hay-gente-que-esta-dando-la-vida-en-esto-con-una-pasion-admirable\/\"},\"author\":{\"name\":\"admpu17wp\",\"@id\":\"https:\/\/experienciadevida.com.ar\/portalurbano\/#\/schema\/person\/02dd326b1c4b056e9cc972486934a3a7\"},\"headline\":\"Mariana Diamanti : \u201cHay gente que est\u00e1 dando la vida en esto con una pasi\u00f3n admirable\u201d\",\"datePublished\":\"2020-08-02T13:54:15+00:00\",\"dateModified\":\"2020-08-02T13:54:15+00:00\",\"mainEntityOfPage\":{\"@id\":\"https:\/\/experienciadevida.com.ar\/portalurbano\/mariana-diamanti-hay-gente-que-esta-dando-la-vida-en-esto-con-una-pasion-admirable\/\"},\"wordCount\":1095,\"publisher\":{\"@id\":\"https:\/\/experienciadevida.com.ar\/portalurbano\/#organization\"},\"articleSection\":[\"Ciudad\",\"Destacadas 2\"],\"inLanguage\":\"es\"},{\"@type\":\"WebPage\",\"@id\":\"https:\/\/experienciadevida.com.ar\/portalurbano\/mariana-diamanti-hay-gente-que-esta-dando-la-vida-en-esto-con-una-pasion-admirable\/\",\"url\":\"https:\/\/experienciadevida.com.ar\/portalurbano\/mariana-diamanti-hay-gente-que-esta-dando-la-vida-en-esto-con-una-pasion-admirable\/\",\"name\":\"Mariana Diamanti : \u201cHay gente que est\u00e1 dando la vida en esto con una pasi\u00f3n admirable\u201d -\",\"isPartOf\":{\"@id\":\"https:\/\/experienciadevida.com.ar\/portalurbano\/#website\"},\"datePublished\":\"2020-08-02T13:54:15+00:00\",\"dateModified\":\"2020-08-02T13:54:15+00:00\",\"breadcrumb\":{\"@id\":\"https:\/\/experienciadevida.com.ar\/portalurbano\/mariana-diamanti-hay-gente-que-esta-dando-la-vida-en-esto-con-una-pasion-admirable\/#breadcrumb\"},\"inLanguage\":\"es\",\"potentialAction\":[{\"@type\":\"ReadAction\",\"target\":[\"https:\/\/experienciadevida.com.ar\/portalurbano\/mariana-diamanti-hay-gente-que-esta-dando-la-vida-en-esto-con-una-pasion-admirable\/\"]}]},{\"@type\":\"BreadcrumbList\",\"@id\":\"https:\/\/experienciadevida.com.ar\/portalurbano\/mariana-diamanti-hay-gente-que-esta-dando-la-vida-en-esto-con-una-pasion-admirable\/#breadcrumb\",\"itemListElement\":[{\"@type\":\"ListItem\",\"position\":1,\"name\":\"Portada\",\"item\":\"https:\/\/experienciadevida.com.ar\/portalurbano\/\"},{\"@type\":\"ListItem\",\"position\":2,\"name\":\"Mariana Diamanti : \u201cHay gente que est\u00e1 dando la vida en esto con una pasi\u00f3n admirable\u201d\"}]},{\"@type\":\"WebSite\",\"@id\":\"https:\/\/experienciadevida.com.ar\/portalurbano\/#website\",\"url\":\"https:\/\/experienciadevida.com.ar\/portalurbano\/\",\"name\":\"\",\"description\":\"\",\"publisher\":{\"@id\":\"https:\/\/experienciadevida.com.ar\/portalurbano\/#organization\"},\"potentialAction\":[{\"@type\":\"SearchAction\",\"target\":{\"@type\":\"EntryPoint\",\"urlTemplate\":\"https:\/\/experienciadevida.com.ar\/portalurbano\/?s={search_term_string}\"},\"query-input\":\"required name=search_term_string\"}],\"inLanguage\":\"es\"},{\"@type\":\"Organization\",\"@id\":\"https:\/\/experienciadevida.com.ar\/portalurbano\/#organization\",\"name\":\"Portal Urbano\",\"url\":\"https:\/\/experienciadevida.com.ar\/portalurbano\/\",\"logo\":{\"@type\":\"ImageObject\",\"inLanguage\":\"es\",\"@id\":\"https:\/\/experienciadevida.com.ar\/portalurbano\/#\/schema\/logo\/image\/\",\"url\":\"https:\/\/experienciadevida.com.ar\/portalurbano\/wp-content\/uploads\/2019\/09\/Logo-Original.png\",\"contentUrl\":\"https:\/\/experienciadevida.com.ar\/portalurbano\/wp-content\/uploads\/2019\/09\/Logo-Original.png\",\"width\":2236,\"height\":1216,\"caption\":\"Portal Urbano\"},\"image\":{\"@id\":\"https:\/\/experienciadevida.com.ar\/portalurbano\/#\/schema\/logo\/image\/\"},\"sameAs\":[\"https:\/\/www.facebook.com\/Portal-Urbano-171542830093757\/\",\"https:\/\/twitter.com\/portalurbanook\",\"https:\/\/www.instagram.com\/_portalurbano\/\",\"https:\/\/www.youtube.com\/channel\/UCXhagIfszH8KxFiOok79zbA?view_as=subscriber\"]},{\"@type\":\"Person\",\"@id\":\"https:\/\/experienciadevida.com.ar\/portalurbano\/#\/schema\/person\/02dd326b1c4b056e9cc972486934a3a7\",\"name\":\"admpu17wp\",\"image\":{\"@type\":\"ImageObject\",\"inLanguage\":\"es\",\"@id\":\"https:\/\/experienciadevida.com.ar\/portalurbano\/#\/schema\/person\/image\/\",\"url\":\"https:\/\/secure.gravatar.com\/avatar\/830d4c57adaae6630765e449a6908047?s=96&d=mm&r=g\",\"contentUrl\":\"https:\/\/secure.gravatar.com\/avatar\/830d4c57adaae6630765e449a6908047?s=96&d=mm&r=g\",\"caption\":\"admpu17wp\"}}]}<\/script>\n<!-- \/ Yoast SEO plugin. -->","yoast_head_json":{"title":"Mariana Diamanti : \u201cHay gente que est\u00e1 dando la vida en esto con una pasi\u00f3n admirable\u201d -","robots":{"index":"index","follow":"follow","max-snippet":"max-snippet:-1","max-image-preview":"max-image-preview:large","max-video-preview":"max-video-preview:-1"},"canonical":"https:\/\/experienciadevida.com.ar\/portalurbano\/mariana-diamanti-hay-gente-que-esta-dando-la-vida-en-esto-con-una-pasion-admirable\/","og_locale":"es_ES","og_type":"article","og_title":"Mariana Diamanti : \u201cHay gente que est\u00e1 dando la vida en esto con una pasi\u00f3n admirable\u201d -","og_description":"A mediados de marzo de este a\u00f1o, el intendente Ezequiel Galli decret\u00f3 la Emergencia Sanitaria...","og_url":"https:\/\/experienciadevida.com.ar\/portalurbano\/mariana-diamanti-hay-gente-que-esta-dando-la-vida-en-esto-con-una-pasion-admirable\/","article_publisher":"https:\/\/www.facebook.com\/Portal-Urbano-171542830093757\/","article_published_time":"2020-08-02T13:54:15+00:00","og_image":[{"width":750,"height":500,"url":"https:\/\/experienciadevida.com.ar\/portalurbano\/wp-content\/uploads\/2020\/08\/Salud-Equipo-Salud1.jpg","type":"image\/jpeg"}],"author":"admpu17wp","twitter_card":"summary_large_image","twitter_creator":"@portalurbanook","twitter_site":"@portalurbanook","twitter_misc":{"Escrito por":"admpu17wp","Tiempo de lectura":"5 minutos"},"schema":{"@context":"https:\/\/schema.org","@graph":[{"@type":"Article","@id":"https:\/\/experienciadevida.com.ar\/portalurbano\/mariana-diamanti-hay-gente-que-esta-dando-la-vida-en-esto-con-una-pasion-admirable\/#article","isPartOf":{"@id":"https:\/\/experienciadevida.com.ar\/portalurbano\/mariana-diamanti-hay-gente-que-esta-dando-la-vida-en-esto-con-una-pasion-admirable\/"},"author":{"name":"admpu17wp","@id":"https:\/\/experienciadevida.com.ar\/portalurbano\/#\/schema\/person\/02dd326b1c4b056e9cc972486934a3a7"},"headline":"Mariana Diamanti : \u201cHay gente que est\u00e1 dando la vida en esto con una pasi\u00f3n admirable\u201d","datePublished":"2020-08-02T13:54:15+00:00","dateModified":"2020-08-02T13:54:15+00:00","mainEntityOfPage":{"@id":"https:\/\/experienciadevida.com.ar\/portalurbano\/mariana-diamanti-hay-gente-que-esta-dando-la-vida-en-esto-con-una-pasion-admirable\/"},"wordCount":1095,"publisher":{"@id":"https:\/\/experienciadevida.com.ar\/portalurbano\/#organization"},"articleSection":["Ciudad","Destacadas 2"],"inLanguage":"es"},{"@type":"WebPage","@id":"https:\/\/experienciadevida.com.ar\/portalurbano\/mariana-diamanti-hay-gente-que-esta-dando-la-vida-en-esto-con-una-pasion-admirable\/","url":"https:\/\/experienciadevida.com.ar\/portalurbano\/mariana-diamanti-hay-gente-que-esta-dando-la-vida-en-esto-con-una-pasion-admirable\/","name":"Mariana Diamanti : \u201cHay gente que est\u00e1 dando la vida en esto con una pasi\u00f3n admirable\u201d -","isPartOf":{"@id":"https:\/\/experienciadevida.com.ar\/portalurbano\/#website"},"datePublished":"2020-08-02T13:54:15+00:00","dateModified":"2020-08-02T13:54:15+00:00","breadcrumb":{"@id":"https:\/\/experienciadevida.com.ar\/portalurbano\/mariana-diamanti-hay-gente-que-esta-dando-la-vida-en-esto-con-una-pasion-admirable\/#breadcrumb"},"inLanguage":"es","potentialAction":[{"@type":"ReadAction","target":["https:\/\/experienciadevida.com.ar\/portalurbano\/mariana-diamanti-hay-gente-que-esta-dando-la-vida-en-esto-con-una-pasion-admirable\/"]}]},{"@type":"BreadcrumbList","@id":"https:\/\/experienciadevida.com.ar\/portalurbano\/mariana-diamanti-hay-gente-que-esta-dando-la-vida-en-esto-con-una-pasion-admirable\/#breadcrumb","itemListElement":[{"@type":"ListItem","position":1,"name":"Portada","item":"https:\/\/experienciadevida.com.ar\/portalurbano\/"},{"@type":"ListItem","position":2,"name":"Mariana Diamanti : \u201cHay gente que est\u00e1 dando la vida en esto con una pasi\u00f3n admirable\u201d"}]},{"@type":"WebSite","@id":"https:\/\/experienciadevida.com.ar\/portalurbano\/#website","url":"https:\/\/experienciadevida.com.ar\/portalurbano\/","name":"","description":"","publisher":{"@id":"https:\/\/experienciadevida.com.ar\/portalurbano\/#organization"},"potentialAction":[{"@type":"SearchAction","target":{"@type":"EntryPoint","urlTemplate":"https:\/\/experienciadevida.com.ar\/portalurbano\/?s={search_term_string}"},"query-input":"required name=search_term_string"}],"inLanguage":"es"},{"@type":"Organization","@id":"https:\/\/experienciadevida.com.ar\/portalurbano\/#organization","name":"Portal Urbano","url":"https:\/\/experienciadevida.com.ar\/portalurbano\/","logo":{"@type":"ImageObject","inLanguage":"es","@id":"https:\/\/experienciadevida.com.ar\/portalurbano\/#\/schema\/logo\/image\/","url":"https:\/\/experienciadevida.com.ar\/portalurbano\/wp-content\/uploads\/2019\/09\/Logo-Original.png","contentUrl":"https:\/\/experienciadevida.com.ar\/portalurbano\/wp-content\/uploads\/2019\/09\/Logo-Original.png","width":2236,"height":1216,"caption":"Portal Urbano"},"image":{"@id":"https:\/\/experienciadevida.com.ar\/portalurbano\/#\/schema\/logo\/image\/"},"sameAs":["https:\/\/www.facebook.com\/Portal-Urbano-171542830093757\/","https:\/\/twitter.com\/portalurbanook","https:\/\/www.instagram.com\/_portalurbano\/","https:\/\/www.youtube.com\/channel\/UCXhagIfszH8KxFiOok79zbA?view_as=subscriber"]},{"@type":"Person","@id":"https:\/\/experienciadevida.com.ar\/portalurbano\/#\/schema\/person\/02dd326b1c4b056e9cc972486934a3a7","name":"admpu17wp","image":{"@type":"ImageObject","inLanguage":"es","@id":"https:\/\/experienciadevida.com.ar\/portalurbano\/#\/schema\/person\/image\/","url":"https:\/\/secure.gravatar.com\/avatar\/830d4c57adaae6630765e449a6908047?s=96&d=mm&r=g","contentUrl":"https:\/\/secure.gravatar.com\/avatar\/830d4c57adaae6630765e449a6908047?s=96&d=mm&r=g","caption":"admpu17wp"}}]}},"featured_image_urls":{"full":["https:\/\/experienciadevida.com.ar\/portalurbano\/wp-content\/uploads\/2020\/08\/Salud-Equipo-Salud1.jpg",750,500,false],"thumbnail":["https:\/\/experienciadevida.com.ar\/portalurbano\/wp-content\/uploads\/2020\/08\/Salud-Equipo-Salud1-150x150.jpg",150,150,true],"medium":["https:\/\/experienciadevida.com.ar\/portalurbano\/wp-content\/uploads\/2020\/08\/Salud-Equipo-Salud1-300x200.jpg",300,200,true],"medium_large":["https:\/\/experienciadevida.com.ar\/portalurbano\/wp-content\/uploads\/2020\/08\/Salud-Equipo-Salud1.jpg",640,427,false],"large":["https:\/\/experienciadevida.com.ar\/portalurbano\/wp-content\/uploads\/2020\/08\/Salud-Equipo-Salud1.jpg",640,427,false],"ug_big":["https:\/\/experienciadevida.com.ar\/portalurbano\/wp-content\/uploads\/2020\/08\/Salud-Equipo-Salud1.jpg",750,500,false],"1536x1536":["https:\/\/experienciadevida.com.ar\/portalurbano\/wp-content\/uploads\/2020\/08\/Salud-Equipo-Salud1.jpg",750,500,false],"2048x2048":["https:\/\/experienciadevida.com.ar\/portalurbano\/wp-content\/uploads\/2020\/08\/Salud-Equipo-Salud1.jpg",750,500,false],"newsever-slider-full":["https:\/\/experienciadevida.com.ar\/portalurbano\/wp-content\/uploads\/2020\/08\/Salud-Equipo-Salud1.jpg",750,500,false],"newsever-featured":["https:\/\/experienciadevida.com.ar\/portalurbano\/wp-content\/uploads\/2020\/08\/Salud-Equipo-Salud1.jpg",750,500,false],"newsever-medium":["https:\/\/experienciadevida.com.ar\/portalurbano\/wp-content\/uploads\/2020\/08\/Salud-Equipo-Salud1.jpg",713,475,false],"web-stories-poster-portrait":["https:\/\/experienciadevida.com.ar\/portalurbano\/wp-content\/uploads\/2020\/08\/Salud-Equipo-Salud1.jpg",640,427,false],"web-stories-publisher-logo":["https:\/\/experienciadevida.com.ar\/portalurbano\/wp-content\/uploads\/2020\/08\/Salud-Equipo-Salud1.jpg",96,64,false],"web-stories-thumbnail":["https:\/\/experienciadevida.com.ar\/portalurbano\/wp-content\/uploads\/2020\/08\/Salud-Equipo-Salud1.jpg",150,100,false]},"author_info":{"display_name":"admpu17wp","author_link":"https:\/\/experienciadevida.com.ar\/portalurbano\/author\/admpu17wp\/"},"category_info":"<a href=\"https:\/\/experienciadevida.com.ar\/portalurbano\/category\/ciudad\/\" rel=\"category tag\">Ciudad<\/a> <a href=\"https:\/\/experienciadevida.com.ar\/portalurbano\/category\/destacadas-2\/\" rel=\"category tag\">Destacadas 2<\/a>","tag_info":"Destacadas 2","comment_count":"0","amp_enabled":true,"_links":{"self":[{"href":"https:\/\/experienciadevida.com.ar\/portalurbano\/wp-json\/wp\/v2\/posts\/116660"}],"collection":[{"href":"https:\/\/experienciadevida.com.ar\/portalurbano\/wp-json\/wp\/v2\/posts"}],"about":[{"href":"https:\/\/experienciadevida.com.ar\/portalurbano\/wp-json\/wp\/v2\/types\/post"}],"author":[{"embeddable":true,"href":"https:\/\/experienciadevida.com.ar\/portalurbano\/wp-json\/wp\/v2\/users\/1"}],"replies":[{"embeddable":true,"href":"https:\/\/experienciadevida.com.ar\/portalurbano\/wp-json\/wp\/v2\/comments?post=116660"}],"version-history":[{"count":1,"href":"https:\/\/experienciadevida.com.ar\/portalurbano\/wp-json\/wp\/v2\/posts\/116660\/revisions"}],"predecessor-version":[{"id":116676,"href":"https:\/\/experienciadevida.com.ar\/portalurbano\/wp-json\/wp\/v2\/posts\/116660\/revisions\/116676"}],"wp:featuredmedia":[{"embeddable":true,"href":"https:\/\/experienciadevida.com.ar\/portalurbano\/wp-json\/wp\/v2\/media\/116669"}],"wp:attachment":[{"href":"https:\/\/experienciadevida.com.ar\/portalurbano\/wp-json\/wp\/v2\/media?parent=116660"}],"wp:term":[{"taxonomy":"category","embeddable":true,"href":"https:\/\/experienciadevida.com.ar\/portalurbano\/wp-json\/wp\/v2\/categories?post=116660"},{"taxonomy":"post_tag","embeddable":true,"href":"https:\/\/experienciadevida.com.ar\/portalurbano\/wp-json\/wp\/v2\/tags?post=116660"}],"curies":[{"name":"wp","href":"https:\/\/api.w.org\/{rel}","templated":true}]}}