{"id":116657,"date":"2020-08-02T10:44:30","date_gmt":"2020-08-02T13:44:30","guid":{"rendered":"https:\/\/experienciadevida.com.ar\/portalurbano\/?p=116657"},"modified":"2020-08-02T10:44:30","modified_gmt":"2020-08-02T13:44:30","slug":"agustina-marino-la-respuesta-que-tuvimos-nos-anima-a-pensar-mas-propuestas-para-este-contexto","status":"publish","type":"post","link":"https:\/\/experienciadevida.com.ar\/portalurbano\/agustina-marino-la-respuesta-que-tuvimos-nos-anima-a-pensar-mas-propuestas-para-este-contexto\/","title":{"rendered":"Agustina Marino: \u201cLa respuesta que tuvimos nos anima a pensar m\u00e1s propuestas para este contexto\u201d"},"content":{"rendered":"<p>En las \u00faltimas dos semanas, unos 6000 chicos y chicas interactuaron con la propuesta de vacaciones de invierno impulsada desde la Secretar\u00eda de Desarrollo Humano y Calidad de Vida del Municipio.<\/p>\n<p>En el marco de la Emergencia Sanitaria y el aislamiento social preventivo y obligatorio, desde las \u00e1reas de Cultura y Deportes se desarrollaron una gran variedad de actividades que tuvieron como destinatarias a todas las familias del Partido que quisieran participar a trav\u00e9s de Facebook e Instagram.<\/p>\n<p>Fue as\u00ed que en las redes sociales del Museo D\u00e1maso Arce, Museo de las Ciencias, Centro Cultural Municipal San Jos\u00e9, Museo Hermanos Emiliozzi (en el que se desarroll\u00f3 una propuesta de Seguridad Vial en conjunto con profesores y estudiantes de EEST N\u00b01 \u201cRen\u00e9 Favaloro\u201d y EEST N\u00b02 \u201cLuciano Fortabat\u201d), Bioparque Municipal \u201cLa M\u00e1xima, Subsecretar\u00eda de Cultura y Educaci\u00f3n y Subsecretar\u00eda de Deportes y Recreaci\u00f3n, se llevaron a cabo diferentes actividades pensadas para este receso invernal.<\/p>\n<p><em>\u201cLa programaci\u00f3n de vacaciones de invierno, en este a\u00f1o tan particular, fue prevista de manera virtual para generar una comunicaci\u00f3n y una interacci\u00f3n con el p\u00fablico, que pudiera acompa\u00f1ar a los chicos fundamentalmente en estas dos semanas. Las propuestas fueron diversas: principalmente desde los Museos y Centros Culturales se prepararon talleres que tuvieron que ver con la ciencia, experimentos, diferentes pr\u00e1cticas art\u00edsticas, historias que surg\u00edan a trav\u00e9s de personajes, visitas guiadas virtuales y tambi\u00e9n algunos soportes exportables, es decir archivos que se pod\u00edan descargar y trabajar o jugar en familia\u201d,<\/em>\u00a0explic\u00f3 la subsecretaria de Cultura y Educaci\u00f3n Agustina Marino.<\/p>\n<p>En este sentido indic\u00f3 que\u00a0<em>\u201cquisimos que en estas vacaciones -que nos encontraron en nuestras casas- se pudieran hacer diferentes actividades para compartir con toda la familia, siempre vinculadas al hecho art\u00edstico en sus m\u00e1s variadas expresiones: hemos contado con videos a cargo de profesores de las Escuelas Municipales, en los que nos han acercado m\u00fasica y baile o se han contado cuentos de manera virtual, para de esa manera sentirnos m\u00e1s cerca\u201d.<\/em><\/p>\n<p>Las actividades estuvieron destinadas para chicos y chicas entre los 5 y 14 a\u00f1os. Los m\u00e1s chiquitos requirieron siempre del acompa\u00f1amiento familiar, principalmente para una ayuda en cuanto a la lectura de la actividad. La Subsecretaria de Cultura y Educaci\u00f3n revel\u00f3 que\u00a0<em>\u201cnotamos que chicos de 15 y 16 a\u00f1os se sumaron tambi\u00e9n, principalmente con los experimentos del Museo de las Ciencias\u201d.<\/em><\/p>\n<p><em>\u201cSiempre la idea de acompa\u00f1ar desde el \u00e1rea de cultura estas vacaciones y este tiempo libre, fue con el intento de generar contenido cultural y educativo, entendiendo que este es un momento particular, donde los chicos fundamentalmente necesitan distraerse y el objetivo estaba puesto ah\u00ed: generar peque\u00f1as propuestas que pudieran en los chicos encontrar una alternativa para estas dos semanas\u201d,<\/em>\u00a0agreg\u00f3.<\/p>\n<p>En cuanto a la respuesta que gener\u00f3 esta propuesta \u201cinnovadora\u201d, distinta a la de todos los a\u00f1os y acorde al contexto que atraviesa al mundo, Marino reconoci\u00f3 que\u00a0<em>\u201ctuvimos mucha interactividad, en redes fundamentalmente. Hemos recibido muchas consultas a los mails, solicitando informaci\u00f3n, material, hemos tenido muchas visitas en los diferentes videos. Esto reafirma el compromiso y las ganas que tiene la gente de poder hacer y conocer las diferentes propuestas que se generan desde los Museos, el Centro Cultural, las Escuelas Municipales y nos anima much\u00edsimo a seguir pensando en este contexto, porque ojal\u00e1 sea pronta la vuelta para ir generando nuevas propuestas y entendiendo que el trabajo virtual va a ser lo pr\u00f3ximo que se viene\u201d.<\/em><\/p>\n<p><em>\u201cEstamos todos dentro de un proceso de aprendizaje que pusimos en pr\u00e1ctica en estas vacaciones de invierno y que realmente estamos muy contentos con los resultados. De continuar el aislamiento social, preventivo y obligatorio, estamos trabajando en generar propuestas de calidad cultural y educativa para amoldar nuestro calendario de eventos y actividades y acompa\u00f1ar a todos los vecinos\u201d,\u00a0<\/em>concluy\u00f3.<\/p>\n<p>Foto: Archivo<\/p>\n","protected":false},"excerpt":{"rendered":"<p>En las \u00faltimas dos semanas, unos 6000 chicos y chicas interactuaron con la propuesta de&#8230;<\/p>\n","protected":false},"author":1,"featured_media":116658,"comment_status":"closed","ping_status":"closed","sticky":false,"template":"","format":"standard","meta":{"content-type":""},"categories":[27,51],"tags":[],"nelio_content":{"isAutoShareEnabled":false,"autoShareEndMode":"default","automationSources":{"useContentSentences":true,"useSocialTemplates":true,"useCustomSentences":false,"customSentences":[]},"followers":[1],"suggestedReferences":[],"includedReferences":[],"efiUrl":"","efiAlt":"","highlights":[]},"yoast_head":"<!-- This site is optimized with the Yoast SEO plugin v20.7 - https:\/\/yoast.com\/wordpress\/plugins\/seo\/ -->\n<title>Agustina Marino: \u201cLa respuesta que tuvimos nos anima a pensar m\u00e1s propuestas para este contexto\u201d -<\/title>\n<meta name=\"robots\" content=\"index, follow, max-snippet:-1, max-image-preview:large, max-video-preview:-1\" \/>\n<link rel=\"canonical\" href=\"https:\/\/experienciadevida.com.ar\/portalurbano\/agustina-marino-la-respuesta-que-tuvimos-nos-anima-a-pensar-mas-propuestas-para-este-contexto\/\" \/>\n<meta property=\"og:locale\" content=\"es_ES\" \/>\n<meta property=\"og:type\" content=\"article\" \/>\n<meta property=\"og:title\" content=\"Agustina Marino: \u201cLa respuesta que tuvimos nos anima a pensar m\u00e1s propuestas para este contexto\u201d -\" \/>\n<meta property=\"og:description\" content=\"En las \u00faltimas dos semanas, unos 6000 chicos y chicas interactuaron con la propuesta de...\" \/>\n<meta property=\"og:url\" content=\"https:\/\/experienciadevida.com.ar\/portalurbano\/agustina-marino-la-respuesta-que-tuvimos-nos-anima-a-pensar-mas-propuestas-para-este-contexto\/\" \/>\n<meta property=\"article:publisher\" content=\"https:\/\/www.facebook.com\/Portal-Urbano-171542830093757\/\" \/>\n<meta property=\"article:published_time\" content=\"2020-08-02T13:44:30+00:00\" \/>\n<meta property=\"og:image\" content=\"https:\/\/experienciadevida.com.ar\/portalurbano\/wp-content\/uploads\/2020\/08\/Cultura-Conf.-Prensa-D\u00eda-del-Ni\u00f1o-2-1024x683-1-e1596375837622.jpg\" \/>\n\t<meta property=\"og:image:width\" content=\"750\" \/>\n\t<meta property=\"og:image:height\" content=\"500\" \/>\n\t<meta property=\"og:image:type\" content=\"image\/jpeg\" \/>\n<meta name=\"author\" content=\"admpu17wp\" \/>\n<meta name=\"twitter:card\" content=\"summary_large_image\" \/>\n<meta name=\"twitter:creator\" content=\"@portalurbanook\" \/>\n<meta name=\"twitter:site\" content=\"@portalurbanook\" \/>\n<meta name=\"twitter:label1\" content=\"Escrito por\" \/>\n\t<meta name=\"twitter:data1\" content=\"admpu17wp\" \/>\n\t<meta name=\"twitter:label2\" content=\"Tiempo de lectura\" \/>\n\t<meta name=\"twitter:data2\" content=\"3 minutos\" \/>\n<script type=\"application\/ld+json\" class=\"yoast-schema-graph\">{\"@context\":\"https:\/\/schema.org\",\"@graph\":[{\"@type\":\"Article\",\"@id\":\"https:\/\/experienciadevida.com.ar\/portalurbano\/agustina-marino-la-respuesta-que-tuvimos-nos-anima-a-pensar-mas-propuestas-para-este-contexto\/#article\",\"isPartOf\":{\"@id\":\"https:\/\/experienciadevida.com.ar\/portalurbano\/agustina-marino-la-respuesta-que-tuvimos-nos-anima-a-pensar-mas-propuestas-para-este-contexto\/\"},\"author\":{\"name\":\"admpu17wp\",\"@id\":\"https:\/\/experienciadevida.com.ar\/portalurbano\/#\/schema\/person\/02dd326b1c4b056e9cc972486934a3a7\"},\"headline\":\"Agustina Marino: \u201cLa respuesta que tuvimos nos anima a pensar m\u00e1s propuestas para este contexto\u201d\",\"datePublished\":\"2020-08-02T13:44:30+00:00\",\"dateModified\":\"2020-08-02T13:44:30+00:00\",\"mainEntityOfPage\":{\"@id\":\"https:\/\/experienciadevida.com.ar\/portalurbano\/agustina-marino-la-respuesta-que-tuvimos-nos-anima-a-pensar-mas-propuestas-para-este-contexto\/\"},\"wordCount\":677,\"publisher\":{\"@id\":\"https:\/\/experienciadevida.com.ar\/portalurbano\/#organization\"},\"articleSection\":[\"Ciudad\",\"Destacadas\"],\"inLanguage\":\"es\"},{\"@type\":\"WebPage\",\"@id\":\"https:\/\/experienciadevida.com.ar\/portalurbano\/agustina-marino-la-respuesta-que-tuvimos-nos-anima-a-pensar-mas-propuestas-para-este-contexto\/\",\"url\":\"https:\/\/experienciadevida.com.ar\/portalurbano\/agustina-marino-la-respuesta-que-tuvimos-nos-anima-a-pensar-mas-propuestas-para-este-contexto\/\",\"name\":\"Agustina Marino: \u201cLa respuesta que tuvimos nos anima a pensar m\u00e1s propuestas para este contexto\u201d -\",\"isPartOf\":{\"@id\":\"https:\/\/experienciadevida.com.ar\/portalurbano\/#website\"},\"datePublished\":\"2020-08-02T13:44:30+00:00\",\"dateModified\":\"2020-08-02T13:44:30+00:00\",\"breadcrumb\":{\"@id\":\"https:\/\/experienciadevida.com.ar\/portalurbano\/agustina-marino-la-respuesta-que-tuvimos-nos-anima-a-pensar-mas-propuestas-para-este-contexto\/#breadcrumb\"},\"inLanguage\":\"es\",\"potentialAction\":[{\"@type\":\"ReadAction\",\"target\":[\"https:\/\/experienciadevida.com.ar\/portalurbano\/agustina-marino-la-respuesta-que-tuvimos-nos-anima-a-pensar-mas-propuestas-para-este-contexto\/\"]}]},{\"@type\":\"BreadcrumbList\",\"@id\":\"https:\/\/experienciadevida.com.ar\/portalurbano\/agustina-marino-la-respuesta-que-tuvimos-nos-anima-a-pensar-mas-propuestas-para-este-contexto\/#breadcrumb\",\"itemListElement\":[{\"@type\":\"ListItem\",\"position\":1,\"name\":\"Portada\",\"item\":\"https:\/\/experienciadevida.com.ar\/portalurbano\/\"},{\"@type\":\"ListItem\",\"position\":2,\"name\":\"Agustina Marino: \u201cLa respuesta que tuvimos nos anima a pensar m\u00e1s propuestas para este contexto\u201d\"}]},{\"@type\":\"WebSite\",\"@id\":\"https:\/\/experienciadevida.com.ar\/portalurbano\/#website\",\"url\":\"https:\/\/experienciadevida.com.ar\/portalurbano\/\",\"name\":\"\",\"description\":\"\",\"publisher\":{\"@id\":\"https:\/\/experienciadevida.com.ar\/portalurbano\/#organization\"},\"potentialAction\":[{\"@type\":\"SearchAction\",\"target\":{\"@type\":\"EntryPoint\",\"urlTemplate\":\"https:\/\/experienciadevida.com.ar\/portalurbano\/?s={search_term_string}\"},\"query-input\":\"required name=search_term_string\"}],\"inLanguage\":\"es\"},{\"@type\":\"Organization\",\"@id\":\"https:\/\/experienciadevida.com.ar\/portalurbano\/#organization\",\"name\":\"Portal Urbano\",\"url\":\"https:\/\/experienciadevida.com.ar\/portalurbano\/\",\"logo\":{\"@type\":\"ImageObject\",\"inLanguage\":\"es\",\"@id\":\"https:\/\/experienciadevida.com.ar\/portalurbano\/#\/schema\/logo\/image\/\",\"url\":\"https:\/\/experienciadevida.com.ar\/portalurbano\/wp-content\/uploads\/2019\/09\/Logo-Original.png\",\"contentUrl\":\"https:\/\/experienciadevida.com.ar\/portalurbano\/wp-content\/uploads\/2019\/09\/Logo-Original.png\",\"width\":2236,\"height\":1216,\"caption\":\"Portal Urbano\"},\"image\":{\"@id\":\"https:\/\/experienciadevida.com.ar\/portalurbano\/#\/schema\/logo\/image\/\"},\"sameAs\":[\"https:\/\/www.facebook.com\/Portal-Urbano-171542830093757\/\",\"https:\/\/twitter.com\/portalurbanook\",\"https:\/\/www.instagram.com\/_portalurbano\/\",\"https:\/\/www.youtube.com\/channel\/UCXhagIfszH8KxFiOok79zbA?view_as=subscriber\"]},{\"@type\":\"Person\",\"@id\":\"https:\/\/experienciadevida.com.ar\/portalurbano\/#\/schema\/person\/02dd326b1c4b056e9cc972486934a3a7\",\"name\":\"admpu17wp\",\"image\":{\"@type\":\"ImageObject\",\"inLanguage\":\"es\",\"@id\":\"https:\/\/experienciadevida.com.ar\/portalurbano\/#\/schema\/person\/image\/\",\"url\":\"https:\/\/secure.gravatar.com\/avatar\/830d4c57adaae6630765e449a6908047?s=96&d=mm&r=g\",\"contentUrl\":\"https:\/\/secure.gravatar.com\/avatar\/830d4c57adaae6630765e449a6908047?s=96&d=mm&r=g\",\"caption\":\"admpu17wp\"}}]}<\/script>\n<!-- \/ Yoast SEO plugin. -->","yoast_head_json":{"title":"Agustina Marino: \u201cLa respuesta que tuvimos nos anima a pensar m\u00e1s propuestas para este contexto\u201d -","robots":{"index":"index","follow":"follow","max-snippet":"max-snippet:-1","max-image-preview":"max-image-preview:large","max-video-preview":"max-video-preview:-1"},"canonical":"https:\/\/experienciadevida.com.ar\/portalurbano\/agustina-marino-la-respuesta-que-tuvimos-nos-anima-a-pensar-mas-propuestas-para-este-contexto\/","og_locale":"es_ES","og_type":"article","og_title":"Agustina Marino: \u201cLa respuesta que tuvimos nos anima a pensar m\u00e1s propuestas para este contexto\u201d -","og_description":"En las \u00faltimas dos semanas, unos 6000 chicos y chicas interactuaron con la propuesta de...","og_url":"https:\/\/experienciadevida.com.ar\/portalurbano\/agustina-marino-la-respuesta-que-tuvimos-nos-anima-a-pensar-mas-propuestas-para-este-contexto\/","article_publisher":"https:\/\/www.facebook.com\/Portal-Urbano-171542830093757\/","article_published_time":"2020-08-02T13:44:30+00:00","og_image":[{"width":750,"height":500,"url":"https:\/\/experienciadevida.com.ar\/portalurbano\/wp-content\/uploads\/2020\/08\/Cultura-Conf.-Prensa-D\u00eda-del-Ni\u00f1o-2-1024x683-1-e1596375837622.jpg","type":"image\/jpeg"}],"author":"admpu17wp","twitter_card":"summary_large_image","twitter_creator":"@portalurbanook","twitter_site":"@portalurbanook","twitter_misc":{"Escrito por":"admpu17wp","Tiempo de lectura":"3 minutos"},"schema":{"@context":"https:\/\/schema.org","@graph":[{"@type":"Article","@id":"https:\/\/experienciadevida.com.ar\/portalurbano\/agustina-marino-la-respuesta-que-tuvimos-nos-anima-a-pensar-mas-propuestas-para-este-contexto\/#article","isPartOf":{"@id":"https:\/\/experienciadevida.com.ar\/portalurbano\/agustina-marino-la-respuesta-que-tuvimos-nos-anima-a-pensar-mas-propuestas-para-este-contexto\/"},"author":{"name":"admpu17wp","@id":"https:\/\/experienciadevida.com.ar\/portalurbano\/#\/schema\/person\/02dd326b1c4b056e9cc972486934a3a7"},"headline":"Agustina Marino: \u201cLa respuesta que tuvimos nos anima a pensar m\u00e1s propuestas para este contexto\u201d","datePublished":"2020-08-02T13:44:30+00:00","dateModified":"2020-08-02T13:44:30+00:00","mainEntityOfPage":{"@id":"https:\/\/experienciadevida.com.ar\/portalurbano\/agustina-marino-la-respuesta-que-tuvimos-nos-anima-a-pensar-mas-propuestas-para-este-contexto\/"},"wordCount":677,"publisher":{"@id":"https:\/\/experienciadevida.com.ar\/portalurbano\/#organization"},"articleSection":["Ciudad","Destacadas"],"inLanguage":"es"},{"@type":"WebPage","@id":"https:\/\/experienciadevida.com.ar\/portalurbano\/agustina-marino-la-respuesta-que-tuvimos-nos-anima-a-pensar-mas-propuestas-para-este-contexto\/","url":"https:\/\/experienciadevida.com.ar\/portalurbano\/agustina-marino-la-respuesta-que-tuvimos-nos-anima-a-pensar-mas-propuestas-para-este-contexto\/","name":"Agustina Marino: \u201cLa respuesta que tuvimos nos anima a pensar m\u00e1s propuestas para este contexto\u201d -","isPartOf":{"@id":"https:\/\/experienciadevida.com.ar\/portalurbano\/#website"},"datePublished":"2020-08-02T13:44:30+00:00","dateModified":"2020-08-02T13:44:30+00:00","breadcrumb":{"@id":"https:\/\/experienciadevida.com.ar\/portalurbano\/agustina-marino-la-respuesta-que-tuvimos-nos-anima-a-pensar-mas-propuestas-para-este-contexto\/#breadcrumb"},"inLanguage":"es","potentialAction":[{"@type":"ReadAction","target":["https:\/\/experienciadevida.com.ar\/portalurbano\/agustina-marino-la-respuesta-que-tuvimos-nos-anima-a-pensar-mas-propuestas-para-este-contexto\/"]}]},{"@type":"BreadcrumbList","@id":"https:\/\/experienciadevida.com.ar\/portalurbano\/agustina-marino-la-respuesta-que-tuvimos-nos-anima-a-pensar-mas-propuestas-para-este-contexto\/#breadcrumb","itemListElement":[{"@type":"ListItem","position":1,"name":"Portada","item":"https:\/\/experienciadevida.com.ar\/portalurbano\/"},{"@type":"ListItem","position":2,"name":"Agustina Marino: \u201cLa respuesta que tuvimos nos anima a pensar m\u00e1s propuestas para este contexto\u201d"}]},{"@type":"WebSite","@id":"https:\/\/experienciadevida.com.ar\/portalurbano\/#website","url":"https:\/\/experienciadevida.com.ar\/portalurbano\/","name":"","description":"","publisher":{"@id":"https:\/\/experienciadevida.com.ar\/portalurbano\/#organization"},"potentialAction":[{"@type":"SearchAction","target":{"@type":"EntryPoint","urlTemplate":"https:\/\/experienciadevida.com.ar\/portalurbano\/?s={search_term_string}"},"query-input":"required name=search_term_string"}],"inLanguage":"es"},{"@type":"Organization","@id":"https:\/\/experienciadevida.com.ar\/portalurbano\/#organization","name":"Portal Urbano","url":"https:\/\/experienciadevida.com.ar\/portalurbano\/","logo":{"@type":"ImageObject","inLanguage":"es","@id":"https:\/\/experienciadevida.com.ar\/portalurbano\/#\/schema\/logo\/image\/","url":"https:\/\/experienciadevida.com.ar\/portalurbano\/wp-content\/uploads\/2019\/09\/Logo-Original.png","contentUrl":"https:\/\/experienciadevida.com.ar\/portalurbano\/wp-content\/uploads\/2019\/09\/Logo-Original.png","width":2236,"height":1216,"caption":"Portal Urbano"},"image":{"@id":"https:\/\/experienciadevida.com.ar\/portalurbano\/#\/schema\/logo\/image\/"},"sameAs":["https:\/\/www.facebook.com\/Portal-Urbano-171542830093757\/","https:\/\/twitter.com\/portalurbanook","https:\/\/www.instagram.com\/_portalurbano\/","https:\/\/www.youtube.com\/channel\/UCXhagIfszH8KxFiOok79zbA?view_as=subscriber"]},{"@type":"Person","@id":"https:\/\/experienciadevida.com.ar\/portalurbano\/#\/schema\/person\/02dd326b1c4b056e9cc972486934a3a7","name":"admpu17wp","image":{"@type":"ImageObject","inLanguage":"es","@id":"https:\/\/experienciadevida.com.ar\/portalurbano\/#\/schema\/person\/image\/","url":"https:\/\/secure.gravatar.com\/avatar\/830d4c57adaae6630765e449a6908047?s=96&d=mm&r=g","contentUrl":"https:\/\/secure.gravatar.com\/avatar\/830d4c57adaae6630765e449a6908047?s=96&d=mm&r=g","caption":"admpu17wp"}}]}},"featured_image_urls":{"full":["https:\/\/experienciadevida.com.ar\/portalurbano\/wp-content\/uploads\/2020\/08\/Cultura-Conf.-Prensa-D\u00eda-del-Ni\u00f1o-2-1024x683-1-e1596375837622.jpg",750,500,false],"thumbnail":["https:\/\/experienciadevida.com.ar\/portalurbano\/wp-content\/uploads\/2020\/08\/Cultura-Conf.-Prensa-D\u00eda-del-Ni\u00f1o-2-1024x683-1-150x150.jpg",150,150,true],"medium":["https:\/\/experienciadevida.com.ar\/portalurbano\/wp-content\/uploads\/2020\/08\/Cultura-Conf.-Prensa-D\u00eda-del-Ni\u00f1o-2-1024x683-1-300x200.jpg",300,200,true],"medium_large":["https:\/\/experienciadevida.com.ar\/portalurbano\/wp-content\/uploads\/2020\/08\/Cultura-Conf.-Prensa-D\u00eda-del-Ni\u00f1o-2-1024x683-1-768x512.jpg",640,427,true],"large":["https:\/\/experienciadevida.com.ar\/portalurbano\/wp-content\/uploads\/2020\/08\/Cultura-Conf.-Prensa-D\u00eda-del-Ni\u00f1o-2-1024x683-1-e1596375837622.jpg",640,427,false],"ug_big":["https:\/\/experienciadevida.com.ar\/portalurbano\/wp-content\/uploads\/2020\/08\/Cultura-Conf.-Prensa-D\u00eda-del-Ni\u00f1o-2-1024x683-1-768x512.jpg",768,512,true],"1536x1536":["https:\/\/experienciadevida.com.ar\/portalurbano\/wp-content\/uploads\/2020\/08\/Cultura-Conf.-Prensa-D\u00eda-del-Ni\u00f1o-2-1024x683-1-e1596375837622.jpg",750,500,false],"2048x2048":["https:\/\/experienciadevida.com.ar\/portalurbano\/wp-content\/uploads\/2020\/08\/Cultura-Conf.-Prensa-D\u00eda-del-Ni\u00f1o-2-1024x683-1-e1596375837622.jpg",750,500,false],"newsever-slider-full":["https:\/\/experienciadevida.com.ar\/portalurbano\/wp-content\/uploads\/2020\/08\/Cultura-Conf.-Prensa-D\u00eda-del-Ni\u00f1o-2-1024x683-1-e1596375837622.jpg",750,500,false],"newsever-featured":["https:\/\/experienciadevida.com.ar\/portalurbano\/wp-content\/uploads\/2020\/08\/Cultura-Conf.-Prensa-D\u00eda-del-Ni\u00f1o-2-1024x683-1-e1596375837622.jpg",750,500,false],"newsever-medium":["https:\/\/experienciadevida.com.ar\/portalurbano\/wp-content\/uploads\/2020\/08\/Cultura-Conf.-Prensa-D\u00eda-del-Ni\u00f1o-2-1024x683-1-e1596375837622.jpg",713,475,false],"web-stories-poster-portrait":["https:\/\/experienciadevida.com.ar\/portalurbano\/wp-content\/uploads\/2020\/08\/Cultura-Conf.-Prensa-D\u00eda-del-Ni\u00f1o-2-1024x683-1-e1596375837622.jpg",640,427,false],"web-stories-publisher-logo":["https:\/\/experienciadevida.com.ar\/portalurbano\/wp-content\/uploads\/2020\/08\/Cultura-Conf.-Prensa-D\u00eda-del-Ni\u00f1o-2-1024x683-1-e1596375837622.jpg",96,64,false],"web-stories-thumbnail":["https:\/\/experienciadevida.com.ar\/portalurbano\/wp-content\/uploads\/2020\/08\/Cultura-Conf.-Prensa-D\u00eda-del-Ni\u00f1o-2-1024x683-1-e1596375837622.jpg",150,100,false]},"author_info":{"display_name":"admpu17wp","author_link":"https:\/\/experienciadevida.com.ar\/portalurbano\/author\/admpu17wp\/"},"category_info":"<a href=\"https:\/\/experienciadevida.com.ar\/portalurbano\/category\/ciudad\/\" rel=\"category tag\">Ciudad<\/a> <a href=\"https:\/\/experienciadevida.com.ar\/portalurbano\/category\/destacadas\/\" rel=\"category tag\">Destacadas<\/a>","tag_info":"Destacadas","comment_count":"0","amp_enabled":true,"_links":{"self":[{"href":"https:\/\/experienciadevida.com.ar\/portalurbano\/wp-json\/wp\/v2\/posts\/116657"}],"collection":[{"href":"https:\/\/experienciadevida.com.ar\/portalurbano\/wp-json\/wp\/v2\/posts"}],"about":[{"href":"https:\/\/experienciadevida.com.ar\/portalurbano\/wp-json\/wp\/v2\/types\/post"}],"author":[{"embeddable":true,"href":"https:\/\/experienciadevida.com.ar\/portalurbano\/wp-json\/wp\/v2\/users\/1"}],"replies":[{"embeddable":true,"href":"https:\/\/experienciadevida.com.ar\/portalurbano\/wp-json\/wp\/v2\/comments?post=116657"}],"version-history":[{"count":1,"href":"https:\/\/experienciadevida.com.ar\/portalurbano\/wp-json\/wp\/v2\/posts\/116657\/revisions"}],"predecessor-version":[{"id":116659,"href":"https:\/\/experienciadevida.com.ar\/portalurbano\/wp-json\/wp\/v2\/posts\/116657\/revisions\/116659"}],"wp:featuredmedia":[{"embeddable":true,"href":"https:\/\/experienciadevida.com.ar\/portalurbano\/wp-json\/wp\/v2\/media\/116658"}],"wp:attachment":[{"href":"https:\/\/experienciadevida.com.ar\/portalurbano\/wp-json\/wp\/v2\/media?parent=116657"}],"wp:term":[{"taxonomy":"category","embeddable":true,"href":"https:\/\/experienciadevida.com.ar\/portalurbano\/wp-json\/wp\/v2\/categories?post=116657"},{"taxonomy":"post_tag","embeddable":true,"href":"https:\/\/experienciadevida.com.ar\/portalurbano\/wp-json\/wp\/v2\/tags?post=116657"}],"curies":[{"name":"wp","href":"https:\/\/api.w.org\/{rel}","templated":true}]}}