{"id":116623,"date":"2020-08-01T17:54:20","date_gmt":"2020-08-01T20:54:20","guid":{"rendered":"https:\/\/experienciadevida.com.ar\/portalurbano\/?p=116623"},"modified":"2020-08-01T17:54:57","modified_gmt":"2020-08-01T20:54:57","slug":"desesperado-pedido-de-los-intendentes-del-interior-a-los-vecinos","status":"publish","type":"post","link":"https:\/\/experienciadevida.com.ar\/portalurbano\/desesperado-pedido-de-los-intendentes-del-interior-a-los-vecinos\/","title":{"rendered":"Desesperado pedido de los intendentes del interior a los vecinos"},"content":{"rendered":"<h2 class=\"fz16 bold ctext\">Con varias actividades habilitadas, los intendentes del interior ven con preocupaci\u00f3n la relajaci\u00f3n de las medidas sanitarias por parte de los vecinos y piden m\u00e1s responsabilidad ante el temor de brotes que los obliguen a un aislamiento m\u00e1s estricto.<\/h2>\n<hr \/>\n<p>Ezequiel Galli, es uno de los que sali\u00f3 a pedir por favor a los vecinos que respeten los protocolos. Galli tuvo un fuerte cruce con la provincia a fines de mayo y principios de junio, cuando desafi\u00f3 al gobierno de Axel Kicillof para que habilite la actividad comercial en su distrito.&#8221;\u00bfHasta cu\u00e1ndo vamos a seguir as\u00ed?&#8221;, cuestionaba en aquel momento, justo cuando sufri\u00f3 un brote de m\u00e1s de cien positivos que lo oblig\u00f3 a endurecer la cuarentena.<\/p>\n<p>Un mes m\u00e1s tarde, y con el foco de contagios bajo control, desde el municipio pidieron nuevamente la reactivaci\u00f3n. &#8220;Es una necesidad por razones de salud y\/o econ\u00f3micas. Lamentablemente, el sistema de fases que impone el gobierno provincial impide eso&#8221;, se quej\u00f3 el secretario de Desarrollo Humano y Calidad de Vida, Diego Robbiani. Entonces, el que contest\u00f3 fue el jefe de Gabinete provincial, Carlos Bianco: &#8220;La \u00faltima vez que nos quisieron dar lecci\u00f3n de c\u00f3mo cuidar a los y las bonaerenses, terminaron con un terrible brote de casos y llam\u00e1ndonos pidiendo auxilio&#8221;.<\/p>\n<p>Olavarr\u00eda est\u00e1 a un paso de la fase 5, que significar\u00eda no s\u00f3lo el alivio para los vecinos sino tambi\u00e9n la necesidad de reactivaci\u00f3n comercial para el municipio, necesitado de forma urgente de los ingresos tributarios: El d\u00e9ficit municipal en 2019 fue de $354.650.773. Galli lo sabe y por eso ret\u00f3 a los vecinos cuando salieron ayer a disfrutar del aire libre.&#8221;Hoy nuestros parques y plazas estuvieron repletos de vecinos. Muchos de ellos cumpliendo con los protocolos establecidos, pero nuevamente varios de ellos incumpliendo con las normas que establecimos para cuidarnos entre todos&#8221;, se\u00f1al\u00f3 a trav\u00e9s de las redes sociales y cont\u00f3 que establecer\u00e1 un operativo especial durante el fin de semana con fuertes sanciones para los que incumplan las normas.<\/p>\n<p>La localidad vecina de Azul est\u00e1 en una situaci\u00f3n similar. Con un d\u00e9ficit de $ 161.871.054 en 2019, y la ca\u00edda de la recaudaci\u00f3n por la pandemia, la situaci\u00f3n es cr\u00edtica. Recientemente, el intendente Hern\u00e1n Bertellys anunci\u00f3 la &#8220;fase 4 ampliada&#8221;, un invento para reabrir actividades que no est\u00e1n habilitadas en la fase 4 del aislamiento que indic\u00f3 la Provincia, pero sin pasar completamente a la fase 5. Ayer, el jefe de Gobierno, Alejandro Vieyra, advirti\u00f3 que la situaci\u00f3n puede descontrolarse.&#8221;Las im\u00e1genes que llegan de todo el partido, especialmente de los sitios p\u00fablicos como el Parque y el Balneario son realmente preocupantes&#8221;, manifest\u00f3 el funcionario. &#8220;Tendr\u00edamos que tener un batall\u00f3n de inspectores y agentes para concientizar a cada uno que cree que esta pandemia ya termin\u00f3. Pareciera que la responsabilidad social de cada uno no existiera&#8221;, se lament\u00f3.<\/p>\n<p>Otro de los que mantuvo fuertes cruces con el gobierno Provincial a principios de junio fue el intendente de Tandil, Miguel Lunghi, quien se rebel\u00f3 abiertamente contra las negativas de la provincia ante los pedidos de reapertura. \u201cVamos a tener que abrir actividades, aunque no nos autoricen&#8221;, hab\u00eda se\u00f1alado en junio, ofuscado por la falta de respuestas a los protocolos elevados. Lo calificaron de &#8220;rebelde&#8221; y lo se\u00f1alaron como responsable ante un brote de casos. &#8220;Que un intendente diga que va a abrir le den o no autorizaci\u00f3n es un acto de rebeld\u00eda y \u00e9l va a tener que poner la firma en los decretos municipales que habiliten esas actividades&#8221;, dijo la ministra de Gobierno, Teresa Garc\u00eda. Hoy, Lunghi difundi\u00f3 a trav\u00e9s de sus redes sociales un video donde hizo \u00e9nfasis en la responsabilidad de los vecinos. &#8220;No podemos olvidar ni un instante que tenemos que usar barbijo siempre que salgamos de nuestras casas. No podemos subestimar esta enfermedad ni relajarnos\u201d, advirti\u00f3, pese a que Tandil se mantiene en la fase 5.<\/p>\n<p>A cuatro meses y medio del inicio de la cuarentena obligatoria, la creciente curva de contagios en el AMBA hace mella en los municipios del interior, que lograron reabrir. La econom\u00eda municipal apremia por la ca\u00edda de la recaudaci\u00f3n, y tambi\u00e9n por la situaci\u00f3n cr\u00edtica de los comercios locales. Las habilitaciones y nuevas fases logradas penden de un hilo. Los intendentes lo saben, y por eso muestran una vez m\u00e1s su preocupaci\u00f3n por la responsabilidad ciudadana.<\/p>\n","protected":false},"excerpt":{"rendered":"<p>Con varias actividades habilitadas, los intendentes del interior ven con preocupaci\u00f3n la relajaci\u00f3n de las&#8230;<\/p>\n","protected":false},"author":1,"featured_media":116625,"comment_status":"closed","ping_status":"closed","sticky":false,"template":"","format":"standard","meta":{"content-type":""},"categories":[27,51],"tags":[],"nelio_content":{"isAutoShareEnabled":false,"autoShareEndMode":"default","automationSources":{"useContentSentences":true,"useSocialTemplates":true,"useCustomSentences":false,"customSentences":[]},"followers":[1],"suggestedReferences":[],"includedReferences":[],"efiUrl":"","efiAlt":"","highlights":[]},"yoast_head":"<!-- This site is optimized with the Yoast SEO plugin v20.7 - https:\/\/yoast.com\/wordpress\/plugins\/seo\/ -->\n<title>Desesperado pedido de los intendentes del interior a los vecinos -<\/title>\n<meta name=\"robots\" content=\"index, follow, max-snippet:-1, max-image-preview:large, max-video-preview:-1\" \/>\n<link rel=\"canonical\" href=\"https:\/\/experienciadevida.com.ar\/portalurbano\/desesperado-pedido-de-los-intendentes-del-interior-a-los-vecinos\/\" \/>\n<meta property=\"og:locale\" content=\"es_ES\" \/>\n<meta property=\"og:type\" content=\"article\" \/>\n<meta property=\"og:title\" content=\"Desesperado pedido de los intendentes del interior a los vecinos -\" \/>\n<meta property=\"og:description\" content=\"Con varias actividades habilitadas, los intendentes del interior ven con preocupaci\u00f3n la relajaci\u00f3n de las...\" \/>\n<meta property=\"og:url\" content=\"https:\/\/experienciadevida.com.ar\/portalurbano\/desesperado-pedido-de-los-intendentes-del-interior-a-los-vecinos\/\" \/>\n<meta property=\"article:publisher\" content=\"https:\/\/www.facebook.com\/Portal-Urbano-171542830093757\/\" \/>\n<meta property=\"article:published_time\" content=\"2020-08-01T20:54:20+00:00\" \/>\n<meta property=\"article:modified_time\" content=\"2020-08-01T20:54:57+00:00\" \/>\n<meta property=\"og:image\" content=\"https:\/\/experienciadevida.com.ar\/portalurbano\/wp-content\/uploads\/2020\/08\/1595018026752-e1596315196871.jpg\" \/>\n\t<meta property=\"og:image:width\" content=\"750\" \/>\n\t<meta property=\"og:image:height\" content=\"499\" \/>\n\t<meta property=\"og:image:type\" content=\"image\/jpeg\" \/>\n<meta name=\"author\" content=\"admpu17wp\" \/>\n<meta name=\"twitter:card\" content=\"summary_large_image\" \/>\n<meta name=\"twitter:creator\" content=\"@portalurbanook\" \/>\n<meta name=\"twitter:site\" content=\"@portalurbanook\" \/>\n<meta name=\"twitter:label1\" content=\"Escrito por\" \/>\n\t<meta name=\"twitter:data1\" content=\"admpu17wp\" \/>\n\t<meta name=\"twitter:label2\" content=\"Tiempo de lectura\" \/>\n\t<meta name=\"twitter:data2\" content=\"4 minutos\" \/>\n<script type=\"application\/ld+json\" class=\"yoast-schema-graph\">{\"@context\":\"https:\/\/schema.org\",\"@graph\":[{\"@type\":\"Article\",\"@id\":\"https:\/\/experienciadevida.com.ar\/portalurbano\/desesperado-pedido-de-los-intendentes-del-interior-a-los-vecinos\/#article\",\"isPartOf\":{\"@id\":\"https:\/\/experienciadevida.com.ar\/portalurbano\/desesperado-pedido-de-los-intendentes-del-interior-a-los-vecinos\/\"},\"author\":{\"name\":\"admpu17wp\",\"@id\":\"https:\/\/experienciadevida.com.ar\/portalurbano\/#\/schema\/person\/02dd326b1c4b056e9cc972486934a3a7\"},\"headline\":\"Desesperado pedido de los intendentes del interior a los vecinos\",\"datePublished\":\"2020-08-01T20:54:20+00:00\",\"dateModified\":\"2020-08-01T20:54:57+00:00\",\"mainEntityOfPage\":{\"@id\":\"https:\/\/experienciadevida.com.ar\/portalurbano\/desesperado-pedido-de-los-intendentes-del-interior-a-los-vecinos\/\"},\"wordCount\":767,\"publisher\":{\"@id\":\"https:\/\/experienciadevida.com.ar\/portalurbano\/#organization\"},\"articleSection\":[\"Ciudad\",\"Destacadas\"],\"inLanguage\":\"es\"},{\"@type\":\"WebPage\",\"@id\":\"https:\/\/experienciadevida.com.ar\/portalurbano\/desesperado-pedido-de-los-intendentes-del-interior-a-los-vecinos\/\",\"url\":\"https:\/\/experienciadevida.com.ar\/portalurbano\/desesperado-pedido-de-los-intendentes-del-interior-a-los-vecinos\/\",\"name\":\"Desesperado pedido de los intendentes del interior a los vecinos -\",\"isPartOf\":{\"@id\":\"https:\/\/experienciadevida.com.ar\/portalurbano\/#website\"},\"datePublished\":\"2020-08-01T20:54:20+00:00\",\"dateModified\":\"2020-08-01T20:54:57+00:00\",\"breadcrumb\":{\"@id\":\"https:\/\/experienciadevida.com.ar\/portalurbano\/desesperado-pedido-de-los-intendentes-del-interior-a-los-vecinos\/#breadcrumb\"},\"inLanguage\":\"es\",\"potentialAction\":[{\"@type\":\"ReadAction\",\"target\":[\"https:\/\/experienciadevida.com.ar\/portalurbano\/desesperado-pedido-de-los-intendentes-del-interior-a-los-vecinos\/\"]}]},{\"@type\":\"BreadcrumbList\",\"@id\":\"https:\/\/experienciadevida.com.ar\/portalurbano\/desesperado-pedido-de-los-intendentes-del-interior-a-los-vecinos\/#breadcrumb\",\"itemListElement\":[{\"@type\":\"ListItem\",\"position\":1,\"name\":\"Portada\",\"item\":\"https:\/\/experienciadevida.com.ar\/portalurbano\/\"},{\"@type\":\"ListItem\",\"position\":2,\"name\":\"Desesperado pedido de los intendentes del interior a los vecinos\"}]},{\"@type\":\"WebSite\",\"@id\":\"https:\/\/experienciadevida.com.ar\/portalurbano\/#website\",\"url\":\"https:\/\/experienciadevida.com.ar\/portalurbano\/\",\"name\":\"\",\"description\":\"\",\"publisher\":{\"@id\":\"https:\/\/experienciadevida.com.ar\/portalurbano\/#organization\"},\"potentialAction\":[{\"@type\":\"SearchAction\",\"target\":{\"@type\":\"EntryPoint\",\"urlTemplate\":\"https:\/\/experienciadevida.com.ar\/portalurbano\/?s={search_term_string}\"},\"query-input\":\"required name=search_term_string\"}],\"inLanguage\":\"es\"},{\"@type\":\"Organization\",\"@id\":\"https:\/\/experienciadevida.com.ar\/portalurbano\/#organization\",\"name\":\"Portal Urbano\",\"url\":\"https:\/\/experienciadevida.com.ar\/portalurbano\/\",\"logo\":{\"@type\":\"ImageObject\",\"inLanguage\":\"es\",\"@id\":\"https:\/\/experienciadevida.com.ar\/portalurbano\/#\/schema\/logo\/image\/\",\"url\":\"https:\/\/experienciadevida.com.ar\/portalurbano\/wp-content\/uploads\/2019\/09\/Logo-Original.png\",\"contentUrl\":\"https:\/\/experienciadevida.com.ar\/portalurbano\/wp-content\/uploads\/2019\/09\/Logo-Original.png\",\"width\":2236,\"height\":1216,\"caption\":\"Portal Urbano\"},\"image\":{\"@id\":\"https:\/\/experienciadevida.com.ar\/portalurbano\/#\/schema\/logo\/image\/\"},\"sameAs\":[\"https:\/\/www.facebook.com\/Portal-Urbano-171542830093757\/\",\"https:\/\/twitter.com\/portalurbanook\",\"https:\/\/www.instagram.com\/_portalurbano\/\",\"https:\/\/www.youtube.com\/channel\/UCXhagIfszH8KxFiOok79zbA?view_as=subscriber\"]},{\"@type\":\"Person\",\"@id\":\"https:\/\/experienciadevida.com.ar\/portalurbano\/#\/schema\/person\/02dd326b1c4b056e9cc972486934a3a7\",\"name\":\"admpu17wp\",\"image\":{\"@type\":\"ImageObject\",\"inLanguage\":\"es\",\"@id\":\"https:\/\/experienciadevida.com.ar\/portalurbano\/#\/schema\/person\/image\/\",\"url\":\"https:\/\/secure.gravatar.com\/avatar\/830d4c57adaae6630765e449a6908047?s=96&d=mm&r=g\",\"contentUrl\":\"https:\/\/secure.gravatar.com\/avatar\/830d4c57adaae6630765e449a6908047?s=96&d=mm&r=g\",\"caption\":\"admpu17wp\"}}]}<\/script>\n<!-- \/ Yoast SEO plugin. -->","yoast_head_json":{"title":"Desesperado pedido de los intendentes del interior a los vecinos -","robots":{"index":"index","follow":"follow","max-snippet":"max-snippet:-1","max-image-preview":"max-image-preview:large","max-video-preview":"max-video-preview:-1"},"canonical":"https:\/\/experienciadevida.com.ar\/portalurbano\/desesperado-pedido-de-los-intendentes-del-interior-a-los-vecinos\/","og_locale":"es_ES","og_type":"article","og_title":"Desesperado pedido de los intendentes del interior a los vecinos -","og_description":"Con varias actividades habilitadas, los intendentes del interior ven con preocupaci\u00f3n la relajaci\u00f3n de las...","og_url":"https:\/\/experienciadevida.com.ar\/portalurbano\/desesperado-pedido-de-los-intendentes-del-interior-a-los-vecinos\/","article_publisher":"https:\/\/www.facebook.com\/Portal-Urbano-171542830093757\/","article_published_time":"2020-08-01T20:54:20+00:00","article_modified_time":"2020-08-01T20:54:57+00:00","og_image":[{"width":750,"height":499,"url":"https:\/\/experienciadevida.com.ar\/portalurbano\/wp-content\/uploads\/2020\/08\/1595018026752-e1596315196871.jpg","type":"image\/jpeg"}],"author":"admpu17wp","twitter_card":"summary_large_image","twitter_creator":"@portalurbanook","twitter_site":"@portalurbanook","twitter_misc":{"Escrito por":"admpu17wp","Tiempo de lectura":"4 minutos"},"schema":{"@context":"https:\/\/schema.org","@graph":[{"@type":"Article","@id":"https:\/\/experienciadevida.com.ar\/portalurbano\/desesperado-pedido-de-los-intendentes-del-interior-a-los-vecinos\/#article","isPartOf":{"@id":"https:\/\/experienciadevida.com.ar\/portalurbano\/desesperado-pedido-de-los-intendentes-del-interior-a-los-vecinos\/"},"author":{"name":"admpu17wp","@id":"https:\/\/experienciadevida.com.ar\/portalurbano\/#\/schema\/person\/02dd326b1c4b056e9cc972486934a3a7"},"headline":"Desesperado pedido de los intendentes del interior a los vecinos","datePublished":"2020-08-01T20:54:20+00:00","dateModified":"2020-08-01T20:54:57+00:00","mainEntityOfPage":{"@id":"https:\/\/experienciadevida.com.ar\/portalurbano\/desesperado-pedido-de-los-intendentes-del-interior-a-los-vecinos\/"},"wordCount":767,"publisher":{"@id":"https:\/\/experienciadevida.com.ar\/portalurbano\/#organization"},"articleSection":["Ciudad","Destacadas"],"inLanguage":"es"},{"@type":"WebPage","@id":"https:\/\/experienciadevida.com.ar\/portalurbano\/desesperado-pedido-de-los-intendentes-del-interior-a-los-vecinos\/","url":"https:\/\/experienciadevida.com.ar\/portalurbano\/desesperado-pedido-de-los-intendentes-del-interior-a-los-vecinos\/","name":"Desesperado pedido de los intendentes del interior a los vecinos -","isPartOf":{"@id":"https:\/\/experienciadevida.com.ar\/portalurbano\/#website"},"datePublished":"2020-08-01T20:54:20+00:00","dateModified":"2020-08-01T20:54:57+00:00","breadcrumb":{"@id":"https:\/\/experienciadevida.com.ar\/portalurbano\/desesperado-pedido-de-los-intendentes-del-interior-a-los-vecinos\/#breadcrumb"},"inLanguage":"es","potentialAction":[{"@type":"ReadAction","target":["https:\/\/experienciadevida.com.ar\/portalurbano\/desesperado-pedido-de-los-intendentes-del-interior-a-los-vecinos\/"]}]},{"@type":"BreadcrumbList","@id":"https:\/\/experienciadevida.com.ar\/portalurbano\/desesperado-pedido-de-los-intendentes-del-interior-a-los-vecinos\/#breadcrumb","itemListElement":[{"@type":"ListItem","position":1,"name":"Portada","item":"https:\/\/experienciadevida.com.ar\/portalurbano\/"},{"@type":"ListItem","position":2,"name":"Desesperado pedido de los intendentes del interior a los vecinos"}]},{"@type":"WebSite","@id":"https:\/\/experienciadevida.com.ar\/portalurbano\/#website","url":"https:\/\/experienciadevida.com.ar\/portalurbano\/","name":"","description":"","publisher":{"@id":"https:\/\/experienciadevida.com.ar\/portalurbano\/#organization"},"potentialAction":[{"@type":"SearchAction","target":{"@type":"EntryPoint","urlTemplate":"https:\/\/experienciadevida.com.ar\/portalurbano\/?s={search_term_string}"},"query-input":"required name=search_term_string"}],"inLanguage":"es"},{"@type":"Organization","@id":"https:\/\/experienciadevida.com.ar\/portalurbano\/#organization","name":"Portal Urbano","url":"https:\/\/experienciadevida.com.ar\/portalurbano\/","logo":{"@type":"ImageObject","inLanguage":"es","@id":"https:\/\/experienciadevida.com.ar\/portalurbano\/#\/schema\/logo\/image\/","url":"https:\/\/experienciadevida.com.ar\/portalurbano\/wp-content\/uploads\/2019\/09\/Logo-Original.png","contentUrl":"https:\/\/experienciadevida.com.ar\/portalurbano\/wp-content\/uploads\/2019\/09\/Logo-Original.png","width":2236,"height":1216,"caption":"Portal Urbano"},"image":{"@id":"https:\/\/experienciadevida.com.ar\/portalurbano\/#\/schema\/logo\/image\/"},"sameAs":["https:\/\/www.facebook.com\/Portal-Urbano-171542830093757\/","https:\/\/twitter.com\/portalurbanook","https:\/\/www.instagram.com\/_portalurbano\/","https:\/\/www.youtube.com\/channel\/UCXhagIfszH8KxFiOok79zbA?view_as=subscriber"]},{"@type":"Person","@id":"https:\/\/experienciadevida.com.ar\/portalurbano\/#\/schema\/person\/02dd326b1c4b056e9cc972486934a3a7","name":"admpu17wp","image":{"@type":"ImageObject","inLanguage":"es","@id":"https:\/\/experienciadevida.com.ar\/portalurbano\/#\/schema\/person\/image\/","url":"https:\/\/secure.gravatar.com\/avatar\/830d4c57adaae6630765e449a6908047?s=96&d=mm&r=g","contentUrl":"https:\/\/secure.gravatar.com\/avatar\/830d4c57adaae6630765e449a6908047?s=96&d=mm&r=g","caption":"admpu17wp"}}]}},"featured_image_urls":{"full":["https:\/\/experienciadevida.com.ar\/portalurbano\/wp-content\/uploads\/2020\/08\/1595018026752-e1596315196871.jpg",750,499,false],"thumbnail":["https:\/\/experienciadevida.com.ar\/portalurbano\/wp-content\/uploads\/2020\/08\/1595018026752-150x150.jpg",150,150,true],"medium":["https:\/\/experienciadevida.com.ar\/portalurbano\/wp-content\/uploads\/2020\/08\/1595018026752-300x200.jpg",300,200,true],"medium_large":["https:\/\/experienciadevida.com.ar\/portalurbano\/wp-content\/uploads\/2020\/08\/1595018026752-768x511.jpg",640,426,true],"large":["https:\/\/experienciadevida.com.ar\/portalurbano\/wp-content\/uploads\/2020\/08\/1595018026752-1024x681.jpg",640,426,true],"ug_big":["https:\/\/experienciadevida.com.ar\/portalurbano\/wp-content\/uploads\/2020\/08\/1595018026752-768x511.jpg",768,511,true],"1536x1536":["https:\/\/experienciadevida.com.ar\/portalurbano\/wp-content\/uploads\/2020\/08\/1595018026752-e1596315196871.jpg",750,499,false],"2048x2048":["https:\/\/experienciadevida.com.ar\/portalurbano\/wp-content\/uploads\/2020\/08\/1595018026752-e1596315196871.jpg",750,499,false],"newsever-slider-full":["https:\/\/experienciadevida.com.ar\/portalurbano\/wp-content\/uploads\/2020\/08\/1595018026752-e1596315196871.jpg",750,499,false],"newsever-featured":["https:\/\/experienciadevida.com.ar\/portalurbano\/wp-content\/uploads\/2020\/08\/1595018026752-e1596315196871.jpg",750,499,false],"newsever-medium":["https:\/\/experienciadevida.com.ar\/portalurbano\/wp-content\/uploads\/2020\/08\/1595018026752-e1596315196871.jpg",714,475,false],"web-stories-poster-portrait":["https:\/\/experienciadevida.com.ar\/portalurbano\/wp-content\/uploads\/2020\/08\/1595018026752-e1596315196871.jpg",640,426,false],"web-stories-publisher-logo":["https:\/\/experienciadevida.com.ar\/portalurbano\/wp-content\/uploads\/2020\/08\/1595018026752-e1596315196871.jpg",96,64,false],"web-stories-thumbnail":["https:\/\/experienciadevida.com.ar\/portalurbano\/wp-content\/uploads\/2020\/08\/1595018026752-e1596315196871.jpg",150,100,false]},"author_info":{"display_name":"admpu17wp","author_link":"https:\/\/experienciadevida.com.ar\/portalurbano\/author\/admpu17wp\/"},"category_info":"<a href=\"https:\/\/experienciadevida.com.ar\/portalurbano\/category\/ciudad\/\" rel=\"category tag\">Ciudad<\/a> <a href=\"https:\/\/experienciadevida.com.ar\/portalurbano\/category\/destacadas\/\" rel=\"category tag\">Destacadas<\/a>","tag_info":"Destacadas","comment_count":"0","amp_enabled":true,"_links":{"self":[{"href":"https:\/\/experienciadevida.com.ar\/portalurbano\/wp-json\/wp\/v2\/posts\/116623"}],"collection":[{"href":"https:\/\/experienciadevida.com.ar\/portalurbano\/wp-json\/wp\/v2\/posts"}],"about":[{"href":"https:\/\/experienciadevida.com.ar\/portalurbano\/wp-json\/wp\/v2\/types\/post"}],"author":[{"embeddable":true,"href":"https:\/\/experienciadevida.com.ar\/portalurbano\/wp-json\/wp\/v2\/users\/1"}],"replies":[{"embeddable":true,"href":"https:\/\/experienciadevida.com.ar\/portalurbano\/wp-json\/wp\/v2\/comments?post=116623"}],"version-history":[{"count":2,"href":"https:\/\/experienciadevida.com.ar\/portalurbano\/wp-json\/wp\/v2\/posts\/116623\/revisions"}],"predecessor-version":[{"id":116626,"href":"https:\/\/experienciadevida.com.ar\/portalurbano\/wp-json\/wp\/v2\/posts\/116623\/revisions\/116626"}],"wp:featuredmedia":[{"embeddable":true,"href":"https:\/\/experienciadevida.com.ar\/portalurbano\/wp-json\/wp\/v2\/media\/116625"}],"wp:attachment":[{"href":"https:\/\/experienciadevida.com.ar\/portalurbano\/wp-json\/wp\/v2\/media?parent=116623"}],"wp:term":[{"taxonomy":"category","embeddable":true,"href":"https:\/\/experienciadevida.com.ar\/portalurbano\/wp-json\/wp\/v2\/categories?post=116623"},{"taxonomy":"post_tag","embeddable":true,"href":"https:\/\/experienciadevida.com.ar\/portalurbano\/wp-json\/wp\/v2\/tags?post=116623"}],"curies":[{"name":"wp","href":"https:\/\/api.w.org\/{rel}","templated":true}]}}