{"id":116431,"date":"2020-07-30T14:46:37","date_gmt":"2020-07-30T17:46:37","guid":{"rendered":"https:\/\/experienciadevida.com.ar\/portalurbano\/?p=116431"},"modified":"2020-07-30T14:47:30","modified_gmt":"2020-07-30T17:47:30","slug":"el-foro-olavarria-propone-una-mesa-de-trabajo-para-avanzar-con-el-horario-corrido-de-atencion-comercial","status":"publish","type":"post","link":"https:\/\/experienciadevida.com.ar\/portalurbano\/el-foro-olavarria-propone-una-mesa-de-trabajo-para-avanzar-con-el-horario-corrido-de-atencion-comercial\/","title":{"rendered":"El Foro Olavarr\u00eda propone una Mesa de Trabajo para avanzar con el horario corrido de atenci\u00f3n comercial"},"content":{"rendered":"<p>Desde hace m\u00e1s de dos meses, el equipo del Foro Olavarr\u00eda viene analizando y escuchando opiniones de distintos sectores sobre la continuidad post aislamiento del horario corrido de la atenci\u00f3n comercial en la ciudad y valora el consenso sobre los beneficios que Olavarr\u00eda asuma esta nueva modalidad.<\/p>\n<p>En este sentido, desde el Foro Olavarr\u00eda valoraron el consenso de una parte importante de la comunidad sobre los beneficios y ventajas de mantener dicha medida en el tiempo.<\/p>\n<p>Al respecto, Gast\u00f3n Sarachu, integrante de Foro Olavarr\u00eda se\u00f1al\u00f3 que evaluamos un impacto muy positivo de la continuidad del horario corrido desde una mirada del inter\u00e9s general de la ciudad y tambi\u00e9n para trabajadores y empleadores de las distintas ramas de la actividad econ\u00f3mica.<\/p>\n<p>Al mismo tiempo, Gast\u00f3n Sarachu inform\u00f3 que desde el Foro Olavarr\u00eda creen necesaria la institucionalizaci\u00f3n desde el Municipio de una Mesa de Trabajo sobre el tema que incluya a los representantes del Comercio y de los trabajadores como as\u00ed tambi\u00e9n a otras instituciones y entidades de consumidores con la capacidad de arribar un acuerdo amplio.<\/p>\n<p>Entre las ventajas de la continuidad del horario corrido de la atenci\u00f3n comercial, Gast\u00f3n Sarachu puso el acento en la mejora de la movilidad urbana para la ciudad, reduciendo los traslados de los empleados al lugar de trabajo y con mayor fluidez del tr\u00e1nsito, con disminuci\u00f3n de horarios pico.<\/p>\n<p>\u201cAvanzar en la implementaci\u00f3n del horario corrido tambi\u00e9n supone una mayor sincronizaci\u00f3n con los horarios de los servicios educativos para no entorpecer la organizaci\u00f3n de las familias\u201d se\u00f1al\u00f3 Sarachu.<\/p>\n<p>\u201cAdem\u00e1s de tener que viajar dos veces al lugar en vez de cuatro veces se genera un ahorro econ\u00f3mico de dos boletos de transporte p\u00fablico o la mitad de combustible para trasladarse al lugar de trabajo\u2019\u2019 consider\u00f3 Gast\u00f3n Sarachu.<\/p>\n<p>\u201cPara el caso de los comerciantes y propietarios de negocios \u2013dijo Sarachu- tambi\u00e9n hay beneficios directos con la medida, en particular con el ahorro en el consumo de energ\u00eda el\u00e9ctrica y gas, dado que se reduce el horario de mayor utilizaci\u00f3n de estos servicios\u201d.<\/p>\n<p>Por otro lado, Gast\u00f3n Sarachu indic\u00f3 que analizamos desde el aspecto humano, tanto empleados como empleadores podr\u00e1n tener una mejor organizaci\u00f3n de su tiempo personal\u201d. \u201cSi bien el almuerzo queda dentro de la jornada laboral, tambi\u00e9n es cierto que la cena en los hogares puede acomodarse a un horario m\u00e1s temprano y facilita un descanso m\u00e1s prolongado\u201d concluy\u00f3 Sarachu.<\/p>\n<p>Por \u00faltimo, Gast\u00f3n Sarachu volvi\u00f3 a expresar que el Foro Olavarr\u00eda propicia la participaci\u00f3n m\u00e1s amplia posible de la ciudadan\u00eda olavarriense en el debate y en la toma de decisi\u00f3n de un tema que impacta en la vida de la ciudad.<\/p>\n<p>Los interesados en conocer m\u00e1s de las actividades y propuestas del Foro Olavarr\u00eda pueden ingresar al sitiowww.foroolavarria.orgy registrarse en forma gratuita con su correo electr\u00f3nico y comenzar a ser parte de los<br \/>\ndebates sobre Olavarr\u00eda.<\/p>\n","protected":false},"excerpt":{"rendered":"<p>Desde hace m\u00e1s de dos meses, el equipo del Foro Olavarr\u00eda viene analizando y escuchando&#8230;<\/p>\n","protected":false},"author":1,"featured_media":116432,"comment_status":"closed","ping_status":"closed","sticky":false,"template":"","format":"standard","meta":{"content-type":""},"categories":[27,51],"tags":[],"nelio_content":{"isAutoShareEnabled":false,"autoShareEndMode":"default","automationSources":{"useContentSentences":true,"useSocialTemplates":true,"useCustomSentences":false,"customSentences":[]},"followers":[1],"suggestedReferences":[],"includedReferences":[],"efiUrl":"","efiAlt":"","highlights":[]},"yoast_head":"<!-- This site is optimized with the Yoast SEO plugin v20.7 - https:\/\/yoast.com\/wordpress\/plugins\/seo\/ -->\n<title>El Foro Olavarr\u00eda propone una Mesa de Trabajo para avanzar con el horario corrido de atenci\u00f3n comercial -<\/title>\n<meta name=\"robots\" content=\"index, follow, max-snippet:-1, max-image-preview:large, max-video-preview:-1\" \/>\n<link rel=\"canonical\" href=\"https:\/\/experienciadevida.com.ar\/portalurbano\/el-foro-olavarria-propone-una-mesa-de-trabajo-para-avanzar-con-el-horario-corrido-de-atencion-comercial\/\" \/>\n<meta property=\"og:locale\" content=\"es_ES\" \/>\n<meta property=\"og:type\" content=\"article\" \/>\n<meta property=\"og:title\" content=\"El Foro Olavarr\u00eda propone una Mesa de Trabajo para avanzar con el horario corrido de atenci\u00f3n comercial -\" \/>\n<meta property=\"og:description\" content=\"Desde hace m\u00e1s de dos meses, el equipo del Foro Olavarr\u00eda viene analizando y escuchando...\" \/>\n<meta property=\"og:url\" content=\"https:\/\/experienciadevida.com.ar\/portalurbano\/el-foro-olavarria-propone-una-mesa-de-trabajo-para-avanzar-con-el-horario-corrido-de-atencion-comercial\/\" \/>\n<meta property=\"article:publisher\" content=\"https:\/\/www.facebook.com\/Portal-Urbano-171542830093757\/\" \/>\n<meta property=\"article:published_time\" content=\"2020-07-30T17:46:37+00:00\" \/>\n<meta property=\"article:modified_time\" content=\"2020-07-30T17:47:30+00:00\" \/>\n<meta property=\"og:image\" content=\"https:\/\/experienciadevida.com.ar\/portalurbano\/wp-content\/uploads\/2020\/07\/SARACHU.jpg\" \/>\n\t<meta property=\"og:image:width\" content=\"972\" \/>\n\t<meta property=\"og:image:height\" content=\"608\" \/>\n\t<meta property=\"og:image:type\" content=\"image\/jpeg\" \/>\n<meta name=\"author\" content=\"admpu17wp\" \/>\n<meta name=\"twitter:card\" content=\"summary_large_image\" \/>\n<meta name=\"twitter:creator\" content=\"@portalurbanook\" \/>\n<meta name=\"twitter:site\" content=\"@portalurbanook\" \/>\n<meta name=\"twitter:label1\" content=\"Escrito por\" \/>\n\t<meta name=\"twitter:data1\" content=\"admpu17wp\" \/>\n\t<meta name=\"twitter:label2\" content=\"Tiempo de lectura\" \/>\n\t<meta name=\"twitter:data2\" content=\"3 minutos\" \/>\n<script type=\"application\/ld+json\" class=\"yoast-schema-graph\">{\"@context\":\"https:\/\/schema.org\",\"@graph\":[{\"@type\":\"Article\",\"@id\":\"https:\/\/experienciadevida.com.ar\/portalurbano\/el-foro-olavarria-propone-una-mesa-de-trabajo-para-avanzar-con-el-horario-corrido-de-atencion-comercial\/#article\",\"isPartOf\":{\"@id\":\"https:\/\/experienciadevida.com.ar\/portalurbano\/el-foro-olavarria-propone-una-mesa-de-trabajo-para-avanzar-con-el-horario-corrido-de-atencion-comercial\/\"},\"author\":{\"name\":\"admpu17wp\",\"@id\":\"https:\/\/experienciadevida.com.ar\/portalurbano\/#\/schema\/person\/02dd326b1c4b056e9cc972486934a3a7\"},\"headline\":\"El Foro Olavarr\u00eda propone una Mesa de Trabajo para avanzar con el horario corrido de atenci\u00f3n comercial\",\"datePublished\":\"2020-07-30T17:46:37+00:00\",\"dateModified\":\"2020-07-30T17:47:30+00:00\",\"mainEntityOfPage\":{\"@id\":\"https:\/\/experienciadevida.com.ar\/portalurbano\/el-foro-olavarria-propone-una-mesa-de-trabajo-para-avanzar-con-el-horario-corrido-de-atencion-comercial\/\"},\"wordCount\":540,\"publisher\":{\"@id\":\"https:\/\/experienciadevida.com.ar\/portalurbano\/#organization\"},\"articleSection\":[\"Ciudad\",\"Destacadas\"],\"inLanguage\":\"es\"},{\"@type\":\"WebPage\",\"@id\":\"https:\/\/experienciadevida.com.ar\/portalurbano\/el-foro-olavarria-propone-una-mesa-de-trabajo-para-avanzar-con-el-horario-corrido-de-atencion-comercial\/\",\"url\":\"https:\/\/experienciadevida.com.ar\/portalurbano\/el-foro-olavarria-propone-una-mesa-de-trabajo-para-avanzar-con-el-horario-corrido-de-atencion-comercial\/\",\"name\":\"El Foro Olavarr\u00eda propone una Mesa de Trabajo para avanzar con el horario corrido de atenci\u00f3n comercial -\",\"isPartOf\":{\"@id\":\"https:\/\/experienciadevida.com.ar\/portalurbano\/#website\"},\"datePublished\":\"2020-07-30T17:46:37+00:00\",\"dateModified\":\"2020-07-30T17:47:30+00:00\",\"breadcrumb\":{\"@id\":\"https:\/\/experienciadevida.com.ar\/portalurbano\/el-foro-olavarria-propone-una-mesa-de-trabajo-para-avanzar-con-el-horario-corrido-de-atencion-comercial\/#breadcrumb\"},\"inLanguage\":\"es\",\"potentialAction\":[{\"@type\":\"ReadAction\",\"target\":[\"https:\/\/experienciadevida.com.ar\/portalurbano\/el-foro-olavarria-propone-una-mesa-de-trabajo-para-avanzar-con-el-horario-corrido-de-atencion-comercial\/\"]}]},{\"@type\":\"BreadcrumbList\",\"@id\":\"https:\/\/experienciadevida.com.ar\/portalurbano\/el-foro-olavarria-propone-una-mesa-de-trabajo-para-avanzar-con-el-horario-corrido-de-atencion-comercial\/#breadcrumb\",\"itemListElement\":[{\"@type\":\"ListItem\",\"position\":1,\"name\":\"Portada\",\"item\":\"https:\/\/experienciadevida.com.ar\/portalurbano\/\"},{\"@type\":\"ListItem\",\"position\":2,\"name\":\"El Foro Olavarr\u00eda propone una Mesa de Trabajo para avanzar con el horario corrido de atenci\u00f3n comercial\"}]},{\"@type\":\"WebSite\",\"@id\":\"https:\/\/experienciadevida.com.ar\/portalurbano\/#website\",\"url\":\"https:\/\/experienciadevida.com.ar\/portalurbano\/\",\"name\":\"\",\"description\":\"\",\"publisher\":{\"@id\":\"https:\/\/experienciadevida.com.ar\/portalurbano\/#organization\"},\"potentialAction\":[{\"@type\":\"SearchAction\",\"target\":{\"@type\":\"EntryPoint\",\"urlTemplate\":\"https:\/\/experienciadevida.com.ar\/portalurbano\/?s={search_term_string}\"},\"query-input\":\"required name=search_term_string\"}],\"inLanguage\":\"es\"},{\"@type\":\"Organization\",\"@id\":\"https:\/\/experienciadevida.com.ar\/portalurbano\/#organization\",\"name\":\"Portal Urbano\",\"url\":\"https:\/\/experienciadevida.com.ar\/portalurbano\/\",\"logo\":{\"@type\":\"ImageObject\",\"inLanguage\":\"es\",\"@id\":\"https:\/\/experienciadevida.com.ar\/portalurbano\/#\/schema\/logo\/image\/\",\"url\":\"https:\/\/experienciadevida.com.ar\/portalurbano\/wp-content\/uploads\/2019\/09\/Logo-Original.png\",\"contentUrl\":\"https:\/\/experienciadevida.com.ar\/portalurbano\/wp-content\/uploads\/2019\/09\/Logo-Original.png\",\"width\":2236,\"height\":1216,\"caption\":\"Portal Urbano\"},\"image\":{\"@id\":\"https:\/\/experienciadevida.com.ar\/portalurbano\/#\/schema\/logo\/image\/\"},\"sameAs\":[\"https:\/\/www.facebook.com\/Portal-Urbano-171542830093757\/\",\"https:\/\/twitter.com\/portalurbanook\",\"https:\/\/www.instagram.com\/_portalurbano\/\",\"https:\/\/www.youtube.com\/channel\/UCXhagIfszH8KxFiOok79zbA?view_as=subscriber\"]},{\"@type\":\"Person\",\"@id\":\"https:\/\/experienciadevida.com.ar\/portalurbano\/#\/schema\/person\/02dd326b1c4b056e9cc972486934a3a7\",\"name\":\"admpu17wp\",\"image\":{\"@type\":\"ImageObject\",\"inLanguage\":\"es\",\"@id\":\"https:\/\/experienciadevida.com.ar\/portalurbano\/#\/schema\/person\/image\/\",\"url\":\"https:\/\/secure.gravatar.com\/avatar\/830d4c57adaae6630765e449a6908047?s=96&d=mm&r=g\",\"contentUrl\":\"https:\/\/secure.gravatar.com\/avatar\/830d4c57adaae6630765e449a6908047?s=96&d=mm&r=g\",\"caption\":\"admpu17wp\"}}]}<\/script>\n<!-- \/ Yoast SEO plugin. -->","yoast_head_json":{"title":"El Foro Olavarr\u00eda propone una Mesa de Trabajo para avanzar con el horario corrido de atenci\u00f3n comercial -","robots":{"index":"index","follow":"follow","max-snippet":"max-snippet:-1","max-image-preview":"max-image-preview:large","max-video-preview":"max-video-preview:-1"},"canonical":"https:\/\/experienciadevida.com.ar\/portalurbano\/el-foro-olavarria-propone-una-mesa-de-trabajo-para-avanzar-con-el-horario-corrido-de-atencion-comercial\/","og_locale":"es_ES","og_type":"article","og_title":"El Foro Olavarr\u00eda propone una Mesa de Trabajo para avanzar con el horario corrido de atenci\u00f3n comercial -","og_description":"Desde hace m\u00e1s de dos meses, el equipo del Foro Olavarr\u00eda viene analizando y escuchando...","og_url":"https:\/\/experienciadevida.com.ar\/portalurbano\/el-foro-olavarria-propone-una-mesa-de-trabajo-para-avanzar-con-el-horario-corrido-de-atencion-comercial\/","article_publisher":"https:\/\/www.facebook.com\/Portal-Urbano-171542830093757\/","article_published_time":"2020-07-30T17:46:37+00:00","article_modified_time":"2020-07-30T17:47:30+00:00","og_image":[{"width":972,"height":608,"url":"https:\/\/experienciadevida.com.ar\/portalurbano\/wp-content\/uploads\/2020\/07\/SARACHU.jpg","type":"image\/jpeg"}],"author":"admpu17wp","twitter_card":"summary_large_image","twitter_creator":"@portalurbanook","twitter_site":"@portalurbanook","twitter_misc":{"Escrito por":"admpu17wp","Tiempo de lectura":"3 minutos"},"schema":{"@context":"https:\/\/schema.org","@graph":[{"@type":"Article","@id":"https:\/\/experienciadevida.com.ar\/portalurbano\/el-foro-olavarria-propone-una-mesa-de-trabajo-para-avanzar-con-el-horario-corrido-de-atencion-comercial\/#article","isPartOf":{"@id":"https:\/\/experienciadevida.com.ar\/portalurbano\/el-foro-olavarria-propone-una-mesa-de-trabajo-para-avanzar-con-el-horario-corrido-de-atencion-comercial\/"},"author":{"name":"admpu17wp","@id":"https:\/\/experienciadevida.com.ar\/portalurbano\/#\/schema\/person\/02dd326b1c4b056e9cc972486934a3a7"},"headline":"El Foro Olavarr\u00eda propone una Mesa de Trabajo para avanzar con el horario corrido de atenci\u00f3n comercial","datePublished":"2020-07-30T17:46:37+00:00","dateModified":"2020-07-30T17:47:30+00:00","mainEntityOfPage":{"@id":"https:\/\/experienciadevida.com.ar\/portalurbano\/el-foro-olavarria-propone-una-mesa-de-trabajo-para-avanzar-con-el-horario-corrido-de-atencion-comercial\/"},"wordCount":540,"publisher":{"@id":"https:\/\/experienciadevida.com.ar\/portalurbano\/#organization"},"articleSection":["Ciudad","Destacadas"],"inLanguage":"es"},{"@type":"WebPage","@id":"https:\/\/experienciadevida.com.ar\/portalurbano\/el-foro-olavarria-propone-una-mesa-de-trabajo-para-avanzar-con-el-horario-corrido-de-atencion-comercial\/","url":"https:\/\/experienciadevida.com.ar\/portalurbano\/el-foro-olavarria-propone-una-mesa-de-trabajo-para-avanzar-con-el-horario-corrido-de-atencion-comercial\/","name":"El Foro Olavarr\u00eda propone una Mesa de Trabajo para avanzar con el horario corrido de atenci\u00f3n comercial -","isPartOf":{"@id":"https:\/\/experienciadevida.com.ar\/portalurbano\/#website"},"datePublished":"2020-07-30T17:46:37+00:00","dateModified":"2020-07-30T17:47:30+00:00","breadcrumb":{"@id":"https:\/\/experienciadevida.com.ar\/portalurbano\/el-foro-olavarria-propone-una-mesa-de-trabajo-para-avanzar-con-el-horario-corrido-de-atencion-comercial\/#breadcrumb"},"inLanguage":"es","potentialAction":[{"@type":"ReadAction","target":["https:\/\/experienciadevida.com.ar\/portalurbano\/el-foro-olavarria-propone-una-mesa-de-trabajo-para-avanzar-con-el-horario-corrido-de-atencion-comercial\/"]}]},{"@type":"BreadcrumbList","@id":"https:\/\/experienciadevida.com.ar\/portalurbano\/el-foro-olavarria-propone-una-mesa-de-trabajo-para-avanzar-con-el-horario-corrido-de-atencion-comercial\/#breadcrumb","itemListElement":[{"@type":"ListItem","position":1,"name":"Portada","item":"https:\/\/experienciadevida.com.ar\/portalurbano\/"},{"@type":"ListItem","position":2,"name":"El Foro Olavarr\u00eda propone una Mesa de Trabajo para avanzar con el horario corrido de atenci\u00f3n comercial"}]},{"@type":"WebSite","@id":"https:\/\/experienciadevida.com.ar\/portalurbano\/#website","url":"https:\/\/experienciadevida.com.ar\/portalurbano\/","name":"","description":"","publisher":{"@id":"https:\/\/experienciadevida.com.ar\/portalurbano\/#organization"},"potentialAction":[{"@type":"SearchAction","target":{"@type":"EntryPoint","urlTemplate":"https:\/\/experienciadevida.com.ar\/portalurbano\/?s={search_term_string}"},"query-input":"required name=search_term_string"}],"inLanguage":"es"},{"@type":"Organization","@id":"https:\/\/experienciadevida.com.ar\/portalurbano\/#organization","name":"Portal Urbano","url":"https:\/\/experienciadevida.com.ar\/portalurbano\/","logo":{"@type":"ImageObject","inLanguage":"es","@id":"https:\/\/experienciadevida.com.ar\/portalurbano\/#\/schema\/logo\/image\/","url":"https:\/\/experienciadevida.com.ar\/portalurbano\/wp-content\/uploads\/2019\/09\/Logo-Original.png","contentUrl":"https:\/\/experienciadevida.com.ar\/portalurbano\/wp-content\/uploads\/2019\/09\/Logo-Original.png","width":2236,"height":1216,"caption":"Portal Urbano"},"image":{"@id":"https:\/\/experienciadevida.com.ar\/portalurbano\/#\/schema\/logo\/image\/"},"sameAs":["https:\/\/www.facebook.com\/Portal-Urbano-171542830093757\/","https:\/\/twitter.com\/portalurbanook","https:\/\/www.instagram.com\/_portalurbano\/","https:\/\/www.youtube.com\/channel\/UCXhagIfszH8KxFiOok79zbA?view_as=subscriber"]},{"@type":"Person","@id":"https:\/\/experienciadevida.com.ar\/portalurbano\/#\/schema\/person\/02dd326b1c4b056e9cc972486934a3a7","name":"admpu17wp","image":{"@type":"ImageObject","inLanguage":"es","@id":"https:\/\/experienciadevida.com.ar\/portalurbano\/#\/schema\/person\/image\/","url":"https:\/\/secure.gravatar.com\/avatar\/830d4c57adaae6630765e449a6908047?s=96&d=mm&r=g","contentUrl":"https:\/\/secure.gravatar.com\/avatar\/830d4c57adaae6630765e449a6908047?s=96&d=mm&r=g","caption":"admpu17wp"}}]}},"featured_image_urls":{"full":["https:\/\/experienciadevida.com.ar\/portalurbano\/wp-content\/uploads\/2020\/07\/SARACHU.jpg",972,608,false],"thumbnail":["https:\/\/experienciadevida.com.ar\/portalurbano\/wp-content\/uploads\/2020\/07\/SARACHU-150x150.jpg",150,150,true],"medium":["https:\/\/experienciadevida.com.ar\/portalurbano\/wp-content\/uploads\/2020\/07\/SARACHU-300x188.jpg",300,188,true],"medium_large":["https:\/\/experienciadevida.com.ar\/portalurbano\/wp-content\/uploads\/2020\/07\/SARACHU-768x480.jpg",640,400,true],"large":["https:\/\/experienciadevida.com.ar\/portalurbano\/wp-content\/uploads\/2020\/07\/SARACHU.jpg",640,400,false],"ug_big":["https:\/\/experienciadevida.com.ar\/portalurbano\/wp-content\/uploads\/2020\/07\/SARACHU-768x480.jpg",768,480,true],"1536x1536":["https:\/\/experienciadevida.com.ar\/portalurbano\/wp-content\/uploads\/2020\/07\/SARACHU.jpg",972,608,false],"2048x2048":["https:\/\/experienciadevida.com.ar\/portalurbano\/wp-content\/uploads\/2020\/07\/SARACHU.jpg",972,608,false],"newsever-slider-full":["https:\/\/experienciadevida.com.ar\/portalurbano\/wp-content\/uploads\/2020\/07\/SARACHU.jpg",972,608,false],"newsever-featured":["https:\/\/experienciadevida.com.ar\/portalurbano\/wp-content\/uploads\/2020\/07\/SARACHU.jpg",972,608,false],"newsever-medium":["https:\/\/experienciadevida.com.ar\/portalurbano\/wp-content\/uploads\/2020\/07\/SARACHU.jpg",720,450,false],"web-stories-poster-portrait":["https:\/\/experienciadevida.com.ar\/portalurbano\/wp-content\/uploads\/2020\/07\/SARACHU.jpg",640,400,false],"web-stories-publisher-logo":["https:\/\/experienciadevida.com.ar\/portalurbano\/wp-content\/uploads\/2020\/07\/SARACHU.jpg",96,60,false],"web-stories-thumbnail":["https:\/\/experienciadevida.com.ar\/portalurbano\/wp-content\/uploads\/2020\/07\/SARACHU.jpg",150,94,false]},"author_info":{"display_name":"admpu17wp","author_link":"https:\/\/experienciadevida.com.ar\/portalurbano\/author\/admpu17wp\/"},"category_info":"<a href=\"https:\/\/experienciadevida.com.ar\/portalurbano\/category\/ciudad\/\" rel=\"category tag\">Ciudad<\/a> <a href=\"https:\/\/experienciadevida.com.ar\/portalurbano\/category\/destacadas\/\" rel=\"category tag\">Destacadas<\/a>","tag_info":"Destacadas","comment_count":"0","amp_enabled":true,"_links":{"self":[{"href":"https:\/\/experienciadevida.com.ar\/portalurbano\/wp-json\/wp\/v2\/posts\/116431"}],"collection":[{"href":"https:\/\/experienciadevida.com.ar\/portalurbano\/wp-json\/wp\/v2\/posts"}],"about":[{"href":"https:\/\/experienciadevida.com.ar\/portalurbano\/wp-json\/wp\/v2\/types\/post"}],"author":[{"embeddable":true,"href":"https:\/\/experienciadevida.com.ar\/portalurbano\/wp-json\/wp\/v2\/users\/1"}],"replies":[{"embeddable":true,"href":"https:\/\/experienciadevida.com.ar\/portalurbano\/wp-json\/wp\/v2\/comments?post=116431"}],"version-history":[{"count":1,"href":"https:\/\/experienciadevida.com.ar\/portalurbano\/wp-json\/wp\/v2\/posts\/116431\/revisions"}],"predecessor-version":[{"id":116433,"href":"https:\/\/experienciadevida.com.ar\/portalurbano\/wp-json\/wp\/v2\/posts\/116431\/revisions\/116433"}],"wp:featuredmedia":[{"embeddable":true,"href":"https:\/\/experienciadevida.com.ar\/portalurbano\/wp-json\/wp\/v2\/media\/116432"}],"wp:attachment":[{"href":"https:\/\/experienciadevida.com.ar\/portalurbano\/wp-json\/wp\/v2\/media?parent=116431"}],"wp:term":[{"taxonomy":"category","embeddable":true,"href":"https:\/\/experienciadevida.com.ar\/portalurbano\/wp-json\/wp\/v2\/categories?post=116431"},{"taxonomy":"post_tag","embeddable":true,"href":"https:\/\/experienciadevida.com.ar\/portalurbano\/wp-json\/wp\/v2\/tags?post=116431"}],"curies":[{"name":"wp","href":"https:\/\/api.w.org\/{rel}","templated":true}]}}