{"id":116192,"date":"2020-07-28T12:00:30","date_gmt":"2020-07-28T15:00:30","guid":{"rendered":"https:\/\/experienciadevida.com.ar\/portalurbano\/?p=116192"},"modified":"2020-07-28T12:12:48","modified_gmt":"2020-07-28T15:12:48","slug":"celeste-arouxet-solicita-un-pedido-de-informes-sobre-reemplazo-y-mantenimiento-de-medidores","status":"publish","type":"post","link":"https:\/\/experienciadevida.com.ar\/portalurbano\/celeste-arouxet-solicita-un-pedido-de-informes-sobre-reemplazo-y-mantenimiento-de-medidores\/","title":{"rendered":"Celeste Arouxet solicita un pedido de informes sobre &#8220;Reemplazo y mantenimiento de medidores&#8221;"},"content":{"rendered":"<p>La concejal Celeste Arouxet del bloque Radicales en Junto por el Cambio, present\u00f3 un pedido de informe sobre la contribuci\u00f3n accionaria \u201cReemplazo y Mantenimiento de Medidores\u201d donde solicita al Ejecutivo Municipal y, por su intermedio al Ente Regulador Municipal, gestione informaci\u00f3n relevante que transparenta el cobro de este concepto contradictorio y controversial al propio Reglamento del Usuario.<\/p>\n<p>Adem\u00e1s dijo &#8220;<em>recordemos que el Reglamento del Usuario tiene por objeto establecer las normas a las cuales deben ajustar sus respectivas conductas de\u00a0 Coopelectric como Concesionario de la prestaci\u00f3n de los servicios p\u00fablicos de aguas y cloacas y los usuarios de dichos servicios, en las relaciones entre ambas partes, como asimismo con el ente regulador municipal , como Autoridad Reguladora del Servicio P\u00fablico concesionado&#8221;.<\/em><\/p>\n<p>Por otro lado mencion\u00f3 que <em>&#8220;ya pasaron varios meses desde la incorporaci\u00f3n de esta nueva contribuci\u00f3n accionaria que se ontradice con el art. 18 del Reglamento del Usuario donde \u201cEl costo de incorporaci\u00f3n al sistema medido, incluyendo la provisi\u00f3n e instalaci\u00f3n del o de los medidores de caudales, se har\u00e1 sin cargo a Usuarios que cuenten con conexi\u00f3n existente&#8221;.<\/em><\/p>\n<p>A su vez &#8220;<em>aquellos que no est\u00e9n conectados gozar\u00e1n de igual beneficio, debiendo abonar s\u00f3lo el cargo de conexi\u00f3n. En el supuesto que el Usuario solicite con anticipaci\u00f3n dicha incorporaci\u00f3n, el costo de provisi\u00f3n e instalaci\u00f3n del medidor estar\u00e1 a su cargo\u201d y del art. 22 \u201cSi el concesionario estima que un medidor funciona incorrectamente, podr\u00e1 efectuar la inspecci\u00f3n&#8221;.\u00a0<\/em><\/p>\n<p><em>&#8221; Si como el resultado de la inspecci\u00f3n y verificaci\u00f3n existiesen diferencias en defecto, en los t\u00e9rminos del art. 21, entre el consumo registrado y el real apreciado no podr\u00e1 corregir en forma retroactiva las facturaciones ya realizadas y podr\u00e1 proceder al recambio del medidor, el que ser\u00e1 a cargo del Concesionario, comunic\u00e1ndolo al Usuario&#8221;.<\/em><\/p>\n<p>Por \u00faltimo coment\u00f3 &#8220;<em>los Olavarrienses necesitamos contar con mayor claridad por parte de concesionaria sobre la cantidad de medidores que se reemplazaron en el per\u00edodo de febrero a julio de este a\u00f1o, el monto total facturado bajo ese concepto, el costo unitario del medidor y la cantidad de conexiones vigentes; independientemente del continuo reclamo de la sociedad sobre el cobro de la cuota capital indebida&#8221;.<\/em><\/p>\n<p>Foto: archivo<\/p>\n","protected":false},"excerpt":{"rendered":"<p>La concejal Celeste Arouxet del bloque Radicales en Junto por el Cambio, present\u00f3 un pedido&#8230;<\/p>\n","protected":false},"author":1,"featured_media":113745,"comment_status":"closed","ping_status":"closed","sticky":false,"template":"","format":"standard","meta":{"content-type":""},"categories":[27,51],"tags":[],"nelio_content":{"isAutoShareEnabled":false,"autoShareEndMode":"default","automationSources":{"useContentSentences":true,"useSocialTemplates":true,"useCustomSentences":false,"customSentences":[]},"followers":[1],"suggestedReferences":[],"includedReferences":[],"efiUrl":"","efiAlt":"","highlights":[]},"yoast_head":"<!-- This site is optimized with the Yoast SEO plugin v20.7 - https:\/\/yoast.com\/wordpress\/plugins\/seo\/ -->\n<title>Celeste Arouxet solicita un pedido de informes sobre &quot;Reemplazo y mantenimiento de medidores&quot; -<\/title>\n<meta name=\"robots\" content=\"index, follow, max-snippet:-1, max-image-preview:large, max-video-preview:-1\" \/>\n<link rel=\"canonical\" href=\"https:\/\/experienciadevida.com.ar\/portalurbano\/celeste-arouxet-solicita-un-pedido-de-informes-sobre-reemplazo-y-mantenimiento-de-medidores\/\" \/>\n<meta property=\"og:locale\" content=\"es_ES\" \/>\n<meta property=\"og:type\" content=\"article\" \/>\n<meta property=\"og:title\" content=\"Celeste Arouxet solicita un pedido de informes sobre &quot;Reemplazo y mantenimiento de medidores&quot; -\" \/>\n<meta property=\"og:description\" content=\"La concejal Celeste Arouxet del bloque Radicales en Junto por el Cambio, present\u00f3 un pedido...\" \/>\n<meta property=\"og:url\" content=\"https:\/\/experienciadevida.com.ar\/portalurbano\/celeste-arouxet-solicita-un-pedido-de-informes-sobre-reemplazo-y-mantenimiento-de-medidores\/\" \/>\n<meta property=\"article:publisher\" content=\"https:\/\/www.facebook.com\/Portal-Urbano-171542830093757\/\" \/>\n<meta property=\"article:published_time\" content=\"2020-07-28T15:00:30+00:00\" \/>\n<meta property=\"article:modified_time\" content=\"2020-07-28T15:12:48+00:00\" \/>\n<meta property=\"og:image\" content=\"https:\/\/experienciadevida.com.ar\/portalurbano\/wp-content\/uploads\/2020\/07\/CELESTEAROUXET.png\" \/>\n\t<meta property=\"og:image:width\" content=\"803\" \/>\n\t<meta property=\"og:image:height\" content=\"441\" \/>\n\t<meta property=\"og:image:type\" content=\"image\/png\" \/>\n<meta name=\"author\" content=\"admpu17wp\" \/>\n<meta name=\"twitter:card\" content=\"summary_large_image\" \/>\n<meta name=\"twitter:creator\" content=\"@portalurbanook\" \/>\n<meta name=\"twitter:site\" content=\"@portalurbanook\" \/>\n<meta name=\"twitter:label1\" content=\"Escrito por\" \/>\n\t<meta name=\"twitter:data1\" content=\"admpu17wp\" \/>\n\t<meta name=\"twitter:label2\" content=\"Tiempo de lectura\" \/>\n\t<meta name=\"twitter:data2\" content=\"2 minutos\" \/>\n<script type=\"application\/ld+json\" class=\"yoast-schema-graph\">{\"@context\":\"https:\/\/schema.org\",\"@graph\":[{\"@type\":\"Article\",\"@id\":\"https:\/\/experienciadevida.com.ar\/portalurbano\/celeste-arouxet-solicita-un-pedido-de-informes-sobre-reemplazo-y-mantenimiento-de-medidores\/#article\",\"isPartOf\":{\"@id\":\"https:\/\/experienciadevida.com.ar\/portalurbano\/celeste-arouxet-solicita-un-pedido-de-informes-sobre-reemplazo-y-mantenimiento-de-medidores\/\"},\"author\":{\"name\":\"admpu17wp\",\"@id\":\"https:\/\/experienciadevida.com.ar\/portalurbano\/#\/schema\/person\/02dd326b1c4b056e9cc972486934a3a7\"},\"headline\":\"Celeste Arouxet solicita un pedido de informes sobre &#8220;Reemplazo y mantenimiento de medidores&#8221;\",\"datePublished\":\"2020-07-28T15:00:30+00:00\",\"dateModified\":\"2020-07-28T15:12:48+00:00\",\"mainEntityOfPage\":{\"@id\":\"https:\/\/experienciadevida.com.ar\/portalurbano\/celeste-arouxet-solicita-un-pedido-de-informes-sobre-reemplazo-y-mantenimiento-de-medidores\/\"},\"wordCount\":396,\"publisher\":{\"@id\":\"https:\/\/experienciadevida.com.ar\/portalurbano\/#organization\"},\"articleSection\":[\"Ciudad\",\"Destacadas\"],\"inLanguage\":\"es\"},{\"@type\":\"WebPage\",\"@id\":\"https:\/\/experienciadevida.com.ar\/portalurbano\/celeste-arouxet-solicita-un-pedido-de-informes-sobre-reemplazo-y-mantenimiento-de-medidores\/\",\"url\":\"https:\/\/experienciadevida.com.ar\/portalurbano\/celeste-arouxet-solicita-un-pedido-de-informes-sobre-reemplazo-y-mantenimiento-de-medidores\/\",\"name\":\"Celeste Arouxet solicita un pedido de informes sobre \\\"Reemplazo y mantenimiento de medidores\\\" -\",\"isPartOf\":{\"@id\":\"https:\/\/experienciadevida.com.ar\/portalurbano\/#website\"},\"datePublished\":\"2020-07-28T15:00:30+00:00\",\"dateModified\":\"2020-07-28T15:12:48+00:00\",\"breadcrumb\":{\"@id\":\"https:\/\/experienciadevida.com.ar\/portalurbano\/celeste-arouxet-solicita-un-pedido-de-informes-sobre-reemplazo-y-mantenimiento-de-medidores\/#breadcrumb\"},\"inLanguage\":\"es\",\"potentialAction\":[{\"@type\":\"ReadAction\",\"target\":[\"https:\/\/experienciadevida.com.ar\/portalurbano\/celeste-arouxet-solicita-un-pedido-de-informes-sobre-reemplazo-y-mantenimiento-de-medidores\/\"]}]},{\"@type\":\"BreadcrumbList\",\"@id\":\"https:\/\/experienciadevida.com.ar\/portalurbano\/celeste-arouxet-solicita-un-pedido-de-informes-sobre-reemplazo-y-mantenimiento-de-medidores\/#breadcrumb\",\"itemListElement\":[{\"@type\":\"ListItem\",\"position\":1,\"name\":\"Portada\",\"item\":\"https:\/\/experienciadevida.com.ar\/portalurbano\/\"},{\"@type\":\"ListItem\",\"position\":2,\"name\":\"Celeste Arouxet solicita un pedido de informes sobre \u00abReemplazo y mantenimiento de medidores\u00bb\"}]},{\"@type\":\"WebSite\",\"@id\":\"https:\/\/experienciadevida.com.ar\/portalurbano\/#website\",\"url\":\"https:\/\/experienciadevida.com.ar\/portalurbano\/\",\"name\":\"\",\"description\":\"\",\"publisher\":{\"@id\":\"https:\/\/experienciadevida.com.ar\/portalurbano\/#organization\"},\"potentialAction\":[{\"@type\":\"SearchAction\",\"target\":{\"@type\":\"EntryPoint\",\"urlTemplate\":\"https:\/\/experienciadevida.com.ar\/portalurbano\/?s={search_term_string}\"},\"query-input\":\"required name=search_term_string\"}],\"inLanguage\":\"es\"},{\"@type\":\"Organization\",\"@id\":\"https:\/\/experienciadevida.com.ar\/portalurbano\/#organization\",\"name\":\"Portal Urbano\",\"url\":\"https:\/\/experienciadevida.com.ar\/portalurbano\/\",\"logo\":{\"@type\":\"ImageObject\",\"inLanguage\":\"es\",\"@id\":\"https:\/\/experienciadevida.com.ar\/portalurbano\/#\/schema\/logo\/image\/\",\"url\":\"https:\/\/experienciadevida.com.ar\/portalurbano\/wp-content\/uploads\/2019\/09\/Logo-Original.png\",\"contentUrl\":\"https:\/\/experienciadevida.com.ar\/portalurbano\/wp-content\/uploads\/2019\/09\/Logo-Original.png\",\"width\":2236,\"height\":1216,\"caption\":\"Portal Urbano\"},\"image\":{\"@id\":\"https:\/\/experienciadevida.com.ar\/portalurbano\/#\/schema\/logo\/image\/\"},\"sameAs\":[\"https:\/\/www.facebook.com\/Portal-Urbano-171542830093757\/\",\"https:\/\/twitter.com\/portalurbanook\",\"https:\/\/www.instagram.com\/_portalurbano\/\",\"https:\/\/www.youtube.com\/channel\/UCXhagIfszH8KxFiOok79zbA?view_as=subscriber\"]},{\"@type\":\"Person\",\"@id\":\"https:\/\/experienciadevida.com.ar\/portalurbano\/#\/schema\/person\/02dd326b1c4b056e9cc972486934a3a7\",\"name\":\"admpu17wp\",\"image\":{\"@type\":\"ImageObject\",\"inLanguage\":\"es\",\"@id\":\"https:\/\/experienciadevida.com.ar\/portalurbano\/#\/schema\/person\/image\/\",\"url\":\"https:\/\/secure.gravatar.com\/avatar\/830d4c57adaae6630765e449a6908047?s=96&d=mm&r=g\",\"contentUrl\":\"https:\/\/secure.gravatar.com\/avatar\/830d4c57adaae6630765e449a6908047?s=96&d=mm&r=g\",\"caption\":\"admpu17wp\"}}]}<\/script>\n<!-- \/ Yoast SEO plugin. -->","yoast_head_json":{"title":"Celeste Arouxet solicita un pedido de informes sobre \"Reemplazo y mantenimiento de medidores\" -","robots":{"index":"index","follow":"follow","max-snippet":"max-snippet:-1","max-image-preview":"max-image-preview:large","max-video-preview":"max-video-preview:-1"},"canonical":"https:\/\/experienciadevida.com.ar\/portalurbano\/celeste-arouxet-solicita-un-pedido-de-informes-sobre-reemplazo-y-mantenimiento-de-medidores\/","og_locale":"es_ES","og_type":"article","og_title":"Celeste Arouxet solicita un pedido de informes sobre \"Reemplazo y mantenimiento de medidores\" -","og_description":"La concejal Celeste Arouxet del bloque Radicales en Junto por el Cambio, present\u00f3 un pedido...","og_url":"https:\/\/experienciadevida.com.ar\/portalurbano\/celeste-arouxet-solicita-un-pedido-de-informes-sobre-reemplazo-y-mantenimiento-de-medidores\/","article_publisher":"https:\/\/www.facebook.com\/Portal-Urbano-171542830093757\/","article_published_time":"2020-07-28T15:00:30+00:00","article_modified_time":"2020-07-28T15:12:48+00:00","og_image":[{"width":803,"height":441,"url":"https:\/\/experienciadevida.com.ar\/portalurbano\/wp-content\/uploads\/2020\/07\/CELESTEAROUXET.png","type":"image\/png"}],"author":"admpu17wp","twitter_card":"summary_large_image","twitter_creator":"@portalurbanook","twitter_site":"@portalurbanook","twitter_misc":{"Escrito por":"admpu17wp","Tiempo de lectura":"2 minutos"},"schema":{"@context":"https:\/\/schema.org","@graph":[{"@type":"Article","@id":"https:\/\/experienciadevida.com.ar\/portalurbano\/celeste-arouxet-solicita-un-pedido-de-informes-sobre-reemplazo-y-mantenimiento-de-medidores\/#article","isPartOf":{"@id":"https:\/\/experienciadevida.com.ar\/portalurbano\/celeste-arouxet-solicita-un-pedido-de-informes-sobre-reemplazo-y-mantenimiento-de-medidores\/"},"author":{"name":"admpu17wp","@id":"https:\/\/experienciadevida.com.ar\/portalurbano\/#\/schema\/person\/02dd326b1c4b056e9cc972486934a3a7"},"headline":"Celeste Arouxet solicita un pedido de informes sobre &#8220;Reemplazo y mantenimiento de medidores&#8221;","datePublished":"2020-07-28T15:00:30+00:00","dateModified":"2020-07-28T15:12:48+00:00","mainEntityOfPage":{"@id":"https:\/\/experienciadevida.com.ar\/portalurbano\/celeste-arouxet-solicita-un-pedido-de-informes-sobre-reemplazo-y-mantenimiento-de-medidores\/"},"wordCount":396,"publisher":{"@id":"https:\/\/experienciadevida.com.ar\/portalurbano\/#organization"},"articleSection":["Ciudad","Destacadas"],"inLanguage":"es"},{"@type":"WebPage","@id":"https:\/\/experienciadevida.com.ar\/portalurbano\/celeste-arouxet-solicita-un-pedido-de-informes-sobre-reemplazo-y-mantenimiento-de-medidores\/","url":"https:\/\/experienciadevida.com.ar\/portalurbano\/celeste-arouxet-solicita-un-pedido-de-informes-sobre-reemplazo-y-mantenimiento-de-medidores\/","name":"Celeste Arouxet solicita un pedido de informes sobre \"Reemplazo y mantenimiento de medidores\" -","isPartOf":{"@id":"https:\/\/experienciadevida.com.ar\/portalurbano\/#website"},"datePublished":"2020-07-28T15:00:30+00:00","dateModified":"2020-07-28T15:12:48+00:00","breadcrumb":{"@id":"https:\/\/experienciadevida.com.ar\/portalurbano\/celeste-arouxet-solicita-un-pedido-de-informes-sobre-reemplazo-y-mantenimiento-de-medidores\/#breadcrumb"},"inLanguage":"es","potentialAction":[{"@type":"ReadAction","target":["https:\/\/experienciadevida.com.ar\/portalurbano\/celeste-arouxet-solicita-un-pedido-de-informes-sobre-reemplazo-y-mantenimiento-de-medidores\/"]}]},{"@type":"BreadcrumbList","@id":"https:\/\/experienciadevida.com.ar\/portalurbano\/celeste-arouxet-solicita-un-pedido-de-informes-sobre-reemplazo-y-mantenimiento-de-medidores\/#breadcrumb","itemListElement":[{"@type":"ListItem","position":1,"name":"Portada","item":"https:\/\/experienciadevida.com.ar\/portalurbano\/"},{"@type":"ListItem","position":2,"name":"Celeste Arouxet solicita un pedido de informes sobre \u00abReemplazo y mantenimiento de medidores\u00bb"}]},{"@type":"WebSite","@id":"https:\/\/experienciadevida.com.ar\/portalurbano\/#website","url":"https:\/\/experienciadevida.com.ar\/portalurbano\/","name":"","description":"","publisher":{"@id":"https:\/\/experienciadevida.com.ar\/portalurbano\/#organization"},"potentialAction":[{"@type":"SearchAction","target":{"@type":"EntryPoint","urlTemplate":"https:\/\/experienciadevida.com.ar\/portalurbano\/?s={search_term_string}"},"query-input":"required name=search_term_string"}],"inLanguage":"es"},{"@type":"Organization","@id":"https:\/\/experienciadevida.com.ar\/portalurbano\/#organization","name":"Portal Urbano","url":"https:\/\/experienciadevida.com.ar\/portalurbano\/","logo":{"@type":"ImageObject","inLanguage":"es","@id":"https:\/\/experienciadevida.com.ar\/portalurbano\/#\/schema\/logo\/image\/","url":"https:\/\/experienciadevida.com.ar\/portalurbano\/wp-content\/uploads\/2019\/09\/Logo-Original.png","contentUrl":"https:\/\/experienciadevida.com.ar\/portalurbano\/wp-content\/uploads\/2019\/09\/Logo-Original.png","width":2236,"height":1216,"caption":"Portal Urbano"},"image":{"@id":"https:\/\/experienciadevida.com.ar\/portalurbano\/#\/schema\/logo\/image\/"},"sameAs":["https:\/\/www.facebook.com\/Portal-Urbano-171542830093757\/","https:\/\/twitter.com\/portalurbanook","https:\/\/www.instagram.com\/_portalurbano\/","https:\/\/www.youtube.com\/channel\/UCXhagIfszH8KxFiOok79zbA?view_as=subscriber"]},{"@type":"Person","@id":"https:\/\/experienciadevida.com.ar\/portalurbano\/#\/schema\/person\/02dd326b1c4b056e9cc972486934a3a7","name":"admpu17wp","image":{"@type":"ImageObject","inLanguage":"es","@id":"https:\/\/experienciadevida.com.ar\/portalurbano\/#\/schema\/person\/image\/","url":"https:\/\/secure.gravatar.com\/avatar\/830d4c57adaae6630765e449a6908047?s=96&d=mm&r=g","contentUrl":"https:\/\/secure.gravatar.com\/avatar\/830d4c57adaae6630765e449a6908047?s=96&d=mm&r=g","caption":"admpu17wp"}}]}},"featured_image_urls":{"full":["https:\/\/experienciadevida.com.ar\/portalurbano\/wp-content\/uploads\/2020\/07\/CELESTEAROUXET.png",803,441,false],"thumbnail":["https:\/\/experienciadevida.com.ar\/portalurbano\/wp-content\/uploads\/2020\/07\/CELESTEAROUXET-150x150.png",150,150,true],"medium":["https:\/\/experienciadevida.com.ar\/portalurbano\/wp-content\/uploads\/2020\/07\/CELESTEAROUXET-300x165.png",300,165,true],"medium_large":["https:\/\/experienciadevida.com.ar\/portalurbano\/wp-content\/uploads\/2020\/07\/CELESTEAROUXET-768x422.png",640,352,true],"large":["https:\/\/experienciadevida.com.ar\/portalurbano\/wp-content\/uploads\/2020\/07\/CELESTEAROUXET.png",640,351,false],"ug_big":["https:\/\/experienciadevida.com.ar\/portalurbano\/wp-content\/uploads\/2020\/07\/CELESTEAROUXET-768x422.png",768,422,true],"1536x1536":["https:\/\/experienciadevida.com.ar\/portalurbano\/wp-content\/uploads\/2020\/07\/CELESTEAROUXET.png",803,441,false],"2048x2048":["https:\/\/experienciadevida.com.ar\/portalurbano\/wp-content\/uploads\/2020\/07\/CELESTEAROUXET.png",803,441,false],"newsever-slider-full":["https:\/\/experienciadevida.com.ar\/portalurbano\/wp-content\/uploads\/2020\/07\/CELESTEAROUXET.png",803,441,false],"newsever-featured":["https:\/\/experienciadevida.com.ar\/portalurbano\/wp-content\/uploads\/2020\/07\/CELESTEAROUXET.png",803,441,false],"newsever-medium":["https:\/\/experienciadevida.com.ar\/portalurbano\/wp-content\/uploads\/2020\/07\/CELESTEAROUXET.png",720,395,false],"web-stories-poster-portrait":["https:\/\/experienciadevida.com.ar\/portalurbano\/wp-content\/uploads\/2020\/07\/CELESTEAROUXET.png",640,351,false],"web-stories-publisher-logo":["https:\/\/experienciadevida.com.ar\/portalurbano\/wp-content\/uploads\/2020\/07\/CELESTEAROUXET.png",96,53,false],"web-stories-thumbnail":["https:\/\/experienciadevida.com.ar\/portalurbano\/wp-content\/uploads\/2020\/07\/CELESTEAROUXET.png",150,82,false]},"author_info":{"display_name":"admpu17wp","author_link":"https:\/\/experienciadevida.com.ar\/portalurbano\/author\/admpu17wp\/"},"category_info":"<a href=\"https:\/\/experienciadevida.com.ar\/portalurbano\/category\/ciudad\/\" rel=\"category tag\">Ciudad<\/a> <a href=\"https:\/\/experienciadevida.com.ar\/portalurbano\/category\/destacadas\/\" rel=\"category tag\">Destacadas<\/a>","tag_info":"Destacadas","comment_count":"0","amp_enabled":true,"_links":{"self":[{"href":"https:\/\/experienciadevida.com.ar\/portalurbano\/wp-json\/wp\/v2\/posts\/116192"}],"collection":[{"href":"https:\/\/experienciadevida.com.ar\/portalurbano\/wp-json\/wp\/v2\/posts"}],"about":[{"href":"https:\/\/experienciadevida.com.ar\/portalurbano\/wp-json\/wp\/v2\/types\/post"}],"author":[{"embeddable":true,"href":"https:\/\/experienciadevida.com.ar\/portalurbano\/wp-json\/wp\/v2\/users\/1"}],"replies":[{"embeddable":true,"href":"https:\/\/experienciadevida.com.ar\/portalurbano\/wp-json\/wp\/v2\/comments?post=116192"}],"version-history":[{"count":3,"href":"https:\/\/experienciadevida.com.ar\/portalurbano\/wp-json\/wp\/v2\/posts\/116192\/revisions"}],"predecessor-version":[{"id":116196,"href":"https:\/\/experienciadevida.com.ar\/portalurbano\/wp-json\/wp\/v2\/posts\/116192\/revisions\/116196"}],"wp:featuredmedia":[{"embeddable":true,"href":"https:\/\/experienciadevida.com.ar\/portalurbano\/wp-json\/wp\/v2\/media\/113745"}],"wp:attachment":[{"href":"https:\/\/experienciadevida.com.ar\/portalurbano\/wp-json\/wp\/v2\/media?parent=116192"}],"wp:term":[{"taxonomy":"category","embeddable":true,"href":"https:\/\/experienciadevida.com.ar\/portalurbano\/wp-json\/wp\/v2\/categories?post=116192"},{"taxonomy":"post_tag","embeddable":true,"href":"https:\/\/experienciadevida.com.ar\/portalurbano\/wp-json\/wp\/v2\/tags?post=116192"}],"curies":[{"name":"wp","href":"https:\/\/api.w.org\/{rel}","templated":true}]}}