{"id":115840,"date":"2020-07-24T12:11:52","date_gmt":"2020-07-24T15:11:52","guid":{"rendered":"https:\/\/experienciadevida.com.ar\/portalurbano\/?p=115840"},"modified":"2020-07-24T12:12:20","modified_gmt":"2020-07-24T15:12:20","slug":"gollan-dijo-que-ve-muy-dificil-el-regreso-a-las-aulas-antes-de-fin-de-ano","status":"publish","type":"post","link":"https:\/\/experienciadevida.com.ar\/portalurbano\/gollan-dijo-que-ve-muy-dificil-el-regreso-a-las-aulas-antes-de-fin-de-ano\/","title":{"rendered":"Gollan dijo que ve \u201cmuy dif\u00edcil\u201d el regreso a las aulas antes de fin de a\u00f1o"},"content":{"rendered":"<p>Asimismo, el ministro de Salud bonaerense, dijo que \u201cseguramente\u201d despu\u00e9s del 2 de agosto se vuelva a una cuarentena estricta.<\/p>\n<p>El ministro de Salud bonaerense, Daniel Gollan, afirm\u00f3 que ve \u201cmuy dif\u00edcil\u201d un retorno de las clases presenciales antes de fin de a\u00f1o en el \u00c1rea Metropolitana de Buenos Aires (AMBA) debido al nivel de contagios por coronavirus y sostuvo que seguramente habr\u00e1 un endurecimiento de las medidas de aislamiento despu\u00e9s del 2 de agosto.<\/p>\n<p>El funcionario se refiri\u00f3 a la posibilidad de la vuelta al ciclo lectivo presencial en los distritos que hoy est\u00e1n en Fase 3, y sostuvo que \u201cen el AMBA est\u00e1 complicado\u201d.<\/p>\n<p>En tanto, sobre el resto de la provincia de Buenos Aires, dijo que \u201cpara que eso suceda se est\u00e1n elaborando los protocolos\u201d y reafirm\u00f3 que, en los distritos en los que eso sea posible, el retorno a las aulas -a\u00fan sin fecha definida- ser\u00e1 \u201ccon pocos chicos y no todos los d\u00edas\u201d.<\/p>\n<p>Sostuvo que, en cambio, en el Gran Buenos Aires \u201cse va a tener que esperar mucho m\u00e1s\u201d y agreg\u00f3: \u201cTenemos miedo de que nos pase lo que le pas\u00f3 a Israel, donde bajaron los casos, liberaron las aulas universitarias, secundarias y primarias, la situaci\u00f3n eclosion\u00f3 y el segundo pico fue superior que el primero\u201d.<\/p>\n<p>\u201cEntonces, la vuelta masiva de cientos de miles de estudiantes es un tema que hay que analizarlo con mucho cuidado\u201d, plante\u00f3 Gollan.<\/p>\n<p>\u201cEl virus va a intentar reproducirse siempre; lo \u00fanico que uno puede hacer si no se tiene una vacuna, es cortar la progresi\u00f3n en los contactos para mitigar el nivel de contagios y que no sucedan todos juntos\u201d, se\u00f1al\u00f3 Gollan.<\/p>\n<p>\u201cPor eso, se hace la cuarentena y, entonces, el virus avanza m\u00e1s lentamente. Dese\u00e1bamos que el endurecimiento de la cuarentena hubiese impactado en detener m\u00e1s el crecimiento de la curva, pero no ha sido as\u00ed\u201d, a\u00f1adi\u00f3.<\/p>\n<p>Gollan asegur\u00f3 que el principal objetivo en la provincia \u201ces no saturar el sistema sanitario y frenar la cantidad de contagios\u201d, y puntualiz\u00f3 que las autoridades miran con atenci\u00f3n dos variables: \u201cEl porcentaje de gente que termina ocupando una terapia de los que se enferman y el n\u00famero absoluto de camas que se van ocupando por d\u00eda\u201d.<\/p>\n<p>\u201cSi vemos que se empieza a acelerar en forma preocupante la ocupaci\u00f3n de camas de terapia, va a ser indicador para que tomemos una medida, pero no podemos esperar a que eso llegue al 90%, porque despu\u00e9s hay un efecto inercial que dura un mes. Hay que cortar cuando se vea que estamos en un tope que estamos definiendo y que seguramente no va a ser superior al 75%\u201d, consign\u00f3 el ministro bonaerense.<\/p>\n<p>En ese sentido, plante\u00f3 que \u201ces probable que la decisi\u00f3n de endurecer la cuarentena pueda tomarse hacia el 2 de agosto\u201d.<\/p>\n<p>\u201cAl d\u00eda de hoy tenemos una semana para seguir de cerca esta evoluci\u00f3n y cortar porque todav\u00eda estamos lejos del 75% de las camas ocupadas\u201d, subray\u00f3 Gollan.<\/p>\n<p>\u201cAntes del 30 tendremos que hacer los n\u00fameros para ver qu\u00e9 hacemos despu\u00e9s del 2 pero, como vemos que viene la cosa, pensamos que es muy probable que tengamos que dar marcha atr\u00e1s\u201d, analiz\u00f3.<\/p>\n<p>Fuente: DIB<\/p>\n","protected":false},"excerpt":{"rendered":"<p>Asimismo, el ministro de Salud bonaerense, dijo que \u201cseguramente\u201d despu\u00e9s del 2 de agosto se&#8230;<\/p>\n","protected":false},"author":1,"featured_media":111556,"comment_status":"closed","ping_status":"closed","sticky":false,"template":"","format":"standard","meta":{"content-type":""},"categories":[39],"tags":[],"nelio_content":{"isAutoShareEnabled":false,"autoShareEndMode":"default","automationSources":{"useContentSentences":true,"useSocialTemplates":true,"useCustomSentences":false,"customSentences":[]},"followers":[1],"suggestedReferences":[],"includedReferences":[],"efiUrl":"","efiAlt":"","highlights":[]},"yoast_head":"<!-- This site is optimized with the Yoast SEO plugin v20.7 - https:\/\/yoast.com\/wordpress\/plugins\/seo\/ -->\n<title>Gollan dijo que ve \u201cmuy dif\u00edcil\u201d el regreso a las aulas antes de fin de a\u00f1o -<\/title>\n<meta name=\"robots\" content=\"index, follow, max-snippet:-1, max-image-preview:large, max-video-preview:-1\" \/>\n<link rel=\"canonical\" href=\"https:\/\/experienciadevida.com.ar\/portalurbano\/gollan-dijo-que-ve-muy-dificil-el-regreso-a-las-aulas-antes-de-fin-de-ano\/\" \/>\n<meta property=\"og:locale\" content=\"es_ES\" \/>\n<meta property=\"og:type\" content=\"article\" \/>\n<meta property=\"og:title\" content=\"Gollan dijo que ve \u201cmuy dif\u00edcil\u201d el regreso a las aulas antes de fin de a\u00f1o -\" \/>\n<meta property=\"og:description\" content=\"Asimismo, el ministro de Salud bonaerense, dijo que \u201cseguramente\u201d despu\u00e9s del 2 de agosto se...\" \/>\n<meta property=\"og:url\" content=\"https:\/\/experienciadevida.com.ar\/portalurbano\/gollan-dijo-que-ve-muy-dificil-el-regreso-a-las-aulas-antes-de-fin-de-ano\/\" \/>\n<meta property=\"article:publisher\" content=\"https:\/\/www.facebook.com\/Portal-Urbano-171542830093757\/\" \/>\n<meta property=\"article:published_time\" content=\"2020-07-24T15:11:52+00:00\" \/>\n<meta property=\"article:modified_time\" content=\"2020-07-24T15:12:20+00:00\" \/>\n<meta property=\"og:image\" content=\"https:\/\/experienciadevida.com.ar\/portalurbano\/wp-content\/uploads\/2020\/06\/GOLLAN.jpg\" \/>\n\t<meta property=\"og:image:width\" content=\"765\" \/>\n\t<meta property=\"og:image:height\" content=\"478\" \/>\n\t<meta property=\"og:image:type\" content=\"image\/jpeg\" \/>\n<meta name=\"author\" content=\"admpu17wp\" \/>\n<meta name=\"twitter:card\" content=\"summary_large_image\" \/>\n<meta name=\"twitter:creator\" content=\"@portalurbanook\" \/>\n<meta name=\"twitter:site\" content=\"@portalurbanook\" \/>\n<meta name=\"twitter:label1\" content=\"Escrito por\" \/>\n\t<meta name=\"twitter:data1\" content=\"admpu17wp\" \/>\n\t<meta name=\"twitter:label2\" content=\"Tiempo de lectura\" \/>\n\t<meta name=\"twitter:data2\" content=\"3 minutos\" \/>\n<script type=\"application\/ld+json\" class=\"yoast-schema-graph\">{\"@context\":\"https:\/\/schema.org\",\"@graph\":[{\"@type\":\"Article\",\"@id\":\"https:\/\/experienciadevida.com.ar\/portalurbano\/gollan-dijo-que-ve-muy-dificil-el-regreso-a-las-aulas-antes-de-fin-de-ano\/#article\",\"isPartOf\":{\"@id\":\"https:\/\/experienciadevida.com.ar\/portalurbano\/gollan-dijo-que-ve-muy-dificil-el-regreso-a-las-aulas-antes-de-fin-de-ano\/\"},\"author\":{\"name\":\"admpu17wp\",\"@id\":\"https:\/\/experienciadevida.com.ar\/portalurbano\/#\/schema\/person\/02dd326b1c4b056e9cc972486934a3a7\"},\"headline\":\"Gollan dijo que ve \u201cmuy dif\u00edcil\u201d el regreso a las aulas antes de fin de a\u00f1o\",\"datePublished\":\"2020-07-24T15:11:52+00:00\",\"dateModified\":\"2020-07-24T15:12:20+00:00\",\"mainEntityOfPage\":{\"@id\":\"https:\/\/experienciadevida.com.ar\/portalurbano\/gollan-dijo-que-ve-muy-dificil-el-regreso-a-las-aulas-antes-de-fin-de-ano\/\"},\"wordCount\":561,\"publisher\":{\"@id\":\"https:\/\/experienciadevida.com.ar\/portalurbano\/#organization\"},\"articleSection\":[\"Naci\u00f3n\"],\"inLanguage\":\"es\"},{\"@type\":\"WebPage\",\"@id\":\"https:\/\/experienciadevida.com.ar\/portalurbano\/gollan-dijo-que-ve-muy-dificil-el-regreso-a-las-aulas-antes-de-fin-de-ano\/\",\"url\":\"https:\/\/experienciadevida.com.ar\/portalurbano\/gollan-dijo-que-ve-muy-dificil-el-regreso-a-las-aulas-antes-de-fin-de-ano\/\",\"name\":\"Gollan dijo que ve \u201cmuy dif\u00edcil\u201d el regreso a las aulas antes de fin de a\u00f1o -\",\"isPartOf\":{\"@id\":\"https:\/\/experienciadevida.com.ar\/portalurbano\/#website\"},\"datePublished\":\"2020-07-24T15:11:52+00:00\",\"dateModified\":\"2020-07-24T15:12:20+00:00\",\"breadcrumb\":{\"@id\":\"https:\/\/experienciadevida.com.ar\/portalurbano\/gollan-dijo-que-ve-muy-dificil-el-regreso-a-las-aulas-antes-de-fin-de-ano\/#breadcrumb\"},\"inLanguage\":\"es\",\"potentialAction\":[{\"@type\":\"ReadAction\",\"target\":[\"https:\/\/experienciadevida.com.ar\/portalurbano\/gollan-dijo-que-ve-muy-dificil-el-regreso-a-las-aulas-antes-de-fin-de-ano\/\"]}]},{\"@type\":\"BreadcrumbList\",\"@id\":\"https:\/\/experienciadevida.com.ar\/portalurbano\/gollan-dijo-que-ve-muy-dificil-el-regreso-a-las-aulas-antes-de-fin-de-ano\/#breadcrumb\",\"itemListElement\":[{\"@type\":\"ListItem\",\"position\":1,\"name\":\"Portada\",\"item\":\"https:\/\/experienciadevida.com.ar\/portalurbano\/\"},{\"@type\":\"ListItem\",\"position\":2,\"name\":\"Gollan dijo que ve \u201cmuy dif\u00edcil\u201d el regreso a las aulas antes de fin de a\u00f1o\"}]},{\"@type\":\"WebSite\",\"@id\":\"https:\/\/experienciadevida.com.ar\/portalurbano\/#website\",\"url\":\"https:\/\/experienciadevida.com.ar\/portalurbano\/\",\"name\":\"\",\"description\":\"\",\"publisher\":{\"@id\":\"https:\/\/experienciadevida.com.ar\/portalurbano\/#organization\"},\"potentialAction\":[{\"@type\":\"SearchAction\",\"target\":{\"@type\":\"EntryPoint\",\"urlTemplate\":\"https:\/\/experienciadevida.com.ar\/portalurbano\/?s={search_term_string}\"},\"query-input\":\"required name=search_term_string\"}],\"inLanguage\":\"es\"},{\"@type\":\"Organization\",\"@id\":\"https:\/\/experienciadevida.com.ar\/portalurbano\/#organization\",\"name\":\"Portal Urbano\",\"url\":\"https:\/\/experienciadevida.com.ar\/portalurbano\/\",\"logo\":{\"@type\":\"ImageObject\",\"inLanguage\":\"es\",\"@id\":\"https:\/\/experienciadevida.com.ar\/portalurbano\/#\/schema\/logo\/image\/\",\"url\":\"https:\/\/experienciadevida.com.ar\/portalurbano\/wp-content\/uploads\/2019\/09\/Logo-Original.png\",\"contentUrl\":\"https:\/\/experienciadevida.com.ar\/portalurbano\/wp-content\/uploads\/2019\/09\/Logo-Original.png\",\"width\":2236,\"height\":1216,\"caption\":\"Portal Urbano\"},\"image\":{\"@id\":\"https:\/\/experienciadevida.com.ar\/portalurbano\/#\/schema\/logo\/image\/\"},\"sameAs\":[\"https:\/\/www.facebook.com\/Portal-Urbano-171542830093757\/\",\"https:\/\/twitter.com\/portalurbanook\",\"https:\/\/www.instagram.com\/_portalurbano\/\",\"https:\/\/www.youtube.com\/channel\/UCXhagIfszH8KxFiOok79zbA?view_as=subscriber\"]},{\"@type\":\"Person\",\"@id\":\"https:\/\/experienciadevida.com.ar\/portalurbano\/#\/schema\/person\/02dd326b1c4b056e9cc972486934a3a7\",\"name\":\"admpu17wp\",\"image\":{\"@type\":\"ImageObject\",\"inLanguage\":\"es\",\"@id\":\"https:\/\/experienciadevida.com.ar\/portalurbano\/#\/schema\/person\/image\/\",\"url\":\"https:\/\/secure.gravatar.com\/avatar\/830d4c57adaae6630765e449a6908047?s=96&d=mm&r=g\",\"contentUrl\":\"https:\/\/secure.gravatar.com\/avatar\/830d4c57adaae6630765e449a6908047?s=96&d=mm&r=g\",\"caption\":\"admpu17wp\"}}]}<\/script>\n<!-- \/ Yoast SEO plugin. -->","yoast_head_json":{"title":"Gollan dijo que ve \u201cmuy dif\u00edcil\u201d el regreso a las aulas antes de fin de a\u00f1o -","robots":{"index":"index","follow":"follow","max-snippet":"max-snippet:-1","max-image-preview":"max-image-preview:large","max-video-preview":"max-video-preview:-1"},"canonical":"https:\/\/experienciadevida.com.ar\/portalurbano\/gollan-dijo-que-ve-muy-dificil-el-regreso-a-las-aulas-antes-de-fin-de-ano\/","og_locale":"es_ES","og_type":"article","og_title":"Gollan dijo que ve \u201cmuy dif\u00edcil\u201d el regreso a las aulas antes de fin de a\u00f1o -","og_description":"Asimismo, el ministro de Salud bonaerense, dijo que \u201cseguramente\u201d despu\u00e9s del 2 de agosto se...","og_url":"https:\/\/experienciadevida.com.ar\/portalurbano\/gollan-dijo-que-ve-muy-dificil-el-regreso-a-las-aulas-antes-de-fin-de-ano\/","article_publisher":"https:\/\/www.facebook.com\/Portal-Urbano-171542830093757\/","article_published_time":"2020-07-24T15:11:52+00:00","article_modified_time":"2020-07-24T15:12:20+00:00","og_image":[{"width":765,"height":478,"url":"https:\/\/experienciadevida.com.ar\/portalurbano\/wp-content\/uploads\/2020\/06\/GOLLAN.jpg","type":"image\/jpeg"}],"author":"admpu17wp","twitter_card":"summary_large_image","twitter_creator":"@portalurbanook","twitter_site":"@portalurbanook","twitter_misc":{"Escrito por":"admpu17wp","Tiempo de lectura":"3 minutos"},"schema":{"@context":"https:\/\/schema.org","@graph":[{"@type":"Article","@id":"https:\/\/experienciadevida.com.ar\/portalurbano\/gollan-dijo-que-ve-muy-dificil-el-regreso-a-las-aulas-antes-de-fin-de-ano\/#article","isPartOf":{"@id":"https:\/\/experienciadevida.com.ar\/portalurbano\/gollan-dijo-que-ve-muy-dificil-el-regreso-a-las-aulas-antes-de-fin-de-ano\/"},"author":{"name":"admpu17wp","@id":"https:\/\/experienciadevida.com.ar\/portalurbano\/#\/schema\/person\/02dd326b1c4b056e9cc972486934a3a7"},"headline":"Gollan dijo que ve \u201cmuy dif\u00edcil\u201d el regreso a las aulas antes de fin de a\u00f1o","datePublished":"2020-07-24T15:11:52+00:00","dateModified":"2020-07-24T15:12:20+00:00","mainEntityOfPage":{"@id":"https:\/\/experienciadevida.com.ar\/portalurbano\/gollan-dijo-que-ve-muy-dificil-el-regreso-a-las-aulas-antes-de-fin-de-ano\/"},"wordCount":561,"publisher":{"@id":"https:\/\/experienciadevida.com.ar\/portalurbano\/#organization"},"articleSection":["Naci\u00f3n"],"inLanguage":"es"},{"@type":"WebPage","@id":"https:\/\/experienciadevida.com.ar\/portalurbano\/gollan-dijo-que-ve-muy-dificil-el-regreso-a-las-aulas-antes-de-fin-de-ano\/","url":"https:\/\/experienciadevida.com.ar\/portalurbano\/gollan-dijo-que-ve-muy-dificil-el-regreso-a-las-aulas-antes-de-fin-de-ano\/","name":"Gollan dijo que ve \u201cmuy dif\u00edcil\u201d el regreso a las aulas antes de fin de a\u00f1o -","isPartOf":{"@id":"https:\/\/experienciadevida.com.ar\/portalurbano\/#website"},"datePublished":"2020-07-24T15:11:52+00:00","dateModified":"2020-07-24T15:12:20+00:00","breadcrumb":{"@id":"https:\/\/experienciadevida.com.ar\/portalurbano\/gollan-dijo-que-ve-muy-dificil-el-regreso-a-las-aulas-antes-de-fin-de-ano\/#breadcrumb"},"inLanguage":"es","potentialAction":[{"@type":"ReadAction","target":["https:\/\/experienciadevida.com.ar\/portalurbano\/gollan-dijo-que-ve-muy-dificil-el-regreso-a-las-aulas-antes-de-fin-de-ano\/"]}]},{"@type":"BreadcrumbList","@id":"https:\/\/experienciadevida.com.ar\/portalurbano\/gollan-dijo-que-ve-muy-dificil-el-regreso-a-las-aulas-antes-de-fin-de-ano\/#breadcrumb","itemListElement":[{"@type":"ListItem","position":1,"name":"Portada","item":"https:\/\/experienciadevida.com.ar\/portalurbano\/"},{"@type":"ListItem","position":2,"name":"Gollan dijo que ve \u201cmuy dif\u00edcil\u201d el regreso a las aulas antes de fin de a\u00f1o"}]},{"@type":"WebSite","@id":"https:\/\/experienciadevida.com.ar\/portalurbano\/#website","url":"https:\/\/experienciadevida.com.ar\/portalurbano\/","name":"","description":"","publisher":{"@id":"https:\/\/experienciadevida.com.ar\/portalurbano\/#organization"},"potentialAction":[{"@type":"SearchAction","target":{"@type":"EntryPoint","urlTemplate":"https:\/\/experienciadevida.com.ar\/portalurbano\/?s={search_term_string}"},"query-input":"required name=search_term_string"}],"inLanguage":"es"},{"@type":"Organization","@id":"https:\/\/experienciadevida.com.ar\/portalurbano\/#organization","name":"Portal Urbano","url":"https:\/\/experienciadevida.com.ar\/portalurbano\/","logo":{"@type":"ImageObject","inLanguage":"es","@id":"https:\/\/experienciadevida.com.ar\/portalurbano\/#\/schema\/logo\/image\/","url":"https:\/\/experienciadevida.com.ar\/portalurbano\/wp-content\/uploads\/2019\/09\/Logo-Original.png","contentUrl":"https:\/\/experienciadevida.com.ar\/portalurbano\/wp-content\/uploads\/2019\/09\/Logo-Original.png","width":2236,"height":1216,"caption":"Portal Urbano"},"image":{"@id":"https:\/\/experienciadevida.com.ar\/portalurbano\/#\/schema\/logo\/image\/"},"sameAs":["https:\/\/www.facebook.com\/Portal-Urbano-171542830093757\/","https:\/\/twitter.com\/portalurbanook","https:\/\/www.instagram.com\/_portalurbano\/","https:\/\/www.youtube.com\/channel\/UCXhagIfszH8KxFiOok79zbA?view_as=subscriber"]},{"@type":"Person","@id":"https:\/\/experienciadevida.com.ar\/portalurbano\/#\/schema\/person\/02dd326b1c4b056e9cc972486934a3a7","name":"admpu17wp","image":{"@type":"ImageObject","inLanguage":"es","@id":"https:\/\/experienciadevida.com.ar\/portalurbano\/#\/schema\/person\/image\/","url":"https:\/\/secure.gravatar.com\/avatar\/830d4c57adaae6630765e449a6908047?s=96&d=mm&r=g","contentUrl":"https:\/\/secure.gravatar.com\/avatar\/830d4c57adaae6630765e449a6908047?s=96&d=mm&r=g","caption":"admpu17wp"}}]}},"featured_image_urls":{"full":["https:\/\/experienciadevida.com.ar\/portalurbano\/wp-content\/uploads\/2020\/06\/GOLLAN.jpg",765,478,false],"thumbnail":["https:\/\/experienciadevida.com.ar\/portalurbano\/wp-content\/uploads\/2020\/06\/GOLLAN-150x150.jpg",150,150,true],"medium":["https:\/\/experienciadevida.com.ar\/portalurbano\/wp-content\/uploads\/2020\/06\/GOLLAN-300x187.jpg",300,187,true],"medium_large":["https:\/\/experienciadevida.com.ar\/portalurbano\/wp-content\/uploads\/2020\/06\/GOLLAN.jpg",640,400,false],"large":["https:\/\/experienciadevida.com.ar\/portalurbano\/wp-content\/uploads\/2020\/06\/GOLLAN.jpg",640,400,false],"ug_big":["https:\/\/experienciadevida.com.ar\/portalurbano\/wp-content\/uploads\/2020\/06\/GOLLAN.jpg",765,478,false],"1536x1536":["https:\/\/experienciadevida.com.ar\/portalurbano\/wp-content\/uploads\/2020\/06\/GOLLAN.jpg",765,478,false],"2048x2048":["https:\/\/experienciadevida.com.ar\/portalurbano\/wp-content\/uploads\/2020\/06\/GOLLAN.jpg",765,478,false],"newsever-slider-full":["https:\/\/experienciadevida.com.ar\/portalurbano\/wp-content\/uploads\/2020\/06\/GOLLAN.jpg",765,478,false],"newsever-featured":["https:\/\/experienciadevida.com.ar\/portalurbano\/wp-content\/uploads\/2020\/06\/GOLLAN.jpg",765,478,false],"newsever-medium":["https:\/\/experienciadevida.com.ar\/portalurbano\/wp-content\/uploads\/2020\/06\/GOLLAN.jpg",720,450,false],"web-stories-poster-portrait":["https:\/\/experienciadevida.com.ar\/portalurbano\/wp-content\/uploads\/2020\/06\/GOLLAN.jpg",640,400,false],"web-stories-publisher-logo":["https:\/\/experienciadevida.com.ar\/portalurbano\/wp-content\/uploads\/2020\/06\/GOLLAN.jpg",96,60,false],"web-stories-thumbnail":["https:\/\/experienciadevida.com.ar\/portalurbano\/wp-content\/uploads\/2020\/06\/GOLLAN.jpg",150,94,false]},"author_info":{"display_name":"admpu17wp","author_link":"https:\/\/experienciadevida.com.ar\/portalurbano\/author\/admpu17wp\/"},"category_info":"<a href=\"https:\/\/experienciadevida.com.ar\/portalurbano\/category\/nacion\/\" rel=\"category tag\">Naci\u00f3n<\/a>","tag_info":"Naci\u00f3n","comment_count":"0","amp_enabled":true,"_links":{"self":[{"href":"https:\/\/experienciadevida.com.ar\/portalurbano\/wp-json\/wp\/v2\/posts\/115840"}],"collection":[{"href":"https:\/\/experienciadevida.com.ar\/portalurbano\/wp-json\/wp\/v2\/posts"}],"about":[{"href":"https:\/\/experienciadevida.com.ar\/portalurbano\/wp-json\/wp\/v2\/types\/post"}],"author":[{"embeddable":true,"href":"https:\/\/experienciadevida.com.ar\/portalurbano\/wp-json\/wp\/v2\/users\/1"}],"replies":[{"embeddable":true,"href":"https:\/\/experienciadevida.com.ar\/portalurbano\/wp-json\/wp\/v2\/comments?post=115840"}],"version-history":[{"count":1,"href":"https:\/\/experienciadevida.com.ar\/portalurbano\/wp-json\/wp\/v2\/posts\/115840\/revisions"}],"predecessor-version":[{"id":115841,"href":"https:\/\/experienciadevida.com.ar\/portalurbano\/wp-json\/wp\/v2\/posts\/115840\/revisions\/115841"}],"wp:featuredmedia":[{"embeddable":true,"href":"https:\/\/experienciadevida.com.ar\/portalurbano\/wp-json\/wp\/v2\/media\/111556"}],"wp:attachment":[{"href":"https:\/\/experienciadevida.com.ar\/portalurbano\/wp-json\/wp\/v2\/media?parent=115840"}],"wp:term":[{"taxonomy":"category","embeddable":true,"href":"https:\/\/experienciadevida.com.ar\/portalurbano\/wp-json\/wp\/v2\/categories?post=115840"},{"taxonomy":"post_tag","embeddable":true,"href":"https:\/\/experienciadevida.com.ar\/portalurbano\/wp-json\/wp\/v2\/tags?post=115840"}],"curies":[{"name":"wp","href":"https:\/\/api.w.org\/{rel}","templated":true}]}}