{"id":115803,"date":"2020-07-23T20:33:52","date_gmt":"2020-07-23T23:33:52","guid":{"rendered":"https:\/\/experienciadevida.com.ar\/portalurbano\/?p=115803"},"modified":"2020-07-23T20:34:16","modified_gmt":"2020-07-23T23:34:16","slug":"alberto-fernandez-recibio-a-directivos-del-laboratorio-que-desarrolla-una-vacuna-junto-a-oxford","status":"publish","type":"post","link":"https:\/\/experienciadevida.com.ar\/portalurbano\/alberto-fernandez-recibio-a-directivos-del-laboratorio-que-desarrolla-una-vacuna-junto-a-oxford\/","title":{"rendered":"Alberto Fern\u00e1ndez recibi\u00f3 a directivos del laboratorio que desarrolla una vacuna junto a Oxford"},"content":{"rendered":"<p>El Presidente Alberto Fern\u00e1ndez se reuni\u00f3 esta tarde en la residencia de Olivos con Directivos de la empresa farmac\u00e9utica AstraZeneca, que junto a la Universidad de Oxford trabaja en el desarrollo de una vacuna contra el Coronavirus que mostr\u00f3 buenos resultados en los ensayos cl\u00ednicos I y II.<\/p>\n<p>Acompa\u00f1ado pro el Ministro de Salud Gin\u00e9s Gonz\u00e1lez Garc\u00eda, el Presidente se reuni\u00f3 con Agust\u00edn Lamas, gerente general para Cono Sur de AstraZeneca, Germ\u00e1n de la Llave, director de acceso y asuntos corporativos en la Argentina y Uruguay para la compa\u00f1\u00eda y Agustina Elizalde directora m\u00e9dica para Cono Sur, inform\u00f3 Presidencia de la Naci\u00f3n.<\/p>\n<p>El lunes pasado, se public\u00f3 en la revista cient\u00edfica The Lancet un estudio realizado con 1077 voluntarios (adultos sanos de entre 18 y 55) que muestra que una dosis gener\u00f3 en el 95% de los participantes un aumento en los anticuerpos contra el virus SARS-COV-2, que provoca la Covid-19.<\/p>\n<p>Durante el encuentro en Olivos, Fern\u00e1ndez manifest\u00f3 la voluntad de &#8220;garantizar el acceso r\u00e1pido y equitativo a la potencial vacuna, priorizando a las poblaciones de riesgo&#8221;.<\/p>\n<p>Seg\u00fan los datos oficiales, los resultados de las pruebas realizadas hasta el momento muestran que los anticuerpos aumentaron cuatro veces despu\u00e9s de aplicada la dosis de esta vacuna basada en vectores adenovirales.<\/p>\n<p>Adem\u00e1s, la dosis gener\u00f3 reacciones similares a las de otras vacunas del mismo tipo, sin eventos adversos serios.<\/p>\n<p>En tanto, nuevos ensayos se realizan en el Reino Unido, Brasil y Sud\u00e1frica y deben comenzar en los Estados Unidos para determinar qu\u00e9 tan bien proteger\u00e1 la potencial vacuna contra Covid-19 para medir la seguridad de su uso, as\u00ed como las respuestas inmunes en diferentes rangos de edad y en varias dosis.<\/p>\n<p>AstraZaneca ya se comprometi\u00f3 a que en caso de que los ensayos cl\u00ednicos tengan \u00e9xito, &#8220;impulsar\u00e1 el acceso limpio y equitativo a la vacuna, sin r\u00e9dito econ\u00f3mico mientras dure la pandemia&#8221;.<\/p>\n<p>Hasta ahora la empresa firm\u00f3 compromisos para suministrar m\u00e1s de dos mil millones de dosis con el Reino Unido, Estados Unidos, la Alianza de vacunas inclusivas de Europa, la coalici\u00f3n para la preparaci\u00f3n de epidemias, GAVI la Alianza de vacunas y el Instituto SERUM de la India.<\/p>\n<p>Fuente: el litoral con T\u00e9lam<\/p>\n","protected":false},"excerpt":{"rendered":"<p>El Presidente Alberto Fern\u00e1ndez se reuni\u00f3 esta tarde en la residencia de Olivos con Directivos&#8230;<\/p>\n","protected":false},"author":1,"featured_media":115804,"comment_status":"closed","ping_status":"closed","sticky":false,"template":"","format":"standard","meta":{"content-type":""},"categories":[39],"tags":[],"nelio_content":{"isAutoShareEnabled":false,"autoShareEndMode":"default","automationSources":{"useContentSentences":true,"useSocialTemplates":true,"useCustomSentences":false,"customSentences":[]},"followers":[1],"suggestedReferences":[],"includedReferences":[],"efiUrl":"","efiAlt":"","highlights":[]},"yoast_head":"<!-- This site is optimized with the Yoast SEO plugin v20.7 - https:\/\/yoast.com\/wordpress\/plugins\/seo\/ -->\n<title>Alberto Fern\u00e1ndez recibi\u00f3 a directivos del laboratorio que desarrolla una vacuna junto a Oxford -<\/title>\n<meta name=\"robots\" content=\"index, follow, max-snippet:-1, max-image-preview:large, max-video-preview:-1\" \/>\n<link rel=\"canonical\" href=\"https:\/\/experienciadevida.com.ar\/portalurbano\/alberto-fernandez-recibio-a-directivos-del-laboratorio-que-desarrolla-una-vacuna-junto-a-oxford\/\" \/>\n<meta property=\"og:locale\" content=\"es_ES\" \/>\n<meta property=\"og:type\" content=\"article\" \/>\n<meta property=\"og:title\" content=\"Alberto Fern\u00e1ndez recibi\u00f3 a directivos del laboratorio que desarrolla una vacuna junto a Oxford -\" \/>\n<meta property=\"og:description\" content=\"El Presidente Alberto Fern\u00e1ndez se reuni\u00f3 esta tarde en la residencia de Olivos con Directivos...\" \/>\n<meta property=\"og:url\" content=\"https:\/\/experienciadevida.com.ar\/portalurbano\/alberto-fernandez-recibio-a-directivos-del-laboratorio-que-desarrolla-una-vacuna-junto-a-oxford\/\" \/>\n<meta property=\"article:publisher\" content=\"https:\/\/www.facebook.com\/Portal-Urbano-171542830093757\/\" \/>\n<meta property=\"article:published_time\" content=\"2020-07-23T23:33:52+00:00\" \/>\n<meta property=\"article:modified_time\" content=\"2020-07-23T23:34:16+00:00\" \/>\n<meta property=\"og:image\" content=\"https:\/\/experienciadevida.com.ar\/portalurbano\/wp-content\/uploads\/2020\/07\/REUNI\u00d3NFERNANDEZ-e1595546402903.jpg\" \/>\n\t<meta property=\"og:image:width\" content=\"765\" \/>\n\t<meta property=\"og:image:height\" content=\"508\" \/>\n\t<meta property=\"og:image:type\" content=\"image\/jpeg\" \/>\n<meta name=\"author\" content=\"admpu17wp\" \/>\n<meta name=\"twitter:card\" content=\"summary_large_image\" \/>\n<meta name=\"twitter:creator\" content=\"@portalurbanook\" \/>\n<meta name=\"twitter:site\" content=\"@portalurbanook\" \/>\n<meta name=\"twitter:label1\" content=\"Escrito por\" \/>\n\t<meta name=\"twitter:data1\" content=\"admpu17wp\" \/>\n\t<meta name=\"twitter:label2\" content=\"Tiempo de lectura\" \/>\n\t<meta name=\"twitter:data2\" content=\"2 minutos\" \/>\n<script type=\"application\/ld+json\" class=\"yoast-schema-graph\">{\"@context\":\"https:\/\/schema.org\",\"@graph\":[{\"@type\":\"Article\",\"@id\":\"https:\/\/experienciadevida.com.ar\/portalurbano\/alberto-fernandez-recibio-a-directivos-del-laboratorio-que-desarrolla-una-vacuna-junto-a-oxford\/#article\",\"isPartOf\":{\"@id\":\"https:\/\/experienciadevida.com.ar\/portalurbano\/alberto-fernandez-recibio-a-directivos-del-laboratorio-que-desarrolla-una-vacuna-junto-a-oxford\/\"},\"author\":{\"name\":\"admpu17wp\",\"@id\":\"https:\/\/experienciadevida.com.ar\/portalurbano\/#\/schema\/person\/02dd326b1c4b056e9cc972486934a3a7\"},\"headline\":\"Alberto Fern\u00e1ndez recibi\u00f3 a directivos del laboratorio que desarrolla una vacuna junto a Oxford\",\"datePublished\":\"2020-07-23T23:33:52+00:00\",\"dateModified\":\"2020-07-23T23:34:16+00:00\",\"mainEntityOfPage\":{\"@id\":\"https:\/\/experienciadevida.com.ar\/portalurbano\/alberto-fernandez-recibio-a-directivos-del-laboratorio-que-desarrolla-una-vacuna-junto-a-oxford\/\"},\"wordCount\":399,\"publisher\":{\"@id\":\"https:\/\/experienciadevida.com.ar\/portalurbano\/#organization\"},\"articleSection\":[\"Naci\u00f3n\"],\"inLanguage\":\"es\"},{\"@type\":\"WebPage\",\"@id\":\"https:\/\/experienciadevida.com.ar\/portalurbano\/alberto-fernandez-recibio-a-directivos-del-laboratorio-que-desarrolla-una-vacuna-junto-a-oxford\/\",\"url\":\"https:\/\/experienciadevida.com.ar\/portalurbano\/alberto-fernandez-recibio-a-directivos-del-laboratorio-que-desarrolla-una-vacuna-junto-a-oxford\/\",\"name\":\"Alberto Fern\u00e1ndez recibi\u00f3 a directivos del laboratorio que desarrolla una vacuna junto a Oxford -\",\"isPartOf\":{\"@id\":\"https:\/\/experienciadevida.com.ar\/portalurbano\/#website\"},\"datePublished\":\"2020-07-23T23:33:52+00:00\",\"dateModified\":\"2020-07-23T23:34:16+00:00\",\"breadcrumb\":{\"@id\":\"https:\/\/experienciadevida.com.ar\/portalurbano\/alberto-fernandez-recibio-a-directivos-del-laboratorio-que-desarrolla-una-vacuna-junto-a-oxford\/#breadcrumb\"},\"inLanguage\":\"es\",\"potentialAction\":[{\"@type\":\"ReadAction\",\"target\":[\"https:\/\/experienciadevida.com.ar\/portalurbano\/alberto-fernandez-recibio-a-directivos-del-laboratorio-que-desarrolla-una-vacuna-junto-a-oxford\/\"]}]},{\"@type\":\"BreadcrumbList\",\"@id\":\"https:\/\/experienciadevida.com.ar\/portalurbano\/alberto-fernandez-recibio-a-directivos-del-laboratorio-que-desarrolla-una-vacuna-junto-a-oxford\/#breadcrumb\",\"itemListElement\":[{\"@type\":\"ListItem\",\"position\":1,\"name\":\"Portada\",\"item\":\"https:\/\/experienciadevida.com.ar\/portalurbano\/\"},{\"@type\":\"ListItem\",\"position\":2,\"name\":\"Alberto Fern\u00e1ndez recibi\u00f3 a directivos del laboratorio que desarrolla una vacuna junto a Oxford\"}]},{\"@type\":\"WebSite\",\"@id\":\"https:\/\/experienciadevida.com.ar\/portalurbano\/#website\",\"url\":\"https:\/\/experienciadevida.com.ar\/portalurbano\/\",\"name\":\"\",\"description\":\"\",\"publisher\":{\"@id\":\"https:\/\/experienciadevida.com.ar\/portalurbano\/#organization\"},\"potentialAction\":[{\"@type\":\"SearchAction\",\"target\":{\"@type\":\"EntryPoint\",\"urlTemplate\":\"https:\/\/experienciadevida.com.ar\/portalurbano\/?s={search_term_string}\"},\"query-input\":\"required name=search_term_string\"}],\"inLanguage\":\"es\"},{\"@type\":\"Organization\",\"@id\":\"https:\/\/experienciadevida.com.ar\/portalurbano\/#organization\",\"name\":\"Portal Urbano\",\"url\":\"https:\/\/experienciadevida.com.ar\/portalurbano\/\",\"logo\":{\"@type\":\"ImageObject\",\"inLanguage\":\"es\",\"@id\":\"https:\/\/experienciadevida.com.ar\/portalurbano\/#\/schema\/logo\/image\/\",\"url\":\"https:\/\/experienciadevida.com.ar\/portalurbano\/wp-content\/uploads\/2019\/09\/Logo-Original.png\",\"contentUrl\":\"https:\/\/experienciadevida.com.ar\/portalurbano\/wp-content\/uploads\/2019\/09\/Logo-Original.png\",\"width\":2236,\"height\":1216,\"caption\":\"Portal Urbano\"},\"image\":{\"@id\":\"https:\/\/experienciadevida.com.ar\/portalurbano\/#\/schema\/logo\/image\/\"},\"sameAs\":[\"https:\/\/www.facebook.com\/Portal-Urbano-171542830093757\/\",\"https:\/\/twitter.com\/portalurbanook\",\"https:\/\/www.instagram.com\/_portalurbano\/\",\"https:\/\/www.youtube.com\/channel\/UCXhagIfszH8KxFiOok79zbA?view_as=subscriber\"]},{\"@type\":\"Person\",\"@id\":\"https:\/\/experienciadevida.com.ar\/portalurbano\/#\/schema\/person\/02dd326b1c4b056e9cc972486934a3a7\",\"name\":\"admpu17wp\",\"image\":{\"@type\":\"ImageObject\",\"inLanguage\":\"es\",\"@id\":\"https:\/\/experienciadevida.com.ar\/portalurbano\/#\/schema\/person\/image\/\",\"url\":\"https:\/\/secure.gravatar.com\/avatar\/830d4c57adaae6630765e449a6908047?s=96&d=mm&r=g\",\"contentUrl\":\"https:\/\/secure.gravatar.com\/avatar\/830d4c57adaae6630765e449a6908047?s=96&d=mm&r=g\",\"caption\":\"admpu17wp\"}}]}<\/script>\n<!-- \/ Yoast SEO plugin. -->","yoast_head_json":{"title":"Alberto Fern\u00e1ndez recibi\u00f3 a directivos del laboratorio que desarrolla una vacuna junto a Oxford -","robots":{"index":"index","follow":"follow","max-snippet":"max-snippet:-1","max-image-preview":"max-image-preview:large","max-video-preview":"max-video-preview:-1"},"canonical":"https:\/\/experienciadevida.com.ar\/portalurbano\/alberto-fernandez-recibio-a-directivos-del-laboratorio-que-desarrolla-una-vacuna-junto-a-oxford\/","og_locale":"es_ES","og_type":"article","og_title":"Alberto Fern\u00e1ndez recibi\u00f3 a directivos del laboratorio que desarrolla una vacuna junto a Oxford -","og_description":"El Presidente Alberto Fern\u00e1ndez se reuni\u00f3 esta tarde en la residencia de Olivos con Directivos...","og_url":"https:\/\/experienciadevida.com.ar\/portalurbano\/alberto-fernandez-recibio-a-directivos-del-laboratorio-que-desarrolla-una-vacuna-junto-a-oxford\/","article_publisher":"https:\/\/www.facebook.com\/Portal-Urbano-171542830093757\/","article_published_time":"2020-07-23T23:33:52+00:00","article_modified_time":"2020-07-23T23:34:16+00:00","og_image":[{"width":765,"height":508,"url":"https:\/\/experienciadevida.com.ar\/portalurbano\/wp-content\/uploads\/2020\/07\/REUNI\u00d3NFERNANDEZ-e1595546402903.jpg","type":"image\/jpeg"}],"author":"admpu17wp","twitter_card":"summary_large_image","twitter_creator":"@portalurbanook","twitter_site":"@portalurbanook","twitter_misc":{"Escrito por":"admpu17wp","Tiempo de lectura":"2 minutos"},"schema":{"@context":"https:\/\/schema.org","@graph":[{"@type":"Article","@id":"https:\/\/experienciadevida.com.ar\/portalurbano\/alberto-fernandez-recibio-a-directivos-del-laboratorio-que-desarrolla-una-vacuna-junto-a-oxford\/#article","isPartOf":{"@id":"https:\/\/experienciadevida.com.ar\/portalurbano\/alberto-fernandez-recibio-a-directivos-del-laboratorio-que-desarrolla-una-vacuna-junto-a-oxford\/"},"author":{"name":"admpu17wp","@id":"https:\/\/experienciadevida.com.ar\/portalurbano\/#\/schema\/person\/02dd326b1c4b056e9cc972486934a3a7"},"headline":"Alberto Fern\u00e1ndez recibi\u00f3 a directivos del laboratorio que desarrolla una vacuna junto a Oxford","datePublished":"2020-07-23T23:33:52+00:00","dateModified":"2020-07-23T23:34:16+00:00","mainEntityOfPage":{"@id":"https:\/\/experienciadevida.com.ar\/portalurbano\/alberto-fernandez-recibio-a-directivos-del-laboratorio-que-desarrolla-una-vacuna-junto-a-oxford\/"},"wordCount":399,"publisher":{"@id":"https:\/\/experienciadevida.com.ar\/portalurbano\/#organization"},"articleSection":["Naci\u00f3n"],"inLanguage":"es"},{"@type":"WebPage","@id":"https:\/\/experienciadevida.com.ar\/portalurbano\/alberto-fernandez-recibio-a-directivos-del-laboratorio-que-desarrolla-una-vacuna-junto-a-oxford\/","url":"https:\/\/experienciadevida.com.ar\/portalurbano\/alberto-fernandez-recibio-a-directivos-del-laboratorio-que-desarrolla-una-vacuna-junto-a-oxford\/","name":"Alberto Fern\u00e1ndez recibi\u00f3 a directivos del laboratorio que desarrolla una vacuna junto a Oxford -","isPartOf":{"@id":"https:\/\/experienciadevida.com.ar\/portalurbano\/#website"},"datePublished":"2020-07-23T23:33:52+00:00","dateModified":"2020-07-23T23:34:16+00:00","breadcrumb":{"@id":"https:\/\/experienciadevida.com.ar\/portalurbano\/alberto-fernandez-recibio-a-directivos-del-laboratorio-que-desarrolla-una-vacuna-junto-a-oxford\/#breadcrumb"},"inLanguage":"es","potentialAction":[{"@type":"ReadAction","target":["https:\/\/experienciadevida.com.ar\/portalurbano\/alberto-fernandez-recibio-a-directivos-del-laboratorio-que-desarrolla-una-vacuna-junto-a-oxford\/"]}]},{"@type":"BreadcrumbList","@id":"https:\/\/experienciadevida.com.ar\/portalurbano\/alberto-fernandez-recibio-a-directivos-del-laboratorio-que-desarrolla-una-vacuna-junto-a-oxford\/#breadcrumb","itemListElement":[{"@type":"ListItem","position":1,"name":"Portada","item":"https:\/\/experienciadevida.com.ar\/portalurbano\/"},{"@type":"ListItem","position":2,"name":"Alberto Fern\u00e1ndez recibi\u00f3 a directivos del laboratorio que desarrolla una vacuna junto a Oxford"}]},{"@type":"WebSite","@id":"https:\/\/experienciadevida.com.ar\/portalurbano\/#website","url":"https:\/\/experienciadevida.com.ar\/portalurbano\/","name":"","description":"","publisher":{"@id":"https:\/\/experienciadevida.com.ar\/portalurbano\/#organization"},"potentialAction":[{"@type":"SearchAction","target":{"@type":"EntryPoint","urlTemplate":"https:\/\/experienciadevida.com.ar\/portalurbano\/?s={search_term_string}"},"query-input":"required name=search_term_string"}],"inLanguage":"es"},{"@type":"Organization","@id":"https:\/\/experienciadevida.com.ar\/portalurbano\/#organization","name":"Portal Urbano","url":"https:\/\/experienciadevida.com.ar\/portalurbano\/","logo":{"@type":"ImageObject","inLanguage":"es","@id":"https:\/\/experienciadevida.com.ar\/portalurbano\/#\/schema\/logo\/image\/","url":"https:\/\/experienciadevida.com.ar\/portalurbano\/wp-content\/uploads\/2019\/09\/Logo-Original.png","contentUrl":"https:\/\/experienciadevida.com.ar\/portalurbano\/wp-content\/uploads\/2019\/09\/Logo-Original.png","width":2236,"height":1216,"caption":"Portal Urbano"},"image":{"@id":"https:\/\/experienciadevida.com.ar\/portalurbano\/#\/schema\/logo\/image\/"},"sameAs":["https:\/\/www.facebook.com\/Portal-Urbano-171542830093757\/","https:\/\/twitter.com\/portalurbanook","https:\/\/www.instagram.com\/_portalurbano\/","https:\/\/www.youtube.com\/channel\/UCXhagIfszH8KxFiOok79zbA?view_as=subscriber"]},{"@type":"Person","@id":"https:\/\/experienciadevida.com.ar\/portalurbano\/#\/schema\/person\/02dd326b1c4b056e9cc972486934a3a7","name":"admpu17wp","image":{"@type":"ImageObject","inLanguage":"es","@id":"https:\/\/experienciadevida.com.ar\/portalurbano\/#\/schema\/person\/image\/","url":"https:\/\/secure.gravatar.com\/avatar\/830d4c57adaae6630765e449a6908047?s=96&d=mm&r=g","contentUrl":"https:\/\/secure.gravatar.com\/avatar\/830d4c57adaae6630765e449a6908047?s=96&d=mm&r=g","caption":"admpu17wp"}}]}},"featured_image_urls":{"full":["https:\/\/experienciadevida.com.ar\/portalurbano\/wp-content\/uploads\/2020\/07\/REUNI\u00d3NFERNANDEZ-e1595546402903.jpg",765,508,false],"thumbnail":["https:\/\/experienciadevida.com.ar\/portalurbano\/wp-content\/uploads\/2020\/07\/REUNI\u00d3NFERNANDEZ-150x150.jpg",150,150,true],"medium":["https:\/\/experienciadevida.com.ar\/portalurbano\/wp-content\/uploads\/2020\/07\/REUNI\u00d3NFERNANDEZ-300x199.jpg",300,199,true],"medium_large":["https:\/\/experienciadevida.com.ar\/portalurbano\/wp-content\/uploads\/2020\/07\/REUNI\u00d3NFERNANDEZ-768x510.jpg",640,425,true],"large":["https:\/\/experienciadevida.com.ar\/portalurbano\/wp-content\/uploads\/2020\/07\/REUNI\u00d3NFERNANDEZ-e1595546402903.jpg",640,425,false],"ug_big":["https:\/\/experienciadevida.com.ar\/portalurbano\/wp-content\/uploads\/2020\/07\/REUNI\u00d3NFERNANDEZ-768x510.jpg",768,510,true],"1536x1536":["https:\/\/experienciadevida.com.ar\/portalurbano\/wp-content\/uploads\/2020\/07\/REUNI\u00d3NFERNANDEZ-e1595546402903.jpg",765,508,false],"2048x2048":["https:\/\/experienciadevida.com.ar\/portalurbano\/wp-content\/uploads\/2020\/07\/REUNI\u00d3NFERNANDEZ-e1595546402903.jpg",765,508,false],"newsever-slider-full":["https:\/\/experienciadevida.com.ar\/portalurbano\/wp-content\/uploads\/2020\/07\/REUNI\u00d3NFERNANDEZ-e1595546402903.jpg",765,508,false],"newsever-featured":["https:\/\/experienciadevida.com.ar\/portalurbano\/wp-content\/uploads\/2020\/07\/REUNI\u00d3NFERNANDEZ-e1595546402903.jpg",765,508,false],"newsever-medium":["https:\/\/experienciadevida.com.ar\/portalurbano\/wp-content\/uploads\/2020\/07\/REUNI\u00d3NFERNANDEZ-e1595546402903.jpg",715,475,false],"web-stories-poster-portrait":["https:\/\/experienciadevida.com.ar\/portalurbano\/wp-content\/uploads\/2020\/07\/REUNI\u00d3NFERNANDEZ-e1595546402903.jpg",640,425,false],"web-stories-publisher-logo":["https:\/\/experienciadevida.com.ar\/portalurbano\/wp-content\/uploads\/2020\/07\/REUNI\u00d3NFERNANDEZ-e1595546402903.jpg",96,64,false],"web-stories-thumbnail":["https:\/\/experienciadevida.com.ar\/portalurbano\/wp-content\/uploads\/2020\/07\/REUNI\u00d3NFERNANDEZ-e1595546402903.jpg",150,100,false]},"author_info":{"display_name":"admpu17wp","author_link":"https:\/\/experienciadevida.com.ar\/portalurbano\/author\/admpu17wp\/"},"category_info":"<a href=\"https:\/\/experienciadevida.com.ar\/portalurbano\/category\/nacion\/\" rel=\"category tag\">Naci\u00f3n<\/a>","tag_info":"Naci\u00f3n","comment_count":"0","amp_enabled":true,"_links":{"self":[{"href":"https:\/\/experienciadevida.com.ar\/portalurbano\/wp-json\/wp\/v2\/posts\/115803"}],"collection":[{"href":"https:\/\/experienciadevida.com.ar\/portalurbano\/wp-json\/wp\/v2\/posts"}],"about":[{"href":"https:\/\/experienciadevida.com.ar\/portalurbano\/wp-json\/wp\/v2\/types\/post"}],"author":[{"embeddable":true,"href":"https:\/\/experienciadevida.com.ar\/portalurbano\/wp-json\/wp\/v2\/users\/1"}],"replies":[{"embeddable":true,"href":"https:\/\/experienciadevida.com.ar\/portalurbano\/wp-json\/wp\/v2\/comments?post=115803"}],"version-history":[{"count":1,"href":"https:\/\/experienciadevida.com.ar\/portalurbano\/wp-json\/wp\/v2\/posts\/115803\/revisions"}],"predecessor-version":[{"id":115805,"href":"https:\/\/experienciadevida.com.ar\/portalurbano\/wp-json\/wp\/v2\/posts\/115803\/revisions\/115805"}],"wp:featuredmedia":[{"embeddable":true,"href":"https:\/\/experienciadevida.com.ar\/portalurbano\/wp-json\/wp\/v2\/media\/115804"}],"wp:attachment":[{"href":"https:\/\/experienciadevida.com.ar\/portalurbano\/wp-json\/wp\/v2\/media?parent=115803"}],"wp:term":[{"taxonomy":"category","embeddable":true,"href":"https:\/\/experienciadevida.com.ar\/portalurbano\/wp-json\/wp\/v2\/categories?post=115803"},{"taxonomy":"post_tag","embeddable":true,"href":"https:\/\/experienciadevida.com.ar\/portalurbano\/wp-json\/wp\/v2\/tags?post=115803"}],"curies":[{"name":"wp","href":"https:\/\/api.w.org\/{rel}","templated":true}]}}