{"id":115763,"date":"2020-07-23T16:58:17","date_gmt":"2020-07-23T19:58:17","guid":{"rendered":"https:\/\/experienciadevida.com.ar\/portalurbano\/?p=115763"},"modified":"2020-07-23T16:59:05","modified_gmt":"2020-07-23T19:59:05","slug":"recategorizacion-de-olavarria-como-zona-fria-se-aprobo-por-unanimidad-el-pedido","status":"publish","type":"post","link":"https:\/\/experienciadevida.com.ar\/portalurbano\/recategorizacion-de-olavarria-como-zona-fria-se-aprobo-por-unanimidad-el-pedido\/","title":{"rendered":"Recategorizaci\u00f3n de Olavarr\u00eda como zona fr\u00eda: se aprob\u00f3 por unanimidad el pedido"},"content":{"rendered":"<p>En la sesi\u00f3n de este jueves, se debati\u00f3 sobre la decisi\u00f3n de Olavarr\u00eda recategorizarla como zona fr\u00eda. El pedido se aprob\u00f3 por unanimidad.<\/p>\n<p>El proyecto de resoluci\u00f3n manifestando acompa\u00f1amiento al acuerdo alcanzado por el Municipio de Olavarr\u00eda y otros, solicitar a ENERGAS la recategorizaci\u00f3n de la tarifa de gas, fue presentado por Juntos por el Cambio.<\/p>\n<p>El primero en tomar la palabra fue Mart\u00edn Endere &#8220;<em>El proyecto de resoluci\u00f3n que trata\u00a0 el acompa\u00f1amiento de este concejo deliberante y (espero que podamos ser de manera un\u00e1nime),\u00a0 tiene que ver con una decisi\u00f3n que oportunamente se hizo desde el DEM en el a\u00f1o 2016 y que trajo a colaci\u00f3n la resoluci\u00f3n <strong>4.343<\/strong> de 2017, lo que signific\u00f3 un aumento en los umbrales de consumo que categorizan a los usuarios de la ciudad de Olavarr\u00eda&#8221;.<\/em><\/p>\n<p><img decoding=\"async\" class=\"aligncenter wp-image-115764 size-full\" src=\"https:\/\/experienciadevida.com.ar\/portalurbano\/wp-content\/uploads\/2020\/07\/ENDERE.png\" alt=\"\" width=\"848\" height=\"461\" srcset=\"https:\/\/experienciadevida.com.ar\/portalurbano\/wp-content\/uploads\/2020\/07\/ENDERE.png 848w, https:\/\/experienciadevida.com.ar\/portalurbano\/wp-content\/uploads\/2020\/07\/ENDERE-300x163.png 300w, https:\/\/experienciadevida.com.ar\/portalurbano\/wp-content\/uploads\/2020\/07\/ENDERE-768x418.png 768w\" sizes=\"(max-width: 848px) 100vw, 848px\" \/><\/p>\n<p>Por otro lado, dijo &#8221; c<em>onforme en los \u00faltimos cuadros tarifarios aprobados,\u00a0 se observa un achatamiento de la franja tarifaria que fueron produciendo del 2017 al presente, llegando a la actualidad que las diferentes categor\u00edas de usuarios pr\u00e1cticamente no tienen diferencias en el precio del metro c\u00fabico de gas, asimismo consideramos que esos umbrales deben ampliarse adapt\u00e1ndose a un consumo acorde a las inclemencias clim\u00e1ticas, que caracterizan a nuestra ciudad, asimismo resulta aconsejable realizar y ampliar la cantidad de metros c\u00fabicos subsidiados a los beneficiarios de la tarifa social, por la misma circunstancia detalladas&#8221;.<\/em><\/p>\n<p><em>&#8220;Esta petici\u00f3n debe formularse sobre la base de las condiciones clim\u00e1ticas de la zona caracterizada por los inviernos crudos con temperaturas m\u00ednimas cuyos picos llegan a los 8\u00b0 bajo cero, pocos d\u00edas de sol, con un promedio de heladas en nuestra ciudad de 53 d\u00edas al a\u00f1o, seg\u00fan el informe del servicio meteorol\u00f3gico nacional, en este sentido el Intendente Municipal ha decidido realizar una petici\u00f3n tanto a nivel Legislativo como administrativo, respecto de procurar una nueva recategorizacion de nuestra ciudad en el cuadro tarifario del servicio energas de gas o red&#8221;.\u00a0<\/em><\/p>\n<p>Adem\u00e1s, &#8220;<em>cabe que la situaci\u00f3n de Olavarr\u00eda compartida por distintas ciudades y en este sentido se comenz\u00f3 a trabajar con distintos municipios agrupados como municipios de la zona sureste de la provincia de buenos aires entre los que se encuentran Azul, General Madariaga, Pinamar, General Alvarado, Tandil, Villa Gesel, General Pueyrred\u00f3n, Olavarr\u00eda&#8221;.<\/em><\/p>\n<p><em>&#8220;En este sentido se pone de manifiesto al acuerdo alcanzado con el Municipio de Azul a fin de solicitar al ente regulador del gas, la recategorizacion de la tarifa del servicio de gas natural, incluyendo en este caso a nuestra ciudad con beneficios y subsidios de los cuadros tarifarios de Argentina&#8221;.<\/em><\/p>\n<p>Por \u00faltimo &#8220;<em>Lo que vale recalcar es una gesti\u00f3n que se est\u00e1 llevando a cabo en coordinaci\u00f3n con distintos municipios que pertenecen a distintas fuerzas pol\u00edticas, por recategorizar una provincia en el valor del metro c\u00fabico y disminuci\u00f3n de la tarifa de gas. El proyecto es presentado por este bloque, es un reclamo que est\u00e1 realizando distintas ciudades solicitamos el acompa\u00f1amiento del resto de los compa\u00f1eros&#8221;.<\/em><\/p>\n<p>Luego tom\u00f3 la palabra Landivar &#8220;<em>este proyecto me sorprende, me siento en la obligaci\u00f3n de hacer un poco de memoria y contarles a los vecinos de Olavarr\u00eda, algunas cuestiones que por ah\u00ed pasa tan r\u00e1pido se olvida&#8221;.<\/em><\/p>\n<p><img decoding=\"async\" class=\"aligncenter wp-image-115765 size-full\" src=\"https:\/\/experienciadevida.com.ar\/portalurbano\/wp-content\/uploads\/2020\/07\/LANDIVAR-1.png\" alt=\"\" width=\"779\" height=\"476\" \/><\/p>\n<p><em>&#8220;Este proyecto tiene un correlato con los tarifazos que produjeron en el 2016 con el gobierno de macri, no se condice en lo absoluto con lo abalado en juntos por el cambio, los inviernos fr\u00edos siempre estuvieron no son de ahora&#8221;.<\/em><\/p>\n<p>A su vez dijo &#8220;<em>Hoy la mejor forma de esquivar el esquema estructural es discutir problemas pero el fondo radica en el gran negocio que comand\u00f3 Macri utilizando al estado&#8221;.<\/em><\/p>\n<p><em>&#8220;La suba de las tarifas llegaban a acumular m\u00e1s del 3500% desde que el Presidente Mauricio Macri asumi\u00f3 al poder, nuestro pa\u00eds verifico desde inicio del 2016 incrementos acumulados, en energ\u00eda el\u00e9ctrica&#8221;.<\/em><\/p>\n<p><strong>Finalmente el proyecto se aprob\u00f3 por unanimidad.\u00a0<\/strong><\/p>\n","protected":false},"excerpt":{"rendered":"<p>En la sesi\u00f3n de este jueves, se debati\u00f3 sobre la decisi\u00f3n de Olavarr\u00eda recategorizarla como&#8230;<\/p>\n","protected":false},"author":1,"featured_media":115746,"comment_status":"closed","ping_status":"closed","sticky":false,"template":"","format":"standard","meta":{"content-type":""},"categories":[27,51],"tags":[],"nelio_content":{"isAutoShareEnabled":false,"autoShareEndMode":"default","automationSources":{"useContentSentences":true,"useSocialTemplates":true,"useCustomSentences":false,"customSentences":[]},"followers":[1],"suggestedReferences":[],"includedReferences":[],"efiUrl":"","efiAlt":"","highlights":[]},"yoast_head":"<!-- This site is optimized with the Yoast SEO plugin v20.7 - https:\/\/yoast.com\/wordpress\/plugins\/seo\/ -->\n<title>Recategorizaci\u00f3n de Olavarr\u00eda como zona fr\u00eda: se aprob\u00f3 por unanimidad el pedido -<\/title>\n<meta name=\"robots\" content=\"index, follow, max-snippet:-1, max-image-preview:large, max-video-preview:-1\" \/>\n<link rel=\"canonical\" href=\"https:\/\/experienciadevida.com.ar\/portalurbano\/recategorizacion-de-olavarria-como-zona-fria-se-aprobo-por-unanimidad-el-pedido\/\" \/>\n<meta property=\"og:locale\" content=\"es_ES\" \/>\n<meta property=\"og:type\" content=\"article\" \/>\n<meta property=\"og:title\" content=\"Recategorizaci\u00f3n de Olavarr\u00eda como zona fr\u00eda: se aprob\u00f3 por unanimidad el pedido -\" \/>\n<meta property=\"og:description\" content=\"En la sesi\u00f3n de este jueves, se debati\u00f3 sobre la decisi\u00f3n de Olavarr\u00eda recategorizarla como...\" \/>\n<meta property=\"og:url\" content=\"https:\/\/experienciadevida.com.ar\/portalurbano\/recategorizacion-de-olavarria-como-zona-fria-se-aprobo-por-unanimidad-el-pedido\/\" \/>\n<meta property=\"article:publisher\" content=\"https:\/\/www.facebook.com\/Portal-Urbano-171542830093757\/\" \/>\n<meta property=\"article:published_time\" content=\"2020-07-23T19:58:17+00:00\" \/>\n<meta property=\"article:modified_time\" content=\"2020-07-23T19:59:05+00:00\" \/>\n<meta property=\"og:image\" content=\"https:\/\/experienciadevida.com.ar\/portalurbano\/wp-content\/uploads\/2020\/07\/CONCEJODELIBERANTE-1.png\" \/>\n\t<meta property=\"og:image:width\" content=\"845\" \/>\n\t<meta property=\"og:image:height\" content=\"471\" \/>\n\t<meta property=\"og:image:type\" content=\"image\/png\" \/>\n<meta name=\"author\" content=\"admpu17wp\" \/>\n<meta name=\"twitter:card\" content=\"summary_large_image\" \/>\n<meta name=\"twitter:creator\" content=\"@portalurbanook\" \/>\n<meta name=\"twitter:site\" content=\"@portalurbanook\" \/>\n<meta name=\"twitter:label1\" content=\"Escrito por\" \/>\n\t<meta name=\"twitter:data1\" content=\"admpu17wp\" \/>\n\t<meta name=\"twitter:label2\" content=\"Tiempo de lectura\" \/>\n\t<meta name=\"twitter:data2\" content=\"3 minutos\" \/>\n<script type=\"application\/ld+json\" class=\"yoast-schema-graph\">{\"@context\":\"https:\/\/schema.org\",\"@graph\":[{\"@type\":\"Article\",\"@id\":\"https:\/\/experienciadevida.com.ar\/portalurbano\/recategorizacion-de-olavarria-como-zona-fria-se-aprobo-por-unanimidad-el-pedido\/#article\",\"isPartOf\":{\"@id\":\"https:\/\/experienciadevida.com.ar\/portalurbano\/recategorizacion-de-olavarria-como-zona-fria-se-aprobo-por-unanimidad-el-pedido\/\"},\"author\":{\"name\":\"admpu17wp\",\"@id\":\"https:\/\/experienciadevida.com.ar\/portalurbano\/#\/schema\/person\/02dd326b1c4b056e9cc972486934a3a7\"},\"headline\":\"Recategorizaci\u00f3n de Olavarr\u00eda como zona fr\u00eda: se aprob\u00f3 por unanimidad el pedido\",\"datePublished\":\"2020-07-23T19:58:17+00:00\",\"dateModified\":\"2020-07-23T19:59:05+00:00\",\"mainEntityOfPage\":{\"@id\":\"https:\/\/experienciadevida.com.ar\/portalurbano\/recategorizacion-de-olavarria-como-zona-fria-se-aprobo-por-unanimidad-el-pedido\/\"},\"wordCount\":690,\"publisher\":{\"@id\":\"https:\/\/experienciadevida.com.ar\/portalurbano\/#organization\"},\"articleSection\":[\"Ciudad\",\"Destacadas\"],\"inLanguage\":\"es\"},{\"@type\":\"WebPage\",\"@id\":\"https:\/\/experienciadevida.com.ar\/portalurbano\/recategorizacion-de-olavarria-como-zona-fria-se-aprobo-por-unanimidad-el-pedido\/\",\"url\":\"https:\/\/experienciadevida.com.ar\/portalurbano\/recategorizacion-de-olavarria-como-zona-fria-se-aprobo-por-unanimidad-el-pedido\/\",\"name\":\"Recategorizaci\u00f3n de Olavarr\u00eda como zona fr\u00eda: se aprob\u00f3 por unanimidad el pedido -\",\"isPartOf\":{\"@id\":\"https:\/\/experienciadevida.com.ar\/portalurbano\/#website\"},\"datePublished\":\"2020-07-23T19:58:17+00:00\",\"dateModified\":\"2020-07-23T19:59:05+00:00\",\"breadcrumb\":{\"@id\":\"https:\/\/experienciadevida.com.ar\/portalurbano\/recategorizacion-de-olavarria-como-zona-fria-se-aprobo-por-unanimidad-el-pedido\/#breadcrumb\"},\"inLanguage\":\"es\",\"potentialAction\":[{\"@type\":\"ReadAction\",\"target\":[\"https:\/\/experienciadevida.com.ar\/portalurbano\/recategorizacion-de-olavarria-como-zona-fria-se-aprobo-por-unanimidad-el-pedido\/\"]}]},{\"@type\":\"BreadcrumbList\",\"@id\":\"https:\/\/experienciadevida.com.ar\/portalurbano\/recategorizacion-de-olavarria-como-zona-fria-se-aprobo-por-unanimidad-el-pedido\/#breadcrumb\",\"itemListElement\":[{\"@type\":\"ListItem\",\"position\":1,\"name\":\"Portada\",\"item\":\"https:\/\/experienciadevida.com.ar\/portalurbano\/\"},{\"@type\":\"ListItem\",\"position\":2,\"name\":\"Recategorizaci\u00f3n de Olavarr\u00eda como zona fr\u00eda: se aprob\u00f3 por unanimidad el pedido\"}]},{\"@type\":\"WebSite\",\"@id\":\"https:\/\/experienciadevida.com.ar\/portalurbano\/#website\",\"url\":\"https:\/\/experienciadevida.com.ar\/portalurbano\/\",\"name\":\"\",\"description\":\"\",\"publisher\":{\"@id\":\"https:\/\/experienciadevida.com.ar\/portalurbano\/#organization\"},\"potentialAction\":[{\"@type\":\"SearchAction\",\"target\":{\"@type\":\"EntryPoint\",\"urlTemplate\":\"https:\/\/experienciadevida.com.ar\/portalurbano\/?s={search_term_string}\"},\"query-input\":\"required name=search_term_string\"}],\"inLanguage\":\"es\"},{\"@type\":\"Organization\",\"@id\":\"https:\/\/experienciadevida.com.ar\/portalurbano\/#organization\",\"name\":\"Portal Urbano\",\"url\":\"https:\/\/experienciadevida.com.ar\/portalurbano\/\",\"logo\":{\"@type\":\"ImageObject\",\"inLanguage\":\"es\",\"@id\":\"https:\/\/experienciadevida.com.ar\/portalurbano\/#\/schema\/logo\/image\/\",\"url\":\"https:\/\/experienciadevida.com.ar\/portalurbano\/wp-content\/uploads\/2019\/09\/Logo-Original.png\",\"contentUrl\":\"https:\/\/experienciadevida.com.ar\/portalurbano\/wp-content\/uploads\/2019\/09\/Logo-Original.png\",\"width\":2236,\"height\":1216,\"caption\":\"Portal Urbano\"},\"image\":{\"@id\":\"https:\/\/experienciadevida.com.ar\/portalurbano\/#\/schema\/logo\/image\/\"},\"sameAs\":[\"https:\/\/www.facebook.com\/Portal-Urbano-171542830093757\/\",\"https:\/\/twitter.com\/portalurbanook\",\"https:\/\/www.instagram.com\/_portalurbano\/\",\"https:\/\/www.youtube.com\/channel\/UCXhagIfszH8KxFiOok79zbA?view_as=subscriber\"]},{\"@type\":\"Person\",\"@id\":\"https:\/\/experienciadevida.com.ar\/portalurbano\/#\/schema\/person\/02dd326b1c4b056e9cc972486934a3a7\",\"name\":\"admpu17wp\",\"image\":{\"@type\":\"ImageObject\",\"inLanguage\":\"es\",\"@id\":\"https:\/\/experienciadevida.com.ar\/portalurbano\/#\/schema\/person\/image\/\",\"url\":\"https:\/\/secure.gravatar.com\/avatar\/830d4c57adaae6630765e449a6908047?s=96&d=mm&r=g\",\"contentUrl\":\"https:\/\/secure.gravatar.com\/avatar\/830d4c57adaae6630765e449a6908047?s=96&d=mm&r=g\",\"caption\":\"admpu17wp\"}}]}<\/script>\n<!-- \/ Yoast SEO plugin. -->","yoast_head_json":{"title":"Recategorizaci\u00f3n de Olavarr\u00eda como zona fr\u00eda: se aprob\u00f3 por unanimidad el pedido -","robots":{"index":"index","follow":"follow","max-snippet":"max-snippet:-1","max-image-preview":"max-image-preview:large","max-video-preview":"max-video-preview:-1"},"canonical":"https:\/\/experienciadevida.com.ar\/portalurbano\/recategorizacion-de-olavarria-como-zona-fria-se-aprobo-por-unanimidad-el-pedido\/","og_locale":"es_ES","og_type":"article","og_title":"Recategorizaci\u00f3n de Olavarr\u00eda como zona fr\u00eda: se aprob\u00f3 por unanimidad el pedido -","og_description":"En la sesi\u00f3n de este jueves, se debati\u00f3 sobre la decisi\u00f3n de Olavarr\u00eda recategorizarla como...","og_url":"https:\/\/experienciadevida.com.ar\/portalurbano\/recategorizacion-de-olavarria-como-zona-fria-se-aprobo-por-unanimidad-el-pedido\/","article_publisher":"https:\/\/www.facebook.com\/Portal-Urbano-171542830093757\/","article_published_time":"2020-07-23T19:58:17+00:00","article_modified_time":"2020-07-23T19:59:05+00:00","og_image":[{"width":845,"height":471,"url":"https:\/\/experienciadevida.com.ar\/portalurbano\/wp-content\/uploads\/2020\/07\/CONCEJODELIBERANTE-1.png","type":"image\/png"}],"author":"admpu17wp","twitter_card":"summary_large_image","twitter_creator":"@portalurbanook","twitter_site":"@portalurbanook","twitter_misc":{"Escrito por":"admpu17wp","Tiempo de lectura":"3 minutos"},"schema":{"@context":"https:\/\/schema.org","@graph":[{"@type":"Article","@id":"https:\/\/experienciadevida.com.ar\/portalurbano\/recategorizacion-de-olavarria-como-zona-fria-se-aprobo-por-unanimidad-el-pedido\/#article","isPartOf":{"@id":"https:\/\/experienciadevida.com.ar\/portalurbano\/recategorizacion-de-olavarria-como-zona-fria-se-aprobo-por-unanimidad-el-pedido\/"},"author":{"name":"admpu17wp","@id":"https:\/\/experienciadevida.com.ar\/portalurbano\/#\/schema\/person\/02dd326b1c4b056e9cc972486934a3a7"},"headline":"Recategorizaci\u00f3n de Olavarr\u00eda como zona fr\u00eda: se aprob\u00f3 por unanimidad el pedido","datePublished":"2020-07-23T19:58:17+00:00","dateModified":"2020-07-23T19:59:05+00:00","mainEntityOfPage":{"@id":"https:\/\/experienciadevida.com.ar\/portalurbano\/recategorizacion-de-olavarria-como-zona-fria-se-aprobo-por-unanimidad-el-pedido\/"},"wordCount":690,"publisher":{"@id":"https:\/\/experienciadevida.com.ar\/portalurbano\/#organization"},"articleSection":["Ciudad","Destacadas"],"inLanguage":"es"},{"@type":"WebPage","@id":"https:\/\/experienciadevida.com.ar\/portalurbano\/recategorizacion-de-olavarria-como-zona-fria-se-aprobo-por-unanimidad-el-pedido\/","url":"https:\/\/experienciadevida.com.ar\/portalurbano\/recategorizacion-de-olavarria-como-zona-fria-se-aprobo-por-unanimidad-el-pedido\/","name":"Recategorizaci\u00f3n de Olavarr\u00eda como zona fr\u00eda: se aprob\u00f3 por unanimidad el pedido -","isPartOf":{"@id":"https:\/\/experienciadevida.com.ar\/portalurbano\/#website"},"datePublished":"2020-07-23T19:58:17+00:00","dateModified":"2020-07-23T19:59:05+00:00","breadcrumb":{"@id":"https:\/\/experienciadevida.com.ar\/portalurbano\/recategorizacion-de-olavarria-como-zona-fria-se-aprobo-por-unanimidad-el-pedido\/#breadcrumb"},"inLanguage":"es","potentialAction":[{"@type":"ReadAction","target":["https:\/\/experienciadevida.com.ar\/portalurbano\/recategorizacion-de-olavarria-como-zona-fria-se-aprobo-por-unanimidad-el-pedido\/"]}]},{"@type":"BreadcrumbList","@id":"https:\/\/experienciadevida.com.ar\/portalurbano\/recategorizacion-de-olavarria-como-zona-fria-se-aprobo-por-unanimidad-el-pedido\/#breadcrumb","itemListElement":[{"@type":"ListItem","position":1,"name":"Portada","item":"https:\/\/experienciadevida.com.ar\/portalurbano\/"},{"@type":"ListItem","position":2,"name":"Recategorizaci\u00f3n de Olavarr\u00eda como zona fr\u00eda: se aprob\u00f3 por unanimidad el pedido"}]},{"@type":"WebSite","@id":"https:\/\/experienciadevida.com.ar\/portalurbano\/#website","url":"https:\/\/experienciadevida.com.ar\/portalurbano\/","name":"","description":"","publisher":{"@id":"https:\/\/experienciadevida.com.ar\/portalurbano\/#organization"},"potentialAction":[{"@type":"SearchAction","target":{"@type":"EntryPoint","urlTemplate":"https:\/\/experienciadevida.com.ar\/portalurbano\/?s={search_term_string}"},"query-input":"required name=search_term_string"}],"inLanguage":"es"},{"@type":"Organization","@id":"https:\/\/experienciadevida.com.ar\/portalurbano\/#organization","name":"Portal Urbano","url":"https:\/\/experienciadevida.com.ar\/portalurbano\/","logo":{"@type":"ImageObject","inLanguage":"es","@id":"https:\/\/experienciadevida.com.ar\/portalurbano\/#\/schema\/logo\/image\/","url":"https:\/\/experienciadevida.com.ar\/portalurbano\/wp-content\/uploads\/2019\/09\/Logo-Original.png","contentUrl":"https:\/\/experienciadevida.com.ar\/portalurbano\/wp-content\/uploads\/2019\/09\/Logo-Original.png","width":2236,"height":1216,"caption":"Portal Urbano"},"image":{"@id":"https:\/\/experienciadevida.com.ar\/portalurbano\/#\/schema\/logo\/image\/"},"sameAs":["https:\/\/www.facebook.com\/Portal-Urbano-171542830093757\/","https:\/\/twitter.com\/portalurbanook","https:\/\/www.instagram.com\/_portalurbano\/","https:\/\/www.youtube.com\/channel\/UCXhagIfszH8KxFiOok79zbA?view_as=subscriber"]},{"@type":"Person","@id":"https:\/\/experienciadevida.com.ar\/portalurbano\/#\/schema\/person\/02dd326b1c4b056e9cc972486934a3a7","name":"admpu17wp","image":{"@type":"ImageObject","inLanguage":"es","@id":"https:\/\/experienciadevida.com.ar\/portalurbano\/#\/schema\/person\/image\/","url":"https:\/\/secure.gravatar.com\/avatar\/830d4c57adaae6630765e449a6908047?s=96&d=mm&r=g","contentUrl":"https:\/\/secure.gravatar.com\/avatar\/830d4c57adaae6630765e449a6908047?s=96&d=mm&r=g","caption":"admpu17wp"}}]}},"featured_image_urls":{"full":["https:\/\/experienciadevida.com.ar\/portalurbano\/wp-content\/uploads\/2020\/07\/CONCEJODELIBERANTE-1.png",845,471,false],"thumbnail":["https:\/\/experienciadevida.com.ar\/portalurbano\/wp-content\/uploads\/2020\/07\/CONCEJODELIBERANTE-1-150x150.png",150,150,true],"medium":["https:\/\/experienciadevida.com.ar\/portalurbano\/wp-content\/uploads\/2020\/07\/CONCEJODELIBERANTE-1-300x167.png",300,167,true],"medium_large":["https:\/\/experienciadevida.com.ar\/portalurbano\/wp-content\/uploads\/2020\/07\/CONCEJODELIBERANTE-1-768x428.png",640,357,true],"large":["https:\/\/experienciadevida.com.ar\/portalurbano\/wp-content\/uploads\/2020\/07\/CONCEJODELIBERANTE-1.png",640,357,false],"ug_big":["https:\/\/experienciadevida.com.ar\/portalurbano\/wp-content\/uploads\/2020\/07\/CONCEJODELIBERANTE-1-768x428.png",768,428,true],"1536x1536":["https:\/\/experienciadevida.com.ar\/portalurbano\/wp-content\/uploads\/2020\/07\/CONCEJODELIBERANTE-1.png",845,471,false],"2048x2048":["https:\/\/experienciadevida.com.ar\/portalurbano\/wp-content\/uploads\/2020\/07\/CONCEJODELIBERANTE-1.png",845,471,false],"newsever-slider-full":["https:\/\/experienciadevida.com.ar\/portalurbano\/wp-content\/uploads\/2020\/07\/CONCEJODELIBERANTE-1.png",845,471,false],"newsever-featured":["https:\/\/experienciadevida.com.ar\/portalurbano\/wp-content\/uploads\/2020\/07\/CONCEJODELIBERANTE-1.png",845,471,false],"newsever-medium":["https:\/\/experienciadevida.com.ar\/portalurbano\/wp-content\/uploads\/2020\/07\/CONCEJODELIBERANTE-1.png",720,401,false],"web-stories-poster-portrait":["https:\/\/experienciadevida.com.ar\/portalurbano\/wp-content\/uploads\/2020\/07\/CONCEJODELIBERANTE-1.png",640,357,false],"web-stories-publisher-logo":["https:\/\/experienciadevida.com.ar\/portalurbano\/wp-content\/uploads\/2020\/07\/CONCEJODELIBERANTE-1.png",96,54,false],"web-stories-thumbnail":["https:\/\/experienciadevida.com.ar\/portalurbano\/wp-content\/uploads\/2020\/07\/CONCEJODELIBERANTE-1.png",150,84,false]},"author_info":{"display_name":"admpu17wp","author_link":"https:\/\/experienciadevida.com.ar\/portalurbano\/author\/admpu17wp\/"},"category_info":"<a href=\"https:\/\/experienciadevida.com.ar\/portalurbano\/category\/ciudad\/\" rel=\"category tag\">Ciudad<\/a> <a href=\"https:\/\/experienciadevida.com.ar\/portalurbano\/category\/destacadas\/\" rel=\"category tag\">Destacadas<\/a>","tag_info":"Destacadas","comment_count":"0","amp_enabled":true,"_links":{"self":[{"href":"https:\/\/experienciadevida.com.ar\/portalurbano\/wp-json\/wp\/v2\/posts\/115763"}],"collection":[{"href":"https:\/\/experienciadevida.com.ar\/portalurbano\/wp-json\/wp\/v2\/posts"}],"about":[{"href":"https:\/\/experienciadevida.com.ar\/portalurbano\/wp-json\/wp\/v2\/types\/post"}],"author":[{"embeddable":true,"href":"https:\/\/experienciadevida.com.ar\/portalurbano\/wp-json\/wp\/v2\/users\/1"}],"replies":[{"embeddable":true,"href":"https:\/\/experienciadevida.com.ar\/portalurbano\/wp-json\/wp\/v2\/comments?post=115763"}],"version-history":[{"count":1,"href":"https:\/\/experienciadevida.com.ar\/portalurbano\/wp-json\/wp\/v2\/posts\/115763\/revisions"}],"predecessor-version":[{"id":115766,"href":"https:\/\/experienciadevida.com.ar\/portalurbano\/wp-json\/wp\/v2\/posts\/115763\/revisions\/115766"}],"wp:featuredmedia":[{"embeddable":true,"href":"https:\/\/experienciadevida.com.ar\/portalurbano\/wp-json\/wp\/v2\/media\/115746"}],"wp:attachment":[{"href":"https:\/\/experienciadevida.com.ar\/portalurbano\/wp-json\/wp\/v2\/media?parent=115763"}],"wp:term":[{"taxonomy":"category","embeddable":true,"href":"https:\/\/experienciadevida.com.ar\/portalurbano\/wp-json\/wp\/v2\/categories?post=115763"},{"taxonomy":"post_tag","embeddable":true,"href":"https:\/\/experienciadevida.com.ar\/portalurbano\/wp-json\/wp\/v2\/tags?post=115763"}],"curies":[{"name":"wp","href":"https:\/\/api.w.org\/{rel}","templated":true}]}}