{"id":115640,"date":"2020-07-22T11:16:51","date_gmt":"2020-07-22T14:16:51","guid":{"rendered":"https:\/\/experienciadevida.com.ar\/portalurbano\/?p=115640"},"modified":"2020-07-22T11:17:23","modified_gmt":"2020-07-22T14:17:23","slug":"la-provincia-oficializo-el-programa-de-ayuda-economica-a-pymes-para-pago-de-sueldos","status":"publish","type":"post","link":"https:\/\/experienciadevida.com.ar\/portalurbano\/la-provincia-oficializo-el-programa-de-ayuda-economica-a-pymes-para-pago-de-sueldos\/","title":{"rendered":"La Provincia oficializ\u00f3 el programa de ayuda econ\u00f3mica a pymes para pago de sueldos"},"content":{"rendered":"<p>Contempla una compensaci\u00f3n equivalente al 50% del Salario Vital y M\u00f3vil por un plazo de tres meses.<\/p>\n<p>El Gobierno bonaerense oficializ\u00f3 este mi\u00e9rcoles la creaci\u00f3n del Programa de Preservaci\u00f3n del Trabajo (PPT), que busca contribuir al sostenimiento de las fuentes y puestos de empleo en las pymes m\u00e1s afectadas por la pandemia, que no son alcanzadas por el beneficio del Programa de Asistencia de Emergencia al Trabajo y la Producci\u00f3n (ATP) de Naci\u00f3n.<\/p>\n<p>El PPT bonaerense fue creado mediante el decreto 613 publicado en el Bolet\u00edn Oficial del distrito y contempla una compensaci\u00f3n equivalente al 50% del Salario Vital y M\u00f3vil por un plazo de tres meses.<\/p>\n<p>\u201cEl programa est\u00e1 orientado a empresas micro y peque\u00f1as y a cooperativas que no obtuvieron el ATP implementado por el Gobierno nacional y que se encuentran en actividades particularmente afectadas por el aislamiento social, preventivo y obligatorio\u201d, dijo la ministra Mara Ru\u00edz Malec.<\/p>\n<p>\u201cEl Ministerio de Producci\u00f3n se encuentra elaborando el listado de estas actividades. Se va a abrir una preinscripci\u00f3n online en breve, donde las empresas deber\u00e1n solicitar el beneficio y declarar que cuentan con la documentaci\u00f3n necesaria\u201d, especific\u00f3 la funcionaria.<\/p>\n<p>Cont\u00f3 que se est\u00e1 trabajando \u201cen la reglamentaci\u00f3n y en los formularios de adhesi\u00f3n\u201d y anticip\u00f3 que pr\u00f3ximamente se llevar\u00e1n adelante \u201cencuentros con las c\u00e1maras, gremios y municipios para dar m\u00e1s detalles del programa\u201d.<\/p>\n<p>Entre los fundamentos de la medida se destac\u00f3 la necesidad de \u201cestablecer medidas extraordinarias orientadas a sostener las fuentes y puestos de trabajo existentes, para lo cual se ha previsto la creaci\u00f3n de un programa de empleo espec\u00edfico focalizado en las pymes con inclusi\u00f3n de las cooperativas, por ser las unidades econ\u00f3micas m\u00e1s afectadas y a la vez de importancia estrat\u00e9gica para el sostenimiento y la generaci\u00f3n de empleo\u201d.<\/p>\n<p>Fuente: DIB<\/p>\n","protected":false},"excerpt":{"rendered":"<p>Contempla una compensaci\u00f3n equivalente al 50% del Salario Vital y M\u00f3vil por un plazo de&#8230;<\/p>\n","protected":false},"author":1,"featured_media":115641,"comment_status":"closed","ping_status":"closed","sticky":false,"template":"","format":"standard","meta":{"content-type":""},"categories":[39],"tags":[],"nelio_content":{"isAutoShareEnabled":false,"autoShareEndMode":"default","automationSources":{"useContentSentences":true,"useSocialTemplates":true,"useCustomSentences":false,"customSentences":[]},"followers":[1],"suggestedReferences":[],"includedReferences":[],"efiUrl":"","efiAlt":"","highlights":[]},"yoast_head":"<!-- This site is optimized with the Yoast SEO plugin v20.7 - https:\/\/yoast.com\/wordpress\/plugins\/seo\/ -->\n<title>La Provincia oficializ\u00f3 el programa de ayuda econ\u00f3mica a pymes para pago de sueldos -<\/title>\n<meta name=\"robots\" content=\"index, follow, max-snippet:-1, max-image-preview:large, max-video-preview:-1\" \/>\n<link rel=\"canonical\" href=\"https:\/\/experienciadevida.com.ar\/portalurbano\/la-provincia-oficializo-el-programa-de-ayuda-economica-a-pymes-para-pago-de-sueldos\/\" \/>\n<meta property=\"og:locale\" content=\"es_ES\" \/>\n<meta property=\"og:type\" content=\"article\" \/>\n<meta property=\"og:title\" content=\"La Provincia oficializ\u00f3 el programa de ayuda econ\u00f3mica a pymes para pago de sueldos -\" \/>\n<meta property=\"og:description\" content=\"Contempla una compensaci\u00f3n equivalente al 50% del Salario Vital y M\u00f3vil por un plazo de...\" \/>\n<meta property=\"og:url\" content=\"https:\/\/experienciadevida.com.ar\/portalurbano\/la-provincia-oficializo-el-programa-de-ayuda-economica-a-pymes-para-pago-de-sueldos\/\" \/>\n<meta property=\"article:publisher\" content=\"https:\/\/www.facebook.com\/Portal-Urbano-171542830093757\/\" \/>\n<meta property=\"article:published_time\" content=\"2020-07-22T14:16:51+00:00\" \/>\n<meta property=\"article:modified_time\" content=\"2020-07-22T14:17:23+00:00\" \/>\n<meta property=\"og:image\" content=\"https:\/\/experienciadevida.com.ar\/portalurbano\/wp-content\/uploads\/2020\/07\/PYMES.jpg\" \/>\n\t<meta property=\"og:image:width\" content=\"696\" \/>\n\t<meta property=\"og:image:height\" content=\"464\" \/>\n\t<meta property=\"og:image:type\" content=\"image\/jpeg\" \/>\n<meta name=\"author\" content=\"admpu17wp\" \/>\n<meta name=\"twitter:card\" content=\"summary_large_image\" \/>\n<meta name=\"twitter:creator\" content=\"@portalurbanook\" \/>\n<meta name=\"twitter:site\" content=\"@portalurbanook\" \/>\n<meta name=\"twitter:label1\" content=\"Escrito por\" \/>\n\t<meta name=\"twitter:data1\" content=\"admpu17wp\" \/>\n\t<meta name=\"twitter:label2\" content=\"Tiempo de lectura\" \/>\n\t<meta name=\"twitter:data2\" content=\"2 minutos\" \/>\n<script type=\"application\/ld+json\" class=\"yoast-schema-graph\">{\"@context\":\"https:\/\/schema.org\",\"@graph\":[{\"@type\":\"Article\",\"@id\":\"https:\/\/experienciadevida.com.ar\/portalurbano\/la-provincia-oficializo-el-programa-de-ayuda-economica-a-pymes-para-pago-de-sueldos\/#article\",\"isPartOf\":{\"@id\":\"https:\/\/experienciadevida.com.ar\/portalurbano\/la-provincia-oficializo-el-programa-de-ayuda-economica-a-pymes-para-pago-de-sueldos\/\"},\"author\":{\"name\":\"admpu17wp\",\"@id\":\"https:\/\/experienciadevida.com.ar\/portalurbano\/#\/schema\/person\/02dd326b1c4b056e9cc972486934a3a7\"},\"headline\":\"La Provincia oficializ\u00f3 el programa de ayuda econ\u00f3mica a pymes para pago de sueldos\",\"datePublished\":\"2020-07-22T14:16:51+00:00\",\"dateModified\":\"2020-07-22T14:17:23+00:00\",\"mainEntityOfPage\":{\"@id\":\"https:\/\/experienciadevida.com.ar\/portalurbano\/la-provincia-oficializo-el-programa-de-ayuda-economica-a-pymes-para-pago-de-sueldos\/\"},\"wordCount\":336,\"publisher\":{\"@id\":\"https:\/\/experienciadevida.com.ar\/portalurbano\/#organization\"},\"articleSection\":[\"Naci\u00f3n\"],\"inLanguage\":\"es\"},{\"@type\":\"WebPage\",\"@id\":\"https:\/\/experienciadevida.com.ar\/portalurbano\/la-provincia-oficializo-el-programa-de-ayuda-economica-a-pymes-para-pago-de-sueldos\/\",\"url\":\"https:\/\/experienciadevida.com.ar\/portalurbano\/la-provincia-oficializo-el-programa-de-ayuda-economica-a-pymes-para-pago-de-sueldos\/\",\"name\":\"La Provincia oficializ\u00f3 el programa de ayuda econ\u00f3mica a pymes para pago de sueldos -\",\"isPartOf\":{\"@id\":\"https:\/\/experienciadevida.com.ar\/portalurbano\/#website\"},\"datePublished\":\"2020-07-22T14:16:51+00:00\",\"dateModified\":\"2020-07-22T14:17:23+00:00\",\"breadcrumb\":{\"@id\":\"https:\/\/experienciadevida.com.ar\/portalurbano\/la-provincia-oficializo-el-programa-de-ayuda-economica-a-pymes-para-pago-de-sueldos\/#breadcrumb\"},\"inLanguage\":\"es\",\"potentialAction\":[{\"@type\":\"ReadAction\",\"target\":[\"https:\/\/experienciadevida.com.ar\/portalurbano\/la-provincia-oficializo-el-programa-de-ayuda-economica-a-pymes-para-pago-de-sueldos\/\"]}]},{\"@type\":\"BreadcrumbList\",\"@id\":\"https:\/\/experienciadevida.com.ar\/portalurbano\/la-provincia-oficializo-el-programa-de-ayuda-economica-a-pymes-para-pago-de-sueldos\/#breadcrumb\",\"itemListElement\":[{\"@type\":\"ListItem\",\"position\":1,\"name\":\"Portada\",\"item\":\"https:\/\/experienciadevida.com.ar\/portalurbano\/\"},{\"@type\":\"ListItem\",\"position\":2,\"name\":\"La Provincia oficializ\u00f3 el programa de ayuda econ\u00f3mica a pymes para pago de sueldos\"}]},{\"@type\":\"WebSite\",\"@id\":\"https:\/\/experienciadevida.com.ar\/portalurbano\/#website\",\"url\":\"https:\/\/experienciadevida.com.ar\/portalurbano\/\",\"name\":\"\",\"description\":\"\",\"publisher\":{\"@id\":\"https:\/\/experienciadevida.com.ar\/portalurbano\/#organization\"},\"potentialAction\":[{\"@type\":\"SearchAction\",\"target\":{\"@type\":\"EntryPoint\",\"urlTemplate\":\"https:\/\/experienciadevida.com.ar\/portalurbano\/?s={search_term_string}\"},\"query-input\":\"required name=search_term_string\"}],\"inLanguage\":\"es\"},{\"@type\":\"Organization\",\"@id\":\"https:\/\/experienciadevida.com.ar\/portalurbano\/#organization\",\"name\":\"Portal Urbano\",\"url\":\"https:\/\/experienciadevida.com.ar\/portalurbano\/\",\"logo\":{\"@type\":\"ImageObject\",\"inLanguage\":\"es\",\"@id\":\"https:\/\/experienciadevida.com.ar\/portalurbano\/#\/schema\/logo\/image\/\",\"url\":\"https:\/\/experienciadevida.com.ar\/portalurbano\/wp-content\/uploads\/2019\/09\/Logo-Original.png\",\"contentUrl\":\"https:\/\/experienciadevida.com.ar\/portalurbano\/wp-content\/uploads\/2019\/09\/Logo-Original.png\",\"width\":2236,\"height\":1216,\"caption\":\"Portal Urbano\"},\"image\":{\"@id\":\"https:\/\/experienciadevida.com.ar\/portalurbano\/#\/schema\/logo\/image\/\"},\"sameAs\":[\"https:\/\/www.facebook.com\/Portal-Urbano-171542830093757\/\",\"https:\/\/twitter.com\/portalurbanook\",\"https:\/\/www.instagram.com\/_portalurbano\/\",\"https:\/\/www.youtube.com\/channel\/UCXhagIfszH8KxFiOok79zbA?view_as=subscriber\"]},{\"@type\":\"Person\",\"@id\":\"https:\/\/experienciadevida.com.ar\/portalurbano\/#\/schema\/person\/02dd326b1c4b056e9cc972486934a3a7\",\"name\":\"admpu17wp\",\"image\":{\"@type\":\"ImageObject\",\"inLanguage\":\"es\",\"@id\":\"https:\/\/experienciadevida.com.ar\/portalurbano\/#\/schema\/person\/image\/\",\"url\":\"https:\/\/secure.gravatar.com\/avatar\/830d4c57adaae6630765e449a6908047?s=96&d=mm&r=g\",\"contentUrl\":\"https:\/\/secure.gravatar.com\/avatar\/830d4c57adaae6630765e449a6908047?s=96&d=mm&r=g\",\"caption\":\"admpu17wp\"}}]}<\/script>\n<!-- \/ Yoast SEO plugin. -->","yoast_head_json":{"title":"La Provincia oficializ\u00f3 el programa de ayuda econ\u00f3mica a pymes para pago de sueldos -","robots":{"index":"index","follow":"follow","max-snippet":"max-snippet:-1","max-image-preview":"max-image-preview:large","max-video-preview":"max-video-preview:-1"},"canonical":"https:\/\/experienciadevida.com.ar\/portalurbano\/la-provincia-oficializo-el-programa-de-ayuda-economica-a-pymes-para-pago-de-sueldos\/","og_locale":"es_ES","og_type":"article","og_title":"La Provincia oficializ\u00f3 el programa de ayuda econ\u00f3mica a pymes para pago de sueldos -","og_description":"Contempla una compensaci\u00f3n equivalente al 50% del Salario Vital y M\u00f3vil por un plazo de...","og_url":"https:\/\/experienciadevida.com.ar\/portalurbano\/la-provincia-oficializo-el-programa-de-ayuda-economica-a-pymes-para-pago-de-sueldos\/","article_publisher":"https:\/\/www.facebook.com\/Portal-Urbano-171542830093757\/","article_published_time":"2020-07-22T14:16:51+00:00","article_modified_time":"2020-07-22T14:17:23+00:00","og_image":[{"width":696,"height":464,"url":"https:\/\/experienciadevida.com.ar\/portalurbano\/wp-content\/uploads\/2020\/07\/PYMES.jpg","type":"image\/jpeg"}],"author":"admpu17wp","twitter_card":"summary_large_image","twitter_creator":"@portalurbanook","twitter_site":"@portalurbanook","twitter_misc":{"Escrito por":"admpu17wp","Tiempo de lectura":"2 minutos"},"schema":{"@context":"https:\/\/schema.org","@graph":[{"@type":"Article","@id":"https:\/\/experienciadevida.com.ar\/portalurbano\/la-provincia-oficializo-el-programa-de-ayuda-economica-a-pymes-para-pago-de-sueldos\/#article","isPartOf":{"@id":"https:\/\/experienciadevida.com.ar\/portalurbano\/la-provincia-oficializo-el-programa-de-ayuda-economica-a-pymes-para-pago-de-sueldos\/"},"author":{"name":"admpu17wp","@id":"https:\/\/experienciadevida.com.ar\/portalurbano\/#\/schema\/person\/02dd326b1c4b056e9cc972486934a3a7"},"headline":"La Provincia oficializ\u00f3 el programa de ayuda econ\u00f3mica a pymes para pago de sueldos","datePublished":"2020-07-22T14:16:51+00:00","dateModified":"2020-07-22T14:17:23+00:00","mainEntityOfPage":{"@id":"https:\/\/experienciadevida.com.ar\/portalurbano\/la-provincia-oficializo-el-programa-de-ayuda-economica-a-pymes-para-pago-de-sueldos\/"},"wordCount":336,"publisher":{"@id":"https:\/\/experienciadevida.com.ar\/portalurbano\/#organization"},"articleSection":["Naci\u00f3n"],"inLanguage":"es"},{"@type":"WebPage","@id":"https:\/\/experienciadevida.com.ar\/portalurbano\/la-provincia-oficializo-el-programa-de-ayuda-economica-a-pymes-para-pago-de-sueldos\/","url":"https:\/\/experienciadevida.com.ar\/portalurbano\/la-provincia-oficializo-el-programa-de-ayuda-economica-a-pymes-para-pago-de-sueldos\/","name":"La Provincia oficializ\u00f3 el programa de ayuda econ\u00f3mica a pymes para pago de sueldos -","isPartOf":{"@id":"https:\/\/experienciadevida.com.ar\/portalurbano\/#website"},"datePublished":"2020-07-22T14:16:51+00:00","dateModified":"2020-07-22T14:17:23+00:00","breadcrumb":{"@id":"https:\/\/experienciadevida.com.ar\/portalurbano\/la-provincia-oficializo-el-programa-de-ayuda-economica-a-pymes-para-pago-de-sueldos\/#breadcrumb"},"inLanguage":"es","potentialAction":[{"@type":"ReadAction","target":["https:\/\/experienciadevida.com.ar\/portalurbano\/la-provincia-oficializo-el-programa-de-ayuda-economica-a-pymes-para-pago-de-sueldos\/"]}]},{"@type":"BreadcrumbList","@id":"https:\/\/experienciadevida.com.ar\/portalurbano\/la-provincia-oficializo-el-programa-de-ayuda-economica-a-pymes-para-pago-de-sueldos\/#breadcrumb","itemListElement":[{"@type":"ListItem","position":1,"name":"Portada","item":"https:\/\/experienciadevida.com.ar\/portalurbano\/"},{"@type":"ListItem","position":2,"name":"La Provincia oficializ\u00f3 el programa de ayuda econ\u00f3mica a pymes para pago de sueldos"}]},{"@type":"WebSite","@id":"https:\/\/experienciadevida.com.ar\/portalurbano\/#website","url":"https:\/\/experienciadevida.com.ar\/portalurbano\/","name":"","description":"","publisher":{"@id":"https:\/\/experienciadevida.com.ar\/portalurbano\/#organization"},"potentialAction":[{"@type":"SearchAction","target":{"@type":"EntryPoint","urlTemplate":"https:\/\/experienciadevida.com.ar\/portalurbano\/?s={search_term_string}"},"query-input":"required name=search_term_string"}],"inLanguage":"es"},{"@type":"Organization","@id":"https:\/\/experienciadevida.com.ar\/portalurbano\/#organization","name":"Portal Urbano","url":"https:\/\/experienciadevida.com.ar\/portalurbano\/","logo":{"@type":"ImageObject","inLanguage":"es","@id":"https:\/\/experienciadevida.com.ar\/portalurbano\/#\/schema\/logo\/image\/","url":"https:\/\/experienciadevida.com.ar\/portalurbano\/wp-content\/uploads\/2019\/09\/Logo-Original.png","contentUrl":"https:\/\/experienciadevida.com.ar\/portalurbano\/wp-content\/uploads\/2019\/09\/Logo-Original.png","width":2236,"height":1216,"caption":"Portal Urbano"},"image":{"@id":"https:\/\/experienciadevida.com.ar\/portalurbano\/#\/schema\/logo\/image\/"},"sameAs":["https:\/\/www.facebook.com\/Portal-Urbano-171542830093757\/","https:\/\/twitter.com\/portalurbanook","https:\/\/www.instagram.com\/_portalurbano\/","https:\/\/www.youtube.com\/channel\/UCXhagIfszH8KxFiOok79zbA?view_as=subscriber"]},{"@type":"Person","@id":"https:\/\/experienciadevida.com.ar\/portalurbano\/#\/schema\/person\/02dd326b1c4b056e9cc972486934a3a7","name":"admpu17wp","image":{"@type":"ImageObject","inLanguage":"es","@id":"https:\/\/experienciadevida.com.ar\/portalurbano\/#\/schema\/person\/image\/","url":"https:\/\/secure.gravatar.com\/avatar\/830d4c57adaae6630765e449a6908047?s=96&d=mm&r=g","contentUrl":"https:\/\/secure.gravatar.com\/avatar\/830d4c57adaae6630765e449a6908047?s=96&d=mm&r=g","caption":"admpu17wp"}}]}},"featured_image_urls":{"full":["https:\/\/experienciadevida.com.ar\/portalurbano\/wp-content\/uploads\/2020\/07\/PYMES.jpg",696,464,false],"thumbnail":["https:\/\/experienciadevida.com.ar\/portalurbano\/wp-content\/uploads\/2020\/07\/PYMES-150x150.jpg",150,150,true],"medium":["https:\/\/experienciadevida.com.ar\/portalurbano\/wp-content\/uploads\/2020\/07\/PYMES-300x200.jpg",300,200,true],"medium_large":["https:\/\/experienciadevida.com.ar\/portalurbano\/wp-content\/uploads\/2020\/07\/PYMES.jpg",640,427,false],"large":["https:\/\/experienciadevida.com.ar\/portalurbano\/wp-content\/uploads\/2020\/07\/PYMES.jpg",640,427,false],"ug_big":["https:\/\/experienciadevida.com.ar\/portalurbano\/wp-content\/uploads\/2020\/07\/PYMES.jpg",696,464,false],"1536x1536":["https:\/\/experienciadevida.com.ar\/portalurbano\/wp-content\/uploads\/2020\/07\/PYMES.jpg",696,464,false],"2048x2048":["https:\/\/experienciadevida.com.ar\/portalurbano\/wp-content\/uploads\/2020\/07\/PYMES.jpg",696,464,false],"newsever-slider-full":["https:\/\/experienciadevida.com.ar\/portalurbano\/wp-content\/uploads\/2020\/07\/PYMES.jpg",696,464,false],"newsever-featured":["https:\/\/experienciadevida.com.ar\/portalurbano\/wp-content\/uploads\/2020\/07\/PYMES.jpg",696,464,false],"newsever-medium":["https:\/\/experienciadevida.com.ar\/portalurbano\/wp-content\/uploads\/2020\/07\/PYMES.jpg",696,464,false],"web-stories-poster-portrait":["https:\/\/experienciadevida.com.ar\/portalurbano\/wp-content\/uploads\/2020\/07\/PYMES.jpg",640,427,false],"web-stories-publisher-logo":["https:\/\/experienciadevida.com.ar\/portalurbano\/wp-content\/uploads\/2020\/07\/PYMES.jpg",96,64,false],"web-stories-thumbnail":["https:\/\/experienciadevida.com.ar\/portalurbano\/wp-content\/uploads\/2020\/07\/PYMES.jpg",150,100,false]},"author_info":{"display_name":"admpu17wp","author_link":"https:\/\/experienciadevida.com.ar\/portalurbano\/author\/admpu17wp\/"},"category_info":"<a href=\"https:\/\/experienciadevida.com.ar\/portalurbano\/category\/nacion\/\" rel=\"category tag\">Naci\u00f3n<\/a>","tag_info":"Naci\u00f3n","comment_count":"0","amp_enabled":true,"_links":{"self":[{"href":"https:\/\/experienciadevida.com.ar\/portalurbano\/wp-json\/wp\/v2\/posts\/115640"}],"collection":[{"href":"https:\/\/experienciadevida.com.ar\/portalurbano\/wp-json\/wp\/v2\/posts"}],"about":[{"href":"https:\/\/experienciadevida.com.ar\/portalurbano\/wp-json\/wp\/v2\/types\/post"}],"author":[{"embeddable":true,"href":"https:\/\/experienciadevida.com.ar\/portalurbano\/wp-json\/wp\/v2\/users\/1"}],"replies":[{"embeddable":true,"href":"https:\/\/experienciadevida.com.ar\/portalurbano\/wp-json\/wp\/v2\/comments?post=115640"}],"version-history":[{"count":1,"href":"https:\/\/experienciadevida.com.ar\/portalurbano\/wp-json\/wp\/v2\/posts\/115640\/revisions"}],"predecessor-version":[{"id":115642,"href":"https:\/\/experienciadevida.com.ar\/portalurbano\/wp-json\/wp\/v2\/posts\/115640\/revisions\/115642"}],"wp:featuredmedia":[{"embeddable":true,"href":"https:\/\/experienciadevida.com.ar\/portalurbano\/wp-json\/wp\/v2\/media\/115641"}],"wp:attachment":[{"href":"https:\/\/experienciadevida.com.ar\/portalurbano\/wp-json\/wp\/v2\/media?parent=115640"}],"wp:term":[{"taxonomy":"category","embeddable":true,"href":"https:\/\/experienciadevida.com.ar\/portalurbano\/wp-json\/wp\/v2\/categories?post=115640"},{"taxonomy":"post_tag","embeddable":true,"href":"https:\/\/experienciadevida.com.ar\/portalurbano\/wp-json\/wp\/v2\/tags?post=115640"}],"curies":[{"name":"wp","href":"https:\/\/api.w.org\/{rel}","templated":true}]}}