{"id":115634,"date":"2020-07-22T11:09:37","date_gmt":"2020-07-22T14:09:37","guid":{"rendered":"https:\/\/experienciadevida.com.ar\/portalurbano\/?p=115634"},"modified":"2020-07-22T11:10:07","modified_gmt":"2020-07-22T14:10:07","slug":"nuevos-horarios-en-el-transporte-de-pasajeros","status":"publish","type":"post","link":"https:\/\/experienciadevida.com.ar\/portalurbano\/nuevos-horarios-en-el-transporte-de-pasajeros\/","title":{"rendered":"Nuevos horarios en el transporte de pasajeros"},"content":{"rendered":"<p>La Municipalidad del Partido de Olavarr\u00eda resolvi\u00f3, en el marco de las medidas adoptadas por la Emergencia Sanitaria por el COVID-19, ampliar el horario del sistema de transporte p\u00fablico del Partido de Olavarr\u00eda.<\/p>\n<p>En este sentido se comunic\u00f3 que a partir de este jueves 23 de julio el transporte p\u00fablico de pasajeros urbano e interurbano ampliar\u00e1 su servicio, que ser\u00e1 de lunes a s\u00e1bados en el horario de 7 a 21 horas.<\/p>\n<p>En el caso del transporte interurbano, el inicio de los recorridos de acuerdo a cada localidad ser\u00e1 el siguiente:<\/p>\n<p>L\u00ednea 509<\/p>\n<p>Desde Olavarr\u00eda: 7:00hs, 10:00hs, 12:45hs, 15:00hs, 18:00hs, 20:00hs<\/p>\n<p>Desde Villa Mi Serran\u00eda: 7:45hs, 13:45hs, 18:45hs<\/p>\n<p>Desde Loma Negra: 8:00hs, 11:00hs, 14:00hs, 16:00hs, 19:00hs, 21:00hs<\/p>\n<p>S\u00e1bados<\/p>\n<p>Desde Olavarr\u00eda: 7:00hs, 10:00hs, 12:45hs; 15:00hs; 18:00hs<\/p>\n<p>Desde Villa Mi Serran\u00eda: 7:45hs; 13:45hs y 18:45hs<\/p>\n<p>Desde Loma Negra: 8:00hs, 11:00hs, 14:00hs, 16:00hs y 19:00hs.<\/p>\n<p>L\u00ednea 510<\/p>\n<p>Desde Olavarr\u00eda: 7:00hs, 10:00hs, 12:45hs, 15:00hs, 18:00hs y 20:00hs.<\/p>\n<p>Desde Colonia San Miguel: 7:45hs, 13:45hs y 18:45hs<\/p>\n<p>Desde Sierras Bayas: 08:00hs, 11:00hs, 14:00hs, 16:00hs, 19:00 y 21:00hs<\/p>\n<p>S\u00e1bado<\/p>\n<p>Desde Olavarr\u00eda: 07:00hs, 10:00hs, 12:45hs, 18:00hs y 18:00hs<\/p>\n<p>Desde Colonia San Miguel: 07:45hs, 13:45hs y 18:45hs<\/p>\n<p>Desde Sierras Bayas: 07:00hs, 11:00hs, 14:00hs, 16:00hs y 19:00hs<\/p>\n<p>L\u00ednea 514<\/p>\n<p>Desde Olavarr\u00eda: 06:00hs, 09:00hs, 12:00hs, 15:00hs, 18:00hs y 20:00hs.<\/p>\n<p>Desde Hinojo: 07:00hs, 10:00hs, 13:00hs, 16:00hs, 19:00hs y 21:00hs<\/p>\n<p>S\u00e1bado<\/p>\n<p>Desde Olavarr\u00eda: 06:00hs, 09:00hs, 12:00hs, 15:00hs y 18:00hs.<\/p>\n<p>Desde Hinojo: 07:00hs, 10:00hs, 13:00hs, 16:00hs, 19:00hs y 21:00hs<\/p>\n<p>Taxis y remises<\/p>\n<p>Desde la Municipalidad de Olavarr\u00eda se inform\u00f3 que, a ra\u00edz de la reactivaci\u00f3n econ\u00f3mica planteada y la apertura de actividades econ\u00f3micas, se autoriz\u00f3 al servicio de taxis y remises que funcionen en el horario de 7:00 a 2:00 horas.<\/p>\n","protected":false},"excerpt":{"rendered":"<p>La Municipalidad del Partido de Olavarr\u00eda resolvi\u00f3, en el marco de las medidas adoptadas por&#8230;<\/p>\n","protected":false},"author":1,"featured_media":115635,"comment_status":"closed","ping_status":"closed","sticky":false,"template":"","format":"standard","meta":{"content-type":""},"categories":[27,51],"tags":[],"nelio_content":{"isAutoShareEnabled":false,"autoShareEndMode":"default","automationSources":{"useContentSentences":true,"useSocialTemplates":true,"useCustomSentences":false,"customSentences":[]},"followers":[1],"suggestedReferences":[],"includedReferences":[],"efiUrl":"","efiAlt":"","highlights":[]},"yoast_head":"<!-- This site is optimized with the Yoast SEO plugin v20.7 - https:\/\/yoast.com\/wordpress\/plugins\/seo\/ -->\n<title>Nuevos horarios en el transporte de pasajeros -<\/title>\n<meta name=\"robots\" content=\"index, follow, max-snippet:-1, max-image-preview:large, max-video-preview:-1\" \/>\n<link rel=\"canonical\" href=\"https:\/\/experienciadevida.com.ar\/portalurbano\/nuevos-horarios-en-el-transporte-de-pasajeros\/\" \/>\n<meta property=\"og:locale\" content=\"es_ES\" \/>\n<meta property=\"og:type\" content=\"article\" \/>\n<meta property=\"og:title\" content=\"Nuevos horarios en el transporte de pasajeros -\" \/>\n<meta property=\"og:description\" content=\"La Municipalidad del Partido de Olavarr\u00eda resolvi\u00f3, en el marco de las medidas adoptadas por...\" \/>\n<meta property=\"og:url\" content=\"https:\/\/experienciadevida.com.ar\/portalurbano\/nuevos-horarios-en-el-transporte-de-pasajeros\/\" \/>\n<meta property=\"article:publisher\" content=\"https:\/\/www.facebook.com\/Portal-Urbano-171542830093757\/\" \/>\n<meta property=\"article:published_time\" content=\"2020-07-22T14:09:37+00:00\" \/>\n<meta property=\"article:modified_time\" content=\"2020-07-22T14:10:07+00:00\" \/>\n<meta property=\"og:image\" content=\"https:\/\/experienciadevida.com.ar\/portalurbano\/wp-content\/uploads\/2020\/07\/COLECTIVOS-e1595426955675.jpeg\" \/>\n\t<meta property=\"og:image:width\" content=\"765\" \/>\n\t<meta property=\"og:image:height\" content=\"574\" \/>\n\t<meta property=\"og:image:type\" content=\"image\/jpeg\" \/>\n<meta name=\"author\" content=\"admpu17wp\" \/>\n<meta name=\"twitter:card\" content=\"summary_large_image\" \/>\n<meta name=\"twitter:creator\" content=\"@portalurbanook\" \/>\n<meta name=\"twitter:site\" content=\"@portalurbanook\" \/>\n<meta name=\"twitter:label1\" content=\"Escrito por\" \/>\n\t<meta name=\"twitter:data1\" content=\"admpu17wp\" \/>\n\t<meta name=\"twitter:label2\" content=\"Tiempo de lectura\" \/>\n\t<meta name=\"twitter:data2\" content=\"1 minuto\" \/>\n<script type=\"application\/ld+json\" class=\"yoast-schema-graph\">{\"@context\":\"https:\/\/schema.org\",\"@graph\":[{\"@type\":\"Article\",\"@id\":\"https:\/\/experienciadevida.com.ar\/portalurbano\/nuevos-horarios-en-el-transporte-de-pasajeros\/#article\",\"isPartOf\":{\"@id\":\"https:\/\/experienciadevida.com.ar\/portalurbano\/nuevos-horarios-en-el-transporte-de-pasajeros\/\"},\"author\":{\"name\":\"admpu17wp\",\"@id\":\"https:\/\/experienciadevida.com.ar\/portalurbano\/#\/schema\/person\/02dd326b1c4b056e9cc972486934a3a7\"},\"headline\":\"Nuevos horarios en el transporte de pasajeros\",\"datePublished\":\"2020-07-22T14:09:37+00:00\",\"dateModified\":\"2020-07-22T14:10:07+00:00\",\"mainEntityOfPage\":{\"@id\":\"https:\/\/experienciadevida.com.ar\/portalurbano\/nuevos-horarios-en-el-transporte-de-pasajeros\/\"},\"wordCount\":299,\"publisher\":{\"@id\":\"https:\/\/experienciadevida.com.ar\/portalurbano\/#organization\"},\"articleSection\":[\"Ciudad\",\"Destacadas\"],\"inLanguage\":\"es\"},{\"@type\":\"WebPage\",\"@id\":\"https:\/\/experienciadevida.com.ar\/portalurbano\/nuevos-horarios-en-el-transporte-de-pasajeros\/\",\"url\":\"https:\/\/experienciadevida.com.ar\/portalurbano\/nuevos-horarios-en-el-transporte-de-pasajeros\/\",\"name\":\"Nuevos horarios en el transporte de pasajeros -\",\"isPartOf\":{\"@id\":\"https:\/\/experienciadevida.com.ar\/portalurbano\/#website\"},\"datePublished\":\"2020-07-22T14:09:37+00:00\",\"dateModified\":\"2020-07-22T14:10:07+00:00\",\"breadcrumb\":{\"@id\":\"https:\/\/experienciadevida.com.ar\/portalurbano\/nuevos-horarios-en-el-transporte-de-pasajeros\/#breadcrumb\"},\"inLanguage\":\"es\",\"potentialAction\":[{\"@type\":\"ReadAction\",\"target\":[\"https:\/\/experienciadevida.com.ar\/portalurbano\/nuevos-horarios-en-el-transporte-de-pasajeros\/\"]}]},{\"@type\":\"BreadcrumbList\",\"@id\":\"https:\/\/experienciadevida.com.ar\/portalurbano\/nuevos-horarios-en-el-transporte-de-pasajeros\/#breadcrumb\",\"itemListElement\":[{\"@type\":\"ListItem\",\"position\":1,\"name\":\"Portada\",\"item\":\"https:\/\/experienciadevida.com.ar\/portalurbano\/\"},{\"@type\":\"ListItem\",\"position\":2,\"name\":\"Nuevos horarios en el transporte de pasajeros\"}]},{\"@type\":\"WebSite\",\"@id\":\"https:\/\/experienciadevida.com.ar\/portalurbano\/#website\",\"url\":\"https:\/\/experienciadevida.com.ar\/portalurbano\/\",\"name\":\"\",\"description\":\"\",\"publisher\":{\"@id\":\"https:\/\/experienciadevida.com.ar\/portalurbano\/#organization\"},\"potentialAction\":[{\"@type\":\"SearchAction\",\"target\":{\"@type\":\"EntryPoint\",\"urlTemplate\":\"https:\/\/experienciadevida.com.ar\/portalurbano\/?s={search_term_string}\"},\"query-input\":\"required name=search_term_string\"}],\"inLanguage\":\"es\"},{\"@type\":\"Organization\",\"@id\":\"https:\/\/experienciadevida.com.ar\/portalurbano\/#organization\",\"name\":\"Portal Urbano\",\"url\":\"https:\/\/experienciadevida.com.ar\/portalurbano\/\",\"logo\":{\"@type\":\"ImageObject\",\"inLanguage\":\"es\",\"@id\":\"https:\/\/experienciadevida.com.ar\/portalurbano\/#\/schema\/logo\/image\/\",\"url\":\"https:\/\/experienciadevida.com.ar\/portalurbano\/wp-content\/uploads\/2019\/09\/Logo-Original.png\",\"contentUrl\":\"https:\/\/experienciadevida.com.ar\/portalurbano\/wp-content\/uploads\/2019\/09\/Logo-Original.png\",\"width\":2236,\"height\":1216,\"caption\":\"Portal Urbano\"},\"image\":{\"@id\":\"https:\/\/experienciadevida.com.ar\/portalurbano\/#\/schema\/logo\/image\/\"},\"sameAs\":[\"https:\/\/www.facebook.com\/Portal-Urbano-171542830093757\/\",\"https:\/\/twitter.com\/portalurbanook\",\"https:\/\/www.instagram.com\/_portalurbano\/\",\"https:\/\/www.youtube.com\/channel\/UCXhagIfszH8KxFiOok79zbA?view_as=subscriber\"]},{\"@type\":\"Person\",\"@id\":\"https:\/\/experienciadevida.com.ar\/portalurbano\/#\/schema\/person\/02dd326b1c4b056e9cc972486934a3a7\",\"name\":\"admpu17wp\",\"image\":{\"@type\":\"ImageObject\",\"inLanguage\":\"es\",\"@id\":\"https:\/\/experienciadevida.com.ar\/portalurbano\/#\/schema\/person\/image\/\",\"url\":\"https:\/\/secure.gravatar.com\/avatar\/830d4c57adaae6630765e449a6908047?s=96&d=mm&r=g\",\"contentUrl\":\"https:\/\/secure.gravatar.com\/avatar\/830d4c57adaae6630765e449a6908047?s=96&d=mm&r=g\",\"caption\":\"admpu17wp\"}}]}<\/script>\n<!-- \/ Yoast SEO plugin. -->","yoast_head_json":{"title":"Nuevos horarios en el transporte de pasajeros -","robots":{"index":"index","follow":"follow","max-snippet":"max-snippet:-1","max-image-preview":"max-image-preview:large","max-video-preview":"max-video-preview:-1"},"canonical":"https:\/\/experienciadevida.com.ar\/portalurbano\/nuevos-horarios-en-el-transporte-de-pasajeros\/","og_locale":"es_ES","og_type":"article","og_title":"Nuevos horarios en el transporte de pasajeros -","og_description":"La Municipalidad del Partido de Olavarr\u00eda resolvi\u00f3, en el marco de las medidas adoptadas por...","og_url":"https:\/\/experienciadevida.com.ar\/portalurbano\/nuevos-horarios-en-el-transporte-de-pasajeros\/","article_publisher":"https:\/\/www.facebook.com\/Portal-Urbano-171542830093757\/","article_published_time":"2020-07-22T14:09:37+00:00","article_modified_time":"2020-07-22T14:10:07+00:00","og_image":[{"width":765,"height":574,"url":"https:\/\/experienciadevida.com.ar\/portalurbano\/wp-content\/uploads\/2020\/07\/COLECTIVOS-e1595426955675.jpeg","type":"image\/jpeg"}],"author":"admpu17wp","twitter_card":"summary_large_image","twitter_creator":"@portalurbanook","twitter_site":"@portalurbanook","twitter_misc":{"Escrito por":"admpu17wp","Tiempo de lectura":"1 minuto"},"schema":{"@context":"https:\/\/schema.org","@graph":[{"@type":"Article","@id":"https:\/\/experienciadevida.com.ar\/portalurbano\/nuevos-horarios-en-el-transporte-de-pasajeros\/#article","isPartOf":{"@id":"https:\/\/experienciadevida.com.ar\/portalurbano\/nuevos-horarios-en-el-transporte-de-pasajeros\/"},"author":{"name":"admpu17wp","@id":"https:\/\/experienciadevida.com.ar\/portalurbano\/#\/schema\/person\/02dd326b1c4b056e9cc972486934a3a7"},"headline":"Nuevos horarios en el transporte de pasajeros","datePublished":"2020-07-22T14:09:37+00:00","dateModified":"2020-07-22T14:10:07+00:00","mainEntityOfPage":{"@id":"https:\/\/experienciadevida.com.ar\/portalurbano\/nuevos-horarios-en-el-transporte-de-pasajeros\/"},"wordCount":299,"publisher":{"@id":"https:\/\/experienciadevida.com.ar\/portalurbano\/#organization"},"articleSection":["Ciudad","Destacadas"],"inLanguage":"es"},{"@type":"WebPage","@id":"https:\/\/experienciadevida.com.ar\/portalurbano\/nuevos-horarios-en-el-transporte-de-pasajeros\/","url":"https:\/\/experienciadevida.com.ar\/portalurbano\/nuevos-horarios-en-el-transporte-de-pasajeros\/","name":"Nuevos horarios en el transporte de pasajeros -","isPartOf":{"@id":"https:\/\/experienciadevida.com.ar\/portalurbano\/#website"},"datePublished":"2020-07-22T14:09:37+00:00","dateModified":"2020-07-22T14:10:07+00:00","breadcrumb":{"@id":"https:\/\/experienciadevida.com.ar\/portalurbano\/nuevos-horarios-en-el-transporte-de-pasajeros\/#breadcrumb"},"inLanguage":"es","potentialAction":[{"@type":"ReadAction","target":["https:\/\/experienciadevida.com.ar\/portalurbano\/nuevos-horarios-en-el-transporte-de-pasajeros\/"]}]},{"@type":"BreadcrumbList","@id":"https:\/\/experienciadevida.com.ar\/portalurbano\/nuevos-horarios-en-el-transporte-de-pasajeros\/#breadcrumb","itemListElement":[{"@type":"ListItem","position":1,"name":"Portada","item":"https:\/\/experienciadevida.com.ar\/portalurbano\/"},{"@type":"ListItem","position":2,"name":"Nuevos horarios en el transporte de pasajeros"}]},{"@type":"WebSite","@id":"https:\/\/experienciadevida.com.ar\/portalurbano\/#website","url":"https:\/\/experienciadevida.com.ar\/portalurbano\/","name":"","description":"","publisher":{"@id":"https:\/\/experienciadevida.com.ar\/portalurbano\/#organization"},"potentialAction":[{"@type":"SearchAction","target":{"@type":"EntryPoint","urlTemplate":"https:\/\/experienciadevida.com.ar\/portalurbano\/?s={search_term_string}"},"query-input":"required name=search_term_string"}],"inLanguage":"es"},{"@type":"Organization","@id":"https:\/\/experienciadevida.com.ar\/portalurbano\/#organization","name":"Portal Urbano","url":"https:\/\/experienciadevida.com.ar\/portalurbano\/","logo":{"@type":"ImageObject","inLanguage":"es","@id":"https:\/\/experienciadevida.com.ar\/portalurbano\/#\/schema\/logo\/image\/","url":"https:\/\/experienciadevida.com.ar\/portalurbano\/wp-content\/uploads\/2019\/09\/Logo-Original.png","contentUrl":"https:\/\/experienciadevida.com.ar\/portalurbano\/wp-content\/uploads\/2019\/09\/Logo-Original.png","width":2236,"height":1216,"caption":"Portal Urbano"},"image":{"@id":"https:\/\/experienciadevida.com.ar\/portalurbano\/#\/schema\/logo\/image\/"},"sameAs":["https:\/\/www.facebook.com\/Portal-Urbano-171542830093757\/","https:\/\/twitter.com\/portalurbanook","https:\/\/www.instagram.com\/_portalurbano\/","https:\/\/www.youtube.com\/channel\/UCXhagIfszH8KxFiOok79zbA?view_as=subscriber"]},{"@type":"Person","@id":"https:\/\/experienciadevida.com.ar\/portalurbano\/#\/schema\/person\/02dd326b1c4b056e9cc972486934a3a7","name":"admpu17wp","image":{"@type":"ImageObject","inLanguage":"es","@id":"https:\/\/experienciadevida.com.ar\/portalurbano\/#\/schema\/person\/image\/","url":"https:\/\/secure.gravatar.com\/avatar\/830d4c57adaae6630765e449a6908047?s=96&d=mm&r=g","contentUrl":"https:\/\/secure.gravatar.com\/avatar\/830d4c57adaae6630765e449a6908047?s=96&d=mm&r=g","caption":"admpu17wp"}}]}},"featured_image_urls":{"full":["https:\/\/experienciadevida.com.ar\/portalurbano\/wp-content\/uploads\/2020\/07\/COLECTIVOS-e1595426955675.jpeg",765,574,false],"thumbnail":["https:\/\/experienciadevida.com.ar\/portalurbano\/wp-content\/uploads\/2020\/07\/COLECTIVOS-150x150.jpeg",150,150,true],"medium":["https:\/\/experienciadevida.com.ar\/portalurbano\/wp-content\/uploads\/2020\/07\/COLECTIVOS-300x225.jpeg",300,225,true],"medium_large":["https:\/\/experienciadevida.com.ar\/portalurbano\/wp-content\/uploads\/2020\/07\/COLECTIVOS-768x576.jpeg",640,480,true],"large":["https:\/\/experienciadevida.com.ar\/portalurbano\/wp-content\/uploads\/2020\/07\/COLECTIVOS-e1595426955675.jpeg",640,480,false],"ug_big":["https:\/\/experienciadevida.com.ar\/portalurbano\/wp-content\/uploads\/2020\/07\/COLECTIVOS-768x576.jpeg",768,576,true],"1536x1536":["https:\/\/experienciadevida.com.ar\/portalurbano\/wp-content\/uploads\/2020\/07\/COLECTIVOS-e1595426955675.jpeg",765,574,false],"2048x2048":["https:\/\/experienciadevida.com.ar\/portalurbano\/wp-content\/uploads\/2020\/07\/COLECTIVOS-e1595426955675.jpeg",765,574,false],"newsever-slider-full":["https:\/\/experienciadevida.com.ar\/portalurbano\/wp-content\/uploads\/2020\/07\/COLECTIVOS-e1595426955675.jpeg",765,574,false],"newsever-featured":["https:\/\/experienciadevida.com.ar\/portalurbano\/wp-content\/uploads\/2020\/07\/COLECTIVOS-e1595426955675.jpeg",765,574,false],"newsever-medium":["https:\/\/experienciadevida.com.ar\/portalurbano\/wp-content\/uploads\/2020\/07\/COLECTIVOS-e1595426955675.jpeg",633,475,false],"web-stories-poster-portrait":["https:\/\/experienciadevida.com.ar\/portalurbano\/wp-content\/uploads\/2020\/07\/COLECTIVOS-e1595426955675.jpeg",640,480,false],"web-stories-publisher-logo":["https:\/\/experienciadevida.com.ar\/portalurbano\/wp-content\/uploads\/2020\/07\/COLECTIVOS-e1595426955675.jpeg",96,72,false],"web-stories-thumbnail":["https:\/\/experienciadevida.com.ar\/portalurbano\/wp-content\/uploads\/2020\/07\/COLECTIVOS-e1595426955675.jpeg",150,113,false]},"author_info":{"display_name":"admpu17wp","author_link":"https:\/\/experienciadevida.com.ar\/portalurbano\/author\/admpu17wp\/"},"category_info":"<a href=\"https:\/\/experienciadevida.com.ar\/portalurbano\/category\/ciudad\/\" rel=\"category tag\">Ciudad<\/a> <a href=\"https:\/\/experienciadevida.com.ar\/portalurbano\/category\/destacadas\/\" rel=\"category tag\">Destacadas<\/a>","tag_info":"Destacadas","comment_count":"0","amp_enabled":true,"_links":{"self":[{"href":"https:\/\/experienciadevida.com.ar\/portalurbano\/wp-json\/wp\/v2\/posts\/115634"}],"collection":[{"href":"https:\/\/experienciadevida.com.ar\/portalurbano\/wp-json\/wp\/v2\/posts"}],"about":[{"href":"https:\/\/experienciadevida.com.ar\/portalurbano\/wp-json\/wp\/v2\/types\/post"}],"author":[{"embeddable":true,"href":"https:\/\/experienciadevida.com.ar\/portalurbano\/wp-json\/wp\/v2\/users\/1"}],"replies":[{"embeddable":true,"href":"https:\/\/experienciadevida.com.ar\/portalurbano\/wp-json\/wp\/v2\/comments?post=115634"}],"version-history":[{"count":1,"href":"https:\/\/experienciadevida.com.ar\/portalurbano\/wp-json\/wp\/v2\/posts\/115634\/revisions"}],"predecessor-version":[{"id":115636,"href":"https:\/\/experienciadevida.com.ar\/portalurbano\/wp-json\/wp\/v2\/posts\/115634\/revisions\/115636"}],"wp:featuredmedia":[{"embeddable":true,"href":"https:\/\/experienciadevida.com.ar\/portalurbano\/wp-json\/wp\/v2\/media\/115635"}],"wp:attachment":[{"href":"https:\/\/experienciadevida.com.ar\/portalurbano\/wp-json\/wp\/v2\/media?parent=115634"}],"wp:term":[{"taxonomy":"category","embeddable":true,"href":"https:\/\/experienciadevida.com.ar\/portalurbano\/wp-json\/wp\/v2\/categories?post=115634"},{"taxonomy":"post_tag","embeddable":true,"href":"https:\/\/experienciadevida.com.ar\/portalurbano\/wp-json\/wp\/v2\/tags?post=115634"}],"curies":[{"name":"wp","href":"https:\/\/api.w.org\/{rel}","templated":true}]}}