{"id":115605,"date":"2020-07-21T20:47:43","date_gmt":"2020-07-21T23:47:43","guid":{"rendered":"https:\/\/experienciadevida.com.ar\/portalurbano\/?p=115605"},"modified":"2020-07-21T20:47:43","modified_gmt":"2020-07-21T23:47:43","slug":"orduna-la-vacuna-puede-estar-disponible-para-marzo-o-abril-en-argentina","status":"publish","type":"post","link":"https:\/\/experienciadevida.com.ar\/portalurbano\/orduna-la-vacuna-puede-estar-disponible-para-marzo-o-abril-en-argentina\/","title":{"rendered":"Orduna: &#8220;La vacuna puede estar disponible para marzo o abril en Argentina&#8221;"},"content":{"rendered":"<p><strong>El intect\u00f3logo que integra el grupo de asesores del presidente Fern\u00e1ndez afirm\u00f3 a T\u00e9lam que los primeros en recibir la vacuna ser\u00e1n &#8220;los grupos de riesgo y el personal de salud, luego se dar\u00e1 al resto de la poblaci\u00f3n&#8221;.<\/strong><\/p>\n<hr \/>\n<p>La vacuna que el laboratorio Pfizer desarrolla con voluntarios argentinos en el pa\u00eds apunta a tener sus primeras respuestas &#8220;en diciembre, cuando sea el oto\u00f1o europeo, donde se espera una segunda ola del coronavirus&#8221;, y puede estar disponible &#8220;para marzo o abril&#8221; del 2021, dijo este martes el infect\u00f3logo Tom\u00e1s Orduna, integrante del grupo de asesores del presidente Alberto Fern\u00e1ndez.<\/p>\n<p>&#8220;Esta vacuna comenz\u00f3 a dise\u00f1arse en febrero,\u00a0<strong>normalmente los procesos de elaboraci\u00f3n en sus distintas fases tardan m\u00e1s de un a\u00f1o<\/strong>, pero se aceleraron todos los pasos porque este virus puso en jaque al mundo&#8221;, explic\u00f3 Orduna a T\u00e9lam.<\/p>\n<p>Actualmente,\u00a0<strong>al menos 130 proyectos buscan elaborar una vacuna<\/strong>\u00a0contra el virus Sars CoV-2, de los cuales\u00a0<strong>dos son iniciativas de cient\u00edficos argentinos apoyados por el Conicet, una de la Universidad de San Mart\u00edn y otra de la Universidad del Litoral<\/strong>, aunque ambas est\u00e1n en una fase incipiente de elaboraci\u00f3n.<br \/>\nLa Universidad de Buenos Aires tambi\u00e9n trabaja en una vacuna junto a su par de Wisconsin (EEUU), la cual est\u00e1 en una fase precl\u00ednica, con estudios en animales.<\/p>\n<p><strong>Los proyectos m\u00e1s avanzados<\/strong>\u00a0corresponden a los de la\u00a0<strong>Universidad de Oxford de Inglaterra<\/strong>, en asociaci\u00f3n con el laboratorio Astra-Zeneca;\u00a0<strong>el laboratorio Pfizer en conjunto con BionTech<\/strong>, que esta en Fase 3, y con voluntarios argentinos en la que se busca comparar la dosis contra placebo; y la de\u00a0<strong>Moderna, de los Estados Unidos<\/strong>, cuyos primeros resultados podr\u00edan estar para diciembre pr\u00f3ximo.<\/p>\n<p>&#8220;Los que participen de la vacuna de Pfizer no son soldados voluntarios, sino que est\u00e1 abierta a todos y van a ser\u00a0<strong>entre cinco y seis mil personas<\/strong>. Es una gran posibilidad de colaborar con el mundo para su desarrollo, y nos dar\u00e1 alguna posibilidad de acceder m\u00e1s prontamente a la vacuna&#8221;, precis\u00f3 el infect\u00f3logo en di\u00e1logo con T\u00e9lam.<br \/>\nPfizer desarrolla su vacuna principalmente en Estados Unidos y en una minor\u00eda en Alemania y en Argentina. Aqu\u00ed ser\u00e1\u00a0<strong>el Hospital Militar Central el que pondr\u00e1 su estructura edilicia\u00a0<\/strong>para realizar las pruebas.<\/p>\n<p>&#8220;Si esta pandemia no genera un cambio en el abordaje sobre accesibilidad que tenemos hoy en el mundo, m\u00e1s all\u00e1 de que cada laboratorio invierta miles de d\u00f3lares, no habremos aprendido absolutamente nada.\u00a0<strong>Esperemos que la OMS y la OPS puedan intervenir para generar una reserva de vacunas y lograr precios accesibles<\/strong>&#8220;, destac\u00f3.<\/p>\n<p>La Universidad de Oxford y el laboratorio Astra Zeneca anunciaron ayer los resultados preliminares de la vacuna en fase 1 y 2 mostraron que fue tolerada y gener\u00f3 respuestas inmunes s\u00f3lidas contra el virus SARS-CoV-2 en los 1077 participantes evaluados.<\/p>\n<p><strong>La carrera de los laboratorios para llegar antes a la vacuna, m\u00e1s all\u00e1 del logro cient\u00edfico para beneficio de la humanidad, tiene que ver con cuestiones econ\u00f3micas, ya que quien saca la patente despu\u00e9s cobra por ella<\/strong>\u201d<\/p>\n<p>Ordun afirm\u00f3 que si bien, en un per\u00edodo normal, la elaboraci\u00f3n de una vacuna &#8220;tarda m\u00e1s de un a\u00f1o&#8221;, el hecho de que se hayan acelerado los tiempos &#8220;no implica que las vacunas sean menos seguras&#8221; ya que &#8220;se constituyen comit\u00e9s de monitoreo que controlan posibles efectos adversos&#8221;. El infect\u00f3logo agreg\u00f3 que\u00a0<strong>estos comit\u00e9s &#8220;son independientes de quienes elaboran la vacuna&#8221;<\/strong>.<\/p>\n<p>Luego precis\u00f3 que en medio de las fases &#8220;se hacen cortes para ir viendo el grado de seguridad en seres humanos\u00a0<strong>hasta pasar a la Fase 4, que es de comercializaci\u00f3n<\/strong>, pero inclusive en esta fase se han retirado del mercado productos ya aprobados porque se descubri\u00f3 que ten\u00edan alg\u00fan efecto adverso&#8221;.<\/p>\n<p>Orduna indic\u00f3 que\u00a0<strong>las vacunas que &#8220;pican en punta son las de Oxford, Pfizer y Moderna, pero tambi\u00e9n est\u00e1n avanzadas las de China y Rusia<\/strong>. Puede haber hasta dos vacunas distintas de dos laboratorios&#8221;, advirti\u00f3.<\/p>\n<p>&#8220;Creemos que\u00a0<strong>como en el hemisferio norte en diciembre es invierno, estar\u00e1n listas para esa fecha<\/strong>, y en la Argentina llegar\u00e1n para marzo o abril, pero habr\u00e1 que producirla a una escala muy alta&#8221;, precis\u00f3.<\/p>\n<p>El infect\u00f3logo explic\u00f3 que\u00a0<strong>la vacuna de Pfizer &#8220;trabaja con un virus muerto que se inyecta al organismo<\/strong>, cubre la corona del Sars Cov-2 y forma espinas ficticias, lo que permite a los anticuerpos combatirlas mejor&#8221;, y destac\u00f3 que los\u00a0<strong>primeros que van a recibirla &#8220;son los grupos de riesgo y el personal de salud<\/strong>, luego se dar\u00e1 al resto de la poblaci\u00f3n&#8221;.<\/p>\n<p>A\u00f1adi\u00f3 que ahora &#8220;hay que ver a Europa c\u00f3mo le va en su oto\u00f1o, en el per\u00edodo septiembre- diciembre, donde algunos aseguran que\u00a0<strong>esperan una segunda ola del virus<\/strong>. Por lo pronto, en Espa\u00f1a ya hay otros 70 focos cr\u00edticos en donde se analiza volver al aislamiento. Hasta que no salga la vacuna vamos a tener que acostumbrarnos a cambiar fases de aislamiento seguido&#8221;, advirti\u00f3.<\/p>\n<p>El Sars Cov-2 es uno de los tantos coronavirus que ya han causado otras epidemias sen el mundo.<br \/>\n<strong>El primero de ellos, denominado Sars Cov-1 surgi\u00f3 en el 2003 en el sudeste asi\u00e1tico<\/strong>; m\u00e1s espec\u00edficamente en la provincia china de Cant\u00f3n. Desde su surgimiento hasta agosto de 2003, el virus hab\u00eda infectado 8422 personas en 30 pa\u00edses y causado 916 muertes.<\/p>\n<p>&#8220;Para este primer virus SARS se hab\u00edan iniciado estudios para una vacuna, pero luego\u00a0<strong>se extingui\u00f3 solo<\/strong>&#8220;, dijo Orduna, y a\u00f1adi\u00f3 que &#8220;<strong>m\u00e1s tarde vino el coronavirus Mers<\/strong>\u00a0que se focaliz\u00f3 en los pa\u00edses de Medio Oriente, y como no escal\u00f3 a nivel mundial tampoco se elaboraron vacunas&#8221;.<\/p>\n<p>Orduna asegur\u00f3 que\u00a0<strong>el SarS CoV-2 es muy distinto<\/strong>\u00a0a los anteriores porque &#8220;se expandi\u00f3, ya afect\u00f3 a m\u00e1s de 14 millones de personas y produjo unas 600.000 muertes.\u00a0<strong>No se extingui\u00f3 ni se focaliz\u00f3<\/strong>, y termin\u00f3 condicionando la vida de la humanidad&#8221;, concluy\u00f3 el infect\u00f3logo argentino.<\/p>\n<p>&nbsp;<\/p>\n","protected":false},"excerpt":{"rendered":"<p>El intect\u00f3logo que integra el grupo de asesores del presidente Fern\u00e1ndez afirm\u00f3 a T\u00e9lam que&#8230;<\/p>\n","protected":false},"author":1,"featured_media":115606,"comment_status":"closed","ping_status":"closed","sticky":false,"template":"","format":"standard","meta":{"content-type":""},"categories":[39],"tags":[],"nelio_content":{"isAutoShareEnabled":false,"autoShareEndMode":"default","automationSources":{"useContentSentences":true,"useSocialTemplates":true,"useCustomSentences":false,"customSentences":[]},"followers":[1],"suggestedReferences":[],"includedReferences":[],"efiUrl":"","efiAlt":"","highlights":[]},"yoast_head":"<!-- This site is optimized with the Yoast SEO plugin v20.7 - https:\/\/yoast.com\/wordpress\/plugins\/seo\/ -->\n<title>Orduna: &quot;La vacuna puede estar disponible para marzo o abril en Argentina&quot; -<\/title>\n<meta name=\"robots\" content=\"index, follow, max-snippet:-1, max-image-preview:large, max-video-preview:-1\" \/>\n<link rel=\"canonical\" href=\"https:\/\/experienciadevida.com.ar\/portalurbano\/orduna-la-vacuna-puede-estar-disponible-para-marzo-o-abril-en-argentina\/\" \/>\n<meta property=\"og:locale\" content=\"es_ES\" \/>\n<meta property=\"og:type\" content=\"article\" \/>\n<meta property=\"og:title\" content=\"Orduna: &quot;La vacuna puede estar disponible para marzo o abril en Argentina&quot; -\" \/>\n<meta property=\"og:description\" content=\"El intect\u00f3logo que integra el grupo de asesores del presidente Fern\u00e1ndez afirm\u00f3 a T\u00e9lam que...\" \/>\n<meta property=\"og:url\" content=\"https:\/\/experienciadevida.com.ar\/portalurbano\/orduna-la-vacuna-puede-estar-disponible-para-marzo-o-abril-en-argentina\/\" \/>\n<meta property=\"article:publisher\" content=\"https:\/\/www.facebook.com\/Portal-Urbano-171542830093757\/\" \/>\n<meta property=\"article:published_time\" content=\"2020-07-21T23:47:43+00:00\" \/>\n<meta property=\"og:image\" content=\"https:\/\/experienciadevida.com.ar\/portalurbano\/wp-content\/uploads\/2020\/07\/5f174a825a888_1004x565-e1595375209829.jpg\" \/>\n\t<meta property=\"og:image:width\" content=\"750\" \/>\n\t<meta property=\"og:image:height\" content=\"422\" \/>\n\t<meta property=\"og:image:type\" content=\"image\/jpeg\" \/>\n<meta name=\"author\" content=\"admpu17wp\" \/>\n<meta name=\"twitter:card\" content=\"summary_large_image\" \/>\n<meta name=\"twitter:creator\" content=\"@portalurbanook\" \/>\n<meta name=\"twitter:site\" content=\"@portalurbanook\" \/>\n<meta name=\"twitter:label1\" content=\"Escrito por\" \/>\n\t<meta name=\"twitter:data1\" content=\"admpu17wp\" \/>\n\t<meta name=\"twitter:label2\" content=\"Tiempo de lectura\" \/>\n\t<meta name=\"twitter:data2\" content=\"5 minutos\" \/>\n<script type=\"application\/ld+json\" class=\"yoast-schema-graph\">{\"@context\":\"https:\/\/schema.org\",\"@graph\":[{\"@type\":\"Article\",\"@id\":\"https:\/\/experienciadevida.com.ar\/portalurbano\/orduna-la-vacuna-puede-estar-disponible-para-marzo-o-abril-en-argentina\/#article\",\"isPartOf\":{\"@id\":\"https:\/\/experienciadevida.com.ar\/portalurbano\/orduna-la-vacuna-puede-estar-disponible-para-marzo-o-abril-en-argentina\/\"},\"author\":{\"name\":\"admpu17wp\",\"@id\":\"https:\/\/experienciadevida.com.ar\/portalurbano\/#\/schema\/person\/02dd326b1c4b056e9cc972486934a3a7\"},\"headline\":\"Orduna: &#8220;La vacuna puede estar disponible para marzo o abril en Argentina&#8221;\",\"datePublished\":\"2020-07-21T23:47:43+00:00\",\"dateModified\":\"2020-07-21T23:47:43+00:00\",\"mainEntityOfPage\":{\"@id\":\"https:\/\/experienciadevida.com.ar\/portalurbano\/orduna-la-vacuna-puede-estar-disponible-para-marzo-o-abril-en-argentina\/\"},\"wordCount\":1036,\"publisher\":{\"@id\":\"https:\/\/experienciadevida.com.ar\/portalurbano\/#organization\"},\"articleSection\":[\"Naci\u00f3n\"],\"inLanguage\":\"es\"},{\"@type\":\"WebPage\",\"@id\":\"https:\/\/experienciadevida.com.ar\/portalurbano\/orduna-la-vacuna-puede-estar-disponible-para-marzo-o-abril-en-argentina\/\",\"url\":\"https:\/\/experienciadevida.com.ar\/portalurbano\/orduna-la-vacuna-puede-estar-disponible-para-marzo-o-abril-en-argentina\/\",\"name\":\"Orduna: \\\"La vacuna puede estar disponible para marzo o abril en Argentina\\\" -\",\"isPartOf\":{\"@id\":\"https:\/\/experienciadevida.com.ar\/portalurbano\/#website\"},\"datePublished\":\"2020-07-21T23:47:43+00:00\",\"dateModified\":\"2020-07-21T23:47:43+00:00\",\"breadcrumb\":{\"@id\":\"https:\/\/experienciadevida.com.ar\/portalurbano\/orduna-la-vacuna-puede-estar-disponible-para-marzo-o-abril-en-argentina\/#breadcrumb\"},\"inLanguage\":\"es\",\"potentialAction\":[{\"@type\":\"ReadAction\",\"target\":[\"https:\/\/experienciadevida.com.ar\/portalurbano\/orduna-la-vacuna-puede-estar-disponible-para-marzo-o-abril-en-argentina\/\"]}]},{\"@type\":\"BreadcrumbList\",\"@id\":\"https:\/\/experienciadevida.com.ar\/portalurbano\/orduna-la-vacuna-puede-estar-disponible-para-marzo-o-abril-en-argentina\/#breadcrumb\",\"itemListElement\":[{\"@type\":\"ListItem\",\"position\":1,\"name\":\"Portada\",\"item\":\"https:\/\/experienciadevida.com.ar\/portalurbano\/\"},{\"@type\":\"ListItem\",\"position\":2,\"name\":\"Orduna: \u00abLa vacuna puede estar disponible para marzo o abril en Argentina\u00bb\"}]},{\"@type\":\"WebSite\",\"@id\":\"https:\/\/experienciadevida.com.ar\/portalurbano\/#website\",\"url\":\"https:\/\/experienciadevida.com.ar\/portalurbano\/\",\"name\":\"\",\"description\":\"\",\"publisher\":{\"@id\":\"https:\/\/experienciadevida.com.ar\/portalurbano\/#organization\"},\"potentialAction\":[{\"@type\":\"SearchAction\",\"target\":{\"@type\":\"EntryPoint\",\"urlTemplate\":\"https:\/\/experienciadevida.com.ar\/portalurbano\/?s={search_term_string}\"},\"query-input\":\"required name=search_term_string\"}],\"inLanguage\":\"es\"},{\"@type\":\"Organization\",\"@id\":\"https:\/\/experienciadevida.com.ar\/portalurbano\/#organization\",\"name\":\"Portal Urbano\",\"url\":\"https:\/\/experienciadevida.com.ar\/portalurbano\/\",\"logo\":{\"@type\":\"ImageObject\",\"inLanguage\":\"es\",\"@id\":\"https:\/\/experienciadevida.com.ar\/portalurbano\/#\/schema\/logo\/image\/\",\"url\":\"https:\/\/experienciadevida.com.ar\/portalurbano\/wp-content\/uploads\/2019\/09\/Logo-Original.png\",\"contentUrl\":\"https:\/\/experienciadevida.com.ar\/portalurbano\/wp-content\/uploads\/2019\/09\/Logo-Original.png\",\"width\":2236,\"height\":1216,\"caption\":\"Portal Urbano\"},\"image\":{\"@id\":\"https:\/\/experienciadevida.com.ar\/portalurbano\/#\/schema\/logo\/image\/\"},\"sameAs\":[\"https:\/\/www.facebook.com\/Portal-Urbano-171542830093757\/\",\"https:\/\/twitter.com\/portalurbanook\",\"https:\/\/www.instagram.com\/_portalurbano\/\",\"https:\/\/www.youtube.com\/channel\/UCXhagIfszH8KxFiOok79zbA?view_as=subscriber\"]},{\"@type\":\"Person\",\"@id\":\"https:\/\/experienciadevida.com.ar\/portalurbano\/#\/schema\/person\/02dd326b1c4b056e9cc972486934a3a7\",\"name\":\"admpu17wp\",\"image\":{\"@type\":\"ImageObject\",\"inLanguage\":\"es\",\"@id\":\"https:\/\/experienciadevida.com.ar\/portalurbano\/#\/schema\/person\/image\/\",\"url\":\"https:\/\/secure.gravatar.com\/avatar\/830d4c57adaae6630765e449a6908047?s=96&d=mm&r=g\",\"contentUrl\":\"https:\/\/secure.gravatar.com\/avatar\/830d4c57adaae6630765e449a6908047?s=96&d=mm&r=g\",\"caption\":\"admpu17wp\"}}]}<\/script>\n<!-- \/ Yoast SEO plugin. -->","yoast_head_json":{"title":"Orduna: \"La vacuna puede estar disponible para marzo o abril en Argentina\" -","robots":{"index":"index","follow":"follow","max-snippet":"max-snippet:-1","max-image-preview":"max-image-preview:large","max-video-preview":"max-video-preview:-1"},"canonical":"https:\/\/experienciadevida.com.ar\/portalurbano\/orduna-la-vacuna-puede-estar-disponible-para-marzo-o-abril-en-argentina\/","og_locale":"es_ES","og_type":"article","og_title":"Orduna: \"La vacuna puede estar disponible para marzo o abril en Argentina\" -","og_description":"El intect\u00f3logo que integra el grupo de asesores del presidente Fern\u00e1ndez afirm\u00f3 a T\u00e9lam que...","og_url":"https:\/\/experienciadevida.com.ar\/portalurbano\/orduna-la-vacuna-puede-estar-disponible-para-marzo-o-abril-en-argentina\/","article_publisher":"https:\/\/www.facebook.com\/Portal-Urbano-171542830093757\/","article_published_time":"2020-07-21T23:47:43+00:00","og_image":[{"width":750,"height":422,"url":"https:\/\/experienciadevida.com.ar\/portalurbano\/wp-content\/uploads\/2020\/07\/5f174a825a888_1004x565-e1595375209829.jpg","type":"image\/jpeg"}],"author":"admpu17wp","twitter_card":"summary_large_image","twitter_creator":"@portalurbanook","twitter_site":"@portalurbanook","twitter_misc":{"Escrito por":"admpu17wp","Tiempo de lectura":"5 minutos"},"schema":{"@context":"https:\/\/schema.org","@graph":[{"@type":"Article","@id":"https:\/\/experienciadevida.com.ar\/portalurbano\/orduna-la-vacuna-puede-estar-disponible-para-marzo-o-abril-en-argentina\/#article","isPartOf":{"@id":"https:\/\/experienciadevida.com.ar\/portalurbano\/orduna-la-vacuna-puede-estar-disponible-para-marzo-o-abril-en-argentina\/"},"author":{"name":"admpu17wp","@id":"https:\/\/experienciadevida.com.ar\/portalurbano\/#\/schema\/person\/02dd326b1c4b056e9cc972486934a3a7"},"headline":"Orduna: &#8220;La vacuna puede estar disponible para marzo o abril en Argentina&#8221;","datePublished":"2020-07-21T23:47:43+00:00","dateModified":"2020-07-21T23:47:43+00:00","mainEntityOfPage":{"@id":"https:\/\/experienciadevida.com.ar\/portalurbano\/orduna-la-vacuna-puede-estar-disponible-para-marzo-o-abril-en-argentina\/"},"wordCount":1036,"publisher":{"@id":"https:\/\/experienciadevida.com.ar\/portalurbano\/#organization"},"articleSection":["Naci\u00f3n"],"inLanguage":"es"},{"@type":"WebPage","@id":"https:\/\/experienciadevida.com.ar\/portalurbano\/orduna-la-vacuna-puede-estar-disponible-para-marzo-o-abril-en-argentina\/","url":"https:\/\/experienciadevida.com.ar\/portalurbano\/orduna-la-vacuna-puede-estar-disponible-para-marzo-o-abril-en-argentina\/","name":"Orduna: \"La vacuna puede estar disponible para marzo o abril en Argentina\" -","isPartOf":{"@id":"https:\/\/experienciadevida.com.ar\/portalurbano\/#website"},"datePublished":"2020-07-21T23:47:43+00:00","dateModified":"2020-07-21T23:47:43+00:00","breadcrumb":{"@id":"https:\/\/experienciadevida.com.ar\/portalurbano\/orduna-la-vacuna-puede-estar-disponible-para-marzo-o-abril-en-argentina\/#breadcrumb"},"inLanguage":"es","potentialAction":[{"@type":"ReadAction","target":["https:\/\/experienciadevida.com.ar\/portalurbano\/orduna-la-vacuna-puede-estar-disponible-para-marzo-o-abril-en-argentina\/"]}]},{"@type":"BreadcrumbList","@id":"https:\/\/experienciadevida.com.ar\/portalurbano\/orduna-la-vacuna-puede-estar-disponible-para-marzo-o-abril-en-argentina\/#breadcrumb","itemListElement":[{"@type":"ListItem","position":1,"name":"Portada","item":"https:\/\/experienciadevida.com.ar\/portalurbano\/"},{"@type":"ListItem","position":2,"name":"Orduna: \u00abLa vacuna puede estar disponible para marzo o abril en Argentina\u00bb"}]},{"@type":"WebSite","@id":"https:\/\/experienciadevida.com.ar\/portalurbano\/#website","url":"https:\/\/experienciadevida.com.ar\/portalurbano\/","name":"","description":"","publisher":{"@id":"https:\/\/experienciadevida.com.ar\/portalurbano\/#organization"},"potentialAction":[{"@type":"SearchAction","target":{"@type":"EntryPoint","urlTemplate":"https:\/\/experienciadevida.com.ar\/portalurbano\/?s={search_term_string}"},"query-input":"required name=search_term_string"}],"inLanguage":"es"},{"@type":"Organization","@id":"https:\/\/experienciadevida.com.ar\/portalurbano\/#organization","name":"Portal Urbano","url":"https:\/\/experienciadevida.com.ar\/portalurbano\/","logo":{"@type":"ImageObject","inLanguage":"es","@id":"https:\/\/experienciadevida.com.ar\/portalurbano\/#\/schema\/logo\/image\/","url":"https:\/\/experienciadevida.com.ar\/portalurbano\/wp-content\/uploads\/2019\/09\/Logo-Original.png","contentUrl":"https:\/\/experienciadevida.com.ar\/portalurbano\/wp-content\/uploads\/2019\/09\/Logo-Original.png","width":2236,"height":1216,"caption":"Portal Urbano"},"image":{"@id":"https:\/\/experienciadevida.com.ar\/portalurbano\/#\/schema\/logo\/image\/"},"sameAs":["https:\/\/www.facebook.com\/Portal-Urbano-171542830093757\/","https:\/\/twitter.com\/portalurbanook","https:\/\/www.instagram.com\/_portalurbano\/","https:\/\/www.youtube.com\/channel\/UCXhagIfszH8KxFiOok79zbA?view_as=subscriber"]},{"@type":"Person","@id":"https:\/\/experienciadevida.com.ar\/portalurbano\/#\/schema\/person\/02dd326b1c4b056e9cc972486934a3a7","name":"admpu17wp","image":{"@type":"ImageObject","inLanguage":"es","@id":"https:\/\/experienciadevida.com.ar\/portalurbano\/#\/schema\/person\/image\/","url":"https:\/\/secure.gravatar.com\/avatar\/830d4c57adaae6630765e449a6908047?s=96&d=mm&r=g","contentUrl":"https:\/\/secure.gravatar.com\/avatar\/830d4c57adaae6630765e449a6908047?s=96&d=mm&r=g","caption":"admpu17wp"}}]}},"featured_image_urls":{"full":["https:\/\/experienciadevida.com.ar\/portalurbano\/wp-content\/uploads\/2020\/07\/5f174a825a888_1004x565-e1595375209829.jpg",750,422,false],"thumbnail":["https:\/\/experienciadevida.com.ar\/portalurbano\/wp-content\/uploads\/2020\/07\/5f174a825a888_1004x565-150x150.jpg",150,150,true],"medium":["https:\/\/experienciadevida.com.ar\/portalurbano\/wp-content\/uploads\/2020\/07\/5f174a825a888_1004x565-300x169.jpg",300,169,true],"medium_large":["https:\/\/experienciadevida.com.ar\/portalurbano\/wp-content\/uploads\/2020\/07\/5f174a825a888_1004x565-768x432.jpg",640,360,true],"large":["https:\/\/experienciadevida.com.ar\/portalurbano\/wp-content\/uploads\/2020\/07\/5f174a825a888_1004x565-e1595375209829.jpg",640,360,false],"ug_big":["https:\/\/experienciadevida.com.ar\/portalurbano\/wp-content\/uploads\/2020\/07\/5f174a825a888_1004x565-768x432.jpg",768,432,true],"1536x1536":["https:\/\/experienciadevida.com.ar\/portalurbano\/wp-content\/uploads\/2020\/07\/5f174a825a888_1004x565-e1595375209829.jpg",750,422,false],"2048x2048":["https:\/\/experienciadevida.com.ar\/portalurbano\/wp-content\/uploads\/2020\/07\/5f174a825a888_1004x565-e1595375209829.jpg",750,422,false],"newsever-slider-full":["https:\/\/experienciadevida.com.ar\/portalurbano\/wp-content\/uploads\/2020\/07\/5f174a825a888_1004x565-e1595375209829.jpg",750,422,false],"newsever-featured":["https:\/\/experienciadevida.com.ar\/portalurbano\/wp-content\/uploads\/2020\/07\/5f174a825a888_1004x565-e1595375209829.jpg",750,422,false],"newsever-medium":["https:\/\/experienciadevida.com.ar\/portalurbano\/wp-content\/uploads\/2020\/07\/5f174a825a888_1004x565-e1595375209829.jpg",720,405,false],"web-stories-poster-portrait":["https:\/\/experienciadevida.com.ar\/portalurbano\/wp-content\/uploads\/2020\/07\/5f174a825a888_1004x565-e1595375209829.jpg",640,360,false],"web-stories-publisher-logo":["https:\/\/experienciadevida.com.ar\/portalurbano\/wp-content\/uploads\/2020\/07\/5f174a825a888_1004x565-e1595375209829.jpg",96,54,false],"web-stories-thumbnail":["https:\/\/experienciadevida.com.ar\/portalurbano\/wp-content\/uploads\/2020\/07\/5f174a825a888_1004x565-e1595375209829.jpg",150,84,false]},"author_info":{"display_name":"admpu17wp","author_link":"https:\/\/experienciadevida.com.ar\/portalurbano\/author\/admpu17wp\/"},"category_info":"<a href=\"https:\/\/experienciadevida.com.ar\/portalurbano\/category\/nacion\/\" rel=\"category tag\">Naci\u00f3n<\/a>","tag_info":"Naci\u00f3n","comment_count":"0","amp_enabled":true,"_links":{"self":[{"href":"https:\/\/experienciadevida.com.ar\/portalurbano\/wp-json\/wp\/v2\/posts\/115605"}],"collection":[{"href":"https:\/\/experienciadevida.com.ar\/portalurbano\/wp-json\/wp\/v2\/posts"}],"about":[{"href":"https:\/\/experienciadevida.com.ar\/portalurbano\/wp-json\/wp\/v2\/types\/post"}],"author":[{"embeddable":true,"href":"https:\/\/experienciadevida.com.ar\/portalurbano\/wp-json\/wp\/v2\/users\/1"}],"replies":[{"embeddable":true,"href":"https:\/\/experienciadevida.com.ar\/portalurbano\/wp-json\/wp\/v2\/comments?post=115605"}],"version-history":[{"count":1,"href":"https:\/\/experienciadevida.com.ar\/portalurbano\/wp-json\/wp\/v2\/posts\/115605\/revisions"}],"predecessor-version":[{"id":115607,"href":"https:\/\/experienciadevida.com.ar\/portalurbano\/wp-json\/wp\/v2\/posts\/115605\/revisions\/115607"}],"wp:featuredmedia":[{"embeddable":true,"href":"https:\/\/experienciadevida.com.ar\/portalurbano\/wp-json\/wp\/v2\/media\/115606"}],"wp:attachment":[{"href":"https:\/\/experienciadevida.com.ar\/portalurbano\/wp-json\/wp\/v2\/media?parent=115605"}],"wp:term":[{"taxonomy":"category","embeddable":true,"href":"https:\/\/experienciadevida.com.ar\/portalurbano\/wp-json\/wp\/v2\/categories?post=115605"},{"taxonomy":"post_tag","embeddable":true,"href":"https:\/\/experienciadevida.com.ar\/portalurbano\/wp-json\/wp\/v2\/tags?post=115605"}],"curies":[{"name":"wp","href":"https:\/\/api.w.org\/{rel}","templated":true}]}}