{"id":115317,"date":"2020-07-18T14:25:23","date_gmt":"2020-07-18T17:25:23","guid":{"rendered":"https:\/\/experienciadevida.com.ar\/portalurbano\/?p=115317"},"modified":"2020-07-18T14:25:52","modified_gmt":"2020-07-18T17:25:52","slug":"otorrinolaringologos-atender-y-operar-en-plena-pandemia","status":"publish","type":"post","link":"https:\/\/experienciadevida.com.ar\/portalurbano\/otorrinolaringologos-atender-y-operar-en-plena-pandemia\/","title":{"rendered":"Otorrinolaring\u00f3logos: atender y operar en plena pandemia"},"content":{"rendered":"<p>Los otorrinolaring\u00f3logos son uno de los que se vieron en la obligaci\u00f3n de modificar su actividad habitual durante esta inesperada situaci\u00f3n.<\/p>\n<p>El Covid-19 es un virus con alto \u00edndice y rapidez de contagiosidad. Seguimos aprendiendo sobre \u00e9l, produce una enfermedad muy grave, sin nada que lo frene todav\u00eda.<\/p>\n<p>En una extensa entrevista el Dr. Ricardo Bevilaqua\u00a0 Matr\u00edcula 221.400. nos coment\u00f3 sobre la realizaci\u00f3n de implantes cocleares en plena pandemia, as\u00ed como tambi\u00e9n la situaci\u00f3n actual que viven los profesionales.<\/p>\n<p>La consulta m\u00e9dica debe transcurrir con medidas especiales, tanto para el profesional como para el paciente.<\/p>\n<p>El protocolo para poder atender a los pacientes, se elabor\u00f3 siguiendo las normas que recomendaron tanto la OMS como la Sociedad Espa\u00f1ola de otorrinolaringolog\u00eda, que fue la que lo ten\u00eda m\u00e1s protocolizado. Se comunica telef\u00f3nicamente con los pacientes donde se le hace una serie de preguntas y una vez llegados al consultorio deber\u00e1n firmar un consentimiento que dura 15 d\u00edas por si tiene que regresar.<\/p>\n<p>La sala de espera est\u00e1 acondicionada para que las personas tengan la distancia correspondiente de dos metros, y tanto las secretarias como el personal m\u00e9dico cumplen un estricto protocolo de bioseguridad.<\/p>\n<p>El Dr. Bevilaqua explic\u00f3 que trabajar en pandemia \u201c<em>es complicado por varias razones, porque los protocolos tienen costos y produce un entorpecimiento de toda la actividad profesional y de la circulaci\u00f3n de los pacientes. Por otro lado, hay que entender que los pacientes primero est\u00e1n asustados, tienen temor de contagiarse, del profesional y en la sala de espera, por lo cual si uno cumple con las normas y tiene los lugares adecuados se tranquilizan m\u00e1s. Al principio la gente estaba m\u00e1s asustada y ahora concurre porque tarde o temprano los problemas de cada especialidad lo llevan a hacer la consulta\u201d.<\/em><\/p>\n<p><strong>Los profesionales est\u00e1n atendiendo un 30% de los pacientes que atend\u00edan pre pandemia. En los comienzos de la misma la atenci\u00f3n fue nula.<\/strong><\/p>\n<p>Por otro lado dijo \u201c<em>la gente se ha visto alterada, mucho tiempo en aislamiento, entonces tienen temor de contagiarse ya sea en el consultorio o en las cl\u00ednicas. Pero a esta altura, dadas las necesidades de control o de operarse en caso de ser necesario deciden hacerlo igual\u201d.<\/em><\/p>\n<p><strong>Operar en pandemia:<\/strong><\/p>\n<p>Tal como lo ha mencionado en otras oportunidades a este medio, el Doctor Bevilaqua, mencion\u00f3 que el implante coclear es una cirug\u00eda que siempre se hace en un o\u00eddo que est\u00e1 sano de enfermedades, solo que no funciona, entonces para que no ocurran rechazos o infecciones del propio implante es un procedimiento bastante largo con varias pautas y todas se deben cumplir a raja tabla para que no fracase la cirug\u00eda.<\/p>\n<p><em>&#8220;El implante coclear tiene dos etapas, una en la que se hace una intervenci\u00f3n y se coloca un aparato dentro del o\u00eddo interno, un electrodo y se coloca el procesador de ese electrodo que tiene en comunicaci\u00f3n un cable, que colocamos en la coclea el procesador con el im\u00e1n se coloca debajo del cuero cabelludo, entonces toda esa cirug\u00eda que lleva aproximadamente de dos a tres horas se realiza bajo estrictas normas de antisepsia en el quir\u00f3fano. Posteriormente el paciente una vez que cicatriz\u00f3 al mes se debe realizar lo que se llama \u201cel encendido\u201d en el cual se le coloca el procesador externo que se conecta con el interno a trav\u00e9s de un im\u00e1n a trav\u00e9s del cuero cabelludo y con un dispositivo semejante a un aud\u00edfono que va colocado en la oreja del paciente y as\u00ed el paciente vuelve a o\u00edr, esta situaci\u00f3n de encendido se hace un mes despu\u00e9s de la cirug\u00eda y eso no se alter\u00f3 en lo m\u00e1s m\u00ednimo en la pandemia&#8221;.<\/em><\/p>\n<p>Por otro lado expres\u00f3 &#8220;<em>la realizaci\u00f3n del implante en \u00e9poca de pandemia es b\u00e1sicamente id\u00e9ntica a la \u00e9poca previa de coronavirus porque las normas de seguridad por el propio implante ya de por s\u00ed son muy estrictas, no obstante por protecci\u00f3n de los cirujanos y del personal tenemos que utilizar m\u00e1scaras e intensificar todo tipo de seguridad, por protecci\u00f3n del personal porque como es una cirug\u00eda que se utiliza tornos y hay procedimientos en lo cual se salpica agua o puede salpicarse sangre se deben extremar los cuidados, pero como el paciente se le solicita un test de covid tiene que ser negativo y ponerse en cuarentena hasta la cirug\u00eda entonces tenemos un margen de seguridad muy alto de que el paciente\u00a0 no va a estar enfermo, fuera de eso las normas son las mismas de siempre que son bastante estrictas&#8221;.<\/em><\/p>\n<p>&#8220;<em>La recuperaci\u00f3n es r\u00e1pida al otro d\u00eda se puede ir a la casa, con una venda compresiva, el pos-operatorio\u00a0es muy simple y la vida del paciente no se ve alterada para nada&#8221;<\/em>, enfatiz\u00f3.<\/p>\n<p>Por \u00faltimo el Dr. expres\u00f3 <em>\u201chay que cuidarse del virus y cumplir con las normas respecto al distanciamiento y los protocolos de bioseguridad\u201d.\u00a0<\/em><\/p>\n","protected":false},"excerpt":{"rendered":"<p>Los otorrinolaring\u00f3logos son uno de los que se vieron en la obligaci\u00f3n de modificar su&#8230;<\/p>\n","protected":false},"author":1,"featured_media":115321,"comment_status":"closed","ping_status":"closed","sticky":false,"template":"","format":"standard","meta":{"content-type":""},"categories":[51,45],"tags":[],"nelio_content":{"isAutoShareEnabled":false,"autoShareEndMode":"default","automationSources":{"useContentSentences":true,"useSocialTemplates":true,"useCustomSentences":false,"customSentences":[]},"followers":[1],"suggestedReferences":[],"includedReferences":[],"efiUrl":"","efiAlt":"","highlights":[]},"yoast_head":"<!-- This site is optimized with the Yoast SEO plugin v20.7 - https:\/\/yoast.com\/wordpress\/plugins\/seo\/ -->\n<title>Otorrinolaring\u00f3logos: atender y operar en plena pandemia -<\/title>\n<meta name=\"robots\" content=\"index, follow, max-snippet:-1, max-image-preview:large, max-video-preview:-1\" \/>\n<link rel=\"canonical\" href=\"https:\/\/experienciadevida.com.ar\/portalurbano\/otorrinolaringologos-atender-y-operar-en-plena-pandemia\/\" \/>\n<meta property=\"og:locale\" content=\"es_ES\" \/>\n<meta property=\"og:type\" content=\"article\" \/>\n<meta property=\"og:title\" content=\"Otorrinolaring\u00f3logos: atender y operar en plena pandemia -\" \/>\n<meta property=\"og:description\" content=\"Los otorrinolaring\u00f3logos son uno de los que se vieron en la obligaci\u00f3n de modificar su...\" \/>\n<meta property=\"og:url\" content=\"https:\/\/experienciadevida.com.ar\/portalurbano\/otorrinolaringologos-atender-y-operar-en-plena-pandemia\/\" \/>\n<meta property=\"article:publisher\" content=\"https:\/\/www.facebook.com\/Portal-Urbano-171542830093757\/\" \/>\n<meta property=\"article:published_time\" content=\"2020-07-18T17:25:23+00:00\" \/>\n<meta property=\"article:modified_time\" content=\"2020-07-18T17:25:52+00:00\" \/>\n<meta property=\"og:image\" content=\"https:\/\/experienciadevida.com.ar\/portalurbano\/wp-content\/uploads\/2020\/07\/BEVILAQUA.jpg\" \/>\n\t<meta property=\"og:image:width\" content=\"960\" \/>\n\t<meta property=\"og:image:height\" content=\"540\" \/>\n\t<meta property=\"og:image:type\" content=\"image\/jpeg\" \/>\n<meta name=\"author\" content=\"admpu17wp\" \/>\n<meta name=\"twitter:card\" content=\"summary_large_image\" \/>\n<meta name=\"twitter:creator\" content=\"@portalurbanook\" \/>\n<meta name=\"twitter:site\" content=\"@portalurbanook\" \/>\n<meta name=\"twitter:label1\" content=\"Escrito por\" \/>\n\t<meta name=\"twitter:data1\" content=\"admpu17wp\" \/>\n\t<meta name=\"twitter:label2\" content=\"Tiempo de lectura\" \/>\n\t<meta name=\"twitter:data2\" content=\"4 minutos\" \/>\n<script type=\"application\/ld+json\" class=\"yoast-schema-graph\">{\"@context\":\"https:\/\/schema.org\",\"@graph\":[{\"@type\":\"Article\",\"@id\":\"https:\/\/experienciadevida.com.ar\/portalurbano\/otorrinolaringologos-atender-y-operar-en-plena-pandemia\/#article\",\"isPartOf\":{\"@id\":\"https:\/\/experienciadevida.com.ar\/portalurbano\/otorrinolaringologos-atender-y-operar-en-plena-pandemia\/\"},\"author\":{\"name\":\"admpu17wp\",\"@id\":\"https:\/\/experienciadevida.com.ar\/portalurbano\/#\/schema\/person\/02dd326b1c4b056e9cc972486934a3a7\"},\"headline\":\"Otorrinolaring\u00f3logos: atender y operar en plena pandemia\",\"datePublished\":\"2020-07-18T17:25:23+00:00\",\"dateModified\":\"2020-07-18T17:25:52+00:00\",\"mainEntityOfPage\":{\"@id\":\"https:\/\/experienciadevida.com.ar\/portalurbano\/otorrinolaringologos-atender-y-operar-en-plena-pandemia\/\"},\"wordCount\":861,\"publisher\":{\"@id\":\"https:\/\/experienciadevida.com.ar\/portalurbano\/#organization\"},\"articleSection\":[\"Destacadas\",\"Salud\"],\"inLanguage\":\"es\"},{\"@type\":\"WebPage\",\"@id\":\"https:\/\/experienciadevida.com.ar\/portalurbano\/otorrinolaringologos-atender-y-operar-en-plena-pandemia\/\",\"url\":\"https:\/\/experienciadevida.com.ar\/portalurbano\/otorrinolaringologos-atender-y-operar-en-plena-pandemia\/\",\"name\":\"Otorrinolaring\u00f3logos: atender y operar en plena pandemia -\",\"isPartOf\":{\"@id\":\"https:\/\/experienciadevida.com.ar\/portalurbano\/#website\"},\"datePublished\":\"2020-07-18T17:25:23+00:00\",\"dateModified\":\"2020-07-18T17:25:52+00:00\",\"breadcrumb\":{\"@id\":\"https:\/\/experienciadevida.com.ar\/portalurbano\/otorrinolaringologos-atender-y-operar-en-plena-pandemia\/#breadcrumb\"},\"inLanguage\":\"es\",\"potentialAction\":[{\"@type\":\"ReadAction\",\"target\":[\"https:\/\/experienciadevida.com.ar\/portalurbano\/otorrinolaringologos-atender-y-operar-en-plena-pandemia\/\"]}]},{\"@type\":\"BreadcrumbList\",\"@id\":\"https:\/\/experienciadevida.com.ar\/portalurbano\/otorrinolaringologos-atender-y-operar-en-plena-pandemia\/#breadcrumb\",\"itemListElement\":[{\"@type\":\"ListItem\",\"position\":1,\"name\":\"Portada\",\"item\":\"https:\/\/experienciadevida.com.ar\/portalurbano\/\"},{\"@type\":\"ListItem\",\"position\":2,\"name\":\"Otorrinolaring\u00f3logos: atender y operar en plena pandemia\"}]},{\"@type\":\"WebSite\",\"@id\":\"https:\/\/experienciadevida.com.ar\/portalurbano\/#website\",\"url\":\"https:\/\/experienciadevida.com.ar\/portalurbano\/\",\"name\":\"\",\"description\":\"\",\"publisher\":{\"@id\":\"https:\/\/experienciadevida.com.ar\/portalurbano\/#organization\"},\"potentialAction\":[{\"@type\":\"SearchAction\",\"target\":{\"@type\":\"EntryPoint\",\"urlTemplate\":\"https:\/\/experienciadevida.com.ar\/portalurbano\/?s={search_term_string}\"},\"query-input\":\"required name=search_term_string\"}],\"inLanguage\":\"es\"},{\"@type\":\"Organization\",\"@id\":\"https:\/\/experienciadevida.com.ar\/portalurbano\/#organization\",\"name\":\"Portal Urbano\",\"url\":\"https:\/\/experienciadevida.com.ar\/portalurbano\/\",\"logo\":{\"@type\":\"ImageObject\",\"inLanguage\":\"es\",\"@id\":\"https:\/\/experienciadevida.com.ar\/portalurbano\/#\/schema\/logo\/image\/\",\"url\":\"https:\/\/experienciadevida.com.ar\/portalurbano\/wp-content\/uploads\/2019\/09\/Logo-Original.png\",\"contentUrl\":\"https:\/\/experienciadevida.com.ar\/portalurbano\/wp-content\/uploads\/2019\/09\/Logo-Original.png\",\"width\":2236,\"height\":1216,\"caption\":\"Portal Urbano\"},\"image\":{\"@id\":\"https:\/\/experienciadevida.com.ar\/portalurbano\/#\/schema\/logo\/image\/\"},\"sameAs\":[\"https:\/\/www.facebook.com\/Portal-Urbano-171542830093757\/\",\"https:\/\/twitter.com\/portalurbanook\",\"https:\/\/www.instagram.com\/_portalurbano\/\",\"https:\/\/www.youtube.com\/channel\/UCXhagIfszH8KxFiOok79zbA?view_as=subscriber\"]},{\"@type\":\"Person\",\"@id\":\"https:\/\/experienciadevida.com.ar\/portalurbano\/#\/schema\/person\/02dd326b1c4b056e9cc972486934a3a7\",\"name\":\"admpu17wp\",\"image\":{\"@type\":\"ImageObject\",\"inLanguage\":\"es\",\"@id\":\"https:\/\/experienciadevida.com.ar\/portalurbano\/#\/schema\/person\/image\/\",\"url\":\"https:\/\/secure.gravatar.com\/avatar\/830d4c57adaae6630765e449a6908047?s=96&d=mm&r=g\",\"contentUrl\":\"https:\/\/secure.gravatar.com\/avatar\/830d4c57adaae6630765e449a6908047?s=96&d=mm&r=g\",\"caption\":\"admpu17wp\"}}]}<\/script>\n<!-- \/ Yoast SEO plugin. -->","yoast_head_json":{"title":"Otorrinolaring\u00f3logos: atender y operar en plena pandemia -","robots":{"index":"index","follow":"follow","max-snippet":"max-snippet:-1","max-image-preview":"max-image-preview:large","max-video-preview":"max-video-preview:-1"},"canonical":"https:\/\/experienciadevida.com.ar\/portalurbano\/otorrinolaringologos-atender-y-operar-en-plena-pandemia\/","og_locale":"es_ES","og_type":"article","og_title":"Otorrinolaring\u00f3logos: atender y operar en plena pandemia -","og_description":"Los otorrinolaring\u00f3logos son uno de los que se vieron en la obligaci\u00f3n de modificar su...","og_url":"https:\/\/experienciadevida.com.ar\/portalurbano\/otorrinolaringologos-atender-y-operar-en-plena-pandemia\/","article_publisher":"https:\/\/www.facebook.com\/Portal-Urbano-171542830093757\/","article_published_time":"2020-07-18T17:25:23+00:00","article_modified_time":"2020-07-18T17:25:52+00:00","og_image":[{"width":960,"height":540,"url":"https:\/\/experienciadevida.com.ar\/portalurbano\/wp-content\/uploads\/2020\/07\/BEVILAQUA.jpg","type":"image\/jpeg"}],"author":"admpu17wp","twitter_card":"summary_large_image","twitter_creator":"@portalurbanook","twitter_site":"@portalurbanook","twitter_misc":{"Escrito por":"admpu17wp","Tiempo de lectura":"4 minutos"},"schema":{"@context":"https:\/\/schema.org","@graph":[{"@type":"Article","@id":"https:\/\/experienciadevida.com.ar\/portalurbano\/otorrinolaringologos-atender-y-operar-en-plena-pandemia\/#article","isPartOf":{"@id":"https:\/\/experienciadevida.com.ar\/portalurbano\/otorrinolaringologos-atender-y-operar-en-plena-pandemia\/"},"author":{"name":"admpu17wp","@id":"https:\/\/experienciadevida.com.ar\/portalurbano\/#\/schema\/person\/02dd326b1c4b056e9cc972486934a3a7"},"headline":"Otorrinolaring\u00f3logos: atender y operar en plena pandemia","datePublished":"2020-07-18T17:25:23+00:00","dateModified":"2020-07-18T17:25:52+00:00","mainEntityOfPage":{"@id":"https:\/\/experienciadevida.com.ar\/portalurbano\/otorrinolaringologos-atender-y-operar-en-plena-pandemia\/"},"wordCount":861,"publisher":{"@id":"https:\/\/experienciadevida.com.ar\/portalurbano\/#organization"},"articleSection":["Destacadas","Salud"],"inLanguage":"es"},{"@type":"WebPage","@id":"https:\/\/experienciadevida.com.ar\/portalurbano\/otorrinolaringologos-atender-y-operar-en-plena-pandemia\/","url":"https:\/\/experienciadevida.com.ar\/portalurbano\/otorrinolaringologos-atender-y-operar-en-plena-pandemia\/","name":"Otorrinolaring\u00f3logos: atender y operar en plena pandemia -","isPartOf":{"@id":"https:\/\/experienciadevida.com.ar\/portalurbano\/#website"},"datePublished":"2020-07-18T17:25:23+00:00","dateModified":"2020-07-18T17:25:52+00:00","breadcrumb":{"@id":"https:\/\/experienciadevida.com.ar\/portalurbano\/otorrinolaringologos-atender-y-operar-en-plena-pandemia\/#breadcrumb"},"inLanguage":"es","potentialAction":[{"@type":"ReadAction","target":["https:\/\/experienciadevida.com.ar\/portalurbano\/otorrinolaringologos-atender-y-operar-en-plena-pandemia\/"]}]},{"@type":"BreadcrumbList","@id":"https:\/\/experienciadevida.com.ar\/portalurbano\/otorrinolaringologos-atender-y-operar-en-plena-pandemia\/#breadcrumb","itemListElement":[{"@type":"ListItem","position":1,"name":"Portada","item":"https:\/\/experienciadevida.com.ar\/portalurbano\/"},{"@type":"ListItem","position":2,"name":"Otorrinolaring\u00f3logos: atender y operar en plena pandemia"}]},{"@type":"WebSite","@id":"https:\/\/experienciadevida.com.ar\/portalurbano\/#website","url":"https:\/\/experienciadevida.com.ar\/portalurbano\/","name":"","description":"","publisher":{"@id":"https:\/\/experienciadevida.com.ar\/portalurbano\/#organization"},"potentialAction":[{"@type":"SearchAction","target":{"@type":"EntryPoint","urlTemplate":"https:\/\/experienciadevida.com.ar\/portalurbano\/?s={search_term_string}"},"query-input":"required name=search_term_string"}],"inLanguage":"es"},{"@type":"Organization","@id":"https:\/\/experienciadevida.com.ar\/portalurbano\/#organization","name":"Portal Urbano","url":"https:\/\/experienciadevida.com.ar\/portalurbano\/","logo":{"@type":"ImageObject","inLanguage":"es","@id":"https:\/\/experienciadevida.com.ar\/portalurbano\/#\/schema\/logo\/image\/","url":"https:\/\/experienciadevida.com.ar\/portalurbano\/wp-content\/uploads\/2019\/09\/Logo-Original.png","contentUrl":"https:\/\/experienciadevida.com.ar\/portalurbano\/wp-content\/uploads\/2019\/09\/Logo-Original.png","width":2236,"height":1216,"caption":"Portal Urbano"},"image":{"@id":"https:\/\/experienciadevida.com.ar\/portalurbano\/#\/schema\/logo\/image\/"},"sameAs":["https:\/\/www.facebook.com\/Portal-Urbano-171542830093757\/","https:\/\/twitter.com\/portalurbanook","https:\/\/www.instagram.com\/_portalurbano\/","https:\/\/www.youtube.com\/channel\/UCXhagIfszH8KxFiOok79zbA?view_as=subscriber"]},{"@type":"Person","@id":"https:\/\/experienciadevida.com.ar\/portalurbano\/#\/schema\/person\/02dd326b1c4b056e9cc972486934a3a7","name":"admpu17wp","image":{"@type":"ImageObject","inLanguage":"es","@id":"https:\/\/experienciadevida.com.ar\/portalurbano\/#\/schema\/person\/image\/","url":"https:\/\/secure.gravatar.com\/avatar\/830d4c57adaae6630765e449a6908047?s=96&d=mm&r=g","contentUrl":"https:\/\/secure.gravatar.com\/avatar\/830d4c57adaae6630765e449a6908047?s=96&d=mm&r=g","caption":"admpu17wp"}}]}},"featured_image_urls":{"full":["https:\/\/experienciadevida.com.ar\/portalurbano\/wp-content\/uploads\/2020\/07\/BEVILAQUA.jpg",960,540,false],"thumbnail":["https:\/\/experienciadevida.com.ar\/portalurbano\/wp-content\/uploads\/2020\/07\/BEVILAQUA-150x150.jpg",150,150,true],"medium":["https:\/\/experienciadevida.com.ar\/portalurbano\/wp-content\/uploads\/2020\/07\/BEVILAQUA-300x169.jpg",300,169,true],"medium_large":["https:\/\/experienciadevida.com.ar\/portalurbano\/wp-content\/uploads\/2020\/07\/BEVILAQUA-768x432.jpg",640,360,true],"large":["https:\/\/experienciadevida.com.ar\/portalurbano\/wp-content\/uploads\/2020\/07\/BEVILAQUA.jpg",640,360,false],"ug_big":["https:\/\/experienciadevida.com.ar\/portalurbano\/wp-content\/uploads\/2020\/07\/BEVILAQUA-768x432.jpg",768,432,true],"1536x1536":["https:\/\/experienciadevida.com.ar\/portalurbano\/wp-content\/uploads\/2020\/07\/BEVILAQUA.jpg",960,540,false],"2048x2048":["https:\/\/experienciadevida.com.ar\/portalurbano\/wp-content\/uploads\/2020\/07\/BEVILAQUA.jpg",960,540,false],"newsever-slider-full":["https:\/\/experienciadevida.com.ar\/portalurbano\/wp-content\/uploads\/2020\/07\/BEVILAQUA.jpg",960,540,false],"newsever-featured":["https:\/\/experienciadevida.com.ar\/portalurbano\/wp-content\/uploads\/2020\/07\/BEVILAQUA.jpg",960,540,false],"newsever-medium":["https:\/\/experienciadevida.com.ar\/portalurbano\/wp-content\/uploads\/2020\/07\/BEVILAQUA.jpg",720,405,false],"web-stories-poster-portrait":["https:\/\/experienciadevida.com.ar\/portalurbano\/wp-content\/uploads\/2020\/07\/BEVILAQUA.jpg",640,360,false],"web-stories-publisher-logo":["https:\/\/experienciadevida.com.ar\/portalurbano\/wp-content\/uploads\/2020\/07\/BEVILAQUA.jpg",96,54,false],"web-stories-thumbnail":["https:\/\/experienciadevida.com.ar\/portalurbano\/wp-content\/uploads\/2020\/07\/BEVILAQUA.jpg",150,84,false]},"author_info":{"display_name":"admpu17wp","author_link":"https:\/\/experienciadevida.com.ar\/portalurbano\/author\/admpu17wp\/"},"category_info":"<a href=\"https:\/\/experienciadevida.com.ar\/portalurbano\/category\/destacadas\/\" rel=\"category tag\">Destacadas<\/a> <a href=\"https:\/\/experienciadevida.com.ar\/portalurbano\/category\/ciudad\/salud\/\" rel=\"category tag\">Salud<\/a>","tag_info":"Salud","comment_count":"0","amp_enabled":true,"_links":{"self":[{"href":"https:\/\/experienciadevida.com.ar\/portalurbano\/wp-json\/wp\/v2\/posts\/115317"}],"collection":[{"href":"https:\/\/experienciadevida.com.ar\/portalurbano\/wp-json\/wp\/v2\/posts"}],"about":[{"href":"https:\/\/experienciadevida.com.ar\/portalurbano\/wp-json\/wp\/v2\/types\/post"}],"author":[{"embeddable":true,"href":"https:\/\/experienciadevida.com.ar\/portalurbano\/wp-json\/wp\/v2\/users\/1"}],"replies":[{"embeddable":true,"href":"https:\/\/experienciadevida.com.ar\/portalurbano\/wp-json\/wp\/v2\/comments?post=115317"}],"version-history":[{"count":2,"href":"https:\/\/experienciadevida.com.ar\/portalurbano\/wp-json\/wp\/v2\/posts\/115317\/revisions"}],"predecessor-version":[{"id":115322,"href":"https:\/\/experienciadevida.com.ar\/portalurbano\/wp-json\/wp\/v2\/posts\/115317\/revisions\/115322"}],"wp:featuredmedia":[{"embeddable":true,"href":"https:\/\/experienciadevida.com.ar\/portalurbano\/wp-json\/wp\/v2\/media\/115321"}],"wp:attachment":[{"href":"https:\/\/experienciadevida.com.ar\/portalurbano\/wp-json\/wp\/v2\/media?parent=115317"}],"wp:term":[{"taxonomy":"category","embeddable":true,"href":"https:\/\/experienciadevida.com.ar\/portalurbano\/wp-json\/wp\/v2\/categories?post=115317"},{"taxonomy":"post_tag","embeddable":true,"href":"https:\/\/experienciadevida.com.ar\/portalurbano\/wp-json\/wp\/v2\/tags?post=115317"}],"curies":[{"name":"wp","href":"https:\/\/api.w.org\/{rel}","templated":true}]}}