{"id":115249,"date":"2020-07-17T16:19:27","date_gmt":"2020-07-17T19:19:27","guid":{"rendered":"https:\/\/experienciadevida.com.ar\/portalurbano\/?p=115249"},"modified":"2020-07-17T16:19:49","modified_gmt":"2020-07-17T19:19:49","slug":"alberto-fernandez-entre-el-18-de-julio-y-el-2-de-agosto-vamos-ir-tratando-de-volver-a-la-vida-habitual-escalonadamente","status":"publish","type":"post","link":"https:\/\/experienciadevida.com.ar\/portalurbano\/alberto-fernandez-entre-el-18-de-julio-y-el-2-de-agosto-vamos-ir-tratando-de-volver-a-la-vida-habitual-escalonadamente\/","title":{"rendered":"Alberto Fern\u00e1ndez: &#8220;Entre el 18 de julio y el 2 de agosto vamos ir tratando de volver a la vida habitual escalonadamente&#8221;"},"content":{"rendered":"<p>El Presidente encabez\u00f3 el anuncio respecto a la nueva fase del aislamiento social obligatorio, que se extender\u00e1 entre el 18 de julio y el 2 de agosto pr\u00f3ximos.<\/p>\n<p>Alberto Fern\u00e1ndez, acompa\u00f1ado por el jefe de Gobierno de la Ciudad de Buenos Aires y el gobernador de la Provincia de Buenos Aires, encabez\u00f3 este viernes al mediod\u00eda el anuncio de una nueva etapa del aislamiento social obligatorio en el AMBA por la pandemia de coronavirus, que se extender\u00e1 entre el 18 de julio y el 2 de agosto pr\u00f3ximos.<\/p>\n<p>\u201cSi hay alguien que quiere que la pandemia se termine soy yo. Pero la pandemia sigue presente, atacando, enfermando y llev\u00e1ndose vidas\u201d, comenz\u00f3 diciendo el Presidente, quien, no obstante, expres\u00f3: \u201cTenemos optimismo en alcanzar los logros propuestos\u201d.<\/p>\n<p>\u201cTenemos una cantidad de casos que no esper\u00e1bamos tener. Pero creo que seguimos estando, en t\u00e9rminos comparativos, en una situaci\u00f3n buena. Hemos logrado que nadie se quede sin atenci\u00f3n\u201d, continu\u00f3.<\/p>\n<p>Y agreg\u00f3: &#8220;Hemos incrementado la capacidad de camas y la ocupaci\u00f3n de terapia intensiva ha aumentado, pero tambi\u00e9n se nota que se ha ralentizado la velocidad de contagio y se ha hecho m\u00e1s lenta la ocupaci\u00f3n de camas hospitalarias. El esfuerzo no ha sido in\u00fatil&#8221;.<\/p>\n<p>Sin embargo, advirti\u00f3: \u201cEstamos muy lejos de pensar que la situaci\u00f3n est\u00e1 superada. Necesitamos tener presente que el riesgo est\u00e1 todav\u00eda latente. Hay que extremar los cuidados.<\/p>\n<p>Por \u00faltimo, antes de cederle la palabra a Horacio Rodr\u00edguez Larreta y Axel Kicillof, Fern\u00e1ndez concluy\u00f3: &#8220;Entre el 18 de julio y el 2 de agosto vamos a ir tratando de volver a la vida habitual, en este nuevo mundo diferente que nos exige cuidados diferentes. Va a ser escalonadamente y lo van a decir los gobernadores. Pero si hay que volver atr\u00e1s, volveremos atr\u00e1s. Si hay que ajustar m\u00e1s, ajustaremos m\u00e1s\u201d.<\/p>\n","protected":false},"excerpt":{"rendered":"<p>El Presidente encabez\u00f3 el anuncio respecto a la nueva fase del aislamiento social obligatorio, que&#8230;<\/p>\n","protected":false},"author":1,"featured_media":115251,"comment_status":"closed","ping_status":"closed","sticky":false,"template":"","format":"standard","meta":{"content-type":""},"categories":[71,39],"tags":[],"nelio_content":{"isAutoShareEnabled":false,"autoShareEndMode":"default","automationSources":{"useContentSentences":true,"useSocialTemplates":true,"useCustomSentences":false,"customSentences":[]},"followers":[1],"suggestedReferences":[],"includedReferences":[],"efiUrl":"","efiAlt":"","highlights":[]},"yoast_head":"<!-- This site is optimized with the Yoast SEO plugin v20.7 - https:\/\/yoast.com\/wordpress\/plugins\/seo\/ -->\n<title>Alberto Fern\u00e1ndez: &quot;Entre el 18 de julio y el 2 de agosto vamos ir tratando de volver a la vida habitual escalonadamente&quot; -<\/title>\n<meta name=\"robots\" content=\"index, follow, max-snippet:-1, max-image-preview:large, max-video-preview:-1\" \/>\n<link rel=\"canonical\" href=\"https:\/\/experienciadevida.com.ar\/portalurbano\/alberto-fernandez-entre-el-18-de-julio-y-el-2-de-agosto-vamos-ir-tratando-de-volver-a-la-vida-habitual-escalonadamente\/\" \/>\n<meta property=\"og:locale\" content=\"es_ES\" \/>\n<meta property=\"og:type\" content=\"article\" \/>\n<meta property=\"og:title\" content=\"Alberto Fern\u00e1ndez: &quot;Entre el 18 de julio y el 2 de agosto vamos ir tratando de volver a la vida habitual escalonadamente&quot; -\" \/>\n<meta property=\"og:description\" content=\"El Presidente encabez\u00f3 el anuncio respecto a la nueva fase del aislamiento social obligatorio, que...\" \/>\n<meta property=\"og:url\" content=\"https:\/\/experienciadevida.com.ar\/portalurbano\/alberto-fernandez-entre-el-18-de-julio-y-el-2-de-agosto-vamos-ir-tratando-de-volver-a-la-vida-habitual-escalonadamente\/\" \/>\n<meta property=\"article:publisher\" content=\"https:\/\/www.facebook.com\/Portal-Urbano-171542830093757\/\" \/>\n<meta property=\"article:published_time\" content=\"2020-07-17T19:19:27+00:00\" \/>\n<meta property=\"article:modified_time\" content=\"2020-07-17T19:19:49+00:00\" \/>\n<meta property=\"og:image\" content=\"https:\/\/experienciadevida.com.ar\/portalurbano\/wp-content\/uploads\/2020\/07\/FERNANDEZ-1-e1595013552102.jpg\" \/>\n\t<meta property=\"og:image:width\" content=\"765\" \/>\n\t<meta property=\"og:image:height\" content=\"413\" \/>\n\t<meta property=\"og:image:type\" content=\"image\/jpeg\" \/>\n<meta name=\"author\" content=\"admpu17wp\" \/>\n<meta name=\"twitter:card\" content=\"summary_large_image\" \/>\n<meta name=\"twitter:creator\" content=\"@portalurbanook\" \/>\n<meta name=\"twitter:site\" content=\"@portalurbanook\" \/>\n<meta name=\"twitter:label1\" content=\"Escrito por\" \/>\n\t<meta name=\"twitter:data1\" content=\"admpu17wp\" \/>\n\t<meta name=\"twitter:label2\" content=\"Tiempo de lectura\" \/>\n\t<meta name=\"twitter:data2\" content=\"2 minutos\" \/>\n<script type=\"application\/ld+json\" class=\"yoast-schema-graph\">{\"@context\":\"https:\/\/schema.org\",\"@graph\":[{\"@type\":\"Article\",\"@id\":\"https:\/\/experienciadevida.com.ar\/portalurbano\/alberto-fernandez-entre-el-18-de-julio-y-el-2-de-agosto-vamos-ir-tratando-de-volver-a-la-vida-habitual-escalonadamente\/#article\",\"isPartOf\":{\"@id\":\"https:\/\/experienciadevida.com.ar\/portalurbano\/alberto-fernandez-entre-el-18-de-julio-y-el-2-de-agosto-vamos-ir-tratando-de-volver-a-la-vida-habitual-escalonadamente\/\"},\"author\":{\"name\":\"admpu17wp\",\"@id\":\"https:\/\/experienciadevida.com.ar\/portalurbano\/#\/schema\/person\/02dd326b1c4b056e9cc972486934a3a7\"},\"headline\":\"Alberto Fern\u00e1ndez: &#8220;Entre el 18 de julio y el 2 de agosto vamos ir tratando de volver a la vida habitual escalonadamente&#8221;\",\"datePublished\":\"2020-07-17T19:19:27+00:00\",\"dateModified\":\"2020-07-17T19:19:49+00:00\",\"mainEntityOfPage\":{\"@id\":\"https:\/\/experienciadevida.com.ar\/portalurbano\/alberto-fernandez-entre-el-18-de-julio-y-el-2-de-agosto-vamos-ir-tratando-de-volver-a-la-vida-habitual-escalonadamente\/\"},\"wordCount\":337,\"publisher\":{\"@id\":\"https:\/\/experienciadevida.com.ar\/portalurbano\/#organization\"},\"articleSection\":[\"Coronavirus\",\"Naci\u00f3n\"],\"inLanguage\":\"es\"},{\"@type\":\"WebPage\",\"@id\":\"https:\/\/experienciadevida.com.ar\/portalurbano\/alberto-fernandez-entre-el-18-de-julio-y-el-2-de-agosto-vamos-ir-tratando-de-volver-a-la-vida-habitual-escalonadamente\/\",\"url\":\"https:\/\/experienciadevida.com.ar\/portalurbano\/alberto-fernandez-entre-el-18-de-julio-y-el-2-de-agosto-vamos-ir-tratando-de-volver-a-la-vida-habitual-escalonadamente\/\",\"name\":\"Alberto Fern\u00e1ndez: \\\"Entre el 18 de julio y el 2 de agosto vamos ir tratando de volver a la vida habitual escalonadamente\\\" -\",\"isPartOf\":{\"@id\":\"https:\/\/experienciadevida.com.ar\/portalurbano\/#website\"},\"datePublished\":\"2020-07-17T19:19:27+00:00\",\"dateModified\":\"2020-07-17T19:19:49+00:00\",\"breadcrumb\":{\"@id\":\"https:\/\/experienciadevida.com.ar\/portalurbano\/alberto-fernandez-entre-el-18-de-julio-y-el-2-de-agosto-vamos-ir-tratando-de-volver-a-la-vida-habitual-escalonadamente\/#breadcrumb\"},\"inLanguage\":\"es\",\"potentialAction\":[{\"@type\":\"ReadAction\",\"target\":[\"https:\/\/experienciadevida.com.ar\/portalurbano\/alberto-fernandez-entre-el-18-de-julio-y-el-2-de-agosto-vamos-ir-tratando-de-volver-a-la-vida-habitual-escalonadamente\/\"]}]},{\"@type\":\"BreadcrumbList\",\"@id\":\"https:\/\/experienciadevida.com.ar\/portalurbano\/alberto-fernandez-entre-el-18-de-julio-y-el-2-de-agosto-vamos-ir-tratando-de-volver-a-la-vida-habitual-escalonadamente\/#breadcrumb\",\"itemListElement\":[{\"@type\":\"ListItem\",\"position\":1,\"name\":\"Portada\",\"item\":\"https:\/\/experienciadevida.com.ar\/portalurbano\/\"},{\"@type\":\"ListItem\",\"position\":2,\"name\":\"Alberto Fern\u00e1ndez: \u00abEntre el 18 de julio y el 2 de agosto vamos ir tratando de volver a la vida habitual escalonadamente\u00bb\"}]},{\"@type\":\"WebSite\",\"@id\":\"https:\/\/experienciadevida.com.ar\/portalurbano\/#website\",\"url\":\"https:\/\/experienciadevida.com.ar\/portalurbano\/\",\"name\":\"\",\"description\":\"\",\"publisher\":{\"@id\":\"https:\/\/experienciadevida.com.ar\/portalurbano\/#organization\"},\"potentialAction\":[{\"@type\":\"SearchAction\",\"target\":{\"@type\":\"EntryPoint\",\"urlTemplate\":\"https:\/\/experienciadevida.com.ar\/portalurbano\/?s={search_term_string}\"},\"query-input\":\"required name=search_term_string\"}],\"inLanguage\":\"es\"},{\"@type\":\"Organization\",\"@id\":\"https:\/\/experienciadevida.com.ar\/portalurbano\/#organization\",\"name\":\"Portal Urbano\",\"url\":\"https:\/\/experienciadevida.com.ar\/portalurbano\/\",\"logo\":{\"@type\":\"ImageObject\",\"inLanguage\":\"es\",\"@id\":\"https:\/\/experienciadevida.com.ar\/portalurbano\/#\/schema\/logo\/image\/\",\"url\":\"https:\/\/experienciadevida.com.ar\/portalurbano\/wp-content\/uploads\/2019\/09\/Logo-Original.png\",\"contentUrl\":\"https:\/\/experienciadevida.com.ar\/portalurbano\/wp-content\/uploads\/2019\/09\/Logo-Original.png\",\"width\":2236,\"height\":1216,\"caption\":\"Portal Urbano\"},\"image\":{\"@id\":\"https:\/\/experienciadevida.com.ar\/portalurbano\/#\/schema\/logo\/image\/\"},\"sameAs\":[\"https:\/\/www.facebook.com\/Portal-Urbano-171542830093757\/\",\"https:\/\/twitter.com\/portalurbanook\",\"https:\/\/www.instagram.com\/_portalurbano\/\",\"https:\/\/www.youtube.com\/channel\/UCXhagIfszH8KxFiOok79zbA?view_as=subscriber\"]},{\"@type\":\"Person\",\"@id\":\"https:\/\/experienciadevida.com.ar\/portalurbano\/#\/schema\/person\/02dd326b1c4b056e9cc972486934a3a7\",\"name\":\"admpu17wp\",\"image\":{\"@type\":\"ImageObject\",\"inLanguage\":\"es\",\"@id\":\"https:\/\/experienciadevida.com.ar\/portalurbano\/#\/schema\/person\/image\/\",\"url\":\"https:\/\/secure.gravatar.com\/avatar\/830d4c57adaae6630765e449a6908047?s=96&d=mm&r=g\",\"contentUrl\":\"https:\/\/secure.gravatar.com\/avatar\/830d4c57adaae6630765e449a6908047?s=96&d=mm&r=g\",\"caption\":\"admpu17wp\"}}]}<\/script>\n<!-- \/ Yoast SEO plugin. -->","yoast_head_json":{"title":"Alberto Fern\u00e1ndez: \"Entre el 18 de julio y el 2 de agosto vamos ir tratando de volver a la vida habitual escalonadamente\" -","robots":{"index":"index","follow":"follow","max-snippet":"max-snippet:-1","max-image-preview":"max-image-preview:large","max-video-preview":"max-video-preview:-1"},"canonical":"https:\/\/experienciadevida.com.ar\/portalurbano\/alberto-fernandez-entre-el-18-de-julio-y-el-2-de-agosto-vamos-ir-tratando-de-volver-a-la-vida-habitual-escalonadamente\/","og_locale":"es_ES","og_type":"article","og_title":"Alberto Fern\u00e1ndez: \"Entre el 18 de julio y el 2 de agosto vamos ir tratando de volver a la vida habitual escalonadamente\" -","og_description":"El Presidente encabez\u00f3 el anuncio respecto a la nueva fase del aislamiento social obligatorio, que...","og_url":"https:\/\/experienciadevida.com.ar\/portalurbano\/alberto-fernandez-entre-el-18-de-julio-y-el-2-de-agosto-vamos-ir-tratando-de-volver-a-la-vida-habitual-escalonadamente\/","article_publisher":"https:\/\/www.facebook.com\/Portal-Urbano-171542830093757\/","article_published_time":"2020-07-17T19:19:27+00:00","article_modified_time":"2020-07-17T19:19:49+00:00","og_image":[{"width":765,"height":413,"url":"https:\/\/experienciadevida.com.ar\/portalurbano\/wp-content\/uploads\/2020\/07\/FERNANDEZ-1-e1595013552102.jpg","type":"image\/jpeg"}],"author":"admpu17wp","twitter_card":"summary_large_image","twitter_creator":"@portalurbanook","twitter_site":"@portalurbanook","twitter_misc":{"Escrito por":"admpu17wp","Tiempo de lectura":"2 minutos"},"schema":{"@context":"https:\/\/schema.org","@graph":[{"@type":"Article","@id":"https:\/\/experienciadevida.com.ar\/portalurbano\/alberto-fernandez-entre-el-18-de-julio-y-el-2-de-agosto-vamos-ir-tratando-de-volver-a-la-vida-habitual-escalonadamente\/#article","isPartOf":{"@id":"https:\/\/experienciadevida.com.ar\/portalurbano\/alberto-fernandez-entre-el-18-de-julio-y-el-2-de-agosto-vamos-ir-tratando-de-volver-a-la-vida-habitual-escalonadamente\/"},"author":{"name":"admpu17wp","@id":"https:\/\/experienciadevida.com.ar\/portalurbano\/#\/schema\/person\/02dd326b1c4b056e9cc972486934a3a7"},"headline":"Alberto Fern\u00e1ndez: &#8220;Entre el 18 de julio y el 2 de agosto vamos ir tratando de volver a la vida habitual escalonadamente&#8221;","datePublished":"2020-07-17T19:19:27+00:00","dateModified":"2020-07-17T19:19:49+00:00","mainEntityOfPage":{"@id":"https:\/\/experienciadevida.com.ar\/portalurbano\/alberto-fernandez-entre-el-18-de-julio-y-el-2-de-agosto-vamos-ir-tratando-de-volver-a-la-vida-habitual-escalonadamente\/"},"wordCount":337,"publisher":{"@id":"https:\/\/experienciadevida.com.ar\/portalurbano\/#organization"},"articleSection":["Coronavirus","Naci\u00f3n"],"inLanguage":"es"},{"@type":"WebPage","@id":"https:\/\/experienciadevida.com.ar\/portalurbano\/alberto-fernandez-entre-el-18-de-julio-y-el-2-de-agosto-vamos-ir-tratando-de-volver-a-la-vida-habitual-escalonadamente\/","url":"https:\/\/experienciadevida.com.ar\/portalurbano\/alberto-fernandez-entre-el-18-de-julio-y-el-2-de-agosto-vamos-ir-tratando-de-volver-a-la-vida-habitual-escalonadamente\/","name":"Alberto Fern\u00e1ndez: \"Entre el 18 de julio y el 2 de agosto vamos ir tratando de volver a la vida habitual escalonadamente\" -","isPartOf":{"@id":"https:\/\/experienciadevida.com.ar\/portalurbano\/#website"},"datePublished":"2020-07-17T19:19:27+00:00","dateModified":"2020-07-17T19:19:49+00:00","breadcrumb":{"@id":"https:\/\/experienciadevida.com.ar\/portalurbano\/alberto-fernandez-entre-el-18-de-julio-y-el-2-de-agosto-vamos-ir-tratando-de-volver-a-la-vida-habitual-escalonadamente\/#breadcrumb"},"inLanguage":"es","potentialAction":[{"@type":"ReadAction","target":["https:\/\/experienciadevida.com.ar\/portalurbano\/alberto-fernandez-entre-el-18-de-julio-y-el-2-de-agosto-vamos-ir-tratando-de-volver-a-la-vida-habitual-escalonadamente\/"]}]},{"@type":"BreadcrumbList","@id":"https:\/\/experienciadevida.com.ar\/portalurbano\/alberto-fernandez-entre-el-18-de-julio-y-el-2-de-agosto-vamos-ir-tratando-de-volver-a-la-vida-habitual-escalonadamente\/#breadcrumb","itemListElement":[{"@type":"ListItem","position":1,"name":"Portada","item":"https:\/\/experienciadevida.com.ar\/portalurbano\/"},{"@type":"ListItem","position":2,"name":"Alberto Fern\u00e1ndez: \u00abEntre el 18 de julio y el 2 de agosto vamos ir tratando de volver a la vida habitual escalonadamente\u00bb"}]},{"@type":"WebSite","@id":"https:\/\/experienciadevida.com.ar\/portalurbano\/#website","url":"https:\/\/experienciadevida.com.ar\/portalurbano\/","name":"","description":"","publisher":{"@id":"https:\/\/experienciadevida.com.ar\/portalurbano\/#organization"},"potentialAction":[{"@type":"SearchAction","target":{"@type":"EntryPoint","urlTemplate":"https:\/\/experienciadevida.com.ar\/portalurbano\/?s={search_term_string}"},"query-input":"required name=search_term_string"}],"inLanguage":"es"},{"@type":"Organization","@id":"https:\/\/experienciadevida.com.ar\/portalurbano\/#organization","name":"Portal Urbano","url":"https:\/\/experienciadevida.com.ar\/portalurbano\/","logo":{"@type":"ImageObject","inLanguage":"es","@id":"https:\/\/experienciadevida.com.ar\/portalurbano\/#\/schema\/logo\/image\/","url":"https:\/\/experienciadevida.com.ar\/portalurbano\/wp-content\/uploads\/2019\/09\/Logo-Original.png","contentUrl":"https:\/\/experienciadevida.com.ar\/portalurbano\/wp-content\/uploads\/2019\/09\/Logo-Original.png","width":2236,"height":1216,"caption":"Portal Urbano"},"image":{"@id":"https:\/\/experienciadevida.com.ar\/portalurbano\/#\/schema\/logo\/image\/"},"sameAs":["https:\/\/www.facebook.com\/Portal-Urbano-171542830093757\/","https:\/\/twitter.com\/portalurbanook","https:\/\/www.instagram.com\/_portalurbano\/","https:\/\/www.youtube.com\/channel\/UCXhagIfszH8KxFiOok79zbA?view_as=subscriber"]},{"@type":"Person","@id":"https:\/\/experienciadevida.com.ar\/portalurbano\/#\/schema\/person\/02dd326b1c4b056e9cc972486934a3a7","name":"admpu17wp","image":{"@type":"ImageObject","inLanguage":"es","@id":"https:\/\/experienciadevida.com.ar\/portalurbano\/#\/schema\/person\/image\/","url":"https:\/\/secure.gravatar.com\/avatar\/830d4c57adaae6630765e449a6908047?s=96&d=mm&r=g","contentUrl":"https:\/\/secure.gravatar.com\/avatar\/830d4c57adaae6630765e449a6908047?s=96&d=mm&r=g","caption":"admpu17wp"}}]}},"featured_image_urls":{"full":["https:\/\/experienciadevida.com.ar\/portalurbano\/wp-content\/uploads\/2020\/07\/FERNANDEZ-1-e1595013552102.jpg",765,413,false],"thumbnail":["https:\/\/experienciadevida.com.ar\/portalurbano\/wp-content\/uploads\/2020\/07\/FERNANDEZ-1-150x150.jpg",150,150,true],"medium":["https:\/\/experienciadevida.com.ar\/portalurbano\/wp-content\/uploads\/2020\/07\/FERNANDEZ-1-300x162.jpg",300,162,true],"medium_large":["https:\/\/experienciadevida.com.ar\/portalurbano\/wp-content\/uploads\/2020\/07\/FERNANDEZ-1-768x414.jpg",640,345,true],"large":["https:\/\/experienciadevida.com.ar\/portalurbano\/wp-content\/uploads\/2020\/07\/FERNANDEZ-1-1024x552.jpg",640,345,true],"ug_big":["https:\/\/experienciadevida.com.ar\/portalurbano\/wp-content\/uploads\/2020\/07\/FERNANDEZ-1-768x414.jpg",768,414,true],"1536x1536":["https:\/\/experienciadevida.com.ar\/portalurbano\/wp-content\/uploads\/2020\/07\/FERNANDEZ-1-e1595013552102.jpg",765,413,false],"2048x2048":["https:\/\/experienciadevida.com.ar\/portalurbano\/wp-content\/uploads\/2020\/07\/FERNANDEZ-1-e1595013552102.jpg",765,413,false],"newsever-slider-full":["https:\/\/experienciadevida.com.ar\/portalurbano\/wp-content\/uploads\/2020\/07\/FERNANDEZ-1-e1595013552102.jpg",765,413,false],"newsever-featured":["https:\/\/experienciadevida.com.ar\/portalurbano\/wp-content\/uploads\/2020\/07\/FERNANDEZ-1-e1595013552102.jpg",765,413,false],"newsever-medium":["https:\/\/experienciadevida.com.ar\/portalurbano\/wp-content\/uploads\/2020\/07\/FERNANDEZ-1-e1595013552102.jpg",720,389,false],"web-stories-poster-portrait":["https:\/\/experienciadevida.com.ar\/portalurbano\/wp-content\/uploads\/2020\/07\/FERNANDEZ-1-e1595013552102.jpg",640,346,false],"web-stories-publisher-logo":["https:\/\/experienciadevida.com.ar\/portalurbano\/wp-content\/uploads\/2020\/07\/FERNANDEZ-1-e1595013552102.jpg",96,52,false],"web-stories-thumbnail":["https:\/\/experienciadevida.com.ar\/portalurbano\/wp-content\/uploads\/2020\/07\/FERNANDEZ-1-e1595013552102.jpg",150,81,false]},"author_info":{"display_name":"admpu17wp","author_link":"https:\/\/experienciadevida.com.ar\/portalurbano\/author\/admpu17wp\/"},"category_info":"<a href=\"https:\/\/experienciadevida.com.ar\/portalurbano\/category\/nacion\/coronavirus\/\" rel=\"category tag\">Coronavirus<\/a> <a href=\"https:\/\/experienciadevida.com.ar\/portalurbano\/category\/nacion\/\" rel=\"category tag\">Naci\u00f3n<\/a>","tag_info":"Naci\u00f3n","comment_count":"0","amp_enabled":true,"_links":{"self":[{"href":"https:\/\/experienciadevida.com.ar\/portalurbano\/wp-json\/wp\/v2\/posts\/115249"}],"collection":[{"href":"https:\/\/experienciadevida.com.ar\/portalurbano\/wp-json\/wp\/v2\/posts"}],"about":[{"href":"https:\/\/experienciadevida.com.ar\/portalurbano\/wp-json\/wp\/v2\/types\/post"}],"author":[{"embeddable":true,"href":"https:\/\/experienciadevida.com.ar\/portalurbano\/wp-json\/wp\/v2\/users\/1"}],"replies":[{"embeddable":true,"href":"https:\/\/experienciadevida.com.ar\/portalurbano\/wp-json\/wp\/v2\/comments?post=115249"}],"version-history":[{"count":1,"href":"https:\/\/experienciadevida.com.ar\/portalurbano\/wp-json\/wp\/v2\/posts\/115249\/revisions"}],"predecessor-version":[{"id":115252,"href":"https:\/\/experienciadevida.com.ar\/portalurbano\/wp-json\/wp\/v2\/posts\/115249\/revisions\/115252"}],"wp:featuredmedia":[{"embeddable":true,"href":"https:\/\/experienciadevida.com.ar\/portalurbano\/wp-json\/wp\/v2\/media\/115251"}],"wp:attachment":[{"href":"https:\/\/experienciadevida.com.ar\/portalurbano\/wp-json\/wp\/v2\/media?parent=115249"}],"wp:term":[{"taxonomy":"category","embeddable":true,"href":"https:\/\/experienciadevida.com.ar\/portalurbano\/wp-json\/wp\/v2\/categories?post=115249"},{"taxonomy":"post_tag","embeddable":true,"href":"https:\/\/experienciadevida.com.ar\/portalurbano\/wp-json\/wp\/v2\/tags?post=115249"}],"curies":[{"name":"wp","href":"https:\/\/api.w.org\/{rel}","templated":true}]}}