{"id":115225,"date":"2020-07-17T12:12:49","date_gmt":"2020-07-17T15:12:49","guid":{"rendered":"https:\/\/experienciadevida.com.ar\/portalurbano\/?p=115225"},"modified":"2020-07-17T12:13:09","modified_gmt":"2020-07-17T15:13:09","slug":"dia-del-amigo-el-municipio-realizara-un-operativo-especial-de-seguridad-el-domingo-y-el-lunes","status":"publish","type":"post","link":"https:\/\/experienciadevida.com.ar\/portalurbano\/dia-del-amigo-el-municipio-realizara-un-operativo-especial-de-seguridad-el-domingo-y-el-lunes\/","title":{"rendered":"D\u00eda del amigo: el Municipio realizar\u00e1 un operativo especial de seguridad el domingo y el lunes"},"content":{"rendered":"<p>El Gobierno Municipal, a trav\u00e9s de la Subsecretar\u00eda de Seguridad, realizar\u00e1 un operativo especial de seguridad los d\u00edas domingo y lunes por el D\u00eda del Amigo que se celebrar\u00e1 el pr\u00f3ximo lunes 20 de julio.<\/p>\n<p>En este sentido, desde la Direcci\u00f3n de Control Urbano explicaron que se reforzar\u00e1 el patrullaje y el control dentro de la ciudad con mayor presencia de m\u00f3viles y personal municipal para evitar que se realicen reuniones sociales que son la principal causa de transmisi\u00f3n del Covid-19.<\/p>\n<p>De esta manera, el Gobierno Municipal asegur\u00f3 que los vecinos que no cumplan con al aislamiento social ser\u00e1n sancionados penal y econ\u00f3micamente.<\/p>\n<p>En este sentido, desde la Secretar\u00eda de Salud llamaron a toda la poblaci\u00f3n a mantener el aislamiento preventivo social y obligatorio y cumplir con las medidas de higiene recomendadas por la Organizaci\u00f3n Mundial de la Salud (OMS).<\/p>\n<p><em>\u201cSabemos que es una fecha muy especial para todos los vecinos del Partido y todos tenemos ganas de pasar un rato con sus amigos pero si somos responsables lo vamos a poder hacer en poco tiempo\u201d,<\/em>\u00a0explic\u00f3 el Secretario de Salud Germ\u00e1n Caputo.<\/p>\n<p>Asimismo, Caputo indic\u00f3 que\u00a0<em>\u201csi bien tenemos un Hospital con una ocupaci\u00f3n baja estamos en la \u00e9poca del a\u00f1o m\u00e1s complicada por otras afecciones respiratorias producto de las bajas temperaturas\u201d.<\/em><\/p>\n<p>El Subsecretario de Seguridad Daniel Borra dijo:\u00a0<em>\u201cdebemos tener mucha responsabilidad como sociedad. Les pedimos que no hagan reuniones sociales y a los vecinos que detecten alguna irregularidad les solicitamos que utilicen la aplicaci\u00f3n Ojos en Alerta o se comuniquen a los tel\u00e9fonos del Centro de Monitoreo que son 419016 o 419017\u201d.<\/em><\/p>\n<div class=\"at-below-post addthis_tool\" data-url=\"https:\/\/www.olavarria.gov.ar\/dia-del-amigo-el-municipio-realizara-un-operativo-especial-de-seguridad-el-domingo-y-el-lunes\/\" data-title=\"D\u00eda del Amigo: el Municipio realizar\u00e1 un operativo especial de seguridad el domingo y el lunes | | Municipalidad del Partido de Olavarr\u00eda\">\n<div id=\"atstbx\" class=\"at-share-tbx-element addthis-smartlayers addthis-animated at4-show\" role=\"region\" aria-labelledby=\"at-e7392d9b-0d18-4882-ac01-23e787377329\">\n<p>&nbsp;<\/p>\n<div class=\"at-share-btn-elements\"><\/div>\n<\/div>\n<\/div>\n","protected":false},"excerpt":{"rendered":"<p>El Gobierno Municipal, a trav\u00e9s de la Subsecretar\u00eda de Seguridad, realizar\u00e1 un operativo especial de&#8230;<\/p>\n","protected":false},"author":1,"featured_media":115226,"comment_status":"closed","ping_status":"closed","sticky":false,"template":"","format":"standard","meta":{"content-type":""},"categories":[27,51],"tags":[],"nelio_content":{"isAutoShareEnabled":false,"autoShareEndMode":"default","automationSources":{"useContentSentences":true,"useSocialTemplates":true,"useCustomSentences":false,"customSentences":[]},"followers":[1],"suggestedReferences":[],"includedReferences":[],"efiUrl":"","efiAlt":"","highlights":[]},"yoast_head":"<!-- This site is optimized with the Yoast SEO plugin v20.7 - https:\/\/yoast.com\/wordpress\/plugins\/seo\/ -->\n<title>D\u00eda del amigo: el Municipio realizar\u00e1 un operativo especial de seguridad el domingo y el lunes -<\/title>\n<meta name=\"robots\" content=\"index, follow, max-snippet:-1, max-image-preview:large, max-video-preview:-1\" \/>\n<link rel=\"canonical\" href=\"https:\/\/experienciadevida.com.ar\/portalurbano\/dia-del-amigo-el-municipio-realizara-un-operativo-especial-de-seguridad-el-domingo-y-el-lunes\/\" \/>\n<meta property=\"og:locale\" content=\"es_ES\" \/>\n<meta property=\"og:type\" content=\"article\" \/>\n<meta property=\"og:title\" content=\"D\u00eda del amigo: el Municipio realizar\u00e1 un operativo especial de seguridad el domingo y el lunes -\" \/>\n<meta property=\"og:description\" content=\"El Gobierno Municipal, a trav\u00e9s de la Subsecretar\u00eda de Seguridad, realizar\u00e1 un operativo especial de...\" \/>\n<meta property=\"og:url\" content=\"https:\/\/experienciadevida.com.ar\/portalurbano\/dia-del-amigo-el-municipio-realizara-un-operativo-especial-de-seguridad-el-domingo-y-el-lunes\/\" \/>\n<meta property=\"article:publisher\" content=\"https:\/\/www.facebook.com\/Portal-Urbano-171542830093757\/\" \/>\n<meta property=\"article:published_time\" content=\"2020-07-17T15:12:49+00:00\" \/>\n<meta property=\"article:modified_time\" content=\"2020-07-17T15:13:09+00:00\" \/>\n<meta property=\"og:image\" content=\"https:\/\/experienciadevida.com.ar\/portalurbano\/wp-content\/uploads\/2020\/07\/OPERATIVODIADELAMIGO.jpeg\" \/>\n\t<meta property=\"og:image:width\" content=\"848\" \/>\n\t<meta property=\"og:image:height\" content=\"477\" \/>\n\t<meta property=\"og:image:type\" content=\"image\/jpeg\" \/>\n<meta name=\"author\" content=\"admpu17wp\" \/>\n<meta name=\"twitter:card\" content=\"summary_large_image\" \/>\n<meta name=\"twitter:creator\" content=\"@portalurbanook\" \/>\n<meta name=\"twitter:site\" content=\"@portalurbanook\" \/>\n<meta name=\"twitter:label1\" content=\"Escrito por\" \/>\n\t<meta name=\"twitter:data1\" content=\"admpu17wp\" \/>\n\t<meta name=\"twitter:label2\" content=\"Tiempo de lectura\" \/>\n\t<meta name=\"twitter:data2\" content=\"1 minuto\" \/>\n<script type=\"application\/ld+json\" class=\"yoast-schema-graph\">{\"@context\":\"https:\/\/schema.org\",\"@graph\":[{\"@type\":\"Article\",\"@id\":\"https:\/\/experienciadevida.com.ar\/portalurbano\/dia-del-amigo-el-municipio-realizara-un-operativo-especial-de-seguridad-el-domingo-y-el-lunes\/#article\",\"isPartOf\":{\"@id\":\"https:\/\/experienciadevida.com.ar\/portalurbano\/dia-del-amigo-el-municipio-realizara-un-operativo-especial-de-seguridad-el-domingo-y-el-lunes\/\"},\"author\":{\"name\":\"admpu17wp\",\"@id\":\"https:\/\/experienciadevida.com.ar\/portalurbano\/#\/schema\/person\/02dd326b1c4b056e9cc972486934a3a7\"},\"headline\":\"D\u00eda del amigo: el Municipio realizar\u00e1 un operativo especial de seguridad el domingo y el lunes\",\"datePublished\":\"2020-07-17T15:12:49+00:00\",\"dateModified\":\"2020-07-17T15:13:09+00:00\",\"mainEntityOfPage\":{\"@id\":\"https:\/\/experienciadevida.com.ar\/portalurbano\/dia-del-amigo-el-municipio-realizara-un-operativo-especial-de-seguridad-el-domingo-y-el-lunes\/\"},\"wordCount\":299,\"publisher\":{\"@id\":\"https:\/\/experienciadevida.com.ar\/portalurbano\/#organization\"},\"articleSection\":[\"Ciudad\",\"Destacadas\"],\"inLanguage\":\"es\"},{\"@type\":\"WebPage\",\"@id\":\"https:\/\/experienciadevida.com.ar\/portalurbano\/dia-del-amigo-el-municipio-realizara-un-operativo-especial-de-seguridad-el-domingo-y-el-lunes\/\",\"url\":\"https:\/\/experienciadevida.com.ar\/portalurbano\/dia-del-amigo-el-municipio-realizara-un-operativo-especial-de-seguridad-el-domingo-y-el-lunes\/\",\"name\":\"D\u00eda del amigo: el Municipio realizar\u00e1 un operativo especial de seguridad el domingo y el lunes -\",\"isPartOf\":{\"@id\":\"https:\/\/experienciadevida.com.ar\/portalurbano\/#website\"},\"datePublished\":\"2020-07-17T15:12:49+00:00\",\"dateModified\":\"2020-07-17T15:13:09+00:00\",\"breadcrumb\":{\"@id\":\"https:\/\/experienciadevida.com.ar\/portalurbano\/dia-del-amigo-el-municipio-realizara-un-operativo-especial-de-seguridad-el-domingo-y-el-lunes\/#breadcrumb\"},\"inLanguage\":\"es\",\"potentialAction\":[{\"@type\":\"ReadAction\",\"target\":[\"https:\/\/experienciadevida.com.ar\/portalurbano\/dia-del-amigo-el-municipio-realizara-un-operativo-especial-de-seguridad-el-domingo-y-el-lunes\/\"]}]},{\"@type\":\"BreadcrumbList\",\"@id\":\"https:\/\/experienciadevida.com.ar\/portalurbano\/dia-del-amigo-el-municipio-realizara-un-operativo-especial-de-seguridad-el-domingo-y-el-lunes\/#breadcrumb\",\"itemListElement\":[{\"@type\":\"ListItem\",\"position\":1,\"name\":\"Portada\",\"item\":\"https:\/\/experienciadevida.com.ar\/portalurbano\/\"},{\"@type\":\"ListItem\",\"position\":2,\"name\":\"D\u00eda del amigo: el Municipio realizar\u00e1 un operativo especial de seguridad el domingo y el lunes\"}]},{\"@type\":\"WebSite\",\"@id\":\"https:\/\/experienciadevida.com.ar\/portalurbano\/#website\",\"url\":\"https:\/\/experienciadevida.com.ar\/portalurbano\/\",\"name\":\"\",\"description\":\"\",\"publisher\":{\"@id\":\"https:\/\/experienciadevida.com.ar\/portalurbano\/#organization\"},\"potentialAction\":[{\"@type\":\"SearchAction\",\"target\":{\"@type\":\"EntryPoint\",\"urlTemplate\":\"https:\/\/experienciadevida.com.ar\/portalurbano\/?s={search_term_string}\"},\"query-input\":\"required name=search_term_string\"}],\"inLanguage\":\"es\"},{\"@type\":\"Organization\",\"@id\":\"https:\/\/experienciadevida.com.ar\/portalurbano\/#organization\",\"name\":\"Portal Urbano\",\"url\":\"https:\/\/experienciadevida.com.ar\/portalurbano\/\",\"logo\":{\"@type\":\"ImageObject\",\"inLanguage\":\"es\",\"@id\":\"https:\/\/experienciadevida.com.ar\/portalurbano\/#\/schema\/logo\/image\/\",\"url\":\"https:\/\/experienciadevida.com.ar\/portalurbano\/wp-content\/uploads\/2019\/09\/Logo-Original.png\",\"contentUrl\":\"https:\/\/experienciadevida.com.ar\/portalurbano\/wp-content\/uploads\/2019\/09\/Logo-Original.png\",\"width\":2236,\"height\":1216,\"caption\":\"Portal Urbano\"},\"image\":{\"@id\":\"https:\/\/experienciadevida.com.ar\/portalurbano\/#\/schema\/logo\/image\/\"},\"sameAs\":[\"https:\/\/www.facebook.com\/Portal-Urbano-171542830093757\/\",\"https:\/\/twitter.com\/portalurbanook\",\"https:\/\/www.instagram.com\/_portalurbano\/\",\"https:\/\/www.youtube.com\/channel\/UCXhagIfszH8KxFiOok79zbA?view_as=subscriber\"]},{\"@type\":\"Person\",\"@id\":\"https:\/\/experienciadevida.com.ar\/portalurbano\/#\/schema\/person\/02dd326b1c4b056e9cc972486934a3a7\",\"name\":\"admpu17wp\",\"image\":{\"@type\":\"ImageObject\",\"inLanguage\":\"es\",\"@id\":\"https:\/\/experienciadevida.com.ar\/portalurbano\/#\/schema\/person\/image\/\",\"url\":\"https:\/\/secure.gravatar.com\/avatar\/830d4c57adaae6630765e449a6908047?s=96&d=mm&r=g\",\"contentUrl\":\"https:\/\/secure.gravatar.com\/avatar\/830d4c57adaae6630765e449a6908047?s=96&d=mm&r=g\",\"caption\":\"admpu17wp\"}}]}<\/script>\n<!-- \/ Yoast SEO plugin. -->","yoast_head_json":{"title":"D\u00eda del amigo: el Municipio realizar\u00e1 un operativo especial de seguridad el domingo y el lunes -","robots":{"index":"index","follow":"follow","max-snippet":"max-snippet:-1","max-image-preview":"max-image-preview:large","max-video-preview":"max-video-preview:-1"},"canonical":"https:\/\/experienciadevida.com.ar\/portalurbano\/dia-del-amigo-el-municipio-realizara-un-operativo-especial-de-seguridad-el-domingo-y-el-lunes\/","og_locale":"es_ES","og_type":"article","og_title":"D\u00eda del amigo: el Municipio realizar\u00e1 un operativo especial de seguridad el domingo y el lunes -","og_description":"El Gobierno Municipal, a trav\u00e9s de la Subsecretar\u00eda de Seguridad, realizar\u00e1 un operativo especial de...","og_url":"https:\/\/experienciadevida.com.ar\/portalurbano\/dia-del-amigo-el-municipio-realizara-un-operativo-especial-de-seguridad-el-domingo-y-el-lunes\/","article_publisher":"https:\/\/www.facebook.com\/Portal-Urbano-171542830093757\/","article_published_time":"2020-07-17T15:12:49+00:00","article_modified_time":"2020-07-17T15:13:09+00:00","og_image":[{"width":848,"height":477,"url":"https:\/\/experienciadevida.com.ar\/portalurbano\/wp-content\/uploads\/2020\/07\/OPERATIVODIADELAMIGO.jpeg","type":"image\/jpeg"}],"author":"admpu17wp","twitter_card":"summary_large_image","twitter_creator":"@portalurbanook","twitter_site":"@portalurbanook","twitter_misc":{"Escrito por":"admpu17wp","Tiempo de lectura":"1 minuto"},"schema":{"@context":"https:\/\/schema.org","@graph":[{"@type":"Article","@id":"https:\/\/experienciadevida.com.ar\/portalurbano\/dia-del-amigo-el-municipio-realizara-un-operativo-especial-de-seguridad-el-domingo-y-el-lunes\/#article","isPartOf":{"@id":"https:\/\/experienciadevida.com.ar\/portalurbano\/dia-del-amigo-el-municipio-realizara-un-operativo-especial-de-seguridad-el-domingo-y-el-lunes\/"},"author":{"name":"admpu17wp","@id":"https:\/\/experienciadevida.com.ar\/portalurbano\/#\/schema\/person\/02dd326b1c4b056e9cc972486934a3a7"},"headline":"D\u00eda del amigo: el Municipio realizar\u00e1 un operativo especial de seguridad el domingo y el lunes","datePublished":"2020-07-17T15:12:49+00:00","dateModified":"2020-07-17T15:13:09+00:00","mainEntityOfPage":{"@id":"https:\/\/experienciadevida.com.ar\/portalurbano\/dia-del-amigo-el-municipio-realizara-un-operativo-especial-de-seguridad-el-domingo-y-el-lunes\/"},"wordCount":299,"publisher":{"@id":"https:\/\/experienciadevida.com.ar\/portalurbano\/#organization"},"articleSection":["Ciudad","Destacadas"],"inLanguage":"es"},{"@type":"WebPage","@id":"https:\/\/experienciadevida.com.ar\/portalurbano\/dia-del-amigo-el-municipio-realizara-un-operativo-especial-de-seguridad-el-domingo-y-el-lunes\/","url":"https:\/\/experienciadevida.com.ar\/portalurbano\/dia-del-amigo-el-municipio-realizara-un-operativo-especial-de-seguridad-el-domingo-y-el-lunes\/","name":"D\u00eda del amigo: el Municipio realizar\u00e1 un operativo especial de seguridad el domingo y el lunes -","isPartOf":{"@id":"https:\/\/experienciadevida.com.ar\/portalurbano\/#website"},"datePublished":"2020-07-17T15:12:49+00:00","dateModified":"2020-07-17T15:13:09+00:00","breadcrumb":{"@id":"https:\/\/experienciadevida.com.ar\/portalurbano\/dia-del-amigo-el-municipio-realizara-un-operativo-especial-de-seguridad-el-domingo-y-el-lunes\/#breadcrumb"},"inLanguage":"es","potentialAction":[{"@type":"ReadAction","target":["https:\/\/experienciadevida.com.ar\/portalurbano\/dia-del-amigo-el-municipio-realizara-un-operativo-especial-de-seguridad-el-domingo-y-el-lunes\/"]}]},{"@type":"BreadcrumbList","@id":"https:\/\/experienciadevida.com.ar\/portalurbano\/dia-del-amigo-el-municipio-realizara-un-operativo-especial-de-seguridad-el-domingo-y-el-lunes\/#breadcrumb","itemListElement":[{"@type":"ListItem","position":1,"name":"Portada","item":"https:\/\/experienciadevida.com.ar\/portalurbano\/"},{"@type":"ListItem","position":2,"name":"D\u00eda del amigo: el Municipio realizar\u00e1 un operativo especial de seguridad el domingo y el lunes"}]},{"@type":"WebSite","@id":"https:\/\/experienciadevida.com.ar\/portalurbano\/#website","url":"https:\/\/experienciadevida.com.ar\/portalurbano\/","name":"","description":"","publisher":{"@id":"https:\/\/experienciadevida.com.ar\/portalurbano\/#organization"},"potentialAction":[{"@type":"SearchAction","target":{"@type":"EntryPoint","urlTemplate":"https:\/\/experienciadevida.com.ar\/portalurbano\/?s={search_term_string}"},"query-input":"required name=search_term_string"}],"inLanguage":"es"},{"@type":"Organization","@id":"https:\/\/experienciadevida.com.ar\/portalurbano\/#organization","name":"Portal Urbano","url":"https:\/\/experienciadevida.com.ar\/portalurbano\/","logo":{"@type":"ImageObject","inLanguage":"es","@id":"https:\/\/experienciadevida.com.ar\/portalurbano\/#\/schema\/logo\/image\/","url":"https:\/\/experienciadevida.com.ar\/portalurbano\/wp-content\/uploads\/2019\/09\/Logo-Original.png","contentUrl":"https:\/\/experienciadevida.com.ar\/portalurbano\/wp-content\/uploads\/2019\/09\/Logo-Original.png","width":2236,"height":1216,"caption":"Portal Urbano"},"image":{"@id":"https:\/\/experienciadevida.com.ar\/portalurbano\/#\/schema\/logo\/image\/"},"sameAs":["https:\/\/www.facebook.com\/Portal-Urbano-171542830093757\/","https:\/\/twitter.com\/portalurbanook","https:\/\/www.instagram.com\/_portalurbano\/","https:\/\/www.youtube.com\/channel\/UCXhagIfszH8KxFiOok79zbA?view_as=subscriber"]},{"@type":"Person","@id":"https:\/\/experienciadevida.com.ar\/portalurbano\/#\/schema\/person\/02dd326b1c4b056e9cc972486934a3a7","name":"admpu17wp","image":{"@type":"ImageObject","inLanguage":"es","@id":"https:\/\/experienciadevida.com.ar\/portalurbano\/#\/schema\/person\/image\/","url":"https:\/\/secure.gravatar.com\/avatar\/830d4c57adaae6630765e449a6908047?s=96&d=mm&r=g","contentUrl":"https:\/\/secure.gravatar.com\/avatar\/830d4c57adaae6630765e449a6908047?s=96&d=mm&r=g","caption":"admpu17wp"}}]}},"featured_image_urls":{"full":["https:\/\/experienciadevida.com.ar\/portalurbano\/wp-content\/uploads\/2020\/07\/OPERATIVODIADELAMIGO.jpeg",848,477,false],"thumbnail":["https:\/\/experienciadevida.com.ar\/portalurbano\/wp-content\/uploads\/2020\/07\/OPERATIVODIADELAMIGO-150x150.jpeg",150,150,true],"medium":["https:\/\/experienciadevida.com.ar\/portalurbano\/wp-content\/uploads\/2020\/07\/OPERATIVODIADELAMIGO-300x169.jpeg",300,169,true],"medium_large":["https:\/\/experienciadevida.com.ar\/portalurbano\/wp-content\/uploads\/2020\/07\/OPERATIVODIADELAMIGO-768x432.jpeg",640,360,true],"large":["https:\/\/experienciadevida.com.ar\/portalurbano\/wp-content\/uploads\/2020\/07\/OPERATIVODIADELAMIGO.jpeg",640,360,false],"ug_big":["https:\/\/experienciadevida.com.ar\/portalurbano\/wp-content\/uploads\/2020\/07\/OPERATIVODIADELAMIGO-768x432.jpeg",768,432,true],"1536x1536":["https:\/\/experienciadevida.com.ar\/portalurbano\/wp-content\/uploads\/2020\/07\/OPERATIVODIADELAMIGO.jpeg",848,477,false],"2048x2048":["https:\/\/experienciadevida.com.ar\/portalurbano\/wp-content\/uploads\/2020\/07\/OPERATIVODIADELAMIGO.jpeg",848,477,false],"newsever-slider-full":["https:\/\/experienciadevida.com.ar\/portalurbano\/wp-content\/uploads\/2020\/07\/OPERATIVODIADELAMIGO.jpeg",848,477,false],"newsever-featured":["https:\/\/experienciadevida.com.ar\/portalurbano\/wp-content\/uploads\/2020\/07\/OPERATIVODIADELAMIGO.jpeg",848,477,false],"newsever-medium":["https:\/\/experienciadevida.com.ar\/portalurbano\/wp-content\/uploads\/2020\/07\/OPERATIVODIADELAMIGO.jpeg",720,405,false],"web-stories-poster-portrait":["https:\/\/experienciadevida.com.ar\/portalurbano\/wp-content\/uploads\/2020\/07\/OPERATIVODIADELAMIGO.jpeg",640,360,false],"web-stories-publisher-logo":["https:\/\/experienciadevida.com.ar\/portalurbano\/wp-content\/uploads\/2020\/07\/OPERATIVODIADELAMIGO.jpeg",96,54,false],"web-stories-thumbnail":["https:\/\/experienciadevida.com.ar\/portalurbano\/wp-content\/uploads\/2020\/07\/OPERATIVODIADELAMIGO.jpeg",150,84,false]},"author_info":{"display_name":"admpu17wp","author_link":"https:\/\/experienciadevida.com.ar\/portalurbano\/author\/admpu17wp\/"},"category_info":"<a href=\"https:\/\/experienciadevida.com.ar\/portalurbano\/category\/ciudad\/\" rel=\"category tag\">Ciudad<\/a> <a href=\"https:\/\/experienciadevida.com.ar\/portalurbano\/category\/destacadas\/\" rel=\"category tag\">Destacadas<\/a>","tag_info":"Destacadas","comment_count":"0","amp_enabled":true,"_links":{"self":[{"href":"https:\/\/experienciadevida.com.ar\/portalurbano\/wp-json\/wp\/v2\/posts\/115225"}],"collection":[{"href":"https:\/\/experienciadevida.com.ar\/portalurbano\/wp-json\/wp\/v2\/posts"}],"about":[{"href":"https:\/\/experienciadevida.com.ar\/portalurbano\/wp-json\/wp\/v2\/types\/post"}],"author":[{"embeddable":true,"href":"https:\/\/experienciadevida.com.ar\/portalurbano\/wp-json\/wp\/v2\/users\/1"}],"replies":[{"embeddable":true,"href":"https:\/\/experienciadevida.com.ar\/portalurbano\/wp-json\/wp\/v2\/comments?post=115225"}],"version-history":[{"count":2,"href":"https:\/\/experienciadevida.com.ar\/portalurbano\/wp-json\/wp\/v2\/posts\/115225\/revisions"}],"predecessor-version":[{"id":115228,"href":"https:\/\/experienciadevida.com.ar\/portalurbano\/wp-json\/wp\/v2\/posts\/115225\/revisions\/115228"}],"wp:featuredmedia":[{"embeddable":true,"href":"https:\/\/experienciadevida.com.ar\/portalurbano\/wp-json\/wp\/v2\/media\/115226"}],"wp:attachment":[{"href":"https:\/\/experienciadevida.com.ar\/portalurbano\/wp-json\/wp\/v2\/media?parent=115225"}],"wp:term":[{"taxonomy":"category","embeddable":true,"href":"https:\/\/experienciadevida.com.ar\/portalurbano\/wp-json\/wp\/v2\/categories?post=115225"},{"taxonomy":"post_tag","embeddable":true,"href":"https:\/\/experienciadevida.com.ar\/portalurbano\/wp-json\/wp\/v2\/tags?post=115225"}],"curies":[{"name":"wp","href":"https:\/\/api.w.org\/{rel}","templated":true}]}}